{"id":73953,"date":"2026-04-27T06:15:35","date_gmt":"2026-04-27T09:15:35","guid":{"rendered":"https:\/\/afogadosfm.com.br\/afogadosfm\/?p=73953"},"modified":"2026-04-27T06:15:35","modified_gmt":"2026-04-27T09:15:35","slug":"congresso-tem-semana-decisiva-com-sabatina-no-stf-debate-sobre-jornada-6x1-e-analise-de-veto-presidencial","status":"publish","type":"post","link":"https:\/\/afogadosfm.com.br\/afogadosfm\/2026\/04\/27\/congresso-tem-semana-decisiva-com-sabatina-no-stf-debate-sobre-jornada-6x1-e-analise-de-veto-presidencial\/","title":{"rendered":"Congresso tem semana decisiva com sabatina no STF, debate sobre jornada 6\u00d71 e an\u00e1lise de veto presidencial"},"content":{"rendered":"<div>O Congresso Nacional se prepara para uma semana de intensa movimenta\u00e7\u00e3o pol\u00edtica e legislativa, com pautas consideradas estrat\u00e9gicas tanto para o governo quanto para a oposi\u00e7\u00e3o. Deputados e senadores devem concentrar esfor\u00e7os em vota\u00e7\u00f5es e articula\u00e7\u00f5es que envolvem desde indica\u00e7\u00f5es ao Judici\u00e1rio at\u00e9 mudan\u00e7as na legisla\u00e7\u00e3o trabalhista.<\/div>\n<p>Na quinta-feira (30), v\u00e9spera de feriado, est\u00e1 prevista uma sess\u00e3o conjunta do Congresso para an\u00e1lise do veto ao chamado \u201cprojeto da dosimetria\u201d, que trata da redu\u00e7\u00e3o de penas para condenados pelos atos de 8 de janeiro de 2023. A proposta foi integralmente vetada pelo presidente Luiz In\u00e1cio Lula da Silva ainda em janeiro.<\/p>\n<p>Desde o in\u00edcio do ano, parlamentares da oposi\u00e7\u00e3o t\u00eam pressionado pela aprecia\u00e7\u00e3o do veto e afirmam j\u00e1 contar com mais de 300 votos na C\u00e2mara para tentar derrub\u00e1-lo. A sess\u00e3o dever\u00e1 ter pauta \u00fanica, evidenciando a relev\u00e2ncia pol\u00edtica do tema.<\/p>\n<p>No Senado Federal, o destaque ser\u00e1 a sabatina de Jorge Messias, indicado para uma vaga no Supremo Tribunal Federal (STF). Atual advogado-geral da Uni\u00e3o, Messias passar\u00e1 por avalia\u00e7\u00e3o na Comiss\u00e3o de Constitui\u00e7\u00e3o e Justi\u00e7a (CCJ) na quarta-feira (29). A expectativa \u00e9 que, caso aprovado na comiss\u00e3o, seu nome seja levado ao plen\u00e1rio ainda no mesmo dia.<\/p>\n<p>A indica\u00e7\u00e3o ocorre ap\u00f3s um per\u00edodo de mais de cinco meses desde o an\u00fancio feito pelo presidente Lula. O governo federal retardou o envio formal ao Senado em meio a articula\u00e7\u00f5es pol\u00edticas, buscando reduzir resist\u00eancias ao nome do indicado.<\/p>\n<p>J\u00e1 na C\u00e2mara dos Deputados, o foco estar\u00e1 na proposta que discute o fim da escala de trabalho 6\u00d71, modelo que prev\u00ea seis dias de trabalho para um de descanso. O presidente da Casa, Hugo Motta (Republicanos-PB), pretende acelerar a tramita\u00e7\u00e3o do tema por meio da instala\u00e7\u00e3o de uma comiss\u00e3o especial criada na \u00faltima sexta-feira (24).<\/p>\n<p>O colegiado ser\u00e1 composto por 38 membros titulares e igual n\u00famero de suplentes, respeitando a proporcionalidade das bancadas partid\u00e1rias. A meta \u00e9 avan\u00e7ar rapidamente nas discuss\u00f5es para que a proposta possa ser votada em plen\u00e1rio at\u00e9 o final de maio.<\/p>\n<p>Al\u00e9m disso, l\u00edderes partid\u00e1rios devem se reunir com Hugo Motta na ter\u00e7a-feira (28) para definir a pauta priorit\u00e1ria da C\u00e2mara. Embora haja sinaliza\u00e7\u00e3o de apoio \u00e0 proposta de redu\u00e7\u00e3o da jornada, ainda h\u00e1 diverg\u00eancias sobre o formato exato da mudan\u00e7a.<\/p>\n<p>Com temas sens\u00edveis e de grande impacto pol\u00edtico e social, a semana promete ser decisiva para o andamento de pautas importantes no Congresso Nacional.<\/p>\n","protected":false},"excerpt":{"rendered":"<p>O Congresso Nacional se prepara para uma semana de intensa movimenta\u00e7\u00e3o pol\u00edtica e legislativa, com pautas consideradas estrat\u00e9gicas tanto para<\/p>\n","protected":false},"author":2,"featured_media":8880,"comment_status":"open","ping_status":"open","sticky":false,"template":"","format":"standard","meta":{"jetpack_post_was_ever_published":false,"_jetpack_newsletter_access":"","_jetpack_dont_email_post_to_subs":false,"_jetpack_newsletter_tier_id":0,"_jetpack_memberships_contains_paywalled_content":false,"_jetpack_memberships_contains_paid_content":false,"footnotes":"","jetpack_publicize_message":"","jetpack_publicize_feature_enabled":true,"jetpack_social_post_already_shared":true,"jetpack_social_options":{"image_generator_settings":{"template":"highway","default_image_id":0,"font":"","enabled":false},"version":2}},"categories":[12],"tags":[],"class_list":["post-73953","post","type-post","status-publish","format-standard","has-post-thumbnail","hentry","category-brasil"],"yoast_head":"<!-- This site is optimized with the Yoast SEO plugin v27.4 - https:\/\/yoast.com\/product\/yoast-seo-wordpress\/ -->\n<title>Congresso tem semana decisiva com sabatina no STF, debate sobre jornada 6\u00d71 e an\u00e1lise de veto presidencial - Afogados FM<\/title>\n<meta name=\"robots\" content=\"index, follow, max-snippet:-1, max-image-preview:large, max-video-preview:-1\" \/>\n<link rel=\"canonical\" href=\"https:\/\/afogadosfm.com.br\/afogadosfm\/2026\/04\/27\/congresso-tem-semana-decisiva-com-sabatina-no-stf-debate-sobre-jornada-6x1-e-analise-de-veto-presidencial\/\" \/>\n<meta property=\"og:locale\" content=\"pt_BR\" \/>\n<meta property=\"og:type\" content=\"article\" \/>\n<meta property=\"og:title\" content=\"Congresso tem semana decisiva com sabatina no STF, debate sobre jornada 6\u00d71 e an\u00e1lise de veto presidencial - Afogados FM\" \/>\n<meta property=\"og:description\" content=\"O Congresso Nacional se prepara para uma semana de intensa movimenta\u00e7\u00e3o pol\u00edtica e legislativa, com pautas consideradas estrat\u00e9gicas tanto para\" \/>\n<meta property=\"og:url\" content=\"https:\/\/afogadosfm.com.br\/afogadosfm\/2026\/04\/27\/congresso-tem-semana-decisiva-com-sabatina-no-stf-debate-sobre-jornada-6x1-e-analise-de-veto-presidencial\/\" \/>\n<meta property=\"og:site_name\" content=\"Afogados FM\" \/>\n<meta property=\"article:published_time\" content=\"2026-04-27T09:15:35+00:00\" \/>\n<meta property=\"og:image\" content=\"https:\/\/afogadosfm.com.br\/afogadosfm\/wp-content\/uploads\/2019\/02\/congresso_nacional.jpg\" \/>\n\t<meta property=\"og:image:width\" content=\"1140\" \/>\n\t<meta property=\"og:image:height\" content=\"760\" \/>\n\t<meta property=\"og:image:type\" content=\"image\/jpeg\" \/>\n<meta name=\"author\" content=\"afogadosfm\" \/>\n<meta name=\"twitter:card\" content=\"summary_large_image\" \/>\n<meta name=\"twitter:label1\" content=\"Escrito por\" \/>\n\t<meta name=\"twitter:data1\" content=\"afogadosfm\" \/>\n\t<meta name=\"twitter:label2\" content=\"Est. tempo de leitura\" \/>\n\t<meta name=\"twitter:data2\" content=\"3 minutos\" \/>\n<script type=\"application\/ld+json\" class=\"yoast-schema-graph\">{\"@context\":\"https:\\\/\\\/schema.org\",\"@graph\":[{\"@type\":\"Article\",\"@id\":\"https:\\\/\\\/afogadosfm.com.br\\\/afogadosfm\\\/2026\\\/04\\\/27\\\/congresso-tem-semana-decisiva-com-sabatina-no-stf-debate-sobre-jornada-6x1-e-analise-de-veto-presidencial\\\/#article\",\"isPartOf\":{\"@id\":\"https:\\\/\\\/afogadosfm.com.br\\\/afogadosfm\\\/2026\\\/04\\\/27\\\/congresso-tem-semana-decisiva-com-sabatina-no-stf-debate-sobre-jornada-6x1-e-analise-de-veto-presidencial\\\/\"},\"author\":{\"name\":\"afogadosfm\",\"@id\":\"https:\\\/\\\/afogadosfm.com.br\\\/afogadosfm\\\/#\\\/schema\\\/person\\\/60e56f2cf5dc960fc093fe093d9e9057\"},\"headline\":\"Congresso tem semana decisiva com sabatina no STF, debate sobre jornada 6\u00d71 e an\u00e1lise de veto presidencial\",\"datePublished\":\"2026-04-27T09:15:35+00:00\",\"mainEntityOfPage\":{\"@id\":\"https:\\\/\\\/afogadosfm.com.br\\\/afogadosfm\\\/2026\\\/04\\\/27\\\/congresso-tem-semana-decisiva-com-sabatina-no-stf-debate-sobre-jornada-6x1-e-analise-de-veto-presidencial\\\/\"},\"wordCount\":460,\"commentCount\":0,\"publisher\":{\"@id\":\"https:\\\/\\\/afogadosfm.com.br\\\/afogadosfm\\\/#organization\"},\"image\":{\"@id\":\"https:\\\/\\\/afogadosfm.com.br\\\/afogadosfm\\\/2026\\\/04\\\/27\\\/congresso-tem-semana-decisiva-com-sabatina-no-stf-debate-sobre-jornada-6x1-e-analise-de-veto-presidencial\\\/#primaryimage\"},\"thumbnailUrl\":\"https:\\\/\\\/i0.wp.com\\\/afogadosfm.com.br\\\/afogadosfm\\\/wp-content\\\/uploads\\\/2019\\\/02\\\/congresso_nacional.jpg?fit=1140%2C760&ssl=1\",\"articleSection\":[\"Brasil\"],\"inLanguage\":\"pt-BR\",\"potentialAction\":[{\"@type\":\"CommentAction\",\"name\":\"Comment\",\"target\":[\"https:\\\/\\\/afogadosfm.com.br\\\/afogadosfm\\\/2026\\\/04\\\/27\\\/congresso-tem-semana-decisiva-com-sabatina-no-stf-debate-sobre-jornada-6x1-e-analise-de-veto-presidencial\\\/#respond\"]}]},{\"@type\":\"WebPage\",\"@id\":\"https:\\\/\\\/afogadosfm.com.br\\\/afogadosfm\\\/2026\\\/04\\\/27\\\/congresso-tem-semana-decisiva-com-sabatina-no-stf-debate-sobre-jornada-6x1-e-analise-de-veto-presidencial\\\/\",\"url\":\"https:\\\/\\\/afogadosfm.com.br\\\/afogadosfm\\\/2026\\\/04\\\/27\\\/congresso-tem-semana-decisiva-com-sabatina-no-stf-debate-sobre-jornada-6x1-e-analise-de-veto-presidencial\\\/\",\"name\":\"Congresso tem semana decisiva com sabatina no STF, debate sobre jornada 6\u00d71 e an\u00e1lise de veto presidencial - Afogados FM\",\"isPartOf\":{\"@id\":\"https:\\\/\\\/afogadosfm.com.br\\\/afogadosfm\\\/#website\"},\"primaryImageOfPage\":{\"@id\":\"https:\\\/\\\/afogadosfm.com.br\\\/afogadosfm\\\/2026\\\/04\\\/27\\\/congresso-tem-semana-decisiva-com-sabatina-no-stf-debate-sobre-jornada-6x1-e-analise-de-veto-presidencial\\\/#primaryimage\"},\"image\":{\"@id\":\"https:\\\/\\\/afogadosfm.com.br\\\/afogadosfm\\\/2026\\\/04\\\/27\\\/congresso-tem-semana-decisiva-com-sabatina-no-stf-debate-sobre-jornada-6x1-e-analise-de-veto-presidencial\\\/#primaryimage\"},\"thumbnailUrl\":\"https:\\\/\\\/i0.wp.com\\\/afogadosfm.com.br\\\/afogadosfm\\\/wp-content\\\/uploads\\\/2019\\\/02\\\/congresso_nacional.jpg?fit=1140%2C760&ssl=1\",\"datePublished\":\"2026-04-27T09:15:35+00:00\",\"breadcrumb\":{\"@id\":\"https:\\\/\\\/afogadosfm.com.br\\\/afogadosfm\\\/2026\\\/04\\\/27\\\/congresso-tem-semana-decisiva-com-sabatina-no-stf-debate-sobre-jornada-6x1-e-analise-de-veto-presidencial\\\/#breadcrumb\"},\"inLanguage\":\"pt-BR\",\"potentialAction\":[{\"@type\":\"ReadAction\",\"target\":[\"https:\\\/\\\/afogadosfm.com.br\\\/afogadosfm\\\/2026\\\/04\\\/27\\\/congresso-tem-semana-decisiva-com-sabatina-no-stf-debate-sobre-jornada-6x1-e-analise-de-veto-presidencial\\\/\"]}]},{\"@type\":\"ImageObject\",\"inLanguage\":\"pt-BR\",\"@id\":\"https:\\\/\\\/afogadosfm.com.br\\\/afogadosfm\\\/2026\\\/04\\\/27\\\/congresso-tem-semana-decisiva-com-sabatina-no-stf-debate-sobre-jornada-6x1-e-analise-de-veto-presidencial\\\/#primaryimage\",\"url\":\"https:\\\/\\\/i0.wp.com\\\/afogadosfm.com.br\\\/afogadosfm\\\/wp-content\\\/uploads\\\/2019\\\/02\\\/congresso_nacional.jpg?fit=1140%2C760&ssl=1\",\"contentUrl\":\"https:\\\/\\\/i0.wp.com\\\/afogadosfm.com.br\\\/afogadosfm\\\/wp-content\\\/uploads\\\/2019\\\/02\\\/congresso_nacional.jpg?fit=1140%2C760&ssl=1\",\"width\":1140,\"height\":760},{\"@type\":\"BreadcrumbList\",\"@id\":\"https:\\\/\\\/afogadosfm.com.br\\\/afogadosfm\\\/2026\\\/04\\\/27\\\/congresso-tem-semana-decisiva-com-sabatina-no-stf-debate-sobre-jornada-6x1-e-analise-de-veto-presidencial\\\/#breadcrumb\",\"itemListElement\":[{\"@type\":\"ListItem\",\"position\":1,\"name\":\"In\u00edcio\",\"item\":\"https:\\\/\\\/afogadosfm.com.br\\\/afogadosfm\\\/\"},{\"@type\":\"ListItem\",\"position\":2,\"name\":\"Congresso tem semana decisiva com sabatina no STF, debate sobre jornada 6\u00d71 e an\u00e1lise de veto presidencial\"}]},{\"@type\":\"WebSite\",\"@id\":\"https:\\\/\\\/afogadosfm.com.br\\\/afogadosfm\\\/#website\",\"url\":\"https:\\\/\\\/afogadosfm.com.br\\\/afogadosfm\\\/\",\"name\":\"Afogados FM\",\"description\":\"Um site completo!\",\"publisher\":{\"@id\":\"https:\\\/\\\/afogadosfm.com.br\\\/afogadosfm\\\/#organization\"},\"potentialAction\":[{\"@type\":\"SearchAction\",\"target\":{\"@type\":\"EntryPoint\",\"urlTemplate\":\"https:\\\/\\\/afogadosfm.com.br\\\/afogadosfm\\\/?s={search_term_string}\"},\"query-input\":{\"@type\":\"PropertyValueSpecification\",\"valueRequired\":true,\"valueName\":\"search_term_string\"}}],\"inLanguage\":\"pt-BR\"},{\"@type\":\"Organization\",\"@id\":\"https:\\\/\\\/afogadosfm.com.br\\\/afogadosfm\\\/#organization\",\"name\":\"Afogados FM\",\"url\":\"https:\\\/\\\/afogadosfm.com.br\\\/afogadosfm\\\/\",\"logo\":{\"@type\":\"ImageObject\",\"inLanguage\":\"pt-BR\",\"@id\":\"https:\\\/\\\/afogadosfm.com.br\\\/afogadosfm\\\/#\\\/schema\\\/logo\\\/image\\\/\",\"url\":\"https:\\\/\\\/i0.wp.com\\\/afogadosfm.com.br\\\/afogadosfm\\\/wp-content\\\/uploads\\\/2020\\\/06\\\/cropped-banner-afogados-4.jpg?fit=369%2C137&ssl=1\",\"contentUrl\":\"https:\\\/\\\/i0.wp.com\\\/afogadosfm.com.br\\\/afogadosfm\\\/wp-content\\\/uploads\\\/2020\\\/06\\\/cropped-banner-afogados-4.jpg?fit=369%2C137&ssl=1\",\"width\":369,\"height\":137,\"caption\":\"Afogados FM\"},\"image\":{\"@id\":\"https:\\\/\\\/afogadosfm.com.br\\\/afogadosfm\\\/#\\\/schema\\\/logo\\\/image\\\/\"}},{\"@type\":\"Person\",\"@id\":\"https:\\\/\\\/afogadosfm.com.br\\\/afogadosfm\\\/#\\\/schema\\\/person\\\/60e56f2cf5dc960fc093fe093d9e9057\",\"name\":\"afogadosfm\",\"image\":{\"@type\":\"ImageObject\",\"inLanguage\":\"pt-BR\",\"@id\":\"https:\\\/\\\/secure.gravatar.com\\\/avatar\\\/e0359add7ed5dc3560906d861b52c6a8cf5c1e199d3a7dd85070998f49bd4701?s=96&d=mm&r=g\",\"url\":\"https:\\\/\\\/secure.gravatar.com\\\/avatar\\\/e0359add7ed5dc3560906d861b52c6a8cf5c1e199d3a7dd85070998f49bd4701?s=96&d=mm&r=g\",\"contentUrl\":\"https:\\\/\\\/secure.gravatar.com\\\/avatar\\\/e0359add7ed5dc3560906d861b52c6a8cf5c1e199d3a7dd85070998f49bd4701?s=96&d=mm&r=g\",\"caption\":\"afogadosfm\"},\"url\":\"https:\\\/\\\/afogadosfm.com.br\\\/afogadosfm\\\/author\\\/afogadosfm\\\/\"}]}<\/script>\n<!-- \/ Yoast SEO plugin. -->","yoast_head_json":{"title":"Congresso tem semana decisiva com sabatina no STF, debate sobre jornada 6\u00d71 e an\u00e1lise de veto presidencial - Afogados FM","robots":{"index":"index","follow":"follow","max-snippet":"max-snippet:-1","max-image-preview":"max-image-preview:large","max-video-preview":"max-video-preview:-1"},"canonical":"https:\/\/afogadosfm.com.br\/afogadosfm\/2026\/04\/27\/congresso-tem-semana-decisiva-com-sabatina-no-stf-debate-sobre-jornada-6x1-e-analise-de-veto-presidencial\/","og_locale":"pt_BR","og_type":"article","og_title":"Congresso tem semana decisiva com sabatina no STF, debate sobre jornada 6\u00d71 e an\u00e1lise de veto presidencial - Afogados FM","og_description":"O Congresso Nacional se prepara para uma semana de intensa movimenta\u00e7\u00e3o pol\u00edtica e legislativa, com pautas consideradas estrat\u00e9gicas tanto para","og_url":"https:\/\/afogadosfm.com.br\/afogadosfm\/2026\/04\/27\/congresso-tem-semana-decisiva-com-sabatina-no-stf-debate-sobre-jornada-6x1-e-analise-de-veto-presidencial\/","og_site_name":"Afogados FM","article_published_time":"2026-04-27T09:15:35+00:00","og_image":[{"width":1140,"height":760,"url":"https:\/\/afogadosfm.com.br\/afogadosfm\/wp-content\/uploads\/2019\/02\/congresso_nacional.jpg","type":"image\/jpeg"}],"author":"afogadosfm","twitter_card":"summary_large_image","twitter_misc":{"Escrito por":"afogadosfm","Est. tempo de leitura":"3 minutos"},"schema":{"@context":"https:\/\/schema.org","@graph":[{"@type":"Article","@id":"https:\/\/afogadosfm.com.br\/afogadosfm\/2026\/04\/27\/congresso-tem-semana-decisiva-com-sabatina-no-stf-debate-sobre-jornada-6x1-e-analise-de-veto-presidencial\/#article","isPartOf":{"@id":"https:\/\/afogadosfm.com.br\/afogadosfm\/2026\/04\/27\/congresso-tem-semana-decisiva-com-sabatina-no-stf-debate-sobre-jornada-6x1-e-analise-de-veto-presidencial\/"},"author":{"name":"afogadosfm","@id":"https:\/\/afogadosfm.com.br\/afogadosfm\/#\/schema\/person\/60e56f2cf5dc960fc093fe093d9e9057"},"headline":"Congresso tem semana decisiva com sabatina no STF, debate sobre jornada 6\u00d71 e an\u00e1lise de veto presidencial","datePublished":"2026-04-27T09:15:35+00:00","mainEntityOfPage":{"@id":"https:\/\/afogadosfm.com.br\/afogadosfm\/2026\/04\/27\/congresso-tem-semana-decisiva-com-sabatina-no-stf-debate-sobre-jornada-6x1-e-analise-de-veto-presidencial\/"},"wordCount":460,"commentCount":0,"publisher":{"@id":"https:\/\/afogadosfm.com.br\/afogadosfm\/#organization"},"image":{"@id":"https:\/\/afogadosfm.com.br\/afogadosfm\/2026\/04\/27\/congresso-tem-semana-decisiva-com-sabatina-no-stf-debate-sobre-jornada-6x1-e-analise-de-veto-presidencial\/#primaryimage"},"thumbnailUrl":"https:\/\/i0.wp.com\/afogadosfm.com.br\/afogadosfm\/wp-content\/uploads\/2019\/02\/congresso_nacional.jpg?fit=1140%2C760&ssl=1","articleSection":["Brasil"],"inLanguage":"pt-BR","potentialAction":[{"@type":"CommentAction","name":"Comment","target":["https:\/\/afogadosfm.com.br\/afogadosfm\/2026\/04\/27\/congresso-tem-semana-decisiva-com-sabatina-no-stf-debate-sobre-jornada-6x1-e-analise-de-veto-presidencial\/#respond"]}]},{"@type":"WebPage","@id":"https:\/\/afogadosfm.com.br\/afogadosfm\/2026\/04\/27\/congresso-tem-semana-decisiva-com-sabatina-no-stf-debate-sobre-jornada-6x1-e-analise-de-veto-presidencial\/","url":"https:\/\/afogadosfm.com.br\/afogadosfm\/2026\/04\/27\/congresso-tem-semana-decisiva-com-sabatina-no-stf-debate-sobre-jornada-6x1-e-analise-de-veto-presidencial\/","name":"Congresso tem semana decisiva com sabatina no STF, debate sobre jornada 6\u00d71 e an\u00e1lise de veto presidencial - Afogados FM","isPartOf":{"@id":"https:\/\/afogadosfm.com.br\/afogadosfm\/#website"},"primaryImageOfPage":{"@id":"https:\/\/afogadosfm.com.br\/afogadosfm\/2026\/04\/27\/congresso-tem-semana-decisiva-com-sabatina-no-stf-debate-sobre-jornada-6x1-e-analise-de-veto-presidencial\/#primaryimage"},"image":{"@id":"https:\/\/afogadosfm.com.br\/afogadosfm\/2026\/04\/27\/congresso-tem-semana-decisiva-com-sabatina-no-stf-debate-sobre-jornada-6x1-e-analise-de-veto-presidencial\/#primaryimage"},"thumbnailUrl":"https:\/\/i0.wp.com\/afogadosfm.com.br\/afogadosfm\/wp-content\/uploads\/2019\/02\/congresso_nacional.jpg?fit=1140%2C760&ssl=1","datePublished":"2026-04-27T09:15:35+00:00","breadcrumb":{"@id":"https:\/\/afogadosfm.com.br\/afogadosfm\/2026\/04\/27\/congresso-tem-semana-decisiva-com-sabatina-no-stf-debate-sobre-jornada-6x1-e-analise-de-veto-presidencial\/#breadcrumb"},"inLanguage":"pt-BR","potentialAction":[{"@type":"ReadAction","target":["https:\/\/afogadosfm.com.br\/afogadosfm\/2026\/04\/27\/congresso-tem-semana-decisiva-com-sabatina-no-stf-debate-sobre-jornada-6x1-e-analise-de-veto-presidencial\/"]}]},{"@type":"ImageObject","inLanguage":"pt-BR","@id":"https:\/\/afogadosfm.com.br\/afogadosfm\/2026\/04\/27\/congresso-tem-semana-decisiva-com-sabatina-no-stf-debate-sobre-jornada-6x1-e-analise-de-veto-presidencial\/#primaryimage","url":"https:\/\/i0.wp.com\/afogadosfm.com.br\/afogadosfm\/wp-content\/uploads\/2019\/02\/congresso_nacional.jpg?fit=1140%2C760&ssl=1","contentUrl":"https:\/\/i0.wp.com\/afogadosfm.com.br\/afogadosfm\/wp-content\/uploads\/2019\/02\/congresso_nacional.jpg?fit=1140%2C760&ssl=1","width":1140,"height":760},{"@type":"BreadcrumbList","@id":"https:\/\/afogadosfm.com.br\/afogadosfm\/2026\/04\/27\/congresso-tem-semana-decisiva-com-sabatina-no-stf-debate-sobre-jornada-6x1-e-analise-de-veto-presidencial\/#breadcrumb","itemListElement":[{"@type":"ListItem","position":1,"name":"In\u00edcio","item":"https:\/\/afogadosfm.com.br\/afogadosfm\/"},{"@type":"ListItem","position":2,"name":"Congresso tem semana decisiva com sabatina no STF, debate sobre jornada 6\u00d71 e an\u00e1lise de veto presidencial"}]},{"@type":"WebSite","@id":"https:\/\/afogadosfm.com.br\/afogadosfm\/#website","url":"https:\/\/afogadosfm.com.br\/afogadosfm\/","name":"Afogados FM","description":"Um site completo!","publisher":{"@id":"https:\/\/afogadosfm.com.br\/afogadosfm\/#organization"},"potentialAction":[{"@type":"SearchAction","target":{"@type":"EntryPoint","urlTemplate":"https:\/\/afogadosfm.com.br\/afogadosfm\/?s={search_term_string}"},"query-input":{"@type":"PropertyValueSpecification","valueRequired":true,"valueName":"search_term_string"}}],"inLanguage":"pt-BR"},{"@type":"Organization","@id":"https:\/\/afogadosfm.com.br\/afogadosfm\/#organization","name":"Afogados FM","url":"https:\/\/afogadosfm.com.br\/afogadosfm\/","logo":{"@type":"ImageObject","inLanguage":"pt-BR","@id":"https:\/\/afogadosfm.com.br\/afogadosfm\/#\/schema\/logo\/image\/","url":"https:\/\/i0.wp.com\/afogadosfm.com.br\/afogadosfm\/wp-content\/uploads\/2020\/06\/cropped-banner-afogados-4.jpg?fit=369%2C137&ssl=1","contentUrl":"https:\/\/i0.wp.com\/afogadosfm.com.br\/afogadosfm\/wp-content\/uploads\/2020\/06\/cropped-banner-afogados-4.jpg?fit=369%2C137&ssl=1","width":369,"height":137,"caption":"Afogados FM"},"image":{"@id":"https:\/\/afogadosfm.com.br\/afogadosfm\/#\/schema\/logo\/image\/"}},{"@type":"Person","@id":"https:\/\/afogadosfm.com.br\/afogadosfm\/#\/schema\/person\/60e56f2cf5dc960fc093fe093d9e9057","name":"afogadosfm","image":{"@type":"ImageObject","inLanguage":"pt-BR","@id":"https:\/\/secure.gravatar.com\/avatar\/e0359add7ed5dc3560906d861b52c6a8cf5c1e199d3a7dd85070998f49bd4701?s=96&d=mm&r=g","url":"https:\/\/secure.gravatar.com\/avatar\/e0359add7ed5dc3560906d861b52c6a8cf5c1e199d3a7dd85070998f49bd4701?s=96&d=mm&r=g","contentUrl":"https:\/\/secure.gravatar.com\/avatar\/e0359add7ed5dc3560906d861b52c6a8cf5c1e199d3a7dd85070998f49bd4701?s=96&d=mm&r=g","caption":"afogadosfm"},"url":"https:\/\/afogadosfm.com.br\/afogadosfm\/author\/afogadosfm\/"}]}},"jetpack_publicize_connections":[],"jetpack_featured_media_url":"https:\/\/i0.wp.com\/afogadosfm.com.br\/afogadosfm\/wp-content\/uploads\/2019\/02\/congresso_nacional.jpg?fit=1140%2C760&ssl=1","jetpack-related-posts":[],"jetpack_sharing_enabled":true,"jetpack_likes_enabled":true,"_links":{"self":[{"href":"https:\/\/afogadosfm.com.br\/afogadosfm\/wp-json\/wp\/v2\/posts\/73953","targetHints":{"allow":["GET"]}}],"collection":[{"href":"https:\/\/afogadosfm.com.br\/afogadosfm\/wp-json\/wp\/v2\/posts"}],"about":[{"href":"https:\/\/afogadosfm.com.br\/afogadosfm\/wp-json\/wp\/v2\/types\/post"}],"author":[{"embeddable":true,"href":"https:\/\/afogadosfm.com.br\/afogadosfm\/wp-json\/wp\/v2\/users\/2"}],"replies":[{"embeddable":true,"href":"https:\/\/afogadosfm.com.br\/afogadosfm\/wp-json\/wp\/v2\/comments?post=73953"}],"version-history":[{"count":1,"href":"https:\/\/afogadosfm.com.br\/afogadosfm\/wp-json\/wp\/v2\/posts\/73953\/revisions"}],"predecessor-version":[{"id":73954,"href":"https:\/\/afogadosfm.com.br\/afogadosfm\/wp-json\/wp\/v2\/posts\/73953\/revisions\/73954"}],"wp:featuredmedia":[{"embeddable":true,"href":"https:\/\/afogadosfm.com.br\/afogadosfm\/wp-json\/wp\/v2\/media\/8880"}],"wp:attachment":[{"href":"https:\/\/afogadosfm.com.br\/afogadosfm\/wp-json\/wp\/v2\/media?parent=73953"}],"wp:term":[{"taxonomy":"category","embeddable":true,"href":"https:\/\/afogadosfm.com.br\/afogadosfm\/wp-json\/wp\/v2\/categories?post=73953"},{"taxonomy":"post_tag","embeddable":true,"href":"https:\/\/afogadosfm.com.br\/afogadosfm\/wp-json\/wp\/v2\/tags?post=73953"}],"curies":[{"name":"wp","href":"https:\/\/api.w.org\/{rel}","templated":true}]}}