{"id":73957,"date":"2026-04-25T06:18:41","date_gmt":"2026-04-25T09:18:41","guid":{"rendered":"https:\/\/afogadosfm.com.br\/afogadosfm\/?p=73957"},"modified":"2026-04-27T06:19:16","modified_gmt":"2026-04-27T09:19:16","slug":"eua-confirmam-reuniao-neste-sabado-para-tentar-acordo-com-o-ira","status":"publish","type":"post","link":"https:\/\/afogadosfm.com.br\/afogadosfm\/2026\/04\/25\/eua-confirmam-reuniao-neste-sabado-para-tentar-acordo-com-o-ira\/","title":{"rendered":"EUA confirmam reuni\u00e3o neste s\u00e1bado para tentar acordo com o Ir\u00e3"},"content":{"rendered":"<p>A porta-voz da Casa Branca, Karoline Leavitt, confirmou hoje (24) que os enviados especiais do governo americano, Steve Witkoff e Jared Kushner, participar\u00e3o de uma reuni\u00e3o para tentar um acordo com o Ir\u00e3, na manh\u00e3 deste s\u00e1bado (25), no Paquist\u00e3o. De acordo com ela, o presidente Donald Trump est\u00e1 disposto a dar uma chance para a paz.<\/p>\n<p>O ministro de Rela\u00e7\u00f5es Exteriores iraniano, Abbas Araghchi, tamb\u00e9m confirmou pelas redes sociais que estar\u00e1 presente no encontro. A capital paquistanesa, Islamabad, j\u00e1 preparou um forte esquema de seguran\u00e7a para sediar a reuni\u00e3o.<\/p>\n<p>Mesmo com a disposi\u00e7\u00e3o dos dois pa\u00edses em pelo menos conversar na tentativa de firmar um acordo de paz, a situa\u00e7\u00e3o no Oriente M\u00e9dio continua tensa. Explos\u00f5es e disparos de artilharia foram ouvidos na noite de ontem (23) na fronteira entre Israel e L\u00edbano. Uma nuvem de fuma\u00e7a marcava a fronteira entre os dois pa\u00edses.<\/p>\n<p>L\u00edderes buscam solu\u00e7\u00f5es<\/p>\n<p>Em Chipre, ilha localizada ao sul da Turquia, l\u00edderes do Oriente M\u00e9dio e da Europa est\u00e3o reunidos para encontrar solu\u00e7\u00f5es que possam minimizar os efeitos da guerra. O presidente liban\u00eas, Joseph Aoun, destacou que a estabilidade do L\u00edbano \u00e9 fundamental para a estabilidade da regi\u00e3o. Ele tamb\u00e9m pediu que haja uma coopera\u00e7\u00e3o entre as na\u00e7\u00f5es para a reconstru\u00e7\u00e3o de seu pa\u00eds. O chanceler alem\u00e3o, Friedrich Merz, afirmou que as negocia\u00e7\u00f5es precisam continuar e que est\u00e1 preparado para aliviar gradualmente as san\u00e7\u00f5es contra o Ir\u00e3.<\/p>\n<p>Estreito de Ormuz<\/p>\n<p>J\u00e1 na principal rota de transporte de petr\u00f3leo do Oriente M\u00e9dio, o Estreito de Ormuz, o bloqueio imposto pelo Ir\u00e3 continua. Centenas de petroleiros ainda est\u00e3o presos na regi\u00e3o, interferindo no pre\u00e7o internacional do barril de petr\u00f3leo. Os efeitos da dificuldade na distribui\u00e7\u00e3o do produto causados pela guerra continuam afetando as companhias a\u00e9reas europeias. As empresas alertaram para a falta de combust\u00edvel de avi\u00e3o dentro de poucas semanas. Caso esse quadro n\u00e3o melhore, alguns voos da Europa podem ser cancelados a partir do fim de maio.<\/p>\n<p>Sobre esse assunto, o secret\u00e1rio de Defesa dos Estados Unidos, Pete Hegseth, cobrou, mais uma vez, uma atitude firme da Uni\u00e3o Europeia e disse que seria muito bem-vindo um esfor\u00e7o da Europa para resolver o impasse de Ormuz, uma vez que a capacidade energ\u00e9tica da regi\u00e3o \u00e9 a que mais pode ser afetada.<\/p>\n<p>Custo humanit\u00e1rio<br \/>\nEnquanto a solu\u00e7\u00e3o para esse conflito n\u00e3o aparece, o custo humanit\u00e1rio \u00e9 grande. No total, cerca de 2,5 mil pessoas j\u00e1 morreram apenas no L\u00edbano, de acordo com o Centro de Gest\u00e3o de Desastres Liban\u00eas.<\/p>\n","protected":false},"excerpt":{"rendered":"<p>A porta-voz da Casa Branca, Karoline Leavitt, confirmou hoje (24) que os enviados especiais do governo americano, Steve Witkoff e<\/p>\n","protected":false},"author":2,"featured_media":8448,"comment_status":"open","ping_status":"open","sticky":false,"template":"","format":"standard","meta":{"jetpack_post_was_ever_published":false,"_jetpack_newsletter_access":"","_jetpack_dont_email_post_to_subs":false,"_jetpack_newsletter_tier_id":0,"_jetpack_memberships_contains_paywalled_content":false,"_jetpack_memberships_contains_paid_content":false,"footnotes":"","jetpack_publicize_message":"","jetpack_publicize_feature_enabled":true,"jetpack_social_post_already_shared":true,"jetpack_social_options":{"image_generator_settings":{"template":"highway","default_image_id":0,"font":"","enabled":false},"version":2}},"categories":[42],"tags":[],"class_list":["post-73957","post","type-post","status-publish","format-standard","has-post-thumbnail","hentry","category-mundo"],"yoast_head":"<!-- This site is optimized with the Yoast SEO plugin v27.4 - https:\/\/yoast.com\/product\/yoast-seo-wordpress\/ -->\n<title>EUA confirmam reuni\u00e3o neste s\u00e1bado para tentar acordo com o Ir\u00e3 - Afogados FM<\/title>\n<meta name=\"robots\" content=\"index, follow, max-snippet:-1, max-image-preview:large, max-video-preview:-1\" \/>\n<link rel=\"canonical\" href=\"https:\/\/afogadosfm.com.br\/afogadosfm\/2026\/04\/25\/eua-confirmam-reuniao-neste-sabado-para-tentar-acordo-com-o-ira\/\" \/>\n<meta property=\"og:locale\" content=\"pt_BR\" \/>\n<meta property=\"og:type\" content=\"article\" \/>\n<meta property=\"og:title\" content=\"EUA confirmam reuni\u00e3o neste s\u00e1bado para tentar acordo com o Ir\u00e3 - Afogados FM\" \/>\n<meta property=\"og:description\" content=\"A porta-voz da Casa Branca, Karoline Leavitt, confirmou hoje (24) que os enviados especiais do governo americano, Steve Witkoff e\" \/>\n<meta property=\"og:url\" content=\"https:\/\/afogadosfm.com.br\/afogadosfm\/2026\/04\/25\/eua-confirmam-reuniao-neste-sabado-para-tentar-acordo-com-o-ira\/\" \/>\n<meta property=\"og:site_name\" content=\"Afogados FM\" \/>\n<meta property=\"article:published_time\" content=\"2026-04-25T09:18:41+00:00\" \/>\n<meta property=\"article:modified_time\" content=\"2026-04-27T09:19:16+00:00\" \/>\n<meta property=\"og:image\" content=\"https:\/\/afogadosfm.com.br\/afogadosfm\/wp-content\/uploads\/2019\/01\/paz.png\" \/>\n\t<meta property=\"og:image:width\" content=\"300\" \/>\n\t<meta property=\"og:image:height\" content=\"168\" \/>\n\t<meta property=\"og:image:type\" content=\"image\/png\" \/>\n<meta name=\"author\" content=\"afogadosfm\" \/>\n<meta name=\"twitter:card\" content=\"summary_large_image\" \/>\n<meta name=\"twitter:label1\" content=\"Escrito por\" \/>\n\t<meta name=\"twitter:data1\" content=\"afogadosfm\" \/>\n\t<meta name=\"twitter:label2\" content=\"Est. tempo de leitura\" \/>\n\t<meta name=\"twitter:data2\" content=\"3 minutos\" \/>\n<script type=\"application\/ld+json\" class=\"yoast-schema-graph\">{\"@context\":\"https:\\\/\\\/schema.org\",\"@graph\":[{\"@type\":\"Article\",\"@id\":\"https:\\\/\\\/afogadosfm.com.br\\\/afogadosfm\\\/2026\\\/04\\\/25\\\/eua-confirmam-reuniao-neste-sabado-para-tentar-acordo-com-o-ira\\\/#article\",\"isPartOf\":{\"@id\":\"https:\\\/\\\/afogadosfm.com.br\\\/afogadosfm\\\/2026\\\/04\\\/25\\\/eua-confirmam-reuniao-neste-sabado-para-tentar-acordo-com-o-ira\\\/\"},\"author\":{\"name\":\"afogadosfm\",\"@id\":\"https:\\\/\\\/afogadosfm.com.br\\\/afogadosfm\\\/#\\\/schema\\\/person\\\/60e56f2cf5dc960fc093fe093d9e9057\"},\"headline\":\"EUA confirmam reuni\u00e3o neste s\u00e1bado para tentar acordo com o Ir\u00e3\",\"datePublished\":\"2026-04-25T09:18:41+00:00\",\"dateModified\":\"2026-04-27T09:19:16+00:00\",\"mainEntityOfPage\":{\"@id\":\"https:\\\/\\\/afogadosfm.com.br\\\/afogadosfm\\\/2026\\\/04\\\/25\\\/eua-confirmam-reuniao-neste-sabado-para-tentar-acordo-com-o-ira\\\/\"},\"wordCount\":473,\"commentCount\":0,\"publisher\":{\"@id\":\"https:\\\/\\\/afogadosfm.com.br\\\/afogadosfm\\\/#organization\"},\"image\":{\"@id\":\"https:\\\/\\\/afogadosfm.com.br\\\/afogadosfm\\\/2026\\\/04\\\/25\\\/eua-confirmam-reuniao-neste-sabado-para-tentar-acordo-com-o-ira\\\/#primaryimage\"},\"thumbnailUrl\":\"https:\\\/\\\/i0.wp.com\\\/afogadosfm.com.br\\\/afogadosfm\\\/wp-content\\\/uploads\\\/2019\\\/01\\\/paz.png?fit=300%2C168&ssl=1\",\"articleSection\":[\"Mundo\"],\"inLanguage\":\"pt-BR\",\"potentialAction\":[{\"@type\":\"CommentAction\",\"name\":\"Comment\",\"target\":[\"https:\\\/\\\/afogadosfm.com.br\\\/afogadosfm\\\/2026\\\/04\\\/25\\\/eua-confirmam-reuniao-neste-sabado-para-tentar-acordo-com-o-ira\\\/#respond\"]}]},{\"@type\":\"WebPage\",\"@id\":\"https:\\\/\\\/afogadosfm.com.br\\\/afogadosfm\\\/2026\\\/04\\\/25\\\/eua-confirmam-reuniao-neste-sabado-para-tentar-acordo-com-o-ira\\\/\",\"url\":\"https:\\\/\\\/afogadosfm.com.br\\\/afogadosfm\\\/2026\\\/04\\\/25\\\/eua-confirmam-reuniao-neste-sabado-para-tentar-acordo-com-o-ira\\\/\",\"name\":\"EUA confirmam reuni\u00e3o neste s\u00e1bado para tentar acordo com o Ir\u00e3 - Afogados FM\",\"isPartOf\":{\"@id\":\"https:\\\/\\\/afogadosfm.com.br\\\/afogadosfm\\\/#website\"},\"primaryImageOfPage\":{\"@id\":\"https:\\\/\\\/afogadosfm.com.br\\\/afogadosfm\\\/2026\\\/04\\\/25\\\/eua-confirmam-reuniao-neste-sabado-para-tentar-acordo-com-o-ira\\\/#primaryimage\"},\"image\":{\"@id\":\"https:\\\/\\\/afogadosfm.com.br\\\/afogadosfm\\\/2026\\\/04\\\/25\\\/eua-confirmam-reuniao-neste-sabado-para-tentar-acordo-com-o-ira\\\/#primaryimage\"},\"thumbnailUrl\":\"https:\\\/\\\/i0.wp.com\\\/afogadosfm.com.br\\\/afogadosfm\\\/wp-content\\\/uploads\\\/2019\\\/01\\\/paz.png?fit=300%2C168&ssl=1\",\"datePublished\":\"2026-04-25T09:18:41+00:00\",\"dateModified\":\"2026-04-27T09:19:16+00:00\",\"breadcrumb\":{\"@id\":\"https:\\\/\\\/afogadosfm.com.br\\\/afogadosfm\\\/2026\\\/04\\\/25\\\/eua-confirmam-reuniao-neste-sabado-para-tentar-acordo-com-o-ira\\\/#breadcrumb\"},\"inLanguage\":\"pt-BR\",\"potentialAction\":[{\"@type\":\"ReadAction\",\"target\":[\"https:\\\/\\\/afogadosfm.com.br\\\/afogadosfm\\\/2026\\\/04\\\/25\\\/eua-confirmam-reuniao-neste-sabado-para-tentar-acordo-com-o-ira\\\/\"]}]},{\"@type\":\"ImageObject\",\"inLanguage\":\"pt-BR\",\"@id\":\"https:\\\/\\\/afogadosfm.com.br\\\/afogadosfm\\\/2026\\\/04\\\/25\\\/eua-confirmam-reuniao-neste-sabado-para-tentar-acordo-com-o-ira\\\/#primaryimage\",\"url\":\"https:\\\/\\\/i0.wp.com\\\/afogadosfm.com.br\\\/afogadosfm\\\/wp-content\\\/uploads\\\/2019\\\/01\\\/paz.png?fit=300%2C168&ssl=1\",\"contentUrl\":\"https:\\\/\\\/i0.wp.com\\\/afogadosfm.com.br\\\/afogadosfm\\\/wp-content\\\/uploads\\\/2019\\\/01\\\/paz.png?fit=300%2C168&ssl=1\",\"width\":300,\"height\":168},{\"@type\":\"BreadcrumbList\",\"@id\":\"https:\\\/\\\/afogadosfm.com.br\\\/afogadosfm\\\/2026\\\/04\\\/25\\\/eua-confirmam-reuniao-neste-sabado-para-tentar-acordo-com-o-ira\\\/#breadcrumb\",\"itemListElement\":[{\"@type\":\"ListItem\",\"position\":1,\"name\":\"In\u00edcio\",\"item\":\"https:\\\/\\\/afogadosfm.com.br\\\/afogadosfm\\\/\"},{\"@type\":\"ListItem\",\"position\":2,\"name\":\"EUA confirmam reuni\u00e3o neste s\u00e1bado para tentar acordo com o Ir\u00e3\"}]},{\"@type\":\"WebSite\",\"@id\":\"https:\\\/\\\/afogadosfm.com.br\\\/afogadosfm\\\/#website\",\"url\":\"https:\\\/\\\/afogadosfm.com.br\\\/afogadosfm\\\/\",\"name\":\"Afogados FM\",\"description\":\"Um site completo!\",\"publisher\":{\"@id\":\"https:\\\/\\\/afogadosfm.com.br\\\/afogadosfm\\\/#organization\"},\"potentialAction\":[{\"@type\":\"SearchAction\",\"target\":{\"@type\":\"EntryPoint\",\"urlTemplate\":\"https:\\\/\\\/afogadosfm.com.br\\\/afogadosfm\\\/?s={search_term_string}\"},\"query-input\":{\"@type\":\"PropertyValueSpecification\",\"valueRequired\":true,\"valueName\":\"search_term_string\"}}],\"inLanguage\":\"pt-BR\"},{\"@type\":\"Organization\",\"@id\":\"https:\\\/\\\/afogadosfm.com.br\\\/afogadosfm\\\/#organization\",\"name\":\"Afogados FM\",\"url\":\"https:\\\/\\\/afogadosfm.com.br\\\/afogadosfm\\\/\",\"logo\":{\"@type\":\"ImageObject\",\"inLanguage\":\"pt-BR\",\"@id\":\"https:\\\/\\\/afogadosfm.com.br\\\/afogadosfm\\\/#\\\/schema\\\/logo\\\/image\\\/\",\"url\":\"https:\\\/\\\/i0.wp.com\\\/afogadosfm.com.br\\\/afogadosfm\\\/wp-content\\\/uploads\\\/2020\\\/06\\\/cropped-banner-afogados-4.jpg?fit=369%2C137&ssl=1\",\"contentUrl\":\"https:\\\/\\\/i0.wp.com\\\/afogadosfm.com.br\\\/afogadosfm\\\/wp-content\\\/uploads\\\/2020\\\/06\\\/cropped-banner-afogados-4.jpg?fit=369%2C137&ssl=1\",\"width\":369,\"height\":137,\"caption\":\"Afogados FM\"},\"image\":{\"@id\":\"https:\\\/\\\/afogadosfm.com.br\\\/afogadosfm\\\/#\\\/schema\\\/logo\\\/image\\\/\"}},{\"@type\":\"Person\",\"@id\":\"https:\\\/\\\/afogadosfm.com.br\\\/afogadosfm\\\/#\\\/schema\\\/person\\\/60e56f2cf5dc960fc093fe093d9e9057\",\"name\":\"afogadosfm\",\"image\":{\"@type\":\"ImageObject\",\"inLanguage\":\"pt-BR\",\"@id\":\"https:\\\/\\\/secure.gravatar.com\\\/avatar\\\/e0359add7ed5dc3560906d861b52c6a8cf5c1e199d3a7dd85070998f49bd4701?s=96&d=mm&r=g\",\"url\":\"https:\\\/\\\/secure.gravatar.com\\\/avatar\\\/e0359add7ed5dc3560906d861b52c6a8cf5c1e199d3a7dd85070998f49bd4701?s=96&d=mm&r=g\",\"contentUrl\":\"https:\\\/\\\/secure.gravatar.com\\\/avatar\\\/e0359add7ed5dc3560906d861b52c6a8cf5c1e199d3a7dd85070998f49bd4701?s=96&d=mm&r=g\",\"caption\":\"afogadosfm\"},\"url\":\"https:\\\/\\\/afogadosfm.com.br\\\/afogadosfm\\\/author\\\/afogadosfm\\\/\"}]}<\/script>\n<!-- \/ Yoast SEO plugin. -->","yoast_head_json":{"title":"EUA confirmam reuni\u00e3o neste s\u00e1bado para tentar acordo com o Ir\u00e3 - Afogados FM","robots":{"index":"index","follow":"follow","max-snippet":"max-snippet:-1","max-image-preview":"max-image-preview:large","max-video-preview":"max-video-preview:-1"},"canonical":"https:\/\/afogadosfm.com.br\/afogadosfm\/2026\/04\/25\/eua-confirmam-reuniao-neste-sabado-para-tentar-acordo-com-o-ira\/","og_locale":"pt_BR","og_type":"article","og_title":"EUA confirmam reuni\u00e3o neste s\u00e1bado para tentar acordo com o Ir\u00e3 - Afogados FM","og_description":"A porta-voz da Casa Branca, Karoline Leavitt, confirmou hoje (24) que os enviados especiais do governo americano, Steve Witkoff e","og_url":"https:\/\/afogadosfm.com.br\/afogadosfm\/2026\/04\/25\/eua-confirmam-reuniao-neste-sabado-para-tentar-acordo-com-o-ira\/","og_site_name":"Afogados FM","article_published_time":"2026-04-25T09:18:41+00:00","article_modified_time":"2026-04-27T09:19:16+00:00","og_image":[{"width":300,"height":168,"url":"https:\/\/afogadosfm.com.br\/afogadosfm\/wp-content\/uploads\/2019\/01\/paz.png","type":"image\/png"}],"author":"afogadosfm","twitter_card":"summary_large_image","twitter_misc":{"Escrito por":"afogadosfm","Est. tempo de leitura":"3 minutos"},"schema":{"@context":"https:\/\/schema.org","@graph":[{"@type":"Article","@id":"https:\/\/afogadosfm.com.br\/afogadosfm\/2026\/04\/25\/eua-confirmam-reuniao-neste-sabado-para-tentar-acordo-com-o-ira\/#article","isPartOf":{"@id":"https:\/\/afogadosfm.com.br\/afogadosfm\/2026\/04\/25\/eua-confirmam-reuniao-neste-sabado-para-tentar-acordo-com-o-ira\/"},"author":{"name":"afogadosfm","@id":"https:\/\/afogadosfm.com.br\/afogadosfm\/#\/schema\/person\/60e56f2cf5dc960fc093fe093d9e9057"},"headline":"EUA confirmam reuni\u00e3o neste s\u00e1bado para tentar acordo com o Ir\u00e3","datePublished":"2026-04-25T09:18:41+00:00","dateModified":"2026-04-27T09:19:16+00:00","mainEntityOfPage":{"@id":"https:\/\/afogadosfm.com.br\/afogadosfm\/2026\/04\/25\/eua-confirmam-reuniao-neste-sabado-para-tentar-acordo-com-o-ira\/"},"wordCount":473,"commentCount":0,"publisher":{"@id":"https:\/\/afogadosfm.com.br\/afogadosfm\/#organization"},"image":{"@id":"https:\/\/afogadosfm.com.br\/afogadosfm\/2026\/04\/25\/eua-confirmam-reuniao-neste-sabado-para-tentar-acordo-com-o-ira\/#primaryimage"},"thumbnailUrl":"https:\/\/i0.wp.com\/afogadosfm.com.br\/afogadosfm\/wp-content\/uploads\/2019\/01\/paz.png?fit=300%2C168&ssl=1","articleSection":["Mundo"],"inLanguage":"pt-BR","potentialAction":[{"@type":"CommentAction","name":"Comment","target":["https:\/\/afogadosfm.com.br\/afogadosfm\/2026\/04\/25\/eua-confirmam-reuniao-neste-sabado-para-tentar-acordo-com-o-ira\/#respond"]}]},{"@type":"WebPage","@id":"https:\/\/afogadosfm.com.br\/afogadosfm\/2026\/04\/25\/eua-confirmam-reuniao-neste-sabado-para-tentar-acordo-com-o-ira\/","url":"https:\/\/afogadosfm.com.br\/afogadosfm\/2026\/04\/25\/eua-confirmam-reuniao-neste-sabado-para-tentar-acordo-com-o-ira\/","name":"EUA confirmam reuni\u00e3o neste s\u00e1bado para tentar acordo com o Ir\u00e3 - Afogados FM","isPartOf":{"@id":"https:\/\/afogadosfm.com.br\/afogadosfm\/#website"},"primaryImageOfPage":{"@id":"https:\/\/afogadosfm.com.br\/afogadosfm\/2026\/04\/25\/eua-confirmam-reuniao-neste-sabado-para-tentar-acordo-com-o-ira\/#primaryimage"},"image":{"@id":"https:\/\/afogadosfm.com.br\/afogadosfm\/2026\/04\/25\/eua-confirmam-reuniao-neste-sabado-para-tentar-acordo-com-o-ira\/#primaryimage"},"thumbnailUrl":"https:\/\/i0.wp.com\/afogadosfm.com.br\/afogadosfm\/wp-content\/uploads\/2019\/01\/paz.png?fit=300%2C168&ssl=1","datePublished":"2026-04-25T09:18:41+00:00","dateModified":"2026-04-27T09:19:16+00:00","breadcrumb":{"@id":"https:\/\/afogadosfm.com.br\/afogadosfm\/2026\/04\/25\/eua-confirmam-reuniao-neste-sabado-para-tentar-acordo-com-o-ira\/#breadcrumb"},"inLanguage":"pt-BR","potentialAction":[{"@type":"ReadAction","target":["https:\/\/afogadosfm.com.br\/afogadosfm\/2026\/04\/25\/eua-confirmam-reuniao-neste-sabado-para-tentar-acordo-com-o-ira\/"]}]},{"@type":"ImageObject","inLanguage":"pt-BR","@id":"https:\/\/afogadosfm.com.br\/afogadosfm\/2026\/04\/25\/eua-confirmam-reuniao-neste-sabado-para-tentar-acordo-com-o-ira\/#primaryimage","url":"https:\/\/i0.wp.com\/afogadosfm.com.br\/afogadosfm\/wp-content\/uploads\/2019\/01\/paz.png?fit=300%2C168&ssl=1","contentUrl":"https:\/\/i0.wp.com\/afogadosfm.com.br\/afogadosfm\/wp-content\/uploads\/2019\/01\/paz.png?fit=300%2C168&ssl=1","width":300,"height":168},{"@type":"BreadcrumbList","@id":"https:\/\/afogadosfm.com.br\/afogadosfm\/2026\/04\/25\/eua-confirmam-reuniao-neste-sabado-para-tentar-acordo-com-o-ira\/#breadcrumb","itemListElement":[{"@type":"ListItem","position":1,"name":"In\u00edcio","item":"https:\/\/afogadosfm.com.br\/afogadosfm\/"},{"@type":"ListItem","position":2,"name":"EUA confirmam reuni\u00e3o neste s\u00e1bado para tentar acordo com o Ir\u00e3"}]},{"@type":"WebSite","@id":"https:\/\/afogadosfm.com.br\/afogadosfm\/#website","url":"https:\/\/afogadosfm.com.br\/afogadosfm\/","name":"Afogados FM","description":"Um site completo!","publisher":{"@id":"https:\/\/afogadosfm.com.br\/afogadosfm\/#organization"},"potentialAction":[{"@type":"SearchAction","target":{"@type":"EntryPoint","urlTemplate":"https:\/\/afogadosfm.com.br\/afogadosfm\/?s={search_term_string}"},"query-input":{"@type":"PropertyValueSpecification","valueRequired":true,"valueName":"search_term_string"}}],"inLanguage":"pt-BR"},{"@type":"Organization","@id":"https:\/\/afogadosfm.com.br\/afogadosfm\/#organization","name":"Afogados FM","url":"https:\/\/afogadosfm.com.br\/afogadosfm\/","logo":{"@type":"ImageObject","inLanguage":"pt-BR","@id":"https:\/\/afogadosfm.com.br\/afogadosfm\/#\/schema\/logo\/image\/","url":"https:\/\/i0.wp.com\/afogadosfm.com.br\/afogadosfm\/wp-content\/uploads\/2020\/06\/cropped-banner-afogados-4.jpg?fit=369%2C137&ssl=1","contentUrl":"https:\/\/i0.wp.com\/afogadosfm.com.br\/afogadosfm\/wp-content\/uploads\/2020\/06\/cropped-banner-afogados-4.jpg?fit=369%2C137&ssl=1","width":369,"height":137,"caption":"Afogados FM"},"image":{"@id":"https:\/\/afogadosfm.com.br\/afogadosfm\/#\/schema\/logo\/image\/"}},{"@type":"Person","@id":"https:\/\/afogadosfm.com.br\/afogadosfm\/#\/schema\/person\/60e56f2cf5dc960fc093fe093d9e9057","name":"afogadosfm","image":{"@type":"ImageObject","inLanguage":"pt-BR","@id":"https:\/\/secure.gravatar.com\/avatar\/e0359add7ed5dc3560906d861b52c6a8cf5c1e199d3a7dd85070998f49bd4701?s=96&d=mm&r=g","url":"https:\/\/secure.gravatar.com\/avatar\/e0359add7ed5dc3560906d861b52c6a8cf5c1e199d3a7dd85070998f49bd4701?s=96&d=mm&r=g","contentUrl":"https:\/\/secure.gravatar.com\/avatar\/e0359add7ed5dc3560906d861b52c6a8cf5c1e199d3a7dd85070998f49bd4701?s=96&d=mm&r=g","caption":"afogadosfm"},"url":"https:\/\/afogadosfm.com.br\/afogadosfm\/author\/afogadosfm\/"}]}},"jetpack_publicize_connections":[],"jetpack_featured_media_url":"https:\/\/i0.wp.com\/afogadosfm.com.br\/afogadosfm\/wp-content\/uploads\/2019\/01\/paz.png?fit=300%2C168&ssl=1","jetpack-related-posts":[],"jetpack_sharing_enabled":true,"jetpack_likes_enabled":true,"_links":{"self":[{"href":"https:\/\/afogadosfm.com.br\/afogadosfm\/wp-json\/wp\/v2\/posts\/73957","targetHints":{"allow":["GET"]}}],"collection":[{"href":"https:\/\/afogadosfm.com.br\/afogadosfm\/wp-json\/wp\/v2\/posts"}],"about":[{"href":"https:\/\/afogadosfm.com.br\/afogadosfm\/wp-json\/wp\/v2\/types\/post"}],"author":[{"embeddable":true,"href":"https:\/\/afogadosfm.com.br\/afogadosfm\/wp-json\/wp\/v2\/users\/2"}],"replies":[{"embeddable":true,"href":"https:\/\/afogadosfm.com.br\/afogadosfm\/wp-json\/wp\/v2\/comments?post=73957"}],"version-history":[{"count":1,"href":"https:\/\/afogadosfm.com.br\/afogadosfm\/wp-json\/wp\/v2\/posts\/73957\/revisions"}],"predecessor-version":[{"id":73958,"href":"https:\/\/afogadosfm.com.br\/afogadosfm\/wp-json\/wp\/v2\/posts\/73957\/revisions\/73958"}],"wp:featuredmedia":[{"embeddable":true,"href":"https:\/\/afogadosfm.com.br\/afogadosfm\/wp-json\/wp\/v2\/media\/8448"}],"wp:attachment":[{"href":"https:\/\/afogadosfm.com.br\/afogadosfm\/wp-json\/wp\/v2\/media?parent=73957"}],"wp:term":[{"taxonomy":"category","embeddable":true,"href":"https:\/\/afogadosfm.com.br\/afogadosfm\/wp-json\/wp\/v2\/categories?post=73957"},{"taxonomy":"post_tag","embeddable":true,"href":"https:\/\/afogadosfm.com.br\/afogadosfm\/wp-json\/wp\/v2\/tags?post=73957"}],"curies":[{"name":"wp","href":"https:\/\/api.w.org\/{rel}","templated":true}]}}