{"id":73961,"date":"2026-04-25T06:24:28","date_gmt":"2026-04-25T09:24:28","guid":{"rendered":"https:\/\/afogadosfm.com.br\/afogadosfm\/?p=73961"},"modified":"2026-04-27T06:25:24","modified_gmt":"2026-04-27T09:25:24","slug":"dr-pedro-alves-procuradora-dra-sinara-maranhao-presidente-do-tjpe-francisco-bandeira-de-mello-e-desembargador-mozart-valadares-articulam-implantacao-de-programas-de-cidadania","status":"publish","type":"post","link":"https:\/\/afogadosfm.com.br\/afogadosfm\/2026\/04\/25\/dr-pedro-alves-procuradora-dra-sinara-maranhao-presidente-do-tjpe-francisco-bandeira-de-mello-e-desembargador-mozart-valadares-articulam-implantacao-de-programas-de-cidadania\/","title":{"rendered":"Dr. Pedro Alves, procuradora Dra. Sinara Maranh\u00e3o, presidente do TJPE Francisco Bandeira de Mello e desembargador Mozart Valadares articulam implanta\u00e7\u00e3o de programas de cidadania"},"content":{"rendered":"<p>A Prefeitura de Iguaracy deu mais um passo importante na amplia\u00e7\u00e3o do acesso \u00e0 cidadania e aos servi\u00e7os p\u00fablicos.<\/p>\n<p>Em agenda realizada no Tribunal de Justi\u00e7a de Pernambuco (TJPE) em 23 de abril, a procuradora do munic\u00edpio, Dra. Sinara Maranh\u00e3o, participou de uma reuni\u00e3o estrat\u00e9gica para tratar dos encaminhamentos necess\u00e1rios \u00e0 implanta\u00e7\u00e3o de dois importantes programas no munic\u00edpio: o Moradia Legal e o Ponto de Inclus\u00e3o Digital (PID).<\/p>\n<p>&nbsp;<\/p>\n<div class=\"separator\"><a href=\"https:\/\/i0.wp.com\/blogger.googleusercontent.com\/img\/b\/R29vZ2xl\/AVvXsEgjTrldiIjlrO5At3OCR8vxPG1SCYdVzp41pvgiI9cvyJwMtE4AxiVYQMlEeic-zreNIQrzOjR2IH382svjSA9oZt61zDuzZPfIuwMNsD4xKr0UQEdopwHAUfN6nWwVFq2z0m2oTfcfrotNEpZBrlNzxZaYSVufpAXUhoYHnkFnCrBqlUJVumMAZF4XBmV-\/s1406\/5601d8ff-a2a1-4965-960b-d71de381effe.jpeg?ssl=1\"><img data-recalc-dims=\"1\" loading=\"lazy\" decoding=\"async\" src=\"https:\/\/i0.wp.com\/blogger.googleusercontent.com\/img\/b\/R29vZ2xl\/AVvXsEgjTrldiIjlrO5At3OCR8vxPG1SCYdVzp41pvgiI9cvyJwMtE4AxiVYQMlEeic-zreNIQrzOjR2IH382svjSA9oZt61zDuzZPfIuwMNsD4xKr0UQEdopwHAUfN6nWwVFq2z0m2oTfcfrotNEpZBrlNzxZaYSVufpAXUhoYHnkFnCrBqlUJVumMAZF4XBmV-\/w400-h266\/5601d8ff-a2a1-4965-960b-d71de381effe.jpeg?resize=400%2C266&#038;ssl=1\" width=\"400\" height=\"266\" border=\"0\" data-original-height=\"937\" data-original-width=\"1406\" \/><\/a><\/div>\n<p>A iniciativa do Moradia Legal tem como objetivo promover a regulariza\u00e7\u00e3o fundi\u00e1ria de interesse social, garantindo seguran\u00e7a jur\u00eddica \u00e0s fam\u00edlias e o direito \u00e0 moradia digna.<\/p>\n<p>J\u00e1 o Ponto de Inclus\u00e3o Digital ser\u00e1 um espa\u00e7o f\u00edsico estruturado com computadores e acesso \u00e0 internet, destinado a atender cidad\u00e3os que n\u00e3o possuem recursos tecnol\u00f3gicos ou conhecimentos digitais suficientes para acessar os servi\u00e7os do Judici\u00e1rio.<\/p>\n<p>De acordo com a procuradora do munic\u00edpio de Iguaracy Dra. Sinara Maranh\u00e3o, a implanta\u00e7\u00e3o dos programas representa um avan\u00e7o significativo na aproxima\u00e7\u00e3o entre a popula\u00e7\u00e3o e a Justi\u00e7a.<\/p>\n<p>\u201cEssas a\u00e7\u00f5es v\u00e3o garantir mais dignidade, inclus\u00e3o e acesso aos direitos b\u00e1sicos da popula\u00e7\u00e3o, sobretudo para aqueles que mais precisam\u201d, destacou.<\/p>\n<p>O prefeito de Iguaracy, Dr. Pedro Alves, tamb\u00e9m refor\u00e7ou o compromisso da gest\u00e3o municipal com a iniciativa. Segundo ele, a Prefeitura deve assinar, em breve, o decreto que autoriza oficialmente a implementa\u00e7\u00e3o dos programas no munic\u00edpio.<\/p>\n<p>&nbsp;<\/p>\n<div class=\"separator\"><a href=\"https:\/\/i0.wp.com\/blogger.googleusercontent.com\/img\/b\/R29vZ2xl\/AVvXsEjliFqWycAV3Y8vL4132QaDLm3UG_RRw5A0dvH4Bk9-L2HcxGX0JMIUlkNiGnLY3WWKTIgHGUACzWCeZ-xURVctJARmuo12tLz9L4PyCMgwFEj4HKcVW3lsbenwFysVw-zIZD7StCxb84SjaQ-pZJb3kuRpq1Z8fjH5j4K_gtUTZBIagAscF6WFDuDpi_ow\/s960\/4737fc79-7941-4198-8bd0-1bf17e41cc01.jpeg?ssl=1\"><img data-recalc-dims=\"1\" loading=\"lazy\" decoding=\"async\" src=\"https:\/\/i0.wp.com\/blogger.googleusercontent.com\/img\/b\/R29vZ2xl\/AVvXsEjliFqWycAV3Y8vL4132QaDLm3UG_RRw5A0dvH4Bk9-L2HcxGX0JMIUlkNiGnLY3WWKTIgHGUACzWCeZ-xURVctJARmuo12tLz9L4PyCMgwFEj4HKcVW3lsbenwFysVw-zIZD7StCxb84SjaQ-pZJb3kuRpq1Z8fjH5j4K_gtUTZBIagAscF6WFDuDpi_ow\/w400-h338\/4737fc79-7941-4198-8bd0-1bf17e41cc01.jpeg?resize=400%2C338&#038;ssl=1\" width=\"400\" height=\"338\" border=\"0\" data-original-height=\"810\" data-original-width=\"960\" \/><\/a><\/div>\n<p>\u201cEstamos construindo pontes entre o Executivo e o Judici\u00e1rio para assegurar que os direitos cheguem de forma mais \u00e1gil e efetiva \u00e0 nossa popula\u00e7\u00e3o\u201d, afirmou.<\/p>\n<p>A reuni\u00e3o contou com a presen\u00e7a do presidente do TJPE, desembargador Francisco Jos\u00e9 dos Anjos Bandeira de Mello, do desembargador Mozart Valadares Pires e da respons\u00e1vel pelo Programa Moradia Legal no Tribunal, Sara de Oliveira Silva Lima.<\/p>\n<p>Com a ades\u00e3o aos programas, Iguaracy se prepara para fortalecer pol\u00edticas p\u00fablicas voltadas \u00e0 inclus\u00e3o social e ao acesso \u00e0 justi\u00e7a, consolidando um modelo de gest\u00e3o comprometido com a popula\u00e7\u00e3o.<\/p>\n","protected":false},"excerpt":{"rendered":"<p>A Prefeitura de Iguaracy deu mais um passo importante na amplia\u00e7\u00e3o do acesso \u00e0 cidadania e aos servi\u00e7os p\u00fablicos. Em<\/p>\n","protected":false},"author":2,"featured_media":73962,"comment_status":"open","ping_status":"open","sticky":false,"template":"","format":"standard","meta":{"jetpack_post_was_ever_published":false,"_jetpack_newsletter_access":"","_jetpack_dont_email_post_to_subs":false,"_jetpack_newsletter_tier_id":0,"_jetpack_memberships_contains_paywalled_content":false,"_jetpack_memberships_contains_paid_content":false,"footnotes":"","jetpack_publicize_message":"","jetpack_publicize_feature_enabled":true,"jetpack_social_post_already_shared":true,"jetpack_social_options":{"image_generator_settings":{"template":"highway","default_image_id":0,"font":"","enabled":false},"version":2}},"categories":[32],"tags":[],"class_list":["post-73961","post","type-post","status-publish","format-standard","has-post-thumbnail","hentry","category-sertao"],"yoast_head":"<!-- This site is optimized with the Yoast SEO plugin v27.4 - https:\/\/yoast.com\/product\/yoast-seo-wordpress\/ -->\n<title>Dr. Pedro Alves, procuradora Dra. Sinara Maranh\u00e3o, presidente do TJPE Francisco Bandeira de Mello e desembargador Mozart Valadares articulam implanta\u00e7\u00e3o de programas de cidadania - Afogados FM<\/title>\n<meta name=\"robots\" content=\"index, follow, max-snippet:-1, max-image-preview:large, max-video-preview:-1\" \/>\n<link rel=\"canonical\" href=\"https:\/\/afogadosfm.com.br\/afogadosfm\/2026\/04\/25\/dr-pedro-alves-procuradora-dra-sinara-maranhao-presidente-do-tjpe-francisco-bandeira-de-mello-e-desembargador-mozart-valadares-articulam-implantacao-de-programas-de-cidadania\/\" \/>\n<meta property=\"og:locale\" content=\"pt_BR\" \/>\n<meta property=\"og:type\" content=\"article\" \/>\n<meta property=\"og:title\" content=\"Dr. Pedro Alves, procuradora Dra. Sinara Maranh\u00e3o, presidente do TJPE Francisco Bandeira de Mello e desembargador Mozart Valadares articulam implanta\u00e7\u00e3o de programas de cidadania - Afogados FM\" \/>\n<meta property=\"og:description\" content=\"A Prefeitura de Iguaracy deu mais um passo importante na amplia\u00e7\u00e3o do acesso \u00e0 cidadania e aos servi\u00e7os p\u00fablicos. Em\" \/>\n<meta property=\"og:url\" content=\"https:\/\/afogadosfm.com.br\/afogadosfm\/2026\/04\/25\/dr-pedro-alves-procuradora-dra-sinara-maranhao-presidente-do-tjpe-francisco-bandeira-de-mello-e-desembargador-mozart-valadares-articulam-implantacao-de-programas-de-cidadania\/\" \/>\n<meta property=\"og:site_name\" content=\"Afogados FM\" \/>\n<meta property=\"article:published_time\" content=\"2026-04-25T09:24:28+00:00\" \/>\n<meta property=\"article:modified_time\" content=\"2026-04-27T09:25:24+00:00\" \/>\n<meta property=\"og:image\" content=\"https:\/\/afogadosfm.com.br\/afogadosfm\/wp-content\/uploads\/2026\/04\/8bb98acb-2b54-4430-b886-2759335a21eb.jpeg\" \/>\n\t<meta property=\"og:image:width\" content=\"400\" \/>\n\t<meta property=\"og:image:height\" content=\"266\" \/>\n\t<meta property=\"og:image:type\" content=\"image\/jpeg\" \/>\n<meta name=\"author\" content=\"afogadosfm\" \/>\n<meta name=\"twitter:card\" content=\"summary_large_image\" \/>\n<meta name=\"twitter:label1\" content=\"Escrito por\" \/>\n\t<meta name=\"twitter:data1\" content=\"afogadosfm\" \/>\n\t<meta name=\"twitter:label2\" content=\"Est. tempo de leitura\" \/>\n\t<meta name=\"twitter:data2\" content=\"3 minutos\" \/>\n<script type=\"application\/ld+json\" class=\"yoast-schema-graph\">{\"@context\":\"https:\\\/\\\/schema.org\",\"@graph\":[{\"@type\":\"Article\",\"@id\":\"https:\\\/\\\/afogadosfm.com.br\\\/afogadosfm\\\/2026\\\/04\\\/25\\\/dr-pedro-alves-procuradora-dra-sinara-maranhao-presidente-do-tjpe-francisco-bandeira-de-mello-e-desembargador-mozart-valadares-articulam-implantacao-de-programas-de-cidadania\\\/#article\",\"isPartOf\":{\"@id\":\"https:\\\/\\\/afogadosfm.com.br\\\/afogadosfm\\\/2026\\\/04\\\/25\\\/dr-pedro-alves-procuradora-dra-sinara-maranhao-presidente-do-tjpe-francisco-bandeira-de-mello-e-desembargador-mozart-valadares-articulam-implantacao-de-programas-de-cidadania\\\/\"},\"author\":{\"name\":\"afogadosfm\",\"@id\":\"https:\\\/\\\/afogadosfm.com.br\\\/afogadosfm\\\/#\\\/schema\\\/person\\\/60e56f2cf5dc960fc093fe093d9e9057\"},\"headline\":\"Dr. Pedro Alves, procuradora Dra. Sinara Maranh\u00e3o, presidente do TJPE Francisco Bandeira de Mello e desembargador Mozart Valadares articulam implanta\u00e7\u00e3o de programas de cidadania\",\"datePublished\":\"2026-04-25T09:24:28+00:00\",\"dateModified\":\"2026-04-27T09:25:24+00:00\",\"mainEntityOfPage\":{\"@id\":\"https:\\\/\\\/afogadosfm.com.br\\\/afogadosfm\\\/2026\\\/04\\\/25\\\/dr-pedro-alves-procuradora-dra-sinara-maranhao-presidente-do-tjpe-francisco-bandeira-de-mello-e-desembargador-mozart-valadares-articulam-implantacao-de-programas-de-cidadania\\\/\"},\"wordCount\":381,\"commentCount\":0,\"publisher\":{\"@id\":\"https:\\\/\\\/afogadosfm.com.br\\\/afogadosfm\\\/#organization\"},\"image\":{\"@id\":\"https:\\\/\\\/afogadosfm.com.br\\\/afogadosfm\\\/2026\\\/04\\\/25\\\/dr-pedro-alves-procuradora-dra-sinara-maranhao-presidente-do-tjpe-francisco-bandeira-de-mello-e-desembargador-mozart-valadares-articulam-implantacao-de-programas-de-cidadania\\\/#primaryimage\"},\"thumbnailUrl\":\"https:\\\/\\\/i0.wp.com\\\/afogadosfm.com.br\\\/afogadosfm\\\/wp-content\\\/uploads\\\/2026\\\/04\\\/8bb98acb-2b54-4430-b886-2759335a21eb.jpeg?fit=400%2C266&ssl=1\",\"articleSection\":[\"Sert\u00e3o\"],\"inLanguage\":\"pt-BR\",\"potentialAction\":[{\"@type\":\"CommentAction\",\"name\":\"Comment\",\"target\":[\"https:\\\/\\\/afogadosfm.com.br\\\/afogadosfm\\\/2026\\\/04\\\/25\\\/dr-pedro-alves-procuradora-dra-sinara-maranhao-presidente-do-tjpe-francisco-bandeira-de-mello-e-desembargador-mozart-valadares-articulam-implantacao-de-programas-de-cidadania\\\/#respond\"]}]},{\"@type\":\"WebPage\",\"@id\":\"https:\\\/\\\/afogadosfm.com.br\\\/afogadosfm\\\/2026\\\/04\\\/25\\\/dr-pedro-alves-procuradora-dra-sinara-maranhao-presidente-do-tjpe-francisco-bandeira-de-mello-e-desembargador-mozart-valadares-articulam-implantacao-de-programas-de-cidadania\\\/\",\"url\":\"https:\\\/\\\/afogadosfm.com.br\\\/afogadosfm\\\/2026\\\/04\\\/25\\\/dr-pedro-alves-procuradora-dra-sinara-maranhao-presidente-do-tjpe-francisco-bandeira-de-mello-e-desembargador-mozart-valadares-articulam-implantacao-de-programas-de-cidadania\\\/\",\"name\":\"Dr. Pedro Alves, procuradora Dra. Sinara Maranh\u00e3o, presidente do TJPE Francisco Bandeira de Mello e desembargador Mozart Valadares articulam implanta\u00e7\u00e3o de programas de cidadania - Afogados FM\",\"isPartOf\":{\"@id\":\"https:\\\/\\\/afogadosfm.com.br\\\/afogadosfm\\\/#website\"},\"primaryImageOfPage\":{\"@id\":\"https:\\\/\\\/afogadosfm.com.br\\\/afogadosfm\\\/2026\\\/04\\\/25\\\/dr-pedro-alves-procuradora-dra-sinara-maranhao-presidente-do-tjpe-francisco-bandeira-de-mello-e-desembargador-mozart-valadares-articulam-implantacao-de-programas-de-cidadania\\\/#primaryimage\"},\"image\":{\"@id\":\"https:\\\/\\\/afogadosfm.com.br\\\/afogadosfm\\\/2026\\\/04\\\/25\\\/dr-pedro-alves-procuradora-dra-sinara-maranhao-presidente-do-tjpe-francisco-bandeira-de-mello-e-desembargador-mozart-valadares-articulam-implantacao-de-programas-de-cidadania\\\/#primaryimage\"},\"thumbnailUrl\":\"https:\\\/\\\/i0.wp.com\\\/afogadosfm.com.br\\\/afogadosfm\\\/wp-content\\\/uploads\\\/2026\\\/04\\\/8bb98acb-2b54-4430-b886-2759335a21eb.jpeg?fit=400%2C266&ssl=1\",\"datePublished\":\"2026-04-25T09:24:28+00:00\",\"dateModified\":\"2026-04-27T09:25:24+00:00\",\"breadcrumb\":{\"@id\":\"https:\\\/\\\/afogadosfm.com.br\\\/afogadosfm\\\/2026\\\/04\\\/25\\\/dr-pedro-alves-procuradora-dra-sinara-maranhao-presidente-do-tjpe-francisco-bandeira-de-mello-e-desembargador-mozart-valadares-articulam-implantacao-de-programas-de-cidadania\\\/#breadcrumb\"},\"inLanguage\":\"pt-BR\",\"potentialAction\":[{\"@type\":\"ReadAction\",\"target\":[\"https:\\\/\\\/afogadosfm.com.br\\\/afogadosfm\\\/2026\\\/04\\\/25\\\/dr-pedro-alves-procuradora-dra-sinara-maranhao-presidente-do-tjpe-francisco-bandeira-de-mello-e-desembargador-mozart-valadares-articulam-implantacao-de-programas-de-cidadania\\\/\"]}]},{\"@type\":\"ImageObject\",\"inLanguage\":\"pt-BR\",\"@id\":\"https:\\\/\\\/afogadosfm.com.br\\\/afogadosfm\\\/2026\\\/04\\\/25\\\/dr-pedro-alves-procuradora-dra-sinara-maranhao-presidente-do-tjpe-francisco-bandeira-de-mello-e-desembargador-mozart-valadares-articulam-implantacao-de-programas-de-cidadania\\\/#primaryimage\",\"url\":\"https:\\\/\\\/i0.wp.com\\\/afogadosfm.com.br\\\/afogadosfm\\\/wp-content\\\/uploads\\\/2026\\\/04\\\/8bb98acb-2b54-4430-b886-2759335a21eb.jpeg?fit=400%2C266&ssl=1\",\"contentUrl\":\"https:\\\/\\\/i0.wp.com\\\/afogadosfm.com.br\\\/afogadosfm\\\/wp-content\\\/uploads\\\/2026\\\/04\\\/8bb98acb-2b54-4430-b886-2759335a21eb.jpeg?fit=400%2C266&ssl=1\",\"width\":400,\"height\":266},{\"@type\":\"BreadcrumbList\",\"@id\":\"https:\\\/\\\/afogadosfm.com.br\\\/afogadosfm\\\/2026\\\/04\\\/25\\\/dr-pedro-alves-procuradora-dra-sinara-maranhao-presidente-do-tjpe-francisco-bandeira-de-mello-e-desembargador-mozart-valadares-articulam-implantacao-de-programas-de-cidadania\\\/#breadcrumb\",\"itemListElement\":[{\"@type\":\"ListItem\",\"position\":1,\"name\":\"In\u00edcio\",\"item\":\"https:\\\/\\\/afogadosfm.com.br\\\/afogadosfm\\\/\"},{\"@type\":\"ListItem\",\"position\":2,\"name\":\"Dr. Pedro Alves, procuradora Dra. Sinara Maranh\u00e3o, presidente do TJPE Francisco Bandeira de Mello e desembargador Mozart Valadares articulam implanta\u00e7\u00e3o de programas de cidadania\"}]},{\"@type\":\"WebSite\",\"@id\":\"https:\\\/\\\/afogadosfm.com.br\\\/afogadosfm\\\/#website\",\"url\":\"https:\\\/\\\/afogadosfm.com.br\\\/afogadosfm\\\/\",\"name\":\"Afogados FM\",\"description\":\"Um site completo!\",\"publisher\":{\"@id\":\"https:\\\/\\\/afogadosfm.com.br\\\/afogadosfm\\\/#organization\"},\"potentialAction\":[{\"@type\":\"SearchAction\",\"target\":{\"@type\":\"EntryPoint\",\"urlTemplate\":\"https:\\\/\\\/afogadosfm.com.br\\\/afogadosfm\\\/?s={search_term_string}\"},\"query-input\":{\"@type\":\"PropertyValueSpecification\",\"valueRequired\":true,\"valueName\":\"search_term_string\"}}],\"inLanguage\":\"pt-BR\"},{\"@type\":\"Organization\",\"@id\":\"https:\\\/\\\/afogadosfm.com.br\\\/afogadosfm\\\/#organization\",\"name\":\"Afogados FM\",\"url\":\"https:\\\/\\\/afogadosfm.com.br\\\/afogadosfm\\\/\",\"logo\":{\"@type\":\"ImageObject\",\"inLanguage\":\"pt-BR\",\"@id\":\"https:\\\/\\\/afogadosfm.com.br\\\/afogadosfm\\\/#\\\/schema\\\/logo\\\/image\\\/\",\"url\":\"https:\\\/\\\/i0.wp.com\\\/afogadosfm.com.br\\\/afogadosfm\\\/wp-content\\\/uploads\\\/2020\\\/06\\\/cropped-banner-afogados-4.jpg?fit=369%2C137&ssl=1\",\"contentUrl\":\"https:\\\/\\\/i0.wp.com\\\/afogadosfm.com.br\\\/afogadosfm\\\/wp-content\\\/uploads\\\/2020\\\/06\\\/cropped-banner-afogados-4.jpg?fit=369%2C137&ssl=1\",\"width\":369,\"height\":137,\"caption\":\"Afogados FM\"},\"image\":{\"@id\":\"https:\\\/\\\/afogadosfm.com.br\\\/afogadosfm\\\/#\\\/schema\\\/logo\\\/image\\\/\"}},{\"@type\":\"Person\",\"@id\":\"https:\\\/\\\/afogadosfm.com.br\\\/afogadosfm\\\/#\\\/schema\\\/person\\\/60e56f2cf5dc960fc093fe093d9e9057\",\"name\":\"afogadosfm\",\"image\":{\"@type\":\"ImageObject\",\"inLanguage\":\"pt-BR\",\"@id\":\"https:\\\/\\\/secure.gravatar.com\\\/avatar\\\/e0359add7ed5dc3560906d861b52c6a8cf5c1e199d3a7dd85070998f49bd4701?s=96&d=mm&r=g\",\"url\":\"https:\\\/\\\/secure.gravatar.com\\\/avatar\\\/e0359add7ed5dc3560906d861b52c6a8cf5c1e199d3a7dd85070998f49bd4701?s=96&d=mm&r=g\",\"contentUrl\":\"https:\\\/\\\/secure.gravatar.com\\\/avatar\\\/e0359add7ed5dc3560906d861b52c6a8cf5c1e199d3a7dd85070998f49bd4701?s=96&d=mm&r=g\",\"caption\":\"afogadosfm\"},\"url\":\"https:\\\/\\\/afogadosfm.com.br\\\/afogadosfm\\\/author\\\/afogadosfm\\\/\"}]}<\/script>\n<!-- \/ Yoast SEO plugin. -->","yoast_head_json":{"title":"Dr. Pedro Alves, procuradora Dra. Sinara Maranh\u00e3o, presidente do TJPE Francisco Bandeira de Mello e desembargador Mozart Valadares articulam implanta\u00e7\u00e3o de programas de cidadania - Afogados FM","robots":{"index":"index","follow":"follow","max-snippet":"max-snippet:-1","max-image-preview":"max-image-preview:large","max-video-preview":"max-video-preview:-1"},"canonical":"https:\/\/afogadosfm.com.br\/afogadosfm\/2026\/04\/25\/dr-pedro-alves-procuradora-dra-sinara-maranhao-presidente-do-tjpe-francisco-bandeira-de-mello-e-desembargador-mozart-valadares-articulam-implantacao-de-programas-de-cidadania\/","og_locale":"pt_BR","og_type":"article","og_title":"Dr. Pedro Alves, procuradora Dra. Sinara Maranh\u00e3o, presidente do TJPE Francisco Bandeira de Mello e desembargador Mozart Valadares articulam implanta\u00e7\u00e3o de programas de cidadania - Afogados FM","og_description":"A Prefeitura de Iguaracy deu mais um passo importante na amplia\u00e7\u00e3o do acesso \u00e0 cidadania e aos servi\u00e7os p\u00fablicos. Em","og_url":"https:\/\/afogadosfm.com.br\/afogadosfm\/2026\/04\/25\/dr-pedro-alves-procuradora-dra-sinara-maranhao-presidente-do-tjpe-francisco-bandeira-de-mello-e-desembargador-mozart-valadares-articulam-implantacao-de-programas-de-cidadania\/","og_site_name":"Afogados FM","article_published_time":"2026-04-25T09:24:28+00:00","article_modified_time":"2026-04-27T09:25:24+00:00","og_image":[{"width":400,"height":266,"url":"https:\/\/afogadosfm.com.br\/afogadosfm\/wp-content\/uploads\/2026\/04\/8bb98acb-2b54-4430-b886-2759335a21eb.jpeg","type":"image\/jpeg"}],"author":"afogadosfm","twitter_card":"summary_large_image","twitter_misc":{"Escrito por":"afogadosfm","Est. tempo de leitura":"3 minutos"},"schema":{"@context":"https:\/\/schema.org","@graph":[{"@type":"Article","@id":"https:\/\/afogadosfm.com.br\/afogadosfm\/2026\/04\/25\/dr-pedro-alves-procuradora-dra-sinara-maranhao-presidente-do-tjpe-francisco-bandeira-de-mello-e-desembargador-mozart-valadares-articulam-implantacao-de-programas-de-cidadania\/#article","isPartOf":{"@id":"https:\/\/afogadosfm.com.br\/afogadosfm\/2026\/04\/25\/dr-pedro-alves-procuradora-dra-sinara-maranhao-presidente-do-tjpe-francisco-bandeira-de-mello-e-desembargador-mozart-valadares-articulam-implantacao-de-programas-de-cidadania\/"},"author":{"name":"afogadosfm","@id":"https:\/\/afogadosfm.com.br\/afogadosfm\/#\/schema\/person\/60e56f2cf5dc960fc093fe093d9e9057"},"headline":"Dr. Pedro Alves, procuradora Dra. Sinara Maranh\u00e3o, presidente do TJPE Francisco Bandeira de Mello e desembargador Mozart Valadares articulam implanta\u00e7\u00e3o de programas de cidadania","datePublished":"2026-04-25T09:24:28+00:00","dateModified":"2026-04-27T09:25:24+00:00","mainEntityOfPage":{"@id":"https:\/\/afogadosfm.com.br\/afogadosfm\/2026\/04\/25\/dr-pedro-alves-procuradora-dra-sinara-maranhao-presidente-do-tjpe-francisco-bandeira-de-mello-e-desembargador-mozart-valadares-articulam-implantacao-de-programas-de-cidadania\/"},"wordCount":381,"commentCount":0,"publisher":{"@id":"https:\/\/afogadosfm.com.br\/afogadosfm\/#organization"},"image":{"@id":"https:\/\/afogadosfm.com.br\/afogadosfm\/2026\/04\/25\/dr-pedro-alves-procuradora-dra-sinara-maranhao-presidente-do-tjpe-francisco-bandeira-de-mello-e-desembargador-mozart-valadares-articulam-implantacao-de-programas-de-cidadania\/#primaryimage"},"thumbnailUrl":"https:\/\/i0.wp.com\/afogadosfm.com.br\/afogadosfm\/wp-content\/uploads\/2026\/04\/8bb98acb-2b54-4430-b886-2759335a21eb.jpeg?fit=400%2C266&ssl=1","articleSection":["Sert\u00e3o"],"inLanguage":"pt-BR","potentialAction":[{"@type":"CommentAction","name":"Comment","target":["https:\/\/afogadosfm.com.br\/afogadosfm\/2026\/04\/25\/dr-pedro-alves-procuradora-dra-sinara-maranhao-presidente-do-tjpe-francisco-bandeira-de-mello-e-desembargador-mozart-valadares-articulam-implantacao-de-programas-de-cidadania\/#respond"]}]},{"@type":"WebPage","@id":"https:\/\/afogadosfm.com.br\/afogadosfm\/2026\/04\/25\/dr-pedro-alves-procuradora-dra-sinara-maranhao-presidente-do-tjpe-francisco-bandeira-de-mello-e-desembargador-mozart-valadares-articulam-implantacao-de-programas-de-cidadania\/","url":"https:\/\/afogadosfm.com.br\/afogadosfm\/2026\/04\/25\/dr-pedro-alves-procuradora-dra-sinara-maranhao-presidente-do-tjpe-francisco-bandeira-de-mello-e-desembargador-mozart-valadares-articulam-implantacao-de-programas-de-cidadania\/","name":"Dr. Pedro Alves, procuradora Dra. Sinara Maranh\u00e3o, presidente do TJPE Francisco Bandeira de Mello e desembargador Mozart Valadares articulam implanta\u00e7\u00e3o de programas de cidadania - Afogados FM","isPartOf":{"@id":"https:\/\/afogadosfm.com.br\/afogadosfm\/#website"},"primaryImageOfPage":{"@id":"https:\/\/afogadosfm.com.br\/afogadosfm\/2026\/04\/25\/dr-pedro-alves-procuradora-dra-sinara-maranhao-presidente-do-tjpe-francisco-bandeira-de-mello-e-desembargador-mozart-valadares-articulam-implantacao-de-programas-de-cidadania\/#primaryimage"},"image":{"@id":"https:\/\/afogadosfm.com.br\/afogadosfm\/2026\/04\/25\/dr-pedro-alves-procuradora-dra-sinara-maranhao-presidente-do-tjpe-francisco-bandeira-de-mello-e-desembargador-mozart-valadares-articulam-implantacao-de-programas-de-cidadania\/#primaryimage"},"thumbnailUrl":"https:\/\/i0.wp.com\/afogadosfm.com.br\/afogadosfm\/wp-content\/uploads\/2026\/04\/8bb98acb-2b54-4430-b886-2759335a21eb.jpeg?fit=400%2C266&ssl=1","datePublished":"2026-04-25T09:24:28+00:00","dateModified":"2026-04-27T09:25:24+00:00","breadcrumb":{"@id":"https:\/\/afogadosfm.com.br\/afogadosfm\/2026\/04\/25\/dr-pedro-alves-procuradora-dra-sinara-maranhao-presidente-do-tjpe-francisco-bandeira-de-mello-e-desembargador-mozart-valadares-articulam-implantacao-de-programas-de-cidadania\/#breadcrumb"},"inLanguage":"pt-BR","potentialAction":[{"@type":"ReadAction","target":["https:\/\/afogadosfm.com.br\/afogadosfm\/2026\/04\/25\/dr-pedro-alves-procuradora-dra-sinara-maranhao-presidente-do-tjpe-francisco-bandeira-de-mello-e-desembargador-mozart-valadares-articulam-implantacao-de-programas-de-cidadania\/"]}]},{"@type":"ImageObject","inLanguage":"pt-BR","@id":"https:\/\/afogadosfm.com.br\/afogadosfm\/2026\/04\/25\/dr-pedro-alves-procuradora-dra-sinara-maranhao-presidente-do-tjpe-francisco-bandeira-de-mello-e-desembargador-mozart-valadares-articulam-implantacao-de-programas-de-cidadania\/#primaryimage","url":"https:\/\/i0.wp.com\/afogadosfm.com.br\/afogadosfm\/wp-content\/uploads\/2026\/04\/8bb98acb-2b54-4430-b886-2759335a21eb.jpeg?fit=400%2C266&ssl=1","contentUrl":"https:\/\/i0.wp.com\/afogadosfm.com.br\/afogadosfm\/wp-content\/uploads\/2026\/04\/8bb98acb-2b54-4430-b886-2759335a21eb.jpeg?fit=400%2C266&ssl=1","width":400,"height":266},{"@type":"BreadcrumbList","@id":"https:\/\/afogadosfm.com.br\/afogadosfm\/2026\/04\/25\/dr-pedro-alves-procuradora-dra-sinara-maranhao-presidente-do-tjpe-francisco-bandeira-de-mello-e-desembargador-mozart-valadares-articulam-implantacao-de-programas-de-cidadania\/#breadcrumb","itemListElement":[{"@type":"ListItem","position":1,"name":"In\u00edcio","item":"https:\/\/afogadosfm.com.br\/afogadosfm\/"},{"@type":"ListItem","position":2,"name":"Dr. Pedro Alves, procuradora Dra. Sinara Maranh\u00e3o, presidente do TJPE Francisco Bandeira de Mello e desembargador Mozart Valadares articulam implanta\u00e7\u00e3o de programas de cidadania"}]},{"@type":"WebSite","@id":"https:\/\/afogadosfm.com.br\/afogadosfm\/#website","url":"https:\/\/afogadosfm.com.br\/afogadosfm\/","name":"Afogados FM","description":"Um site completo!","publisher":{"@id":"https:\/\/afogadosfm.com.br\/afogadosfm\/#organization"},"potentialAction":[{"@type":"SearchAction","target":{"@type":"EntryPoint","urlTemplate":"https:\/\/afogadosfm.com.br\/afogadosfm\/?s={search_term_string}"},"query-input":{"@type":"PropertyValueSpecification","valueRequired":true,"valueName":"search_term_string"}}],"inLanguage":"pt-BR"},{"@type":"Organization","@id":"https:\/\/afogadosfm.com.br\/afogadosfm\/#organization","name":"Afogados FM","url":"https:\/\/afogadosfm.com.br\/afogadosfm\/","logo":{"@type":"ImageObject","inLanguage":"pt-BR","@id":"https:\/\/afogadosfm.com.br\/afogadosfm\/#\/schema\/logo\/image\/","url":"https:\/\/i0.wp.com\/afogadosfm.com.br\/afogadosfm\/wp-content\/uploads\/2020\/06\/cropped-banner-afogados-4.jpg?fit=369%2C137&ssl=1","contentUrl":"https:\/\/i0.wp.com\/afogadosfm.com.br\/afogadosfm\/wp-content\/uploads\/2020\/06\/cropped-banner-afogados-4.jpg?fit=369%2C137&ssl=1","width":369,"height":137,"caption":"Afogados FM"},"image":{"@id":"https:\/\/afogadosfm.com.br\/afogadosfm\/#\/schema\/logo\/image\/"}},{"@type":"Person","@id":"https:\/\/afogadosfm.com.br\/afogadosfm\/#\/schema\/person\/60e56f2cf5dc960fc093fe093d9e9057","name":"afogadosfm","image":{"@type":"ImageObject","inLanguage":"pt-BR","@id":"https:\/\/secure.gravatar.com\/avatar\/e0359add7ed5dc3560906d861b52c6a8cf5c1e199d3a7dd85070998f49bd4701?s=96&d=mm&r=g","url":"https:\/\/secure.gravatar.com\/avatar\/e0359add7ed5dc3560906d861b52c6a8cf5c1e199d3a7dd85070998f49bd4701?s=96&d=mm&r=g","contentUrl":"https:\/\/secure.gravatar.com\/avatar\/e0359add7ed5dc3560906d861b52c6a8cf5c1e199d3a7dd85070998f49bd4701?s=96&d=mm&r=g","caption":"afogadosfm"},"url":"https:\/\/afogadosfm.com.br\/afogadosfm\/author\/afogadosfm\/"}]}},"jetpack_publicize_connections":[],"jetpack_featured_media_url":"https:\/\/i0.wp.com\/afogadosfm.com.br\/afogadosfm\/wp-content\/uploads\/2026\/04\/8bb98acb-2b54-4430-b886-2759335a21eb.jpeg?fit=400%2C266&ssl=1","jetpack-related-posts":[],"jetpack_sharing_enabled":true,"jetpack_likes_enabled":true,"_links":{"self":[{"href":"https:\/\/afogadosfm.com.br\/afogadosfm\/wp-json\/wp\/v2\/posts\/73961","targetHints":{"allow":["GET"]}}],"collection":[{"href":"https:\/\/afogadosfm.com.br\/afogadosfm\/wp-json\/wp\/v2\/posts"}],"about":[{"href":"https:\/\/afogadosfm.com.br\/afogadosfm\/wp-json\/wp\/v2\/types\/post"}],"author":[{"embeddable":true,"href":"https:\/\/afogadosfm.com.br\/afogadosfm\/wp-json\/wp\/v2\/users\/2"}],"replies":[{"embeddable":true,"href":"https:\/\/afogadosfm.com.br\/afogadosfm\/wp-json\/wp\/v2\/comments?post=73961"}],"version-history":[{"count":1,"href":"https:\/\/afogadosfm.com.br\/afogadosfm\/wp-json\/wp\/v2\/posts\/73961\/revisions"}],"predecessor-version":[{"id":73963,"href":"https:\/\/afogadosfm.com.br\/afogadosfm\/wp-json\/wp\/v2\/posts\/73961\/revisions\/73963"}],"wp:featuredmedia":[{"embeddable":true,"href":"https:\/\/afogadosfm.com.br\/afogadosfm\/wp-json\/wp\/v2\/media\/73962"}],"wp:attachment":[{"href":"https:\/\/afogadosfm.com.br\/afogadosfm\/wp-json\/wp\/v2\/media?parent=73961"}],"wp:term":[{"taxonomy":"category","embeddable":true,"href":"https:\/\/afogadosfm.com.br\/afogadosfm\/wp-json\/wp\/v2\/categories?post=73961"},{"taxonomy":"post_tag","embeddable":true,"href":"https:\/\/afogadosfm.com.br\/afogadosfm\/wp-json\/wp\/v2\/tags?post=73961"}],"curies":[{"name":"wp","href":"https:\/\/api.w.org\/{rel}","templated":true}]}}