{"id":73966,"date":"2026-04-26T06:31:56","date_gmt":"2026-04-26T09:31:56","guid":{"rendered":"https:\/\/afogadosfm.com.br\/afogadosfm\/?p=73966"},"modified":"2026-04-27T06:32:48","modified_gmt":"2026-04-27T09:32:48","slug":"homem-e-apreendido-apos-ser-flagrado-com-tesoura-no-centro-de-sao-jose-do-egito","status":"publish","type":"post","link":"https:\/\/afogadosfm.com.br\/afogadosfm\/2026\/04\/26\/homem-e-apreendido-apos-ser-flagrado-com-tesoura-no-centro-de-sao-jose-do-egito\/","title":{"rendered":"Homem \u00e9 apreendido ap\u00f3s ser flagrado com tesoura no Centro de S\u00e3o Jos\u00e9 do Egito"},"content":{"rendered":"<div>No s\u00e1bado (25), uma a\u00e7\u00e3o do efetivo do 23\u00ba BPM resultou na condu\u00e7\u00e3o de um indiv\u00edduo \u00e0 Delegacia de Pol\u00edcia Civil no munic\u00edpio de S\u00e3o Jos\u00e9 do Egito, no Sert\u00e3o de Pernambuco.<\/div>\n<p>De acordo com informa\u00e7\u00f5es da pol\u00edcia, durante patrulhamento de rotina no Centro da cidade, os policiais visualizaram o suspeito em atitude considerada suspeita. Ao realizarem a abordagem e a devida busca pessoal, foi encontrada em sua posse uma tesoura, caracterizada como arma branca.<\/p>\n<p>Diante da situa\u00e7\u00e3o, o imputado foi conduzido, juntamente com o objeto apreendido, \u00e0 Delegacia de Pol\u00edcia Civil local, onde foram adotadas as medidas cab\u00edveis. O caso segue sob responsabilidade das autoridades competentes.<\/p>\n","protected":false},"excerpt":{"rendered":"<p>No s\u00e1bado (25), uma a\u00e7\u00e3o do efetivo do 23\u00ba BPM resultou na condu\u00e7\u00e3o de um indiv\u00edduo \u00e0 Delegacia de Pol\u00edcia<\/p>\n","protected":false},"author":2,"featured_media":35855,"comment_status":"open","ping_status":"open","sticky":false,"template":"","format":"standard","meta":{"jetpack_post_was_ever_published":false,"_jetpack_newsletter_access":"","_jetpack_dont_email_post_to_subs":false,"_jetpack_newsletter_tier_id":0,"_jetpack_memberships_contains_paywalled_content":false,"_jetpack_memberships_contains_paid_content":false,"footnotes":"","jetpack_publicize_message":"","jetpack_publicize_feature_enabled":true,"jetpack_social_post_already_shared":true,"jetpack_social_options":{"image_generator_settings":{"template":"highway","default_image_id":0,"font":"","enabled":false},"version":2}},"categories":[34],"tags":[],"class_list":["post-73966","post","type-post","status-publish","format-standard","has-post-thumbnail","hentry","category-policia"],"yoast_head":"<!-- This site is optimized with the Yoast SEO plugin v27.4 - https:\/\/yoast.com\/product\/yoast-seo-wordpress\/ -->\n<title>Homem \u00e9 apreendido ap\u00f3s ser flagrado com tesoura no Centro de S\u00e3o Jos\u00e9 do Egito - Afogados FM<\/title>\n<meta name=\"robots\" content=\"index, follow, max-snippet:-1, max-image-preview:large, max-video-preview:-1\" \/>\n<link rel=\"canonical\" href=\"https:\/\/afogadosfm.com.br\/afogadosfm\/2026\/04\/26\/homem-e-apreendido-apos-ser-flagrado-com-tesoura-no-centro-de-sao-jose-do-egito\/\" \/>\n<meta property=\"og:locale\" content=\"pt_BR\" \/>\n<meta property=\"og:type\" content=\"article\" \/>\n<meta property=\"og:title\" content=\"Homem \u00e9 apreendido ap\u00f3s ser flagrado com tesoura no Centro de S\u00e3o Jos\u00e9 do Egito - Afogados FM\" \/>\n<meta property=\"og:description\" content=\"No s\u00e1bado (25), uma a\u00e7\u00e3o do efetivo do 23\u00ba BPM resultou na condu\u00e7\u00e3o de um indiv\u00edduo \u00e0 Delegacia de Pol\u00edcia\" \/>\n<meta property=\"og:url\" content=\"https:\/\/afogadosfm.com.br\/afogadosfm\/2026\/04\/26\/homem-e-apreendido-apos-ser-flagrado-com-tesoura-no-centro-de-sao-jose-do-egito\/\" \/>\n<meta property=\"og:site_name\" content=\"Afogados FM\" \/>\n<meta property=\"article:published_time\" content=\"2026-04-26T09:31:56+00:00\" \/>\n<meta property=\"article:modified_time\" content=\"2026-04-27T09:32:48+00:00\" \/>\n<meta property=\"og:image\" content=\"https:\/\/afogadosfm.com.br\/afogadosfm\/wp-content\/uploads\/2022\/03\/policiaplan.jpg\" \/>\n\t<meta property=\"og:image:width\" content=\"284\" \/>\n\t<meta property=\"og:image:height\" content=\"177\" \/>\n\t<meta property=\"og:image:type\" content=\"image\/jpeg\" \/>\n<meta name=\"author\" content=\"afogadosfm\" \/>\n<meta name=\"twitter:card\" content=\"summary_large_image\" \/>\n<meta name=\"twitter:label1\" content=\"Escrito por\" \/>\n\t<meta name=\"twitter:data1\" content=\"afogadosfm\" \/>\n\t<meta name=\"twitter:label2\" content=\"Est. tempo de leitura\" \/>\n\t<meta name=\"twitter:data2\" content=\"1 minuto\" \/>\n<script type=\"application\/ld+json\" class=\"yoast-schema-graph\">{\"@context\":\"https:\\\/\\\/schema.org\",\"@graph\":[{\"@type\":\"Article\",\"@id\":\"https:\\\/\\\/afogadosfm.com.br\\\/afogadosfm\\\/2026\\\/04\\\/26\\\/homem-e-apreendido-apos-ser-flagrado-com-tesoura-no-centro-de-sao-jose-do-egito\\\/#article\",\"isPartOf\":{\"@id\":\"https:\\\/\\\/afogadosfm.com.br\\\/afogadosfm\\\/2026\\\/04\\\/26\\\/homem-e-apreendido-apos-ser-flagrado-com-tesoura-no-centro-de-sao-jose-do-egito\\\/\"},\"author\":{\"name\":\"afogadosfm\",\"@id\":\"https:\\\/\\\/afogadosfm.com.br\\\/afogadosfm\\\/#\\\/schema\\\/person\\\/60e56f2cf5dc960fc093fe093d9e9057\"},\"headline\":\"Homem \u00e9 apreendido ap\u00f3s ser flagrado com tesoura no Centro de S\u00e3o Jos\u00e9 do Egito\",\"datePublished\":\"2026-04-26T09:31:56+00:00\",\"dateModified\":\"2026-04-27T09:32:48+00:00\",\"mainEntityOfPage\":{\"@id\":\"https:\\\/\\\/afogadosfm.com.br\\\/afogadosfm\\\/2026\\\/04\\\/26\\\/homem-e-apreendido-apos-ser-flagrado-com-tesoura-no-centro-de-sao-jose-do-egito\\\/\"},\"wordCount\":132,\"commentCount\":0,\"publisher\":{\"@id\":\"https:\\\/\\\/afogadosfm.com.br\\\/afogadosfm\\\/#organization\"},\"image\":{\"@id\":\"https:\\\/\\\/afogadosfm.com.br\\\/afogadosfm\\\/2026\\\/04\\\/26\\\/homem-e-apreendido-apos-ser-flagrado-com-tesoura-no-centro-de-sao-jose-do-egito\\\/#primaryimage\"},\"thumbnailUrl\":\"https:\\\/\\\/i0.wp.com\\\/afogadosfm.com.br\\\/afogadosfm\\\/wp-content\\\/uploads\\\/2022\\\/03\\\/policiaplan.jpg?fit=284%2C177&ssl=1\",\"articleSection\":[\"Pol\u00edcia\"],\"inLanguage\":\"pt-BR\",\"potentialAction\":[{\"@type\":\"CommentAction\",\"name\":\"Comment\",\"target\":[\"https:\\\/\\\/afogadosfm.com.br\\\/afogadosfm\\\/2026\\\/04\\\/26\\\/homem-e-apreendido-apos-ser-flagrado-com-tesoura-no-centro-de-sao-jose-do-egito\\\/#respond\"]}]},{\"@type\":\"WebPage\",\"@id\":\"https:\\\/\\\/afogadosfm.com.br\\\/afogadosfm\\\/2026\\\/04\\\/26\\\/homem-e-apreendido-apos-ser-flagrado-com-tesoura-no-centro-de-sao-jose-do-egito\\\/\",\"url\":\"https:\\\/\\\/afogadosfm.com.br\\\/afogadosfm\\\/2026\\\/04\\\/26\\\/homem-e-apreendido-apos-ser-flagrado-com-tesoura-no-centro-de-sao-jose-do-egito\\\/\",\"name\":\"Homem \u00e9 apreendido ap\u00f3s ser flagrado com tesoura no Centro de S\u00e3o Jos\u00e9 do Egito - Afogados FM\",\"isPartOf\":{\"@id\":\"https:\\\/\\\/afogadosfm.com.br\\\/afogadosfm\\\/#website\"},\"primaryImageOfPage\":{\"@id\":\"https:\\\/\\\/afogadosfm.com.br\\\/afogadosfm\\\/2026\\\/04\\\/26\\\/homem-e-apreendido-apos-ser-flagrado-com-tesoura-no-centro-de-sao-jose-do-egito\\\/#primaryimage\"},\"image\":{\"@id\":\"https:\\\/\\\/afogadosfm.com.br\\\/afogadosfm\\\/2026\\\/04\\\/26\\\/homem-e-apreendido-apos-ser-flagrado-com-tesoura-no-centro-de-sao-jose-do-egito\\\/#primaryimage\"},\"thumbnailUrl\":\"https:\\\/\\\/i0.wp.com\\\/afogadosfm.com.br\\\/afogadosfm\\\/wp-content\\\/uploads\\\/2022\\\/03\\\/policiaplan.jpg?fit=284%2C177&ssl=1\",\"datePublished\":\"2026-04-26T09:31:56+00:00\",\"dateModified\":\"2026-04-27T09:32:48+00:00\",\"breadcrumb\":{\"@id\":\"https:\\\/\\\/afogadosfm.com.br\\\/afogadosfm\\\/2026\\\/04\\\/26\\\/homem-e-apreendido-apos-ser-flagrado-com-tesoura-no-centro-de-sao-jose-do-egito\\\/#breadcrumb\"},\"inLanguage\":\"pt-BR\",\"potentialAction\":[{\"@type\":\"ReadAction\",\"target\":[\"https:\\\/\\\/afogadosfm.com.br\\\/afogadosfm\\\/2026\\\/04\\\/26\\\/homem-e-apreendido-apos-ser-flagrado-com-tesoura-no-centro-de-sao-jose-do-egito\\\/\"]}]},{\"@type\":\"ImageObject\",\"inLanguage\":\"pt-BR\",\"@id\":\"https:\\\/\\\/afogadosfm.com.br\\\/afogadosfm\\\/2026\\\/04\\\/26\\\/homem-e-apreendido-apos-ser-flagrado-com-tesoura-no-centro-de-sao-jose-do-egito\\\/#primaryimage\",\"url\":\"https:\\\/\\\/i0.wp.com\\\/afogadosfm.com.br\\\/afogadosfm\\\/wp-content\\\/uploads\\\/2022\\\/03\\\/policiaplan.jpg?fit=284%2C177&ssl=1\",\"contentUrl\":\"https:\\\/\\\/i0.wp.com\\\/afogadosfm.com.br\\\/afogadosfm\\\/wp-content\\\/uploads\\\/2022\\\/03\\\/policiaplan.jpg?fit=284%2C177&ssl=1\",\"width\":284,\"height\":177},{\"@type\":\"BreadcrumbList\",\"@id\":\"https:\\\/\\\/afogadosfm.com.br\\\/afogadosfm\\\/2026\\\/04\\\/26\\\/homem-e-apreendido-apos-ser-flagrado-com-tesoura-no-centro-de-sao-jose-do-egito\\\/#breadcrumb\",\"itemListElement\":[{\"@type\":\"ListItem\",\"position\":1,\"name\":\"In\u00edcio\",\"item\":\"https:\\\/\\\/afogadosfm.com.br\\\/afogadosfm\\\/\"},{\"@type\":\"ListItem\",\"position\":2,\"name\":\"Homem \u00e9 apreendido ap\u00f3s ser flagrado com tesoura no Centro de S\u00e3o Jos\u00e9 do Egito\"}]},{\"@type\":\"WebSite\",\"@id\":\"https:\\\/\\\/afogadosfm.com.br\\\/afogadosfm\\\/#website\",\"url\":\"https:\\\/\\\/afogadosfm.com.br\\\/afogadosfm\\\/\",\"name\":\"Afogados FM\",\"description\":\"Um site completo!\",\"publisher\":{\"@id\":\"https:\\\/\\\/afogadosfm.com.br\\\/afogadosfm\\\/#organization\"},\"potentialAction\":[{\"@type\":\"SearchAction\",\"target\":{\"@type\":\"EntryPoint\",\"urlTemplate\":\"https:\\\/\\\/afogadosfm.com.br\\\/afogadosfm\\\/?s={search_term_string}\"},\"query-input\":{\"@type\":\"PropertyValueSpecification\",\"valueRequired\":true,\"valueName\":\"search_term_string\"}}],\"inLanguage\":\"pt-BR\"},{\"@type\":\"Organization\",\"@id\":\"https:\\\/\\\/afogadosfm.com.br\\\/afogadosfm\\\/#organization\",\"name\":\"Afogados FM\",\"url\":\"https:\\\/\\\/afogadosfm.com.br\\\/afogadosfm\\\/\",\"logo\":{\"@type\":\"ImageObject\",\"inLanguage\":\"pt-BR\",\"@id\":\"https:\\\/\\\/afogadosfm.com.br\\\/afogadosfm\\\/#\\\/schema\\\/logo\\\/image\\\/\",\"url\":\"https:\\\/\\\/i0.wp.com\\\/afogadosfm.com.br\\\/afogadosfm\\\/wp-content\\\/uploads\\\/2020\\\/06\\\/cropped-banner-afogados-4.jpg?fit=369%2C137&ssl=1\",\"contentUrl\":\"https:\\\/\\\/i0.wp.com\\\/afogadosfm.com.br\\\/afogadosfm\\\/wp-content\\\/uploads\\\/2020\\\/06\\\/cropped-banner-afogados-4.jpg?fit=369%2C137&ssl=1\",\"width\":369,\"height\":137,\"caption\":\"Afogados FM\"},\"image\":{\"@id\":\"https:\\\/\\\/afogadosfm.com.br\\\/afogadosfm\\\/#\\\/schema\\\/logo\\\/image\\\/\"}},{\"@type\":\"Person\",\"@id\":\"https:\\\/\\\/afogadosfm.com.br\\\/afogadosfm\\\/#\\\/schema\\\/person\\\/60e56f2cf5dc960fc093fe093d9e9057\",\"name\":\"afogadosfm\",\"image\":{\"@type\":\"ImageObject\",\"inLanguage\":\"pt-BR\",\"@id\":\"https:\\\/\\\/secure.gravatar.com\\\/avatar\\\/e0359add7ed5dc3560906d861b52c6a8cf5c1e199d3a7dd85070998f49bd4701?s=96&d=mm&r=g\",\"url\":\"https:\\\/\\\/secure.gravatar.com\\\/avatar\\\/e0359add7ed5dc3560906d861b52c6a8cf5c1e199d3a7dd85070998f49bd4701?s=96&d=mm&r=g\",\"contentUrl\":\"https:\\\/\\\/secure.gravatar.com\\\/avatar\\\/e0359add7ed5dc3560906d861b52c6a8cf5c1e199d3a7dd85070998f49bd4701?s=96&d=mm&r=g\",\"caption\":\"afogadosfm\"},\"url\":\"https:\\\/\\\/afogadosfm.com.br\\\/afogadosfm\\\/author\\\/afogadosfm\\\/\"}]}<\/script>\n<!-- \/ Yoast SEO plugin. -->","yoast_head_json":{"title":"Homem \u00e9 apreendido ap\u00f3s ser flagrado com tesoura no Centro de S\u00e3o Jos\u00e9 do Egito - Afogados FM","robots":{"index":"index","follow":"follow","max-snippet":"max-snippet:-1","max-image-preview":"max-image-preview:large","max-video-preview":"max-video-preview:-1"},"canonical":"https:\/\/afogadosfm.com.br\/afogadosfm\/2026\/04\/26\/homem-e-apreendido-apos-ser-flagrado-com-tesoura-no-centro-de-sao-jose-do-egito\/","og_locale":"pt_BR","og_type":"article","og_title":"Homem \u00e9 apreendido ap\u00f3s ser flagrado com tesoura no Centro de S\u00e3o Jos\u00e9 do Egito - Afogados FM","og_description":"No s\u00e1bado (25), uma a\u00e7\u00e3o do efetivo do 23\u00ba BPM resultou na condu\u00e7\u00e3o de um indiv\u00edduo \u00e0 Delegacia de Pol\u00edcia","og_url":"https:\/\/afogadosfm.com.br\/afogadosfm\/2026\/04\/26\/homem-e-apreendido-apos-ser-flagrado-com-tesoura-no-centro-de-sao-jose-do-egito\/","og_site_name":"Afogados FM","article_published_time":"2026-04-26T09:31:56+00:00","article_modified_time":"2026-04-27T09:32:48+00:00","og_image":[{"width":284,"height":177,"url":"https:\/\/afogadosfm.com.br\/afogadosfm\/wp-content\/uploads\/2022\/03\/policiaplan.jpg","type":"image\/jpeg"}],"author":"afogadosfm","twitter_card":"summary_large_image","twitter_misc":{"Escrito por":"afogadosfm","Est. tempo de leitura":"1 minuto"},"schema":{"@context":"https:\/\/schema.org","@graph":[{"@type":"Article","@id":"https:\/\/afogadosfm.com.br\/afogadosfm\/2026\/04\/26\/homem-e-apreendido-apos-ser-flagrado-com-tesoura-no-centro-de-sao-jose-do-egito\/#article","isPartOf":{"@id":"https:\/\/afogadosfm.com.br\/afogadosfm\/2026\/04\/26\/homem-e-apreendido-apos-ser-flagrado-com-tesoura-no-centro-de-sao-jose-do-egito\/"},"author":{"name":"afogadosfm","@id":"https:\/\/afogadosfm.com.br\/afogadosfm\/#\/schema\/person\/60e56f2cf5dc960fc093fe093d9e9057"},"headline":"Homem \u00e9 apreendido ap\u00f3s ser flagrado com tesoura no Centro de S\u00e3o Jos\u00e9 do Egito","datePublished":"2026-04-26T09:31:56+00:00","dateModified":"2026-04-27T09:32:48+00:00","mainEntityOfPage":{"@id":"https:\/\/afogadosfm.com.br\/afogadosfm\/2026\/04\/26\/homem-e-apreendido-apos-ser-flagrado-com-tesoura-no-centro-de-sao-jose-do-egito\/"},"wordCount":132,"commentCount":0,"publisher":{"@id":"https:\/\/afogadosfm.com.br\/afogadosfm\/#organization"},"image":{"@id":"https:\/\/afogadosfm.com.br\/afogadosfm\/2026\/04\/26\/homem-e-apreendido-apos-ser-flagrado-com-tesoura-no-centro-de-sao-jose-do-egito\/#primaryimage"},"thumbnailUrl":"https:\/\/i0.wp.com\/afogadosfm.com.br\/afogadosfm\/wp-content\/uploads\/2022\/03\/policiaplan.jpg?fit=284%2C177&ssl=1","articleSection":["Pol\u00edcia"],"inLanguage":"pt-BR","potentialAction":[{"@type":"CommentAction","name":"Comment","target":["https:\/\/afogadosfm.com.br\/afogadosfm\/2026\/04\/26\/homem-e-apreendido-apos-ser-flagrado-com-tesoura-no-centro-de-sao-jose-do-egito\/#respond"]}]},{"@type":"WebPage","@id":"https:\/\/afogadosfm.com.br\/afogadosfm\/2026\/04\/26\/homem-e-apreendido-apos-ser-flagrado-com-tesoura-no-centro-de-sao-jose-do-egito\/","url":"https:\/\/afogadosfm.com.br\/afogadosfm\/2026\/04\/26\/homem-e-apreendido-apos-ser-flagrado-com-tesoura-no-centro-de-sao-jose-do-egito\/","name":"Homem \u00e9 apreendido ap\u00f3s ser flagrado com tesoura no Centro de S\u00e3o Jos\u00e9 do Egito - Afogados FM","isPartOf":{"@id":"https:\/\/afogadosfm.com.br\/afogadosfm\/#website"},"primaryImageOfPage":{"@id":"https:\/\/afogadosfm.com.br\/afogadosfm\/2026\/04\/26\/homem-e-apreendido-apos-ser-flagrado-com-tesoura-no-centro-de-sao-jose-do-egito\/#primaryimage"},"image":{"@id":"https:\/\/afogadosfm.com.br\/afogadosfm\/2026\/04\/26\/homem-e-apreendido-apos-ser-flagrado-com-tesoura-no-centro-de-sao-jose-do-egito\/#primaryimage"},"thumbnailUrl":"https:\/\/i0.wp.com\/afogadosfm.com.br\/afogadosfm\/wp-content\/uploads\/2022\/03\/policiaplan.jpg?fit=284%2C177&ssl=1","datePublished":"2026-04-26T09:31:56+00:00","dateModified":"2026-04-27T09:32:48+00:00","breadcrumb":{"@id":"https:\/\/afogadosfm.com.br\/afogadosfm\/2026\/04\/26\/homem-e-apreendido-apos-ser-flagrado-com-tesoura-no-centro-de-sao-jose-do-egito\/#breadcrumb"},"inLanguage":"pt-BR","potentialAction":[{"@type":"ReadAction","target":["https:\/\/afogadosfm.com.br\/afogadosfm\/2026\/04\/26\/homem-e-apreendido-apos-ser-flagrado-com-tesoura-no-centro-de-sao-jose-do-egito\/"]}]},{"@type":"ImageObject","inLanguage":"pt-BR","@id":"https:\/\/afogadosfm.com.br\/afogadosfm\/2026\/04\/26\/homem-e-apreendido-apos-ser-flagrado-com-tesoura-no-centro-de-sao-jose-do-egito\/#primaryimage","url":"https:\/\/i0.wp.com\/afogadosfm.com.br\/afogadosfm\/wp-content\/uploads\/2022\/03\/policiaplan.jpg?fit=284%2C177&ssl=1","contentUrl":"https:\/\/i0.wp.com\/afogadosfm.com.br\/afogadosfm\/wp-content\/uploads\/2022\/03\/policiaplan.jpg?fit=284%2C177&ssl=1","width":284,"height":177},{"@type":"BreadcrumbList","@id":"https:\/\/afogadosfm.com.br\/afogadosfm\/2026\/04\/26\/homem-e-apreendido-apos-ser-flagrado-com-tesoura-no-centro-de-sao-jose-do-egito\/#breadcrumb","itemListElement":[{"@type":"ListItem","position":1,"name":"In\u00edcio","item":"https:\/\/afogadosfm.com.br\/afogadosfm\/"},{"@type":"ListItem","position":2,"name":"Homem \u00e9 apreendido ap\u00f3s ser flagrado com tesoura no Centro de S\u00e3o Jos\u00e9 do Egito"}]},{"@type":"WebSite","@id":"https:\/\/afogadosfm.com.br\/afogadosfm\/#website","url":"https:\/\/afogadosfm.com.br\/afogadosfm\/","name":"Afogados FM","description":"Um site completo!","publisher":{"@id":"https:\/\/afogadosfm.com.br\/afogadosfm\/#organization"},"potentialAction":[{"@type":"SearchAction","target":{"@type":"EntryPoint","urlTemplate":"https:\/\/afogadosfm.com.br\/afogadosfm\/?s={search_term_string}"},"query-input":{"@type":"PropertyValueSpecification","valueRequired":true,"valueName":"search_term_string"}}],"inLanguage":"pt-BR"},{"@type":"Organization","@id":"https:\/\/afogadosfm.com.br\/afogadosfm\/#organization","name":"Afogados FM","url":"https:\/\/afogadosfm.com.br\/afogadosfm\/","logo":{"@type":"ImageObject","inLanguage":"pt-BR","@id":"https:\/\/afogadosfm.com.br\/afogadosfm\/#\/schema\/logo\/image\/","url":"https:\/\/i0.wp.com\/afogadosfm.com.br\/afogadosfm\/wp-content\/uploads\/2020\/06\/cropped-banner-afogados-4.jpg?fit=369%2C137&ssl=1","contentUrl":"https:\/\/i0.wp.com\/afogadosfm.com.br\/afogadosfm\/wp-content\/uploads\/2020\/06\/cropped-banner-afogados-4.jpg?fit=369%2C137&ssl=1","width":369,"height":137,"caption":"Afogados FM"},"image":{"@id":"https:\/\/afogadosfm.com.br\/afogadosfm\/#\/schema\/logo\/image\/"}},{"@type":"Person","@id":"https:\/\/afogadosfm.com.br\/afogadosfm\/#\/schema\/person\/60e56f2cf5dc960fc093fe093d9e9057","name":"afogadosfm","image":{"@type":"ImageObject","inLanguage":"pt-BR","@id":"https:\/\/secure.gravatar.com\/avatar\/e0359add7ed5dc3560906d861b52c6a8cf5c1e199d3a7dd85070998f49bd4701?s=96&d=mm&r=g","url":"https:\/\/secure.gravatar.com\/avatar\/e0359add7ed5dc3560906d861b52c6a8cf5c1e199d3a7dd85070998f49bd4701?s=96&d=mm&r=g","contentUrl":"https:\/\/secure.gravatar.com\/avatar\/e0359add7ed5dc3560906d861b52c6a8cf5c1e199d3a7dd85070998f49bd4701?s=96&d=mm&r=g","caption":"afogadosfm"},"url":"https:\/\/afogadosfm.com.br\/afogadosfm\/author\/afogadosfm\/"}]}},"jetpack_publicize_connections":[],"jetpack_featured_media_url":"https:\/\/i0.wp.com\/afogadosfm.com.br\/afogadosfm\/wp-content\/uploads\/2022\/03\/policiaplan.jpg?fit=284%2C177&ssl=1","jetpack-related-posts":[],"jetpack_sharing_enabled":true,"jetpack_likes_enabled":true,"_links":{"self":[{"href":"https:\/\/afogadosfm.com.br\/afogadosfm\/wp-json\/wp\/v2\/posts\/73966","targetHints":{"allow":["GET"]}}],"collection":[{"href":"https:\/\/afogadosfm.com.br\/afogadosfm\/wp-json\/wp\/v2\/posts"}],"about":[{"href":"https:\/\/afogadosfm.com.br\/afogadosfm\/wp-json\/wp\/v2\/types\/post"}],"author":[{"embeddable":true,"href":"https:\/\/afogadosfm.com.br\/afogadosfm\/wp-json\/wp\/v2\/users\/2"}],"replies":[{"embeddable":true,"href":"https:\/\/afogadosfm.com.br\/afogadosfm\/wp-json\/wp\/v2\/comments?post=73966"}],"version-history":[{"count":1,"href":"https:\/\/afogadosfm.com.br\/afogadosfm\/wp-json\/wp\/v2\/posts\/73966\/revisions"}],"predecessor-version":[{"id":73967,"href":"https:\/\/afogadosfm.com.br\/afogadosfm\/wp-json\/wp\/v2\/posts\/73966\/revisions\/73967"}],"wp:featuredmedia":[{"embeddable":true,"href":"https:\/\/afogadosfm.com.br\/afogadosfm\/wp-json\/wp\/v2\/media\/35855"}],"wp:attachment":[{"href":"https:\/\/afogadosfm.com.br\/afogadosfm\/wp-json\/wp\/v2\/media?parent=73966"}],"wp:term":[{"taxonomy":"category","embeddable":true,"href":"https:\/\/afogadosfm.com.br\/afogadosfm\/wp-json\/wp\/v2\/categories?post=73966"},{"taxonomy":"post_tag","embeddable":true,"href":"https:\/\/afogadosfm.com.br\/afogadosfm\/wp-json\/wp\/v2\/tags?post=73966"}],"curies":[{"name":"wp","href":"https:\/\/api.w.org\/{rel}","templated":true}]}}