{"id":73974,"date":"2026-04-27T07:05:26","date_gmt":"2026-04-27T10:05:26","guid":{"rendered":"https:\/\/afogadosfm.com.br\/afogadosfm\/?p=73974"},"modified":"2026-04-27T07:05:26","modified_gmt":"2026-04-27T10:05:26","slug":"homem-morto-a-tiros-em-sao-jose-do-belmonte","status":"publish","type":"post","link":"https:\/\/afogadosfm.com.br\/afogadosfm\/2026\/04\/27\/homem-morto-a-tiros-em-sao-jose-do-belmonte\/","title":{"rendered":"Homem morto a tiros em S\u00e3o Jos\u00e9 do Belmonte"},"content":{"rendered":"<p>Um homem foi m0rto a tiros na madrugada deste domingo (26) no distrito do Carmo, em S\u00e3o Jos\u00e9 do Belmonte.<\/p>\n<p>A ocorr\u00eancia foi registrada por volta das 3h, quando equipes da Pol\u00edcia Militar foram acionadas pelo Corpo de Bombeiros para prestar apoio em uma situa\u00e7\u00e3o inicialmente tratada como tentativa de homic\u00eddio, em um estabelecimento do tipo espetinho.<\/p>\n<p>Ao chegarem ao local, os policiais encontraram a v\u00edtima, identificada como Jos\u00e9 Eudes Gomes de Oliveira(Natural de nova Olinda &#8211; Cear\u00e1), ca\u00edda e ainda com sinais vitais. Ele foi socorrido e encaminhado ao hospital local, mas n\u00e3o resistiu \u00e0 gravidade dos ferimentos e morreu ap\u00f3s dar entrada na unidade de sa\u00fade.<\/p>\n<p>De acordo com relatos de testemunha, momentos antes do crime houve uma discuss\u00e3o entre a v\u00edtima e outro homem no local. Durante o desentendimento, o suspeito teria afirmado que n\u00e3o gostava de ver homem agredindo mulher e deixou o ambiente, dizendo que a situa\u00e7\u00e3o seria resolvida.<\/p>\n<p>Pouco tempo depois, foram ouvidos disparos de arma de fogo. A v\u00edtima foi encontrada ca\u00edda no local. Informa\u00e7\u00f5es repassadas pela equipe m\u00e9dica apontam que Jos\u00e9 Eudes foi atingido por dois disparos, sendo um na regi\u00e3o do olho esquerdo e outro no ombro esquerdo, com orif\u00edcio de entrada e sa\u00edda.<\/p>\n<p>Testemunhas tamb\u00e9m relataram que um ve\u00edculo com quatro ocupantes teria se aproximado do local, momento em que foram efetuados os disparos. No entanto, ningu\u00e9m soube identificar os autores.<\/p>\n<p>O Instituto de Medicina Legal (IML) foi acionado para realizar a remo\u00e7\u00e3o do corpo, e o caso foi encaminhado \u00e0 Delegacia de Pol\u00edcia Civil, que ficar\u00e1 respons\u00e1vel pelas investiga\u00e7\u00f5es.<\/p>\n<p>A Pol\u00edcia Militar informou que j\u00e1 possui informa\u00e7\u00f5es sobre poss\u00edveis envolvidos e segue em dilig\u00eancias para localiz\u00e1-los.<\/p>\n","protected":false},"excerpt":{"rendered":"<p>Um homem foi m0rto a tiros na madrugada deste domingo (26) no distrito do Carmo, em S\u00e3o Jos\u00e9 do Belmonte.<\/p>\n","protected":false},"author":2,"featured_media":273,"comment_status":"open","ping_status":"open","sticky":false,"template":"","format":"standard","meta":{"jetpack_post_was_ever_published":false,"_jetpack_newsletter_access":"","_jetpack_dont_email_post_to_subs":false,"_jetpack_newsletter_tier_id":0,"_jetpack_memberships_contains_paywalled_content":false,"_jetpack_memberships_contains_paid_content":false,"footnotes":"","jetpack_publicize_message":"","jetpack_publicize_feature_enabled":true,"jetpack_social_post_already_shared":true,"jetpack_social_options":{"image_generator_settings":{"template":"highway","default_image_id":0,"font":"","enabled":false},"version":2}},"categories":[32],"tags":[],"class_list":["post-73974","post","type-post","status-publish","format-standard","has-post-thumbnail","hentry","category-sertao"],"yoast_head":"<!-- This site is optimized with the Yoast SEO plugin v27.4 - https:\/\/yoast.com\/product\/yoast-seo-wordpress\/ -->\n<title>Homem morto a tiros em S\u00e3o Jos\u00e9 do Belmonte - Afogados FM<\/title>\n<meta name=\"robots\" content=\"index, follow, max-snippet:-1, max-image-preview:large, max-video-preview:-1\" \/>\n<link rel=\"canonical\" href=\"https:\/\/afogadosfm.com.br\/afogadosfm\/2026\/04\/27\/homem-morto-a-tiros-em-sao-jose-do-belmonte\/\" \/>\n<meta property=\"og:locale\" content=\"pt_BR\" \/>\n<meta property=\"og:type\" content=\"article\" \/>\n<meta property=\"og:title\" content=\"Homem morto a tiros em S\u00e3o Jos\u00e9 do Belmonte - Afogados FM\" \/>\n<meta property=\"og:description\" content=\"Um homem foi m0rto a tiros na madrugada deste domingo (26) no distrito do Carmo, em S\u00e3o Jos\u00e9 do Belmonte.\" \/>\n<meta property=\"og:url\" content=\"https:\/\/afogadosfm.com.br\/afogadosfm\/2026\/04\/27\/homem-morto-a-tiros-em-sao-jose-do-belmonte\/\" \/>\n<meta property=\"og:site_name\" content=\"Afogados FM\" \/>\n<meta property=\"article:published_time\" content=\"2026-04-27T10:05:26+00:00\" \/>\n<meta property=\"og:image\" content=\"https:\/\/afogadosfm.com.br\/afogadosfm\/wp-content\/uploads\/2017\/10\/arma.png\" \/>\n\t<meta property=\"og:image:width\" content=\"300\" \/>\n\t<meta property=\"og:image:height\" content=\"168\" \/>\n\t<meta property=\"og:image:type\" content=\"image\/png\" \/>\n<meta name=\"author\" content=\"afogadosfm\" \/>\n<meta name=\"twitter:card\" content=\"summary_large_image\" \/>\n<meta name=\"twitter:label1\" content=\"Escrito por\" \/>\n\t<meta name=\"twitter:data1\" content=\"afogadosfm\" \/>\n\t<meta name=\"twitter:label2\" content=\"Est. tempo de leitura\" \/>\n\t<meta name=\"twitter:data2\" content=\"2 minutos\" \/>\n<script type=\"application\/ld+json\" class=\"yoast-schema-graph\">{\"@context\":\"https:\\\/\\\/schema.org\",\"@graph\":[{\"@type\":\"Article\",\"@id\":\"https:\\\/\\\/afogadosfm.com.br\\\/afogadosfm\\\/2026\\\/04\\\/27\\\/homem-morto-a-tiros-em-sao-jose-do-belmonte\\\/#article\",\"isPartOf\":{\"@id\":\"https:\\\/\\\/afogadosfm.com.br\\\/afogadosfm\\\/2026\\\/04\\\/27\\\/homem-morto-a-tiros-em-sao-jose-do-belmonte\\\/\"},\"author\":{\"name\":\"afogadosfm\",\"@id\":\"https:\\\/\\\/afogadosfm.com.br\\\/afogadosfm\\\/#\\\/schema\\\/person\\\/60e56f2cf5dc960fc093fe093d9e9057\"},\"headline\":\"Homem morto a tiros em S\u00e3o Jos\u00e9 do Belmonte\",\"datePublished\":\"2026-04-27T10:05:26+00:00\",\"mainEntityOfPage\":{\"@id\":\"https:\\\/\\\/afogadosfm.com.br\\\/afogadosfm\\\/2026\\\/04\\\/27\\\/homem-morto-a-tiros-em-sao-jose-do-belmonte\\\/\"},\"wordCount\":319,\"commentCount\":0,\"publisher\":{\"@id\":\"https:\\\/\\\/afogadosfm.com.br\\\/afogadosfm\\\/#organization\"},\"image\":{\"@id\":\"https:\\\/\\\/afogadosfm.com.br\\\/afogadosfm\\\/2026\\\/04\\\/27\\\/homem-morto-a-tiros-em-sao-jose-do-belmonte\\\/#primaryimage\"},\"thumbnailUrl\":\"https:\\\/\\\/i0.wp.com\\\/afogadosfm.com.br\\\/afogadosfm\\\/wp-content\\\/uploads\\\/2017\\\/10\\\/arma.png?fit=300%2C168&ssl=1\",\"articleSection\":[\"Sert\u00e3o\"],\"inLanguage\":\"pt-BR\",\"potentialAction\":[{\"@type\":\"CommentAction\",\"name\":\"Comment\",\"target\":[\"https:\\\/\\\/afogadosfm.com.br\\\/afogadosfm\\\/2026\\\/04\\\/27\\\/homem-morto-a-tiros-em-sao-jose-do-belmonte\\\/#respond\"]}]},{\"@type\":\"WebPage\",\"@id\":\"https:\\\/\\\/afogadosfm.com.br\\\/afogadosfm\\\/2026\\\/04\\\/27\\\/homem-morto-a-tiros-em-sao-jose-do-belmonte\\\/\",\"url\":\"https:\\\/\\\/afogadosfm.com.br\\\/afogadosfm\\\/2026\\\/04\\\/27\\\/homem-morto-a-tiros-em-sao-jose-do-belmonte\\\/\",\"name\":\"Homem morto a tiros em S\u00e3o Jos\u00e9 do Belmonte - Afogados FM\",\"isPartOf\":{\"@id\":\"https:\\\/\\\/afogadosfm.com.br\\\/afogadosfm\\\/#website\"},\"primaryImageOfPage\":{\"@id\":\"https:\\\/\\\/afogadosfm.com.br\\\/afogadosfm\\\/2026\\\/04\\\/27\\\/homem-morto-a-tiros-em-sao-jose-do-belmonte\\\/#primaryimage\"},\"image\":{\"@id\":\"https:\\\/\\\/afogadosfm.com.br\\\/afogadosfm\\\/2026\\\/04\\\/27\\\/homem-morto-a-tiros-em-sao-jose-do-belmonte\\\/#primaryimage\"},\"thumbnailUrl\":\"https:\\\/\\\/i0.wp.com\\\/afogadosfm.com.br\\\/afogadosfm\\\/wp-content\\\/uploads\\\/2017\\\/10\\\/arma.png?fit=300%2C168&ssl=1\",\"datePublished\":\"2026-04-27T10:05:26+00:00\",\"breadcrumb\":{\"@id\":\"https:\\\/\\\/afogadosfm.com.br\\\/afogadosfm\\\/2026\\\/04\\\/27\\\/homem-morto-a-tiros-em-sao-jose-do-belmonte\\\/#breadcrumb\"},\"inLanguage\":\"pt-BR\",\"potentialAction\":[{\"@type\":\"ReadAction\",\"target\":[\"https:\\\/\\\/afogadosfm.com.br\\\/afogadosfm\\\/2026\\\/04\\\/27\\\/homem-morto-a-tiros-em-sao-jose-do-belmonte\\\/\"]}]},{\"@type\":\"ImageObject\",\"inLanguage\":\"pt-BR\",\"@id\":\"https:\\\/\\\/afogadosfm.com.br\\\/afogadosfm\\\/2026\\\/04\\\/27\\\/homem-morto-a-tiros-em-sao-jose-do-belmonte\\\/#primaryimage\",\"url\":\"https:\\\/\\\/i0.wp.com\\\/afogadosfm.com.br\\\/afogadosfm\\\/wp-content\\\/uploads\\\/2017\\\/10\\\/arma.png?fit=300%2C168&ssl=1\",\"contentUrl\":\"https:\\\/\\\/i0.wp.com\\\/afogadosfm.com.br\\\/afogadosfm\\\/wp-content\\\/uploads\\\/2017\\\/10\\\/arma.png?fit=300%2C168&ssl=1\",\"width\":300,\"height\":168},{\"@type\":\"BreadcrumbList\",\"@id\":\"https:\\\/\\\/afogadosfm.com.br\\\/afogadosfm\\\/2026\\\/04\\\/27\\\/homem-morto-a-tiros-em-sao-jose-do-belmonte\\\/#breadcrumb\",\"itemListElement\":[{\"@type\":\"ListItem\",\"position\":1,\"name\":\"In\u00edcio\",\"item\":\"https:\\\/\\\/afogadosfm.com.br\\\/afogadosfm\\\/\"},{\"@type\":\"ListItem\",\"position\":2,\"name\":\"Homem morto a tiros em S\u00e3o Jos\u00e9 do Belmonte\"}]},{\"@type\":\"WebSite\",\"@id\":\"https:\\\/\\\/afogadosfm.com.br\\\/afogadosfm\\\/#website\",\"url\":\"https:\\\/\\\/afogadosfm.com.br\\\/afogadosfm\\\/\",\"name\":\"Afogados FM\",\"description\":\"Um site completo!\",\"publisher\":{\"@id\":\"https:\\\/\\\/afogadosfm.com.br\\\/afogadosfm\\\/#organization\"},\"potentialAction\":[{\"@type\":\"SearchAction\",\"target\":{\"@type\":\"EntryPoint\",\"urlTemplate\":\"https:\\\/\\\/afogadosfm.com.br\\\/afogadosfm\\\/?s={search_term_string}\"},\"query-input\":{\"@type\":\"PropertyValueSpecification\",\"valueRequired\":true,\"valueName\":\"search_term_string\"}}],\"inLanguage\":\"pt-BR\"},{\"@type\":\"Organization\",\"@id\":\"https:\\\/\\\/afogadosfm.com.br\\\/afogadosfm\\\/#organization\",\"name\":\"Afogados FM\",\"url\":\"https:\\\/\\\/afogadosfm.com.br\\\/afogadosfm\\\/\",\"logo\":{\"@type\":\"ImageObject\",\"inLanguage\":\"pt-BR\",\"@id\":\"https:\\\/\\\/afogadosfm.com.br\\\/afogadosfm\\\/#\\\/schema\\\/logo\\\/image\\\/\",\"url\":\"https:\\\/\\\/i0.wp.com\\\/afogadosfm.com.br\\\/afogadosfm\\\/wp-content\\\/uploads\\\/2020\\\/06\\\/cropped-banner-afogados-4.jpg?fit=369%2C137&ssl=1\",\"contentUrl\":\"https:\\\/\\\/i0.wp.com\\\/afogadosfm.com.br\\\/afogadosfm\\\/wp-content\\\/uploads\\\/2020\\\/06\\\/cropped-banner-afogados-4.jpg?fit=369%2C137&ssl=1\",\"width\":369,\"height\":137,\"caption\":\"Afogados FM\"},\"image\":{\"@id\":\"https:\\\/\\\/afogadosfm.com.br\\\/afogadosfm\\\/#\\\/schema\\\/logo\\\/image\\\/\"}},{\"@type\":\"Person\",\"@id\":\"https:\\\/\\\/afogadosfm.com.br\\\/afogadosfm\\\/#\\\/schema\\\/person\\\/60e56f2cf5dc960fc093fe093d9e9057\",\"name\":\"afogadosfm\",\"image\":{\"@type\":\"ImageObject\",\"inLanguage\":\"pt-BR\",\"@id\":\"https:\\\/\\\/secure.gravatar.com\\\/avatar\\\/e0359add7ed5dc3560906d861b52c6a8cf5c1e199d3a7dd85070998f49bd4701?s=96&d=mm&r=g\",\"url\":\"https:\\\/\\\/secure.gravatar.com\\\/avatar\\\/e0359add7ed5dc3560906d861b52c6a8cf5c1e199d3a7dd85070998f49bd4701?s=96&d=mm&r=g\",\"contentUrl\":\"https:\\\/\\\/secure.gravatar.com\\\/avatar\\\/e0359add7ed5dc3560906d861b52c6a8cf5c1e199d3a7dd85070998f49bd4701?s=96&d=mm&r=g\",\"caption\":\"afogadosfm\"},\"url\":\"https:\\\/\\\/afogadosfm.com.br\\\/afogadosfm\\\/author\\\/afogadosfm\\\/\"}]}<\/script>\n<!-- \/ Yoast SEO plugin. -->","yoast_head_json":{"title":"Homem morto a tiros em S\u00e3o Jos\u00e9 do Belmonte - Afogados FM","robots":{"index":"index","follow":"follow","max-snippet":"max-snippet:-1","max-image-preview":"max-image-preview:large","max-video-preview":"max-video-preview:-1"},"canonical":"https:\/\/afogadosfm.com.br\/afogadosfm\/2026\/04\/27\/homem-morto-a-tiros-em-sao-jose-do-belmonte\/","og_locale":"pt_BR","og_type":"article","og_title":"Homem morto a tiros em S\u00e3o Jos\u00e9 do Belmonte - Afogados FM","og_description":"Um homem foi m0rto a tiros na madrugada deste domingo (26) no distrito do Carmo, em S\u00e3o Jos\u00e9 do Belmonte.","og_url":"https:\/\/afogadosfm.com.br\/afogadosfm\/2026\/04\/27\/homem-morto-a-tiros-em-sao-jose-do-belmonte\/","og_site_name":"Afogados FM","article_published_time":"2026-04-27T10:05:26+00:00","og_image":[{"width":300,"height":168,"url":"https:\/\/afogadosfm.com.br\/afogadosfm\/wp-content\/uploads\/2017\/10\/arma.png","type":"image\/png"}],"author":"afogadosfm","twitter_card":"summary_large_image","twitter_misc":{"Escrito por":"afogadosfm","Est. tempo de leitura":"2 minutos"},"schema":{"@context":"https:\/\/schema.org","@graph":[{"@type":"Article","@id":"https:\/\/afogadosfm.com.br\/afogadosfm\/2026\/04\/27\/homem-morto-a-tiros-em-sao-jose-do-belmonte\/#article","isPartOf":{"@id":"https:\/\/afogadosfm.com.br\/afogadosfm\/2026\/04\/27\/homem-morto-a-tiros-em-sao-jose-do-belmonte\/"},"author":{"name":"afogadosfm","@id":"https:\/\/afogadosfm.com.br\/afogadosfm\/#\/schema\/person\/60e56f2cf5dc960fc093fe093d9e9057"},"headline":"Homem morto a tiros em S\u00e3o Jos\u00e9 do Belmonte","datePublished":"2026-04-27T10:05:26+00:00","mainEntityOfPage":{"@id":"https:\/\/afogadosfm.com.br\/afogadosfm\/2026\/04\/27\/homem-morto-a-tiros-em-sao-jose-do-belmonte\/"},"wordCount":319,"commentCount":0,"publisher":{"@id":"https:\/\/afogadosfm.com.br\/afogadosfm\/#organization"},"image":{"@id":"https:\/\/afogadosfm.com.br\/afogadosfm\/2026\/04\/27\/homem-morto-a-tiros-em-sao-jose-do-belmonte\/#primaryimage"},"thumbnailUrl":"https:\/\/i0.wp.com\/afogadosfm.com.br\/afogadosfm\/wp-content\/uploads\/2017\/10\/arma.png?fit=300%2C168&ssl=1","articleSection":["Sert\u00e3o"],"inLanguage":"pt-BR","potentialAction":[{"@type":"CommentAction","name":"Comment","target":["https:\/\/afogadosfm.com.br\/afogadosfm\/2026\/04\/27\/homem-morto-a-tiros-em-sao-jose-do-belmonte\/#respond"]}]},{"@type":"WebPage","@id":"https:\/\/afogadosfm.com.br\/afogadosfm\/2026\/04\/27\/homem-morto-a-tiros-em-sao-jose-do-belmonte\/","url":"https:\/\/afogadosfm.com.br\/afogadosfm\/2026\/04\/27\/homem-morto-a-tiros-em-sao-jose-do-belmonte\/","name":"Homem morto a tiros em S\u00e3o Jos\u00e9 do Belmonte - Afogados FM","isPartOf":{"@id":"https:\/\/afogadosfm.com.br\/afogadosfm\/#website"},"primaryImageOfPage":{"@id":"https:\/\/afogadosfm.com.br\/afogadosfm\/2026\/04\/27\/homem-morto-a-tiros-em-sao-jose-do-belmonte\/#primaryimage"},"image":{"@id":"https:\/\/afogadosfm.com.br\/afogadosfm\/2026\/04\/27\/homem-morto-a-tiros-em-sao-jose-do-belmonte\/#primaryimage"},"thumbnailUrl":"https:\/\/i0.wp.com\/afogadosfm.com.br\/afogadosfm\/wp-content\/uploads\/2017\/10\/arma.png?fit=300%2C168&ssl=1","datePublished":"2026-04-27T10:05:26+00:00","breadcrumb":{"@id":"https:\/\/afogadosfm.com.br\/afogadosfm\/2026\/04\/27\/homem-morto-a-tiros-em-sao-jose-do-belmonte\/#breadcrumb"},"inLanguage":"pt-BR","potentialAction":[{"@type":"ReadAction","target":["https:\/\/afogadosfm.com.br\/afogadosfm\/2026\/04\/27\/homem-morto-a-tiros-em-sao-jose-do-belmonte\/"]}]},{"@type":"ImageObject","inLanguage":"pt-BR","@id":"https:\/\/afogadosfm.com.br\/afogadosfm\/2026\/04\/27\/homem-morto-a-tiros-em-sao-jose-do-belmonte\/#primaryimage","url":"https:\/\/i0.wp.com\/afogadosfm.com.br\/afogadosfm\/wp-content\/uploads\/2017\/10\/arma.png?fit=300%2C168&ssl=1","contentUrl":"https:\/\/i0.wp.com\/afogadosfm.com.br\/afogadosfm\/wp-content\/uploads\/2017\/10\/arma.png?fit=300%2C168&ssl=1","width":300,"height":168},{"@type":"BreadcrumbList","@id":"https:\/\/afogadosfm.com.br\/afogadosfm\/2026\/04\/27\/homem-morto-a-tiros-em-sao-jose-do-belmonte\/#breadcrumb","itemListElement":[{"@type":"ListItem","position":1,"name":"In\u00edcio","item":"https:\/\/afogadosfm.com.br\/afogadosfm\/"},{"@type":"ListItem","position":2,"name":"Homem morto a tiros em S\u00e3o Jos\u00e9 do Belmonte"}]},{"@type":"WebSite","@id":"https:\/\/afogadosfm.com.br\/afogadosfm\/#website","url":"https:\/\/afogadosfm.com.br\/afogadosfm\/","name":"Afogados FM","description":"Um site completo!","publisher":{"@id":"https:\/\/afogadosfm.com.br\/afogadosfm\/#organization"},"potentialAction":[{"@type":"SearchAction","target":{"@type":"EntryPoint","urlTemplate":"https:\/\/afogadosfm.com.br\/afogadosfm\/?s={search_term_string}"},"query-input":{"@type":"PropertyValueSpecification","valueRequired":true,"valueName":"search_term_string"}}],"inLanguage":"pt-BR"},{"@type":"Organization","@id":"https:\/\/afogadosfm.com.br\/afogadosfm\/#organization","name":"Afogados FM","url":"https:\/\/afogadosfm.com.br\/afogadosfm\/","logo":{"@type":"ImageObject","inLanguage":"pt-BR","@id":"https:\/\/afogadosfm.com.br\/afogadosfm\/#\/schema\/logo\/image\/","url":"https:\/\/i0.wp.com\/afogadosfm.com.br\/afogadosfm\/wp-content\/uploads\/2020\/06\/cropped-banner-afogados-4.jpg?fit=369%2C137&ssl=1","contentUrl":"https:\/\/i0.wp.com\/afogadosfm.com.br\/afogadosfm\/wp-content\/uploads\/2020\/06\/cropped-banner-afogados-4.jpg?fit=369%2C137&ssl=1","width":369,"height":137,"caption":"Afogados FM"},"image":{"@id":"https:\/\/afogadosfm.com.br\/afogadosfm\/#\/schema\/logo\/image\/"}},{"@type":"Person","@id":"https:\/\/afogadosfm.com.br\/afogadosfm\/#\/schema\/person\/60e56f2cf5dc960fc093fe093d9e9057","name":"afogadosfm","image":{"@type":"ImageObject","inLanguage":"pt-BR","@id":"https:\/\/secure.gravatar.com\/avatar\/e0359add7ed5dc3560906d861b52c6a8cf5c1e199d3a7dd85070998f49bd4701?s=96&d=mm&r=g","url":"https:\/\/secure.gravatar.com\/avatar\/e0359add7ed5dc3560906d861b52c6a8cf5c1e199d3a7dd85070998f49bd4701?s=96&d=mm&r=g","contentUrl":"https:\/\/secure.gravatar.com\/avatar\/e0359add7ed5dc3560906d861b52c6a8cf5c1e199d3a7dd85070998f49bd4701?s=96&d=mm&r=g","caption":"afogadosfm"},"url":"https:\/\/afogadosfm.com.br\/afogadosfm\/author\/afogadosfm\/"}]}},"jetpack_publicize_connections":[],"jetpack_featured_media_url":"https:\/\/i0.wp.com\/afogadosfm.com.br\/afogadosfm\/wp-content\/uploads\/2017\/10\/arma.png?fit=300%2C168&ssl=1","jetpack-related-posts":[],"jetpack_sharing_enabled":true,"jetpack_likes_enabled":true,"_links":{"self":[{"href":"https:\/\/afogadosfm.com.br\/afogadosfm\/wp-json\/wp\/v2\/posts\/73974","targetHints":{"allow":["GET"]}}],"collection":[{"href":"https:\/\/afogadosfm.com.br\/afogadosfm\/wp-json\/wp\/v2\/posts"}],"about":[{"href":"https:\/\/afogadosfm.com.br\/afogadosfm\/wp-json\/wp\/v2\/types\/post"}],"author":[{"embeddable":true,"href":"https:\/\/afogadosfm.com.br\/afogadosfm\/wp-json\/wp\/v2\/users\/2"}],"replies":[{"embeddable":true,"href":"https:\/\/afogadosfm.com.br\/afogadosfm\/wp-json\/wp\/v2\/comments?post=73974"}],"version-history":[{"count":1,"href":"https:\/\/afogadosfm.com.br\/afogadosfm\/wp-json\/wp\/v2\/posts\/73974\/revisions"}],"predecessor-version":[{"id":73975,"href":"https:\/\/afogadosfm.com.br\/afogadosfm\/wp-json\/wp\/v2\/posts\/73974\/revisions\/73975"}],"wp:featuredmedia":[{"embeddable":true,"href":"https:\/\/afogadosfm.com.br\/afogadosfm\/wp-json\/wp\/v2\/media\/273"}],"wp:attachment":[{"href":"https:\/\/afogadosfm.com.br\/afogadosfm\/wp-json\/wp\/v2\/media?parent=73974"}],"wp:term":[{"taxonomy":"category","embeddable":true,"href":"https:\/\/afogadosfm.com.br\/afogadosfm\/wp-json\/wp\/v2\/categories?post=73974"},{"taxonomy":"post_tag","embeddable":true,"href":"https:\/\/afogadosfm.com.br\/afogadosfm\/wp-json\/wp\/v2\/tags?post=73974"}],"curies":[{"name":"wp","href":"https:\/\/api.w.org\/{rel}","templated":true}]}}