{"id":73976,"date":"2026-04-27T09:51:26","date_gmt":"2026-04-27T12:51:26","guid":{"rendered":"https:\/\/afogadosfm.com.br\/afogadosfm\/?p=73976"},"modified":"2026-04-27T09:51:26","modified_gmt":"2026-04-27T12:51:26","slug":"cidade-com-menos-de-2-mil-habitantes-na-pb-ira-fazer-festa-que-deve-custar-quase-20-do-fpm-anual","status":"publish","type":"post","link":"https:\/\/afogadosfm.com.br\/afogadosfm\/2026\/04\/27\/cidade-com-menos-de-2-mil-habitantes-na-pb-ira-fazer-festa-que-deve-custar-quase-20-do-fpm-anual\/","title":{"rendered":"Cidade com menos de 2 mil habitantes na PB  ir\u00e1 fazer festa que deve custar quase 20% do FPM anual"},"content":{"rendered":"<p>A pequena Coxixola, encravada no cariri paraibano, \u00e9 um dos menores munic\u00edpios do Brasil, com 1.824 habitantes, mas dia 29 de abril vai receber pelo menos umas 10 vezes mais pessoas do que tem de moradores.<\/p>\n<p>O prefeito Nelsinho Honorato, do Uni\u00e3o Brasil, anunciou uma mega festa para comemorar os 32 anos de emancipa\u00e7\u00e3o do munic\u00edpio, entre as atra\u00e7\u00f5es, Wesley Safad\u00e3o, Jap\u00e3ozin, Fabiano Guimar\u00e3es e Gilsinho.<\/p>\n<p>A cidade tem car\u00eancias como depend\u00eancia de programas sociais, IDH mediano, \u00edndice elevado de pobreza, rede b\u00e1sica pequena e depend\u00eancia de cidades maiores para m\u00e9dia e alta complexidade na sa\u00fade.<\/p>\n<p>O valor do evento \u00e9 quase 20% do principal recurso que chega ao munic\u00edpio para manter os servi\u00e7os, o FPM anual, girando em torno de R$ 15 milh\u00f5es a R$ 17 milh\u00f5es. S\u00f3 o cach\u00ea de Safad\u00e3o gira em torno de R$ 1,3 milh\u00e3o.<\/p>\n","protected":false},"excerpt":{"rendered":"<p>A pequena Coxixola, encravada no cariri paraibano, \u00e9 um dos menores munic\u00edpios do Brasil, com 1.824 habitantes, mas dia 29<\/p>\n","protected":false},"author":2,"featured_media":73977,"comment_status":"open","ping_status":"open","sticky":false,"template":"","format":"standard","meta":{"jetpack_post_was_ever_published":false,"_jetpack_newsletter_access":"","_jetpack_dont_email_post_to_subs":false,"_jetpack_newsletter_tier_id":0,"_jetpack_memberships_contains_paywalled_content":false,"_jetpack_memberships_contains_paid_content":false,"footnotes":"","jetpack_publicize_message":"","jetpack_publicize_feature_enabled":true,"jetpack_social_post_already_shared":true,"jetpack_social_options":{"image_generator_settings":{"template":"highway","default_image_id":0,"font":"","enabled":false},"version":2}},"categories":[31],"tags":[],"class_list":["post-73976","post","type-post","status-publish","format-standard","has-post-thumbnail","hentry","category-nordeste"],"yoast_head":"<!-- This site is optimized with the Yoast SEO plugin v27.4 - https:\/\/yoast.com\/product\/yoast-seo-wordpress\/ -->\n<title>Cidade com menos de 2 mil habitantes na PB ir\u00e1 fazer festa que deve custar quase 20% do FPM anual - Afogados FM<\/title>\n<meta name=\"robots\" content=\"index, follow, max-snippet:-1, max-image-preview:large, max-video-preview:-1\" \/>\n<link rel=\"canonical\" href=\"https:\/\/afogadosfm.com.br\/afogadosfm\/2026\/04\/27\/cidade-com-menos-de-2-mil-habitantes-na-pb-ira-fazer-festa-que-deve-custar-quase-20-do-fpm-anual\/\" \/>\n<meta property=\"og:locale\" content=\"pt_BR\" \/>\n<meta property=\"og:type\" content=\"article\" \/>\n<meta property=\"og:title\" content=\"Cidade com menos de 2 mil habitantes na PB ir\u00e1 fazer festa que deve custar quase 20% do FPM anual - Afogados FM\" \/>\n<meta property=\"og:description\" content=\"A pequena Coxixola, encravada no cariri paraibano, \u00e9 um dos menores munic\u00edpios do Brasil, com 1.824 habitantes, mas dia 29\" \/>\n<meta property=\"og:url\" content=\"https:\/\/afogadosfm.com.br\/afogadosfm\/2026\/04\/27\/cidade-com-menos-de-2-mil-habitantes-na-pb-ira-fazer-festa-que-deve-custar-quase-20-do-fpm-anual\/\" \/>\n<meta property=\"og:site_name\" content=\"Afogados FM\" \/>\n<meta property=\"article:published_time\" content=\"2026-04-27T12:51:26+00:00\" \/>\n<meta property=\"og:image\" content=\"https:\/\/afogadosfm.com.br\/afogadosfm\/wp-content\/uploads\/2026\/04\/Captura-de-tela-2026-04-26-070205-400x296-1.webp\" \/>\n\t<meta property=\"og:image:width\" content=\"400\" \/>\n\t<meta property=\"og:image:height\" content=\"296\" \/>\n\t<meta property=\"og:image:type\" content=\"image\/webp\" \/>\n<meta name=\"author\" content=\"afogadosfm\" \/>\n<meta name=\"twitter:card\" content=\"summary_large_image\" \/>\n<meta name=\"twitter:label1\" content=\"Escrito por\" \/>\n\t<meta name=\"twitter:data1\" content=\"afogadosfm\" \/>\n\t<meta name=\"twitter:label2\" content=\"Est. tempo de leitura\" \/>\n\t<meta name=\"twitter:data2\" content=\"1 minuto\" \/>\n<script type=\"application\/ld+json\" class=\"yoast-schema-graph\">{\"@context\":\"https:\\\/\\\/schema.org\",\"@graph\":[{\"@type\":\"Article\",\"@id\":\"https:\\\/\\\/afogadosfm.com.br\\\/afogadosfm\\\/2026\\\/04\\\/27\\\/cidade-com-menos-de-2-mil-habitantes-na-pb-ira-fazer-festa-que-deve-custar-quase-20-do-fpm-anual\\\/#article\",\"isPartOf\":{\"@id\":\"https:\\\/\\\/afogadosfm.com.br\\\/afogadosfm\\\/2026\\\/04\\\/27\\\/cidade-com-menos-de-2-mil-habitantes-na-pb-ira-fazer-festa-que-deve-custar-quase-20-do-fpm-anual\\\/\"},\"author\":{\"name\":\"afogadosfm\",\"@id\":\"https:\\\/\\\/afogadosfm.com.br\\\/afogadosfm\\\/#\\\/schema\\\/person\\\/60e56f2cf5dc960fc093fe093d9e9057\"},\"headline\":\"Cidade com menos de 2 mil habitantes na PB ir\u00e1 fazer festa que deve custar quase 20% do FPM anual\",\"datePublished\":\"2026-04-27T12:51:26+00:00\",\"mainEntityOfPage\":{\"@id\":\"https:\\\/\\\/afogadosfm.com.br\\\/afogadosfm\\\/2026\\\/04\\\/27\\\/cidade-com-menos-de-2-mil-habitantes-na-pb-ira-fazer-festa-que-deve-custar-quase-20-do-fpm-anual\\\/\"},\"wordCount\":168,\"commentCount\":0,\"publisher\":{\"@id\":\"https:\\\/\\\/afogadosfm.com.br\\\/afogadosfm\\\/#organization\"},\"image\":{\"@id\":\"https:\\\/\\\/afogadosfm.com.br\\\/afogadosfm\\\/2026\\\/04\\\/27\\\/cidade-com-menos-de-2-mil-habitantes-na-pb-ira-fazer-festa-que-deve-custar-quase-20-do-fpm-anual\\\/#primaryimage\"},\"thumbnailUrl\":\"https:\\\/\\\/i0.wp.com\\\/afogadosfm.com.br\\\/afogadosfm\\\/wp-content\\\/uploads\\\/2026\\\/04\\\/Captura-de-tela-2026-04-26-070205-400x296-1.webp?fit=400%2C296&ssl=1\",\"articleSection\":[\"Nordeste\"],\"inLanguage\":\"pt-BR\",\"potentialAction\":[{\"@type\":\"CommentAction\",\"name\":\"Comment\",\"target\":[\"https:\\\/\\\/afogadosfm.com.br\\\/afogadosfm\\\/2026\\\/04\\\/27\\\/cidade-com-menos-de-2-mil-habitantes-na-pb-ira-fazer-festa-que-deve-custar-quase-20-do-fpm-anual\\\/#respond\"]}]},{\"@type\":\"WebPage\",\"@id\":\"https:\\\/\\\/afogadosfm.com.br\\\/afogadosfm\\\/2026\\\/04\\\/27\\\/cidade-com-menos-de-2-mil-habitantes-na-pb-ira-fazer-festa-que-deve-custar-quase-20-do-fpm-anual\\\/\",\"url\":\"https:\\\/\\\/afogadosfm.com.br\\\/afogadosfm\\\/2026\\\/04\\\/27\\\/cidade-com-menos-de-2-mil-habitantes-na-pb-ira-fazer-festa-que-deve-custar-quase-20-do-fpm-anual\\\/\",\"name\":\"Cidade com menos de 2 mil habitantes na PB ir\u00e1 fazer festa que deve custar quase 20% do FPM anual - Afogados FM\",\"isPartOf\":{\"@id\":\"https:\\\/\\\/afogadosfm.com.br\\\/afogadosfm\\\/#website\"},\"primaryImageOfPage\":{\"@id\":\"https:\\\/\\\/afogadosfm.com.br\\\/afogadosfm\\\/2026\\\/04\\\/27\\\/cidade-com-menos-de-2-mil-habitantes-na-pb-ira-fazer-festa-que-deve-custar-quase-20-do-fpm-anual\\\/#primaryimage\"},\"image\":{\"@id\":\"https:\\\/\\\/afogadosfm.com.br\\\/afogadosfm\\\/2026\\\/04\\\/27\\\/cidade-com-menos-de-2-mil-habitantes-na-pb-ira-fazer-festa-que-deve-custar-quase-20-do-fpm-anual\\\/#primaryimage\"},\"thumbnailUrl\":\"https:\\\/\\\/i0.wp.com\\\/afogadosfm.com.br\\\/afogadosfm\\\/wp-content\\\/uploads\\\/2026\\\/04\\\/Captura-de-tela-2026-04-26-070205-400x296-1.webp?fit=400%2C296&ssl=1\",\"datePublished\":\"2026-04-27T12:51:26+00:00\",\"breadcrumb\":{\"@id\":\"https:\\\/\\\/afogadosfm.com.br\\\/afogadosfm\\\/2026\\\/04\\\/27\\\/cidade-com-menos-de-2-mil-habitantes-na-pb-ira-fazer-festa-que-deve-custar-quase-20-do-fpm-anual\\\/#breadcrumb\"},\"inLanguage\":\"pt-BR\",\"potentialAction\":[{\"@type\":\"ReadAction\",\"target\":[\"https:\\\/\\\/afogadosfm.com.br\\\/afogadosfm\\\/2026\\\/04\\\/27\\\/cidade-com-menos-de-2-mil-habitantes-na-pb-ira-fazer-festa-que-deve-custar-quase-20-do-fpm-anual\\\/\"]}]},{\"@type\":\"ImageObject\",\"inLanguage\":\"pt-BR\",\"@id\":\"https:\\\/\\\/afogadosfm.com.br\\\/afogadosfm\\\/2026\\\/04\\\/27\\\/cidade-com-menos-de-2-mil-habitantes-na-pb-ira-fazer-festa-que-deve-custar-quase-20-do-fpm-anual\\\/#primaryimage\",\"url\":\"https:\\\/\\\/i0.wp.com\\\/afogadosfm.com.br\\\/afogadosfm\\\/wp-content\\\/uploads\\\/2026\\\/04\\\/Captura-de-tela-2026-04-26-070205-400x296-1.webp?fit=400%2C296&ssl=1\",\"contentUrl\":\"https:\\\/\\\/i0.wp.com\\\/afogadosfm.com.br\\\/afogadosfm\\\/wp-content\\\/uploads\\\/2026\\\/04\\\/Captura-de-tela-2026-04-26-070205-400x296-1.webp?fit=400%2C296&ssl=1\",\"width\":400,\"height\":296},{\"@type\":\"BreadcrumbList\",\"@id\":\"https:\\\/\\\/afogadosfm.com.br\\\/afogadosfm\\\/2026\\\/04\\\/27\\\/cidade-com-menos-de-2-mil-habitantes-na-pb-ira-fazer-festa-que-deve-custar-quase-20-do-fpm-anual\\\/#breadcrumb\",\"itemListElement\":[{\"@type\":\"ListItem\",\"position\":1,\"name\":\"In\u00edcio\",\"item\":\"https:\\\/\\\/afogadosfm.com.br\\\/afogadosfm\\\/\"},{\"@type\":\"ListItem\",\"position\":2,\"name\":\"Cidade com menos de 2 mil habitantes na PB ir\u00e1 fazer festa que deve custar quase 20% do FPM anual\"}]},{\"@type\":\"WebSite\",\"@id\":\"https:\\\/\\\/afogadosfm.com.br\\\/afogadosfm\\\/#website\",\"url\":\"https:\\\/\\\/afogadosfm.com.br\\\/afogadosfm\\\/\",\"name\":\"Afogados FM\",\"description\":\"Um site completo!\",\"publisher\":{\"@id\":\"https:\\\/\\\/afogadosfm.com.br\\\/afogadosfm\\\/#organization\"},\"potentialAction\":[{\"@type\":\"SearchAction\",\"target\":{\"@type\":\"EntryPoint\",\"urlTemplate\":\"https:\\\/\\\/afogadosfm.com.br\\\/afogadosfm\\\/?s={search_term_string}\"},\"query-input\":{\"@type\":\"PropertyValueSpecification\",\"valueRequired\":true,\"valueName\":\"search_term_string\"}}],\"inLanguage\":\"pt-BR\"},{\"@type\":\"Organization\",\"@id\":\"https:\\\/\\\/afogadosfm.com.br\\\/afogadosfm\\\/#organization\",\"name\":\"Afogados FM\",\"url\":\"https:\\\/\\\/afogadosfm.com.br\\\/afogadosfm\\\/\",\"logo\":{\"@type\":\"ImageObject\",\"inLanguage\":\"pt-BR\",\"@id\":\"https:\\\/\\\/afogadosfm.com.br\\\/afogadosfm\\\/#\\\/schema\\\/logo\\\/image\\\/\",\"url\":\"https:\\\/\\\/i0.wp.com\\\/afogadosfm.com.br\\\/afogadosfm\\\/wp-content\\\/uploads\\\/2020\\\/06\\\/cropped-banner-afogados-4.jpg?fit=369%2C137&ssl=1\",\"contentUrl\":\"https:\\\/\\\/i0.wp.com\\\/afogadosfm.com.br\\\/afogadosfm\\\/wp-content\\\/uploads\\\/2020\\\/06\\\/cropped-banner-afogados-4.jpg?fit=369%2C137&ssl=1\",\"width\":369,\"height\":137,\"caption\":\"Afogados FM\"},\"image\":{\"@id\":\"https:\\\/\\\/afogadosfm.com.br\\\/afogadosfm\\\/#\\\/schema\\\/logo\\\/image\\\/\"}},{\"@type\":\"Person\",\"@id\":\"https:\\\/\\\/afogadosfm.com.br\\\/afogadosfm\\\/#\\\/schema\\\/person\\\/60e56f2cf5dc960fc093fe093d9e9057\",\"name\":\"afogadosfm\",\"image\":{\"@type\":\"ImageObject\",\"inLanguage\":\"pt-BR\",\"@id\":\"https:\\\/\\\/secure.gravatar.com\\\/avatar\\\/e0359add7ed5dc3560906d861b52c6a8cf5c1e199d3a7dd85070998f49bd4701?s=96&d=mm&r=g\",\"url\":\"https:\\\/\\\/secure.gravatar.com\\\/avatar\\\/e0359add7ed5dc3560906d861b52c6a8cf5c1e199d3a7dd85070998f49bd4701?s=96&d=mm&r=g\",\"contentUrl\":\"https:\\\/\\\/secure.gravatar.com\\\/avatar\\\/e0359add7ed5dc3560906d861b52c6a8cf5c1e199d3a7dd85070998f49bd4701?s=96&d=mm&r=g\",\"caption\":\"afogadosfm\"},\"url\":\"https:\\\/\\\/afogadosfm.com.br\\\/afogadosfm\\\/author\\\/afogadosfm\\\/\"}]}<\/script>\n<!-- \/ Yoast SEO plugin. -->","yoast_head_json":{"title":"Cidade com menos de 2 mil habitantes na PB ir\u00e1 fazer festa que deve custar quase 20% do FPM anual - Afogados FM","robots":{"index":"index","follow":"follow","max-snippet":"max-snippet:-1","max-image-preview":"max-image-preview:large","max-video-preview":"max-video-preview:-1"},"canonical":"https:\/\/afogadosfm.com.br\/afogadosfm\/2026\/04\/27\/cidade-com-menos-de-2-mil-habitantes-na-pb-ira-fazer-festa-que-deve-custar-quase-20-do-fpm-anual\/","og_locale":"pt_BR","og_type":"article","og_title":"Cidade com menos de 2 mil habitantes na PB ir\u00e1 fazer festa que deve custar quase 20% do FPM anual - Afogados FM","og_description":"A pequena Coxixola, encravada no cariri paraibano, \u00e9 um dos menores munic\u00edpios do Brasil, com 1.824 habitantes, mas dia 29","og_url":"https:\/\/afogadosfm.com.br\/afogadosfm\/2026\/04\/27\/cidade-com-menos-de-2-mil-habitantes-na-pb-ira-fazer-festa-que-deve-custar-quase-20-do-fpm-anual\/","og_site_name":"Afogados FM","article_published_time":"2026-04-27T12:51:26+00:00","og_image":[{"width":400,"height":296,"url":"https:\/\/afogadosfm.com.br\/afogadosfm\/wp-content\/uploads\/2026\/04\/Captura-de-tela-2026-04-26-070205-400x296-1.webp","type":"image\/webp"}],"author":"afogadosfm","twitter_card":"summary_large_image","twitter_misc":{"Escrito por":"afogadosfm","Est. tempo de leitura":"1 minuto"},"schema":{"@context":"https:\/\/schema.org","@graph":[{"@type":"Article","@id":"https:\/\/afogadosfm.com.br\/afogadosfm\/2026\/04\/27\/cidade-com-menos-de-2-mil-habitantes-na-pb-ira-fazer-festa-que-deve-custar-quase-20-do-fpm-anual\/#article","isPartOf":{"@id":"https:\/\/afogadosfm.com.br\/afogadosfm\/2026\/04\/27\/cidade-com-menos-de-2-mil-habitantes-na-pb-ira-fazer-festa-que-deve-custar-quase-20-do-fpm-anual\/"},"author":{"name":"afogadosfm","@id":"https:\/\/afogadosfm.com.br\/afogadosfm\/#\/schema\/person\/60e56f2cf5dc960fc093fe093d9e9057"},"headline":"Cidade com menos de 2 mil habitantes na PB ir\u00e1 fazer festa que deve custar quase 20% do FPM anual","datePublished":"2026-04-27T12:51:26+00:00","mainEntityOfPage":{"@id":"https:\/\/afogadosfm.com.br\/afogadosfm\/2026\/04\/27\/cidade-com-menos-de-2-mil-habitantes-na-pb-ira-fazer-festa-que-deve-custar-quase-20-do-fpm-anual\/"},"wordCount":168,"commentCount":0,"publisher":{"@id":"https:\/\/afogadosfm.com.br\/afogadosfm\/#organization"},"image":{"@id":"https:\/\/afogadosfm.com.br\/afogadosfm\/2026\/04\/27\/cidade-com-menos-de-2-mil-habitantes-na-pb-ira-fazer-festa-que-deve-custar-quase-20-do-fpm-anual\/#primaryimage"},"thumbnailUrl":"https:\/\/i0.wp.com\/afogadosfm.com.br\/afogadosfm\/wp-content\/uploads\/2026\/04\/Captura-de-tela-2026-04-26-070205-400x296-1.webp?fit=400%2C296&ssl=1","articleSection":["Nordeste"],"inLanguage":"pt-BR","potentialAction":[{"@type":"CommentAction","name":"Comment","target":["https:\/\/afogadosfm.com.br\/afogadosfm\/2026\/04\/27\/cidade-com-menos-de-2-mil-habitantes-na-pb-ira-fazer-festa-que-deve-custar-quase-20-do-fpm-anual\/#respond"]}]},{"@type":"WebPage","@id":"https:\/\/afogadosfm.com.br\/afogadosfm\/2026\/04\/27\/cidade-com-menos-de-2-mil-habitantes-na-pb-ira-fazer-festa-que-deve-custar-quase-20-do-fpm-anual\/","url":"https:\/\/afogadosfm.com.br\/afogadosfm\/2026\/04\/27\/cidade-com-menos-de-2-mil-habitantes-na-pb-ira-fazer-festa-que-deve-custar-quase-20-do-fpm-anual\/","name":"Cidade com menos de 2 mil habitantes na PB ir\u00e1 fazer festa que deve custar quase 20% do FPM anual - Afogados FM","isPartOf":{"@id":"https:\/\/afogadosfm.com.br\/afogadosfm\/#website"},"primaryImageOfPage":{"@id":"https:\/\/afogadosfm.com.br\/afogadosfm\/2026\/04\/27\/cidade-com-menos-de-2-mil-habitantes-na-pb-ira-fazer-festa-que-deve-custar-quase-20-do-fpm-anual\/#primaryimage"},"image":{"@id":"https:\/\/afogadosfm.com.br\/afogadosfm\/2026\/04\/27\/cidade-com-menos-de-2-mil-habitantes-na-pb-ira-fazer-festa-que-deve-custar-quase-20-do-fpm-anual\/#primaryimage"},"thumbnailUrl":"https:\/\/i0.wp.com\/afogadosfm.com.br\/afogadosfm\/wp-content\/uploads\/2026\/04\/Captura-de-tela-2026-04-26-070205-400x296-1.webp?fit=400%2C296&ssl=1","datePublished":"2026-04-27T12:51:26+00:00","breadcrumb":{"@id":"https:\/\/afogadosfm.com.br\/afogadosfm\/2026\/04\/27\/cidade-com-menos-de-2-mil-habitantes-na-pb-ira-fazer-festa-que-deve-custar-quase-20-do-fpm-anual\/#breadcrumb"},"inLanguage":"pt-BR","potentialAction":[{"@type":"ReadAction","target":["https:\/\/afogadosfm.com.br\/afogadosfm\/2026\/04\/27\/cidade-com-menos-de-2-mil-habitantes-na-pb-ira-fazer-festa-que-deve-custar-quase-20-do-fpm-anual\/"]}]},{"@type":"ImageObject","inLanguage":"pt-BR","@id":"https:\/\/afogadosfm.com.br\/afogadosfm\/2026\/04\/27\/cidade-com-menos-de-2-mil-habitantes-na-pb-ira-fazer-festa-que-deve-custar-quase-20-do-fpm-anual\/#primaryimage","url":"https:\/\/i0.wp.com\/afogadosfm.com.br\/afogadosfm\/wp-content\/uploads\/2026\/04\/Captura-de-tela-2026-04-26-070205-400x296-1.webp?fit=400%2C296&ssl=1","contentUrl":"https:\/\/i0.wp.com\/afogadosfm.com.br\/afogadosfm\/wp-content\/uploads\/2026\/04\/Captura-de-tela-2026-04-26-070205-400x296-1.webp?fit=400%2C296&ssl=1","width":400,"height":296},{"@type":"BreadcrumbList","@id":"https:\/\/afogadosfm.com.br\/afogadosfm\/2026\/04\/27\/cidade-com-menos-de-2-mil-habitantes-na-pb-ira-fazer-festa-que-deve-custar-quase-20-do-fpm-anual\/#breadcrumb","itemListElement":[{"@type":"ListItem","position":1,"name":"In\u00edcio","item":"https:\/\/afogadosfm.com.br\/afogadosfm\/"},{"@type":"ListItem","position":2,"name":"Cidade com menos de 2 mil habitantes na PB ir\u00e1 fazer festa que deve custar quase 20% do FPM anual"}]},{"@type":"WebSite","@id":"https:\/\/afogadosfm.com.br\/afogadosfm\/#website","url":"https:\/\/afogadosfm.com.br\/afogadosfm\/","name":"Afogados FM","description":"Um site completo!","publisher":{"@id":"https:\/\/afogadosfm.com.br\/afogadosfm\/#organization"},"potentialAction":[{"@type":"SearchAction","target":{"@type":"EntryPoint","urlTemplate":"https:\/\/afogadosfm.com.br\/afogadosfm\/?s={search_term_string}"},"query-input":{"@type":"PropertyValueSpecification","valueRequired":true,"valueName":"search_term_string"}}],"inLanguage":"pt-BR"},{"@type":"Organization","@id":"https:\/\/afogadosfm.com.br\/afogadosfm\/#organization","name":"Afogados FM","url":"https:\/\/afogadosfm.com.br\/afogadosfm\/","logo":{"@type":"ImageObject","inLanguage":"pt-BR","@id":"https:\/\/afogadosfm.com.br\/afogadosfm\/#\/schema\/logo\/image\/","url":"https:\/\/i0.wp.com\/afogadosfm.com.br\/afogadosfm\/wp-content\/uploads\/2020\/06\/cropped-banner-afogados-4.jpg?fit=369%2C137&ssl=1","contentUrl":"https:\/\/i0.wp.com\/afogadosfm.com.br\/afogadosfm\/wp-content\/uploads\/2020\/06\/cropped-banner-afogados-4.jpg?fit=369%2C137&ssl=1","width":369,"height":137,"caption":"Afogados FM"},"image":{"@id":"https:\/\/afogadosfm.com.br\/afogadosfm\/#\/schema\/logo\/image\/"}},{"@type":"Person","@id":"https:\/\/afogadosfm.com.br\/afogadosfm\/#\/schema\/person\/60e56f2cf5dc960fc093fe093d9e9057","name":"afogadosfm","image":{"@type":"ImageObject","inLanguage":"pt-BR","@id":"https:\/\/secure.gravatar.com\/avatar\/e0359add7ed5dc3560906d861b52c6a8cf5c1e199d3a7dd85070998f49bd4701?s=96&d=mm&r=g","url":"https:\/\/secure.gravatar.com\/avatar\/e0359add7ed5dc3560906d861b52c6a8cf5c1e199d3a7dd85070998f49bd4701?s=96&d=mm&r=g","contentUrl":"https:\/\/secure.gravatar.com\/avatar\/e0359add7ed5dc3560906d861b52c6a8cf5c1e199d3a7dd85070998f49bd4701?s=96&d=mm&r=g","caption":"afogadosfm"},"url":"https:\/\/afogadosfm.com.br\/afogadosfm\/author\/afogadosfm\/"}]}},"jetpack_publicize_connections":[],"jetpack_featured_media_url":"https:\/\/i0.wp.com\/afogadosfm.com.br\/afogadosfm\/wp-content\/uploads\/2026\/04\/Captura-de-tela-2026-04-26-070205-400x296-1.webp?fit=400%2C296&ssl=1","jetpack-related-posts":[],"jetpack_sharing_enabled":true,"jetpack_likes_enabled":true,"_links":{"self":[{"href":"https:\/\/afogadosfm.com.br\/afogadosfm\/wp-json\/wp\/v2\/posts\/73976","targetHints":{"allow":["GET"]}}],"collection":[{"href":"https:\/\/afogadosfm.com.br\/afogadosfm\/wp-json\/wp\/v2\/posts"}],"about":[{"href":"https:\/\/afogadosfm.com.br\/afogadosfm\/wp-json\/wp\/v2\/types\/post"}],"author":[{"embeddable":true,"href":"https:\/\/afogadosfm.com.br\/afogadosfm\/wp-json\/wp\/v2\/users\/2"}],"replies":[{"embeddable":true,"href":"https:\/\/afogadosfm.com.br\/afogadosfm\/wp-json\/wp\/v2\/comments?post=73976"}],"version-history":[{"count":1,"href":"https:\/\/afogadosfm.com.br\/afogadosfm\/wp-json\/wp\/v2\/posts\/73976\/revisions"}],"predecessor-version":[{"id":73978,"href":"https:\/\/afogadosfm.com.br\/afogadosfm\/wp-json\/wp\/v2\/posts\/73976\/revisions\/73978"}],"wp:featuredmedia":[{"embeddable":true,"href":"https:\/\/afogadosfm.com.br\/afogadosfm\/wp-json\/wp\/v2\/media\/73977"}],"wp:attachment":[{"href":"https:\/\/afogadosfm.com.br\/afogadosfm\/wp-json\/wp\/v2\/media?parent=73976"}],"wp:term":[{"taxonomy":"category","embeddable":true,"href":"https:\/\/afogadosfm.com.br\/afogadosfm\/wp-json\/wp\/v2\/categories?post=73976"},{"taxonomy":"post_tag","embeddable":true,"href":"https:\/\/afogadosfm.com.br\/afogadosfm\/wp-json\/wp\/v2\/tags?post=73976"}],"curies":[{"name":"wp","href":"https:\/\/api.w.org\/{rel}","templated":true}]}}