{"id":73979,"date":"2026-04-27T09:53:14","date_gmt":"2026-04-27T12:53:14","guid":{"rendered":"https:\/\/afogadosfm.com.br\/afogadosfm\/?p=73979"},"modified":"2026-04-27T09:53:14","modified_gmt":"2026-04-27T12:53:14","slug":"quaest-divulga-rodada-de-pesquisas-sobre-eleicao-de-governadores-a-partir-de-hoje-27","status":"publish","type":"post","link":"https:\/\/afogadosfm.com.br\/afogadosfm\/2026\/04\/27\/quaest-divulga-rodada-de-pesquisas-sobre-eleicao-de-governadores-a-partir-de-hoje-27\/","title":{"rendered":"Quaest divulga rodada de pesquisas sobre elei\u00e7\u00e3o de governadores a partir de hoje (27)"},"content":{"rendered":"<div class=\"mc-article-header\">\n<div class=\"glb-share-bar content__share-bar\">\n<div class=\"glb-share-bar_icons\">\n<div class=\"glb-share-bar_button-img\">A Quaest divulga a partir de segunda-feira (27) uma rodada de pesquisas que v\u00e3o mostrar\u00a0<strong>como est\u00e3o as disputas pelos governos de 11 estados<\/strong>, incluindo S\u00e3o Paulo, Rio de Janeiro e Minas Gerais.<\/div>\n<\/div>\n<\/div>\n<\/div>\n<div class=\"mc-article-body\">\n<article>\n<div class=\"wall protected-content\">\n<div id=\"chunk-4q8vv\">\n<div class=\"mc-column content-text active-extra-styles \" data-block-type=\"unstyled\" data-block-weight=\"5\" data-block-id=\"3\">\n<p class=\" content-text__container \" data-track-category=\"Link no Texto\" data-track-links=\"\" data-mrf-recirculation=\"Mat\u00e9ria - Links no Texto\"><strong>Veja a lista completa:<\/strong><\/p>\n<ul class=\"content-unordered-list\" data-mrf-recirculation=\"Mat\u00e9ria - Leia Tamb\u00e9m (Lista)\">\n<li>S\u00e3o Paulo<\/li>\n<li>Rio de Janeiro<\/li>\n<li>Minas Gerais<\/li>\n<li>Pernambuco<\/li>\n<li>Bahia<\/li>\n<li>Paran\u00e1<\/li>\n<li>Rio Grande do Sul<\/li>\n<li>Par\u00e1<\/li>\n<li>Cear\u00e1<\/li>\n<li>Goi\u00e1s<\/li>\n<li>Esp\u00edrito Santo<\/li>\n<\/ul>\n<\/div>\n<\/div>\n<div id=\"chunk-9hjet\">\n<div class=\"mc-column content-text active-extra-styles \" data-block-type=\"unstyled\" data-block-weight=\"36\" data-block-id=\"5\">\n<p class=\" content-text__container \" data-track-category=\"Link no Texto\" data-track-links=\"\" data-mrf-recirculation=\"Mat\u00e9ria - Links no Texto\">As pesquisas incluem cen\u00e1rios de 1\u00ba e 2\u00ba turno e tamb\u00e9m inten\u00e7\u00f5es de voto para a elei\u00e7\u00e3o do Senado. Neste ano, ser\u00e3o eleitos 54 senadores, dois por estado. A renova\u00e7\u00e3o ser\u00e1 de dois ter\u00e7os da casa.\u00a0\u00a0A Quaest simulou cen\u00e1rios com diversas combina\u00e7\u00f5es de nomes porque os candidaturas ainda n\u00e3o est\u00e3o definidas. Isso s\u00f3 acontecer\u00e1 entre julho e agosto, com as conven\u00e7\u00f5es e os registros no Tribunal Superior Eleitoral (TSE).<\/p>\n<\/div>\n<\/div>\n<\/div>\n<\/article>\n<\/div>\n","protected":false},"excerpt":{"rendered":"<p>A Quaest divulga a partir de segunda-feira (27) uma rodada de pesquisas que v\u00e3o mostrar\u00a0como est\u00e3o as disputas pelos governos<\/p>\n","protected":false},"author":2,"featured_media":2113,"comment_status":"open","ping_status":"open","sticky":false,"template":"","format":"standard","meta":{"jetpack_post_was_ever_published":false,"_jetpack_newsletter_access":"","_jetpack_dont_email_post_to_subs":false,"_jetpack_newsletter_tier_id":0,"_jetpack_memberships_contains_paywalled_content":false,"_jetpack_memberships_contains_paid_content":false,"footnotes":"","jetpack_publicize_message":"","jetpack_publicize_feature_enabled":true,"jetpack_social_post_already_shared":true,"jetpack_social_options":{"image_generator_settings":{"template":"highway","default_image_id":0,"font":"","enabled":false},"version":2}},"categories":[35],"tags":[],"class_list":["post-73979","post","type-post","status-publish","format-standard","has-post-thumbnail","hentry","category-politica"],"yoast_head":"<!-- This site is optimized with the Yoast SEO plugin v27.5 - https:\/\/yoast.com\/product\/yoast-seo-wordpress\/ -->\n<title>Quaest divulga rodada de pesquisas sobre elei\u00e7\u00e3o de governadores a partir de hoje (27) - Afogados FM<\/title>\n<meta name=\"robots\" content=\"index, follow, max-snippet:-1, max-image-preview:large, max-video-preview:-1\" \/>\n<link rel=\"canonical\" href=\"https:\/\/afogadosfm.com.br\/afogadosfm\/2026\/04\/27\/quaest-divulga-rodada-de-pesquisas-sobre-eleicao-de-governadores-a-partir-de-hoje-27\/\" \/>\n<meta property=\"og:locale\" content=\"pt_BR\" \/>\n<meta property=\"og:type\" content=\"article\" \/>\n<meta property=\"og:title\" content=\"Quaest divulga rodada de pesquisas sobre elei\u00e7\u00e3o de governadores a partir de hoje (27) - Afogados FM\" \/>\n<meta property=\"og:description\" content=\"A Quaest divulga a partir de segunda-feira (27) uma rodada de pesquisas que v\u00e3o mostrar\u00a0como est\u00e3o as disputas pelos governos\" \/>\n<meta property=\"og:url\" content=\"https:\/\/afogadosfm.com.br\/afogadosfm\/2026\/04\/27\/quaest-divulga-rodada-de-pesquisas-sobre-eleicao-de-governadores-a-partir-de-hoje-27\/\" \/>\n<meta property=\"og:site_name\" content=\"Afogados FM\" \/>\n<meta property=\"article:published_time\" content=\"2026-04-27T12:53:14+00:00\" \/>\n<meta property=\"og:image\" content=\"https:\/\/afogadosfm.com.br\/afogadosfm\/wp-content\/uploads\/2018\/01\/pesquisa-1.jpg\" \/>\n\t<meta property=\"og:image:width\" content=\"308\" \/>\n\t<meta property=\"og:image:height\" content=\"163\" \/>\n\t<meta property=\"og:image:type\" content=\"image\/jpeg\" \/>\n<meta name=\"author\" content=\"afogadosfm\" \/>\n<meta name=\"twitter:card\" content=\"summary_large_image\" \/>\n<meta name=\"twitter:label1\" content=\"Escrito por\" \/>\n\t<meta name=\"twitter:data1\" content=\"afogadosfm\" \/>\n\t<meta name=\"twitter:label2\" content=\"Est. tempo de leitura\" \/>\n\t<meta name=\"twitter:data2\" content=\"1 minuto\" \/>\n<script type=\"application\/ld+json\" class=\"yoast-schema-graph\">{\"@context\":\"https:\\\/\\\/schema.org\",\"@graph\":[{\"@type\":\"Article\",\"@id\":\"https:\\\/\\\/afogadosfm.com.br\\\/afogadosfm\\\/2026\\\/04\\\/27\\\/quaest-divulga-rodada-de-pesquisas-sobre-eleicao-de-governadores-a-partir-de-hoje-27\\\/#article\",\"isPartOf\":{\"@id\":\"https:\\\/\\\/afogadosfm.com.br\\\/afogadosfm\\\/2026\\\/04\\\/27\\\/quaest-divulga-rodada-de-pesquisas-sobre-eleicao-de-governadores-a-partir-de-hoje-27\\\/\"},\"author\":{\"name\":\"afogadosfm\",\"@id\":\"https:\\\/\\\/afogadosfm.com.br\\\/afogadosfm\\\/#\\\/schema\\\/person\\\/60e56f2cf5dc960fc093fe093d9e9057\"},\"headline\":\"Quaest divulga rodada de pesquisas sobre elei\u00e7\u00e3o de governadores a partir de hoje (27)\",\"datePublished\":\"2026-04-27T12:53:14+00:00\",\"mainEntityOfPage\":{\"@id\":\"https:\\\/\\\/afogadosfm.com.br\\\/afogadosfm\\\/2026\\\/04\\\/27\\\/quaest-divulga-rodada-de-pesquisas-sobre-eleicao-de-governadores-a-partir-de-hoje-27\\\/\"},\"wordCount\":153,\"commentCount\":0,\"publisher\":{\"@id\":\"https:\\\/\\\/afogadosfm.com.br\\\/afogadosfm\\\/#organization\"},\"image\":{\"@id\":\"https:\\\/\\\/afogadosfm.com.br\\\/afogadosfm\\\/2026\\\/04\\\/27\\\/quaest-divulga-rodada-de-pesquisas-sobre-eleicao-de-governadores-a-partir-de-hoje-27\\\/#primaryimage\"},\"thumbnailUrl\":\"https:\\\/\\\/i0.wp.com\\\/afogadosfm.com.br\\\/afogadosfm\\\/wp-content\\\/uploads\\\/2018\\\/01\\\/pesquisa-1.jpg?fit=308%2C163&ssl=1\",\"articleSection\":[\"Pol\u00edtica\"],\"inLanguage\":\"pt-BR\",\"potentialAction\":[{\"@type\":\"CommentAction\",\"name\":\"Comment\",\"target\":[\"https:\\\/\\\/afogadosfm.com.br\\\/afogadosfm\\\/2026\\\/04\\\/27\\\/quaest-divulga-rodada-de-pesquisas-sobre-eleicao-de-governadores-a-partir-de-hoje-27\\\/#respond\"]}]},{\"@type\":\"WebPage\",\"@id\":\"https:\\\/\\\/afogadosfm.com.br\\\/afogadosfm\\\/2026\\\/04\\\/27\\\/quaest-divulga-rodada-de-pesquisas-sobre-eleicao-de-governadores-a-partir-de-hoje-27\\\/\",\"url\":\"https:\\\/\\\/afogadosfm.com.br\\\/afogadosfm\\\/2026\\\/04\\\/27\\\/quaest-divulga-rodada-de-pesquisas-sobre-eleicao-de-governadores-a-partir-de-hoje-27\\\/\",\"name\":\"Quaest divulga rodada de pesquisas sobre elei\u00e7\u00e3o de governadores a partir de hoje (27) - Afogados FM\",\"isPartOf\":{\"@id\":\"https:\\\/\\\/afogadosfm.com.br\\\/afogadosfm\\\/#website\"},\"primaryImageOfPage\":{\"@id\":\"https:\\\/\\\/afogadosfm.com.br\\\/afogadosfm\\\/2026\\\/04\\\/27\\\/quaest-divulga-rodada-de-pesquisas-sobre-eleicao-de-governadores-a-partir-de-hoje-27\\\/#primaryimage\"},\"image\":{\"@id\":\"https:\\\/\\\/afogadosfm.com.br\\\/afogadosfm\\\/2026\\\/04\\\/27\\\/quaest-divulga-rodada-de-pesquisas-sobre-eleicao-de-governadores-a-partir-de-hoje-27\\\/#primaryimage\"},\"thumbnailUrl\":\"https:\\\/\\\/i0.wp.com\\\/afogadosfm.com.br\\\/afogadosfm\\\/wp-content\\\/uploads\\\/2018\\\/01\\\/pesquisa-1.jpg?fit=308%2C163&ssl=1\",\"datePublished\":\"2026-04-27T12:53:14+00:00\",\"breadcrumb\":{\"@id\":\"https:\\\/\\\/afogadosfm.com.br\\\/afogadosfm\\\/2026\\\/04\\\/27\\\/quaest-divulga-rodada-de-pesquisas-sobre-eleicao-de-governadores-a-partir-de-hoje-27\\\/#breadcrumb\"},\"inLanguage\":\"pt-BR\",\"potentialAction\":[{\"@type\":\"ReadAction\",\"target\":[\"https:\\\/\\\/afogadosfm.com.br\\\/afogadosfm\\\/2026\\\/04\\\/27\\\/quaest-divulga-rodada-de-pesquisas-sobre-eleicao-de-governadores-a-partir-de-hoje-27\\\/\"]}]},{\"@type\":\"ImageObject\",\"inLanguage\":\"pt-BR\",\"@id\":\"https:\\\/\\\/afogadosfm.com.br\\\/afogadosfm\\\/2026\\\/04\\\/27\\\/quaest-divulga-rodada-de-pesquisas-sobre-eleicao-de-governadores-a-partir-de-hoje-27\\\/#primaryimage\",\"url\":\"https:\\\/\\\/i0.wp.com\\\/afogadosfm.com.br\\\/afogadosfm\\\/wp-content\\\/uploads\\\/2018\\\/01\\\/pesquisa-1.jpg?fit=308%2C163&ssl=1\",\"contentUrl\":\"https:\\\/\\\/i0.wp.com\\\/afogadosfm.com.br\\\/afogadosfm\\\/wp-content\\\/uploads\\\/2018\\\/01\\\/pesquisa-1.jpg?fit=308%2C163&ssl=1\",\"width\":308,\"height\":163},{\"@type\":\"BreadcrumbList\",\"@id\":\"https:\\\/\\\/afogadosfm.com.br\\\/afogadosfm\\\/2026\\\/04\\\/27\\\/quaest-divulga-rodada-de-pesquisas-sobre-eleicao-de-governadores-a-partir-de-hoje-27\\\/#breadcrumb\",\"itemListElement\":[{\"@type\":\"ListItem\",\"position\":1,\"name\":\"In\u00edcio\",\"item\":\"https:\\\/\\\/afogadosfm.com.br\\\/afogadosfm\\\/\"},{\"@type\":\"ListItem\",\"position\":2,\"name\":\"Quaest divulga rodada de pesquisas sobre elei\u00e7\u00e3o de governadores a partir de hoje (27)\"}]},{\"@type\":\"WebSite\",\"@id\":\"https:\\\/\\\/afogadosfm.com.br\\\/afogadosfm\\\/#website\",\"url\":\"https:\\\/\\\/afogadosfm.com.br\\\/afogadosfm\\\/\",\"name\":\"Afogados FM\",\"description\":\"Um site completo!\",\"publisher\":{\"@id\":\"https:\\\/\\\/afogadosfm.com.br\\\/afogadosfm\\\/#organization\"},\"potentialAction\":[{\"@type\":\"SearchAction\",\"target\":{\"@type\":\"EntryPoint\",\"urlTemplate\":\"https:\\\/\\\/afogadosfm.com.br\\\/afogadosfm\\\/?s={search_term_string}\"},\"query-input\":{\"@type\":\"PropertyValueSpecification\",\"valueRequired\":true,\"valueName\":\"search_term_string\"}}],\"inLanguage\":\"pt-BR\"},{\"@type\":\"Organization\",\"@id\":\"https:\\\/\\\/afogadosfm.com.br\\\/afogadosfm\\\/#organization\",\"name\":\"Afogados FM\",\"url\":\"https:\\\/\\\/afogadosfm.com.br\\\/afogadosfm\\\/\",\"logo\":{\"@type\":\"ImageObject\",\"inLanguage\":\"pt-BR\",\"@id\":\"https:\\\/\\\/afogadosfm.com.br\\\/afogadosfm\\\/#\\\/schema\\\/logo\\\/image\\\/\",\"url\":\"https:\\\/\\\/i0.wp.com\\\/afogadosfm.com.br\\\/afogadosfm\\\/wp-content\\\/uploads\\\/2020\\\/06\\\/cropped-banner-afogados-4.jpg?fit=369%2C137&ssl=1\",\"contentUrl\":\"https:\\\/\\\/i0.wp.com\\\/afogadosfm.com.br\\\/afogadosfm\\\/wp-content\\\/uploads\\\/2020\\\/06\\\/cropped-banner-afogados-4.jpg?fit=369%2C137&ssl=1\",\"width\":369,\"height\":137,\"caption\":\"Afogados FM\"},\"image\":{\"@id\":\"https:\\\/\\\/afogadosfm.com.br\\\/afogadosfm\\\/#\\\/schema\\\/logo\\\/image\\\/\"}},{\"@type\":\"Person\",\"@id\":\"https:\\\/\\\/afogadosfm.com.br\\\/afogadosfm\\\/#\\\/schema\\\/person\\\/60e56f2cf5dc960fc093fe093d9e9057\",\"name\":\"afogadosfm\",\"image\":{\"@type\":\"ImageObject\",\"inLanguage\":\"pt-BR\",\"@id\":\"https:\\\/\\\/secure.gravatar.com\\\/avatar\\\/e0359add7ed5dc3560906d861b52c6a8cf5c1e199d3a7dd85070998f49bd4701?s=96&d=mm&r=g\",\"url\":\"https:\\\/\\\/secure.gravatar.com\\\/avatar\\\/e0359add7ed5dc3560906d861b52c6a8cf5c1e199d3a7dd85070998f49bd4701?s=96&d=mm&r=g\",\"contentUrl\":\"https:\\\/\\\/secure.gravatar.com\\\/avatar\\\/e0359add7ed5dc3560906d861b52c6a8cf5c1e199d3a7dd85070998f49bd4701?s=96&d=mm&r=g\",\"caption\":\"afogadosfm\"},\"url\":\"https:\\\/\\\/afogadosfm.com.br\\\/afogadosfm\\\/author\\\/afogadosfm\\\/\"}]}<\/script>\n<!-- \/ Yoast SEO plugin. -->","yoast_head_json":{"title":"Quaest divulga rodada de pesquisas sobre elei\u00e7\u00e3o de governadores a partir de hoje (27) - Afogados FM","robots":{"index":"index","follow":"follow","max-snippet":"max-snippet:-1","max-image-preview":"max-image-preview:large","max-video-preview":"max-video-preview:-1"},"canonical":"https:\/\/afogadosfm.com.br\/afogadosfm\/2026\/04\/27\/quaest-divulga-rodada-de-pesquisas-sobre-eleicao-de-governadores-a-partir-de-hoje-27\/","og_locale":"pt_BR","og_type":"article","og_title":"Quaest divulga rodada de pesquisas sobre elei\u00e7\u00e3o de governadores a partir de hoje (27) - Afogados FM","og_description":"A Quaest divulga a partir de segunda-feira (27) uma rodada de pesquisas que v\u00e3o mostrar\u00a0como est\u00e3o as disputas pelos governos","og_url":"https:\/\/afogadosfm.com.br\/afogadosfm\/2026\/04\/27\/quaest-divulga-rodada-de-pesquisas-sobre-eleicao-de-governadores-a-partir-de-hoje-27\/","og_site_name":"Afogados FM","article_published_time":"2026-04-27T12:53:14+00:00","og_image":[{"width":308,"height":163,"url":"https:\/\/afogadosfm.com.br\/afogadosfm\/wp-content\/uploads\/2018\/01\/pesquisa-1.jpg","type":"image\/jpeg"}],"author":"afogadosfm","twitter_card":"summary_large_image","twitter_misc":{"Escrito por":"afogadosfm","Est. tempo de leitura":"1 minuto"},"schema":{"@context":"https:\/\/schema.org","@graph":[{"@type":"Article","@id":"https:\/\/afogadosfm.com.br\/afogadosfm\/2026\/04\/27\/quaest-divulga-rodada-de-pesquisas-sobre-eleicao-de-governadores-a-partir-de-hoje-27\/#article","isPartOf":{"@id":"https:\/\/afogadosfm.com.br\/afogadosfm\/2026\/04\/27\/quaest-divulga-rodada-de-pesquisas-sobre-eleicao-de-governadores-a-partir-de-hoje-27\/"},"author":{"name":"afogadosfm","@id":"https:\/\/afogadosfm.com.br\/afogadosfm\/#\/schema\/person\/60e56f2cf5dc960fc093fe093d9e9057"},"headline":"Quaest divulga rodada de pesquisas sobre elei\u00e7\u00e3o de governadores a partir de hoje (27)","datePublished":"2026-04-27T12:53:14+00:00","mainEntityOfPage":{"@id":"https:\/\/afogadosfm.com.br\/afogadosfm\/2026\/04\/27\/quaest-divulga-rodada-de-pesquisas-sobre-eleicao-de-governadores-a-partir-de-hoje-27\/"},"wordCount":153,"commentCount":0,"publisher":{"@id":"https:\/\/afogadosfm.com.br\/afogadosfm\/#organization"},"image":{"@id":"https:\/\/afogadosfm.com.br\/afogadosfm\/2026\/04\/27\/quaest-divulga-rodada-de-pesquisas-sobre-eleicao-de-governadores-a-partir-de-hoje-27\/#primaryimage"},"thumbnailUrl":"https:\/\/i0.wp.com\/afogadosfm.com.br\/afogadosfm\/wp-content\/uploads\/2018\/01\/pesquisa-1.jpg?fit=308%2C163&ssl=1","articleSection":["Pol\u00edtica"],"inLanguage":"pt-BR","potentialAction":[{"@type":"CommentAction","name":"Comment","target":["https:\/\/afogadosfm.com.br\/afogadosfm\/2026\/04\/27\/quaest-divulga-rodada-de-pesquisas-sobre-eleicao-de-governadores-a-partir-de-hoje-27\/#respond"]}]},{"@type":"WebPage","@id":"https:\/\/afogadosfm.com.br\/afogadosfm\/2026\/04\/27\/quaest-divulga-rodada-de-pesquisas-sobre-eleicao-de-governadores-a-partir-de-hoje-27\/","url":"https:\/\/afogadosfm.com.br\/afogadosfm\/2026\/04\/27\/quaest-divulga-rodada-de-pesquisas-sobre-eleicao-de-governadores-a-partir-de-hoje-27\/","name":"Quaest divulga rodada de pesquisas sobre elei\u00e7\u00e3o de governadores a partir de hoje (27) - Afogados FM","isPartOf":{"@id":"https:\/\/afogadosfm.com.br\/afogadosfm\/#website"},"primaryImageOfPage":{"@id":"https:\/\/afogadosfm.com.br\/afogadosfm\/2026\/04\/27\/quaest-divulga-rodada-de-pesquisas-sobre-eleicao-de-governadores-a-partir-de-hoje-27\/#primaryimage"},"image":{"@id":"https:\/\/afogadosfm.com.br\/afogadosfm\/2026\/04\/27\/quaest-divulga-rodada-de-pesquisas-sobre-eleicao-de-governadores-a-partir-de-hoje-27\/#primaryimage"},"thumbnailUrl":"https:\/\/i0.wp.com\/afogadosfm.com.br\/afogadosfm\/wp-content\/uploads\/2018\/01\/pesquisa-1.jpg?fit=308%2C163&ssl=1","datePublished":"2026-04-27T12:53:14+00:00","breadcrumb":{"@id":"https:\/\/afogadosfm.com.br\/afogadosfm\/2026\/04\/27\/quaest-divulga-rodada-de-pesquisas-sobre-eleicao-de-governadores-a-partir-de-hoje-27\/#breadcrumb"},"inLanguage":"pt-BR","potentialAction":[{"@type":"ReadAction","target":["https:\/\/afogadosfm.com.br\/afogadosfm\/2026\/04\/27\/quaest-divulga-rodada-de-pesquisas-sobre-eleicao-de-governadores-a-partir-de-hoje-27\/"]}]},{"@type":"ImageObject","inLanguage":"pt-BR","@id":"https:\/\/afogadosfm.com.br\/afogadosfm\/2026\/04\/27\/quaest-divulga-rodada-de-pesquisas-sobre-eleicao-de-governadores-a-partir-de-hoje-27\/#primaryimage","url":"https:\/\/i0.wp.com\/afogadosfm.com.br\/afogadosfm\/wp-content\/uploads\/2018\/01\/pesquisa-1.jpg?fit=308%2C163&ssl=1","contentUrl":"https:\/\/i0.wp.com\/afogadosfm.com.br\/afogadosfm\/wp-content\/uploads\/2018\/01\/pesquisa-1.jpg?fit=308%2C163&ssl=1","width":308,"height":163},{"@type":"BreadcrumbList","@id":"https:\/\/afogadosfm.com.br\/afogadosfm\/2026\/04\/27\/quaest-divulga-rodada-de-pesquisas-sobre-eleicao-de-governadores-a-partir-de-hoje-27\/#breadcrumb","itemListElement":[{"@type":"ListItem","position":1,"name":"In\u00edcio","item":"https:\/\/afogadosfm.com.br\/afogadosfm\/"},{"@type":"ListItem","position":2,"name":"Quaest divulga rodada de pesquisas sobre elei\u00e7\u00e3o de governadores a partir de hoje (27)"}]},{"@type":"WebSite","@id":"https:\/\/afogadosfm.com.br\/afogadosfm\/#website","url":"https:\/\/afogadosfm.com.br\/afogadosfm\/","name":"Afogados FM","description":"Um site completo!","publisher":{"@id":"https:\/\/afogadosfm.com.br\/afogadosfm\/#organization"},"potentialAction":[{"@type":"SearchAction","target":{"@type":"EntryPoint","urlTemplate":"https:\/\/afogadosfm.com.br\/afogadosfm\/?s={search_term_string}"},"query-input":{"@type":"PropertyValueSpecification","valueRequired":true,"valueName":"search_term_string"}}],"inLanguage":"pt-BR"},{"@type":"Organization","@id":"https:\/\/afogadosfm.com.br\/afogadosfm\/#organization","name":"Afogados FM","url":"https:\/\/afogadosfm.com.br\/afogadosfm\/","logo":{"@type":"ImageObject","inLanguage":"pt-BR","@id":"https:\/\/afogadosfm.com.br\/afogadosfm\/#\/schema\/logo\/image\/","url":"https:\/\/i0.wp.com\/afogadosfm.com.br\/afogadosfm\/wp-content\/uploads\/2020\/06\/cropped-banner-afogados-4.jpg?fit=369%2C137&ssl=1","contentUrl":"https:\/\/i0.wp.com\/afogadosfm.com.br\/afogadosfm\/wp-content\/uploads\/2020\/06\/cropped-banner-afogados-4.jpg?fit=369%2C137&ssl=1","width":369,"height":137,"caption":"Afogados FM"},"image":{"@id":"https:\/\/afogadosfm.com.br\/afogadosfm\/#\/schema\/logo\/image\/"}},{"@type":"Person","@id":"https:\/\/afogadosfm.com.br\/afogadosfm\/#\/schema\/person\/60e56f2cf5dc960fc093fe093d9e9057","name":"afogadosfm","image":{"@type":"ImageObject","inLanguage":"pt-BR","@id":"https:\/\/secure.gravatar.com\/avatar\/e0359add7ed5dc3560906d861b52c6a8cf5c1e199d3a7dd85070998f49bd4701?s=96&d=mm&r=g","url":"https:\/\/secure.gravatar.com\/avatar\/e0359add7ed5dc3560906d861b52c6a8cf5c1e199d3a7dd85070998f49bd4701?s=96&d=mm&r=g","contentUrl":"https:\/\/secure.gravatar.com\/avatar\/e0359add7ed5dc3560906d861b52c6a8cf5c1e199d3a7dd85070998f49bd4701?s=96&d=mm&r=g","caption":"afogadosfm"},"url":"https:\/\/afogadosfm.com.br\/afogadosfm\/author\/afogadosfm\/"}]}},"jetpack_publicize_connections":[],"jetpack_featured_media_url":"https:\/\/i0.wp.com\/afogadosfm.com.br\/afogadosfm\/wp-content\/uploads\/2018\/01\/pesquisa-1.jpg?fit=308%2C163&ssl=1","jetpack-related-posts":[],"jetpack_sharing_enabled":true,"jetpack_likes_enabled":true,"_links":{"self":[{"href":"https:\/\/afogadosfm.com.br\/afogadosfm\/wp-json\/wp\/v2\/posts\/73979","targetHints":{"allow":["GET"]}}],"collection":[{"href":"https:\/\/afogadosfm.com.br\/afogadosfm\/wp-json\/wp\/v2\/posts"}],"about":[{"href":"https:\/\/afogadosfm.com.br\/afogadosfm\/wp-json\/wp\/v2\/types\/post"}],"author":[{"embeddable":true,"href":"https:\/\/afogadosfm.com.br\/afogadosfm\/wp-json\/wp\/v2\/users\/2"}],"replies":[{"embeddable":true,"href":"https:\/\/afogadosfm.com.br\/afogadosfm\/wp-json\/wp\/v2\/comments?post=73979"}],"version-history":[{"count":1,"href":"https:\/\/afogadosfm.com.br\/afogadosfm\/wp-json\/wp\/v2\/posts\/73979\/revisions"}],"predecessor-version":[{"id":73980,"href":"https:\/\/afogadosfm.com.br\/afogadosfm\/wp-json\/wp\/v2\/posts\/73979\/revisions\/73980"}],"wp:featuredmedia":[{"embeddable":true,"href":"https:\/\/afogadosfm.com.br\/afogadosfm\/wp-json\/wp\/v2\/media\/2113"}],"wp:attachment":[{"href":"https:\/\/afogadosfm.com.br\/afogadosfm\/wp-json\/wp\/v2\/media?parent=73979"}],"wp:term":[{"taxonomy":"category","embeddable":true,"href":"https:\/\/afogadosfm.com.br\/afogadosfm\/wp-json\/wp\/v2\/categories?post=73979"},{"taxonomy":"post_tag","embeddable":true,"href":"https:\/\/afogadosfm.com.br\/afogadosfm\/wp-json\/wp\/v2\/tags?post=73979"}],"curies":[{"name":"wp","href":"https:\/\/api.w.org\/{rel}","templated":true}]}}