{"id":73982,"date":"2026-04-27T13:56:46","date_gmt":"2026-04-27T16:56:46","guid":{"rendered":"https:\/\/afogadosfm.com.br\/afogadosfm\/?p=73982"},"modified":"2026-04-27T13:56:46","modified_gmt":"2026-04-27T16:56:46","slug":"justica-eleitoral-cassa-mandato-de-sandrinho-e-daniel-em-afogados","status":"publish","type":"post","link":"https:\/\/afogadosfm.com.br\/afogadosfm\/2026\/04\/27\/justica-eleitoral-cassa-mandato-de-sandrinho-e-daniel-em-afogados\/","title":{"rendered":"Justi\u00e7a Eleitoral cassa mandato de Sandrinho e Daniel em Afogados"},"content":{"rendered":"<p>O Juiz Eleitoral em Substitui\u00e7\u00e3o Jos\u00e9 Anast\u00e1cio Guimar\u00e3es Figueiredo Correia, da 66\u00aa zona, acaba de cassar em primeira inst\u00e2ncia pela pr\u00e1tica de abuso de poder pol\u00edtico e econ\u00f4mico nas elei\u00e7\u00f5es 2024 os mandatos de Sandrinho Palmeira e Daniel Valadares.<\/p>\n<p>Para o juiz, Sandrinho \u201cfoi o articulador que orquestrou o ardil abusivo levado a cabo por Jandyson Henrique, o que resultou em benef\u00edcio ineg\u00e1vel \u00e0 sua candidatura\u201d<br \/>\n\u201cN\u00e3o prospera o argumento de que a conduta do Secret\u00e1rio de Finan\u00e7as em nada tinha a ver com sua campanha, por n\u00e3o se tratar de um apoiador perif\u00e9rico ou distante, sen\u00e3o a pe\u00e7a-chave da administra\u00e7\u00e3o financeira da majorit\u00e1ria, al\u00e9m de trabalhar na prefeitura; ao delegar a gest\u00e3o dos abastecimentos da campanha \u00e0 mesma pessoa que detinha o poder de ordena\u00e7\u00e3o de despesas p\u00fablicas, o candidato \u00e0 reelei\u00e7\u00e3o assumiu, deliberadamente, o risco da confus\u00e3o patrimonial, atraindo sobre si a responsabilidade dos atos praticados\u201d<br \/>\na) CASSA\u00c7\u00c3O DO DIPLOMA do investigado ALESANDRO PALMEIRA DE VASCONCELOS LEITE, Prefeito reeleito do Munic\u00edpio de Afogados da<br \/>\nIngazeira.<\/p>\n<p>b) CASSA\u00c7\u00c3O DO DIPLOMA do investigado ANT\u00d4NIO DANIEL MANGABEIRA VALADARES DE SOUZA, Vice-Prefeito reeleito do Munic\u00edpio de Afogados da Ingazeira, em raz\u00e3o da indivisibilidade da chapa majorit\u00e1ria e da condi\u00e7\u00e3o de benefici\u00e1rio direto do abuso apurado, nos termos do art. 22,<br \/>\nXIV, da LC n\u00b0 64\/90;<\/p>\n<p>c) DECLARA\u00c7\u00c3O DE INELEGIBILIDADE do investigado<br \/>\nALESANDRO PALMEIRA DE VASCONCELOS LEITE para as elei\u00e7\u00f5es a se realizarem nos 8 (oito) anos subsequentes ao pleito de 2024, nos termos do art. 22, XIV, da LC n\u00b0 64\/90;<\/p>\n<p>d) DECLARA\u00c7\u00c3O DE INELEGIBILIDADE do investigado<br \/>\nANT\u00d4NIO DANIEL MANGABEIRA VALADARES DE SOUZA para as elei\u00e7\u00f5es a se realizarem nos 8 (oito) anos subsequentes ao pleito de 2024, nos termos do art. 22, XIV, da LC n\u00b0 64\/90;<\/p>\n<p>e) DECLARA\u00c7\u00c3O DE INELEGIBILIDADE do investigado<br \/>\nJANDYSON HENRIQUE XAVIER OLIVEIRA;<\/p>\n<p>Cabe recurso ao TRE. Sandrinho e Daniel podem continuar nos mandatos enquanto \u00e9 julgado o recurso.<\/p>\n<p>Do Nill J\u00fanior<\/p>\n","protected":false},"excerpt":{"rendered":"<p>O Juiz Eleitoral em Substitui\u00e7\u00e3o Jos\u00e9 Anast\u00e1cio Guimar\u00e3es Figueiredo Correia, da 66\u00aa zona, acaba de cassar em primeira inst\u00e2ncia pela<\/p>\n","protected":false},"author":2,"featured_media":26789,"comment_status":"open","ping_status":"open","sticky":false,"template":"","format":"standard","meta":{"jetpack_post_was_ever_published":false,"_jetpack_newsletter_access":"","_jetpack_dont_email_post_to_subs":false,"_jetpack_newsletter_tier_id":0,"_jetpack_memberships_contains_paywalled_content":false,"_jetpack_memberships_contains_paid_content":false,"footnotes":"","jetpack_publicize_message":"","jetpack_publicize_feature_enabled":true,"jetpack_social_post_already_shared":true,"jetpack_social_options":{"image_generator_settings":{"template":"highway","default_image_id":0,"font":"","enabled":false},"version":2}},"categories":[35],"tags":[],"class_list":["post-73982","post","type-post","status-publish","format-standard","has-post-thumbnail","hentry","category-politica"],"yoast_head":"<!-- This site is optimized with the Yoast SEO plugin v27.5 - https:\/\/yoast.com\/product\/yoast-seo-wordpress\/ -->\n<title>Justi\u00e7a Eleitoral cassa mandato de Sandrinho e Daniel em Afogados - Afogados FM<\/title>\n<meta name=\"robots\" content=\"index, follow, max-snippet:-1, max-image-preview:large, max-video-preview:-1\" \/>\n<link rel=\"canonical\" href=\"https:\/\/afogadosfm.com.br\/afogadosfm\/2026\/04\/27\/justica-eleitoral-cassa-mandato-de-sandrinho-e-daniel-em-afogados\/\" \/>\n<meta property=\"og:locale\" content=\"pt_BR\" \/>\n<meta property=\"og:type\" content=\"article\" \/>\n<meta property=\"og:title\" content=\"Justi\u00e7a Eleitoral cassa mandato de Sandrinho e Daniel em Afogados - Afogados FM\" \/>\n<meta property=\"og:description\" content=\"O Juiz Eleitoral em Substitui\u00e7\u00e3o Jos\u00e9 Anast\u00e1cio Guimar\u00e3es Figueiredo Correia, da 66\u00aa zona, acaba de cassar em primeira inst\u00e2ncia pela\" \/>\n<meta property=\"og:url\" content=\"https:\/\/afogadosfm.com.br\/afogadosfm\/2026\/04\/27\/justica-eleitoral-cassa-mandato-de-sandrinho-e-daniel-em-afogados\/\" \/>\n<meta property=\"og:site_name\" content=\"Afogados FM\" \/>\n<meta property=\"article:published_time\" content=\"2026-04-27T16:56:46+00:00\" \/>\n<meta property=\"og:image\" content=\"https:\/\/afogadosfm.com.br\/afogadosfm\/wp-content\/uploads\/2021\/05\/sandrinhoedaniel.jpg\" \/>\n\t<meta property=\"og:image:width\" content=\"768\" \/>\n\t<meta property=\"og:image:height\" content=\"500\" \/>\n\t<meta property=\"og:image:type\" content=\"image\/jpeg\" \/>\n<meta name=\"author\" content=\"afogadosfm\" \/>\n<meta name=\"twitter:card\" content=\"summary_large_image\" \/>\n<meta name=\"twitter:label1\" content=\"Escrito por\" \/>\n\t<meta name=\"twitter:data1\" content=\"afogadosfm\" \/>\n\t<meta name=\"twitter:label2\" content=\"Est. tempo de leitura\" \/>\n\t<meta name=\"twitter:data2\" content=\"2 minutos\" \/>\n<script type=\"application\/ld+json\" class=\"yoast-schema-graph\">{\"@context\":\"https:\\\/\\\/schema.org\",\"@graph\":[{\"@type\":\"Article\",\"@id\":\"https:\\\/\\\/afogadosfm.com.br\\\/afogadosfm\\\/2026\\\/04\\\/27\\\/justica-eleitoral-cassa-mandato-de-sandrinho-e-daniel-em-afogados\\\/#article\",\"isPartOf\":{\"@id\":\"https:\\\/\\\/afogadosfm.com.br\\\/afogadosfm\\\/2026\\\/04\\\/27\\\/justica-eleitoral-cassa-mandato-de-sandrinho-e-daniel-em-afogados\\\/\"},\"author\":{\"name\":\"afogadosfm\",\"@id\":\"https:\\\/\\\/afogadosfm.com.br\\\/afogadosfm\\\/#\\\/schema\\\/person\\\/60e56f2cf5dc960fc093fe093d9e9057\"},\"headline\":\"Justi\u00e7a Eleitoral cassa mandato de Sandrinho e Daniel em Afogados\",\"datePublished\":\"2026-04-27T16:56:46+00:00\",\"mainEntityOfPage\":{\"@id\":\"https:\\\/\\\/afogadosfm.com.br\\\/afogadosfm\\\/2026\\\/04\\\/27\\\/justica-eleitoral-cassa-mandato-de-sandrinho-e-daniel-em-afogados\\\/\"},\"wordCount\":351,\"commentCount\":0,\"publisher\":{\"@id\":\"https:\\\/\\\/afogadosfm.com.br\\\/afogadosfm\\\/#organization\"},\"image\":{\"@id\":\"https:\\\/\\\/afogadosfm.com.br\\\/afogadosfm\\\/2026\\\/04\\\/27\\\/justica-eleitoral-cassa-mandato-de-sandrinho-e-daniel-em-afogados\\\/#primaryimage\"},\"thumbnailUrl\":\"https:\\\/\\\/i0.wp.com\\\/afogadosfm.com.br\\\/afogadosfm\\\/wp-content\\\/uploads\\\/2021\\\/05\\\/sandrinhoedaniel.jpg?fit=768%2C500&ssl=1\",\"articleSection\":[\"Pol\u00edtica\"],\"inLanguage\":\"pt-BR\",\"potentialAction\":[{\"@type\":\"CommentAction\",\"name\":\"Comment\",\"target\":[\"https:\\\/\\\/afogadosfm.com.br\\\/afogadosfm\\\/2026\\\/04\\\/27\\\/justica-eleitoral-cassa-mandato-de-sandrinho-e-daniel-em-afogados\\\/#respond\"]}]},{\"@type\":\"WebPage\",\"@id\":\"https:\\\/\\\/afogadosfm.com.br\\\/afogadosfm\\\/2026\\\/04\\\/27\\\/justica-eleitoral-cassa-mandato-de-sandrinho-e-daniel-em-afogados\\\/\",\"url\":\"https:\\\/\\\/afogadosfm.com.br\\\/afogadosfm\\\/2026\\\/04\\\/27\\\/justica-eleitoral-cassa-mandato-de-sandrinho-e-daniel-em-afogados\\\/\",\"name\":\"Justi\u00e7a Eleitoral cassa mandato de Sandrinho e Daniel em Afogados - Afogados FM\",\"isPartOf\":{\"@id\":\"https:\\\/\\\/afogadosfm.com.br\\\/afogadosfm\\\/#website\"},\"primaryImageOfPage\":{\"@id\":\"https:\\\/\\\/afogadosfm.com.br\\\/afogadosfm\\\/2026\\\/04\\\/27\\\/justica-eleitoral-cassa-mandato-de-sandrinho-e-daniel-em-afogados\\\/#primaryimage\"},\"image\":{\"@id\":\"https:\\\/\\\/afogadosfm.com.br\\\/afogadosfm\\\/2026\\\/04\\\/27\\\/justica-eleitoral-cassa-mandato-de-sandrinho-e-daniel-em-afogados\\\/#primaryimage\"},\"thumbnailUrl\":\"https:\\\/\\\/i0.wp.com\\\/afogadosfm.com.br\\\/afogadosfm\\\/wp-content\\\/uploads\\\/2021\\\/05\\\/sandrinhoedaniel.jpg?fit=768%2C500&ssl=1\",\"datePublished\":\"2026-04-27T16:56:46+00:00\",\"breadcrumb\":{\"@id\":\"https:\\\/\\\/afogadosfm.com.br\\\/afogadosfm\\\/2026\\\/04\\\/27\\\/justica-eleitoral-cassa-mandato-de-sandrinho-e-daniel-em-afogados\\\/#breadcrumb\"},\"inLanguage\":\"pt-BR\",\"potentialAction\":[{\"@type\":\"ReadAction\",\"target\":[\"https:\\\/\\\/afogadosfm.com.br\\\/afogadosfm\\\/2026\\\/04\\\/27\\\/justica-eleitoral-cassa-mandato-de-sandrinho-e-daniel-em-afogados\\\/\"]}]},{\"@type\":\"ImageObject\",\"inLanguage\":\"pt-BR\",\"@id\":\"https:\\\/\\\/afogadosfm.com.br\\\/afogadosfm\\\/2026\\\/04\\\/27\\\/justica-eleitoral-cassa-mandato-de-sandrinho-e-daniel-em-afogados\\\/#primaryimage\",\"url\":\"https:\\\/\\\/i0.wp.com\\\/afogadosfm.com.br\\\/afogadosfm\\\/wp-content\\\/uploads\\\/2021\\\/05\\\/sandrinhoedaniel.jpg?fit=768%2C500&ssl=1\",\"contentUrl\":\"https:\\\/\\\/i0.wp.com\\\/afogadosfm.com.br\\\/afogadosfm\\\/wp-content\\\/uploads\\\/2021\\\/05\\\/sandrinhoedaniel.jpg?fit=768%2C500&ssl=1\",\"width\":768,\"height\":500},{\"@type\":\"BreadcrumbList\",\"@id\":\"https:\\\/\\\/afogadosfm.com.br\\\/afogadosfm\\\/2026\\\/04\\\/27\\\/justica-eleitoral-cassa-mandato-de-sandrinho-e-daniel-em-afogados\\\/#breadcrumb\",\"itemListElement\":[{\"@type\":\"ListItem\",\"position\":1,\"name\":\"In\u00edcio\",\"item\":\"https:\\\/\\\/afogadosfm.com.br\\\/afogadosfm\\\/\"},{\"@type\":\"ListItem\",\"position\":2,\"name\":\"Justi\u00e7a Eleitoral cassa mandato de Sandrinho e Daniel em Afogados\"}]},{\"@type\":\"WebSite\",\"@id\":\"https:\\\/\\\/afogadosfm.com.br\\\/afogadosfm\\\/#website\",\"url\":\"https:\\\/\\\/afogadosfm.com.br\\\/afogadosfm\\\/\",\"name\":\"Afogados FM\",\"description\":\"Um site completo!\",\"publisher\":{\"@id\":\"https:\\\/\\\/afogadosfm.com.br\\\/afogadosfm\\\/#organization\"},\"potentialAction\":[{\"@type\":\"SearchAction\",\"target\":{\"@type\":\"EntryPoint\",\"urlTemplate\":\"https:\\\/\\\/afogadosfm.com.br\\\/afogadosfm\\\/?s={search_term_string}\"},\"query-input\":{\"@type\":\"PropertyValueSpecification\",\"valueRequired\":true,\"valueName\":\"search_term_string\"}}],\"inLanguage\":\"pt-BR\"},{\"@type\":\"Organization\",\"@id\":\"https:\\\/\\\/afogadosfm.com.br\\\/afogadosfm\\\/#organization\",\"name\":\"Afogados FM\",\"url\":\"https:\\\/\\\/afogadosfm.com.br\\\/afogadosfm\\\/\",\"logo\":{\"@type\":\"ImageObject\",\"inLanguage\":\"pt-BR\",\"@id\":\"https:\\\/\\\/afogadosfm.com.br\\\/afogadosfm\\\/#\\\/schema\\\/logo\\\/image\\\/\",\"url\":\"https:\\\/\\\/i0.wp.com\\\/afogadosfm.com.br\\\/afogadosfm\\\/wp-content\\\/uploads\\\/2020\\\/06\\\/cropped-banner-afogados-4.jpg?fit=369%2C137&ssl=1\",\"contentUrl\":\"https:\\\/\\\/i0.wp.com\\\/afogadosfm.com.br\\\/afogadosfm\\\/wp-content\\\/uploads\\\/2020\\\/06\\\/cropped-banner-afogados-4.jpg?fit=369%2C137&ssl=1\",\"width\":369,\"height\":137,\"caption\":\"Afogados FM\"},\"image\":{\"@id\":\"https:\\\/\\\/afogadosfm.com.br\\\/afogadosfm\\\/#\\\/schema\\\/logo\\\/image\\\/\"}},{\"@type\":\"Person\",\"@id\":\"https:\\\/\\\/afogadosfm.com.br\\\/afogadosfm\\\/#\\\/schema\\\/person\\\/60e56f2cf5dc960fc093fe093d9e9057\",\"name\":\"afogadosfm\",\"image\":{\"@type\":\"ImageObject\",\"inLanguage\":\"pt-BR\",\"@id\":\"https:\\\/\\\/secure.gravatar.com\\\/avatar\\\/e0359add7ed5dc3560906d861b52c6a8cf5c1e199d3a7dd85070998f49bd4701?s=96&d=mm&r=g\",\"url\":\"https:\\\/\\\/secure.gravatar.com\\\/avatar\\\/e0359add7ed5dc3560906d861b52c6a8cf5c1e199d3a7dd85070998f49bd4701?s=96&d=mm&r=g\",\"contentUrl\":\"https:\\\/\\\/secure.gravatar.com\\\/avatar\\\/e0359add7ed5dc3560906d861b52c6a8cf5c1e199d3a7dd85070998f49bd4701?s=96&d=mm&r=g\",\"caption\":\"afogadosfm\"},\"url\":\"https:\\\/\\\/afogadosfm.com.br\\\/afogadosfm\\\/author\\\/afogadosfm\\\/\"}]}<\/script>\n<!-- \/ Yoast SEO plugin. -->","yoast_head_json":{"title":"Justi\u00e7a Eleitoral cassa mandato de Sandrinho e Daniel em Afogados - Afogados FM","robots":{"index":"index","follow":"follow","max-snippet":"max-snippet:-1","max-image-preview":"max-image-preview:large","max-video-preview":"max-video-preview:-1"},"canonical":"https:\/\/afogadosfm.com.br\/afogadosfm\/2026\/04\/27\/justica-eleitoral-cassa-mandato-de-sandrinho-e-daniel-em-afogados\/","og_locale":"pt_BR","og_type":"article","og_title":"Justi\u00e7a Eleitoral cassa mandato de Sandrinho e Daniel em Afogados - Afogados FM","og_description":"O Juiz Eleitoral em Substitui\u00e7\u00e3o Jos\u00e9 Anast\u00e1cio Guimar\u00e3es Figueiredo Correia, da 66\u00aa zona, acaba de cassar em primeira inst\u00e2ncia pela","og_url":"https:\/\/afogadosfm.com.br\/afogadosfm\/2026\/04\/27\/justica-eleitoral-cassa-mandato-de-sandrinho-e-daniel-em-afogados\/","og_site_name":"Afogados FM","article_published_time":"2026-04-27T16:56:46+00:00","og_image":[{"width":768,"height":500,"url":"https:\/\/afogadosfm.com.br\/afogadosfm\/wp-content\/uploads\/2021\/05\/sandrinhoedaniel.jpg","type":"image\/jpeg"}],"author":"afogadosfm","twitter_card":"summary_large_image","twitter_misc":{"Escrito por":"afogadosfm","Est. tempo de leitura":"2 minutos"},"schema":{"@context":"https:\/\/schema.org","@graph":[{"@type":"Article","@id":"https:\/\/afogadosfm.com.br\/afogadosfm\/2026\/04\/27\/justica-eleitoral-cassa-mandato-de-sandrinho-e-daniel-em-afogados\/#article","isPartOf":{"@id":"https:\/\/afogadosfm.com.br\/afogadosfm\/2026\/04\/27\/justica-eleitoral-cassa-mandato-de-sandrinho-e-daniel-em-afogados\/"},"author":{"name":"afogadosfm","@id":"https:\/\/afogadosfm.com.br\/afogadosfm\/#\/schema\/person\/60e56f2cf5dc960fc093fe093d9e9057"},"headline":"Justi\u00e7a Eleitoral cassa mandato de Sandrinho e Daniel em Afogados","datePublished":"2026-04-27T16:56:46+00:00","mainEntityOfPage":{"@id":"https:\/\/afogadosfm.com.br\/afogadosfm\/2026\/04\/27\/justica-eleitoral-cassa-mandato-de-sandrinho-e-daniel-em-afogados\/"},"wordCount":351,"commentCount":0,"publisher":{"@id":"https:\/\/afogadosfm.com.br\/afogadosfm\/#organization"},"image":{"@id":"https:\/\/afogadosfm.com.br\/afogadosfm\/2026\/04\/27\/justica-eleitoral-cassa-mandato-de-sandrinho-e-daniel-em-afogados\/#primaryimage"},"thumbnailUrl":"https:\/\/i0.wp.com\/afogadosfm.com.br\/afogadosfm\/wp-content\/uploads\/2021\/05\/sandrinhoedaniel.jpg?fit=768%2C500&ssl=1","articleSection":["Pol\u00edtica"],"inLanguage":"pt-BR","potentialAction":[{"@type":"CommentAction","name":"Comment","target":["https:\/\/afogadosfm.com.br\/afogadosfm\/2026\/04\/27\/justica-eleitoral-cassa-mandato-de-sandrinho-e-daniel-em-afogados\/#respond"]}]},{"@type":"WebPage","@id":"https:\/\/afogadosfm.com.br\/afogadosfm\/2026\/04\/27\/justica-eleitoral-cassa-mandato-de-sandrinho-e-daniel-em-afogados\/","url":"https:\/\/afogadosfm.com.br\/afogadosfm\/2026\/04\/27\/justica-eleitoral-cassa-mandato-de-sandrinho-e-daniel-em-afogados\/","name":"Justi\u00e7a Eleitoral cassa mandato de Sandrinho e Daniel em Afogados - Afogados FM","isPartOf":{"@id":"https:\/\/afogadosfm.com.br\/afogadosfm\/#website"},"primaryImageOfPage":{"@id":"https:\/\/afogadosfm.com.br\/afogadosfm\/2026\/04\/27\/justica-eleitoral-cassa-mandato-de-sandrinho-e-daniel-em-afogados\/#primaryimage"},"image":{"@id":"https:\/\/afogadosfm.com.br\/afogadosfm\/2026\/04\/27\/justica-eleitoral-cassa-mandato-de-sandrinho-e-daniel-em-afogados\/#primaryimage"},"thumbnailUrl":"https:\/\/i0.wp.com\/afogadosfm.com.br\/afogadosfm\/wp-content\/uploads\/2021\/05\/sandrinhoedaniel.jpg?fit=768%2C500&ssl=1","datePublished":"2026-04-27T16:56:46+00:00","breadcrumb":{"@id":"https:\/\/afogadosfm.com.br\/afogadosfm\/2026\/04\/27\/justica-eleitoral-cassa-mandato-de-sandrinho-e-daniel-em-afogados\/#breadcrumb"},"inLanguage":"pt-BR","potentialAction":[{"@type":"ReadAction","target":["https:\/\/afogadosfm.com.br\/afogadosfm\/2026\/04\/27\/justica-eleitoral-cassa-mandato-de-sandrinho-e-daniel-em-afogados\/"]}]},{"@type":"ImageObject","inLanguage":"pt-BR","@id":"https:\/\/afogadosfm.com.br\/afogadosfm\/2026\/04\/27\/justica-eleitoral-cassa-mandato-de-sandrinho-e-daniel-em-afogados\/#primaryimage","url":"https:\/\/i0.wp.com\/afogadosfm.com.br\/afogadosfm\/wp-content\/uploads\/2021\/05\/sandrinhoedaniel.jpg?fit=768%2C500&ssl=1","contentUrl":"https:\/\/i0.wp.com\/afogadosfm.com.br\/afogadosfm\/wp-content\/uploads\/2021\/05\/sandrinhoedaniel.jpg?fit=768%2C500&ssl=1","width":768,"height":500},{"@type":"BreadcrumbList","@id":"https:\/\/afogadosfm.com.br\/afogadosfm\/2026\/04\/27\/justica-eleitoral-cassa-mandato-de-sandrinho-e-daniel-em-afogados\/#breadcrumb","itemListElement":[{"@type":"ListItem","position":1,"name":"In\u00edcio","item":"https:\/\/afogadosfm.com.br\/afogadosfm\/"},{"@type":"ListItem","position":2,"name":"Justi\u00e7a Eleitoral cassa mandato de Sandrinho e Daniel em Afogados"}]},{"@type":"WebSite","@id":"https:\/\/afogadosfm.com.br\/afogadosfm\/#website","url":"https:\/\/afogadosfm.com.br\/afogadosfm\/","name":"Afogados FM","description":"Um site completo!","publisher":{"@id":"https:\/\/afogadosfm.com.br\/afogadosfm\/#organization"},"potentialAction":[{"@type":"SearchAction","target":{"@type":"EntryPoint","urlTemplate":"https:\/\/afogadosfm.com.br\/afogadosfm\/?s={search_term_string}"},"query-input":{"@type":"PropertyValueSpecification","valueRequired":true,"valueName":"search_term_string"}}],"inLanguage":"pt-BR"},{"@type":"Organization","@id":"https:\/\/afogadosfm.com.br\/afogadosfm\/#organization","name":"Afogados FM","url":"https:\/\/afogadosfm.com.br\/afogadosfm\/","logo":{"@type":"ImageObject","inLanguage":"pt-BR","@id":"https:\/\/afogadosfm.com.br\/afogadosfm\/#\/schema\/logo\/image\/","url":"https:\/\/i0.wp.com\/afogadosfm.com.br\/afogadosfm\/wp-content\/uploads\/2020\/06\/cropped-banner-afogados-4.jpg?fit=369%2C137&ssl=1","contentUrl":"https:\/\/i0.wp.com\/afogadosfm.com.br\/afogadosfm\/wp-content\/uploads\/2020\/06\/cropped-banner-afogados-4.jpg?fit=369%2C137&ssl=1","width":369,"height":137,"caption":"Afogados FM"},"image":{"@id":"https:\/\/afogadosfm.com.br\/afogadosfm\/#\/schema\/logo\/image\/"}},{"@type":"Person","@id":"https:\/\/afogadosfm.com.br\/afogadosfm\/#\/schema\/person\/60e56f2cf5dc960fc093fe093d9e9057","name":"afogadosfm","image":{"@type":"ImageObject","inLanguage":"pt-BR","@id":"https:\/\/secure.gravatar.com\/avatar\/e0359add7ed5dc3560906d861b52c6a8cf5c1e199d3a7dd85070998f49bd4701?s=96&d=mm&r=g","url":"https:\/\/secure.gravatar.com\/avatar\/e0359add7ed5dc3560906d861b52c6a8cf5c1e199d3a7dd85070998f49bd4701?s=96&d=mm&r=g","contentUrl":"https:\/\/secure.gravatar.com\/avatar\/e0359add7ed5dc3560906d861b52c6a8cf5c1e199d3a7dd85070998f49bd4701?s=96&d=mm&r=g","caption":"afogadosfm"},"url":"https:\/\/afogadosfm.com.br\/afogadosfm\/author\/afogadosfm\/"}]}},"jetpack_publicize_connections":[],"jetpack_featured_media_url":"https:\/\/i0.wp.com\/afogadosfm.com.br\/afogadosfm\/wp-content\/uploads\/2021\/05\/sandrinhoedaniel.jpg?fit=768%2C500&ssl=1","jetpack-related-posts":[],"jetpack_sharing_enabled":true,"jetpack_likes_enabled":true,"_links":{"self":[{"href":"https:\/\/afogadosfm.com.br\/afogadosfm\/wp-json\/wp\/v2\/posts\/73982","targetHints":{"allow":["GET"]}}],"collection":[{"href":"https:\/\/afogadosfm.com.br\/afogadosfm\/wp-json\/wp\/v2\/posts"}],"about":[{"href":"https:\/\/afogadosfm.com.br\/afogadosfm\/wp-json\/wp\/v2\/types\/post"}],"author":[{"embeddable":true,"href":"https:\/\/afogadosfm.com.br\/afogadosfm\/wp-json\/wp\/v2\/users\/2"}],"replies":[{"embeddable":true,"href":"https:\/\/afogadosfm.com.br\/afogadosfm\/wp-json\/wp\/v2\/comments?post=73982"}],"version-history":[{"count":1,"href":"https:\/\/afogadosfm.com.br\/afogadosfm\/wp-json\/wp\/v2\/posts\/73982\/revisions"}],"predecessor-version":[{"id":73983,"href":"https:\/\/afogadosfm.com.br\/afogadosfm\/wp-json\/wp\/v2\/posts\/73982\/revisions\/73983"}],"wp:featuredmedia":[{"embeddable":true,"href":"https:\/\/afogadosfm.com.br\/afogadosfm\/wp-json\/wp\/v2\/media\/26789"}],"wp:attachment":[{"href":"https:\/\/afogadosfm.com.br\/afogadosfm\/wp-json\/wp\/v2\/media?parent=73982"}],"wp:term":[{"taxonomy":"category","embeddable":true,"href":"https:\/\/afogadosfm.com.br\/afogadosfm\/wp-json\/wp\/v2\/categories?post=73982"},{"taxonomy":"post_tag","embeddable":true,"href":"https:\/\/afogadosfm.com.br\/afogadosfm\/wp-json\/wp\/v2\/tags?post=73982"}],"curies":[{"name":"wp","href":"https:\/\/api.w.org\/{rel}","templated":true}]}}