{"id":73990,"date":"2026-04-28T06:00:57","date_gmt":"2026-04-28T09:00:57","guid":{"rendered":"https:\/\/afogadosfm.com.br\/afogadosfm\/?p=73990"},"modified":"2026-04-28T06:00:57","modified_gmt":"2026-04-28T09:00:57","slug":"desenrola-brasil-2-0-permitira-uso-do-fgts-para-renegociacao-de-divida","status":"publish","type":"post","link":"https:\/\/afogadosfm.com.br\/afogadosfm\/2026\/04\/28\/desenrola-brasil-2-0-permitira-uso-do-fgts-para-renegociacao-de-divida\/","title":{"rendered":"Desenrola Brasil 2.0 permitir\u00e1 uso do FGTS para renegocia\u00e7\u00e3o de d\u00edvida"},"content":{"rendered":"<p>O governo federal deve anunciar ainda esta semana uma nova etapa do programa Desenrola Brasil 2.0, com uma medida in\u00e9dita: o uso do FGTS para ajudar brasileiros a renegociar d\u00edvidas.<\/p>\n<p>O novo Desenrola ter\u00e1 foco na redu\u00e7\u00e3o da inadimpl\u00eancia, principalmente em d\u00edvidas com juros elevados, como cart\u00e3o de cr\u00e9dito, cheque especial e cr\u00e9dito direto ao consumidor. Hoje, essas taxas podem chegar a 10% ao m\u00eas, o que dificulta a sa\u00edda das fam\u00edlias do endividamento.<\/p>\n<p>A informa\u00e7\u00e3o foi confirmada pelo ministro da Fazenda, Dario Durigan, ap\u00f3s reuni\u00f5es com representantes dos principais bancos do pa\u00eds, em S\u00e3o Paulo. Segundo o ministro, o saque do FGTS ter\u00e1 limite e ser\u00e1 condicionado ao pagamento das d\u00edvidas dentro do programa.<\/p>\n<p>Em troca, o governo exigir\u00e1 dos bancos juros mais baixos e descontos que podem chegar a 90% do valor das d\u00edvidas, como explicou o ministro Durigan:<\/p>\n<p>\u201cO que a gente est\u00e1 exigindo \u00e9 que haja uma taxa de juros muito menor do que a praticada nesses tr\u00eas segmentos, que s\u00e3o cr\u00e9ditos caros que as pessoas t\u00eam que tomar no Brasil, tanto cart\u00e3o de cr\u00e9dito, quanto o cr\u00e9dito pessoal sem garantia, quanto o cheque especial. Ent\u00e3o, voc\u00ea est\u00e1 falando de taxas de juros que variam de 6% a 10% ao m\u00eas. A gente vai chegar a descontos de at\u00e9 90% nesse programa.\u201d<\/p>\n<p>Para viabilizar as renegocia\u00e7\u00f5es, o programa contar\u00e1 tamb\u00e9m com recursos do Fundo Garantidor de Opera\u00e7\u00f5es, ampliando a seguran\u00e7a para bancos e consumidores.<\/p>\n<p>Apesar da abrang\u00eancia, o ministro refor\u00e7ou que a iniciativa \u00e9 excepcional e n\u00e3o ser\u00e1 recorrente. A previs\u00e3o \u00e9 de que dezenas de milh\u00f5es de brasileiros sejam beneficiados.<\/p>\n<p>A proposta est\u00e1 em fase final de negocia\u00e7\u00e3o e deve ser apresentada ao presidente Luiz In\u00e1cio Lula da Silva nos pr\u00f3ximos dias.<\/p>\n<p>Na primeira edi\u00e7\u00e3o do programa, em 2023, cerca de 15 milh\u00f5es de pessoas renegociaram mais de R$ 53 bilh\u00f5es em d\u00edvidas.<\/p>\n","protected":false},"excerpt":{"rendered":"<p>O governo federal deve anunciar ainda esta semana uma nova etapa do programa Desenrola Brasil 2.0, com uma medida in\u00e9dita:<\/p>\n","protected":false},"author":2,"featured_media":36861,"comment_status":"open","ping_status":"open","sticky":false,"template":"","format":"standard","meta":{"jetpack_post_was_ever_published":false,"_jetpack_newsletter_access":"","_jetpack_dont_email_post_to_subs":false,"_jetpack_newsletter_tier_id":0,"_jetpack_memberships_contains_paywalled_content":false,"_jetpack_memberships_contains_paid_content":false,"footnotes":"","jetpack_publicize_message":"","jetpack_publicize_feature_enabled":true,"jetpack_social_post_already_shared":true,"jetpack_social_options":{"image_generator_settings":{"template":"highway","default_image_id":0,"font":"","enabled":false},"version":2}},"categories":[12],"tags":[],"class_list":["post-73990","post","type-post","status-publish","format-standard","has-post-thumbnail","hentry","category-brasil"],"yoast_head":"<!-- This site is optimized with the Yoast SEO plugin v27.5 - https:\/\/yoast.com\/product\/yoast-seo-wordpress\/ -->\n<title>Desenrola Brasil 2.0 permitir\u00e1 uso do FGTS para renegocia\u00e7\u00e3o de d\u00edvida - Afogados FM<\/title>\n<meta name=\"robots\" content=\"index, follow, max-snippet:-1, max-image-preview:large, max-video-preview:-1\" \/>\n<link rel=\"canonical\" href=\"https:\/\/afogadosfm.com.br\/afogadosfm\/2026\/04\/28\/desenrola-brasil-2-0-permitira-uso-do-fgts-para-renegociacao-de-divida\/\" \/>\n<meta property=\"og:locale\" content=\"pt_BR\" \/>\n<meta property=\"og:type\" content=\"article\" \/>\n<meta property=\"og:title\" content=\"Desenrola Brasil 2.0 permitir\u00e1 uso do FGTS para renegocia\u00e7\u00e3o de d\u00edvida - Afogados FM\" \/>\n<meta property=\"og:description\" content=\"O governo federal deve anunciar ainda esta semana uma nova etapa do programa Desenrola Brasil 2.0, com uma medida in\u00e9dita:\" \/>\n<meta property=\"og:url\" content=\"https:\/\/afogadosfm.com.br\/afogadosfm\/2026\/04\/28\/desenrola-brasil-2-0-permitira-uso-do-fgts-para-renegociacao-de-divida\/\" \/>\n<meta property=\"og:site_name\" content=\"Afogados FM\" \/>\n<meta property=\"article:published_time\" content=\"2026-04-28T09:00:57+00:00\" \/>\n<meta property=\"og:image\" content=\"https:\/\/afogadosfm.com.br\/afogadosfm\/wp-content\/uploads\/2022\/04\/fgts.jpg\" \/>\n\t<meta property=\"og:image:width\" content=\"1170\" \/>\n\t<meta property=\"og:image:height\" content=\"700\" \/>\n\t<meta property=\"og:image:type\" content=\"image\/jpeg\" \/>\n<meta name=\"author\" content=\"afogadosfm\" \/>\n<meta name=\"twitter:card\" content=\"summary_large_image\" \/>\n<meta name=\"twitter:label1\" content=\"Escrito por\" \/>\n\t<meta name=\"twitter:data1\" content=\"afogadosfm\" \/>\n\t<meta name=\"twitter:label2\" content=\"Est. tempo de leitura\" \/>\n\t<meta name=\"twitter:data2\" content=\"2 minutos\" \/>\n<script type=\"application\/ld+json\" class=\"yoast-schema-graph\">{\"@context\":\"https:\\\/\\\/schema.org\",\"@graph\":[{\"@type\":\"Article\",\"@id\":\"https:\\\/\\\/afogadosfm.com.br\\\/afogadosfm\\\/2026\\\/04\\\/28\\\/desenrola-brasil-2-0-permitira-uso-do-fgts-para-renegociacao-de-divida\\\/#article\",\"isPartOf\":{\"@id\":\"https:\\\/\\\/afogadosfm.com.br\\\/afogadosfm\\\/2026\\\/04\\\/28\\\/desenrola-brasil-2-0-permitira-uso-do-fgts-para-renegociacao-de-divida\\\/\"},\"author\":{\"name\":\"afogadosfm\",\"@id\":\"https:\\\/\\\/afogadosfm.com.br\\\/afogadosfm\\\/#\\\/schema\\\/person\\\/60e56f2cf5dc960fc093fe093d9e9057\"},\"headline\":\"Desenrola Brasil 2.0 permitir\u00e1 uso do FGTS para renegocia\u00e7\u00e3o de d\u00edvida\",\"datePublished\":\"2026-04-28T09:00:57+00:00\",\"mainEntityOfPage\":{\"@id\":\"https:\\\/\\\/afogadosfm.com.br\\\/afogadosfm\\\/2026\\\/04\\\/28\\\/desenrola-brasil-2-0-permitira-uso-do-fgts-para-renegociacao-de-divida\\\/\"},\"wordCount\":351,\"commentCount\":0,\"publisher\":{\"@id\":\"https:\\\/\\\/afogadosfm.com.br\\\/afogadosfm\\\/#organization\"},\"image\":{\"@id\":\"https:\\\/\\\/afogadosfm.com.br\\\/afogadosfm\\\/2026\\\/04\\\/28\\\/desenrola-brasil-2-0-permitira-uso-do-fgts-para-renegociacao-de-divida\\\/#primaryimage\"},\"thumbnailUrl\":\"https:\\\/\\\/i0.wp.com\\\/afogadosfm.com.br\\\/afogadosfm\\\/wp-content\\\/uploads\\\/2022\\\/04\\\/fgts.jpg?fit=1170%2C700&ssl=1\",\"articleSection\":[\"Brasil\"],\"inLanguage\":\"pt-BR\",\"potentialAction\":[{\"@type\":\"CommentAction\",\"name\":\"Comment\",\"target\":[\"https:\\\/\\\/afogadosfm.com.br\\\/afogadosfm\\\/2026\\\/04\\\/28\\\/desenrola-brasil-2-0-permitira-uso-do-fgts-para-renegociacao-de-divida\\\/#respond\"]}]},{\"@type\":\"WebPage\",\"@id\":\"https:\\\/\\\/afogadosfm.com.br\\\/afogadosfm\\\/2026\\\/04\\\/28\\\/desenrola-brasil-2-0-permitira-uso-do-fgts-para-renegociacao-de-divida\\\/\",\"url\":\"https:\\\/\\\/afogadosfm.com.br\\\/afogadosfm\\\/2026\\\/04\\\/28\\\/desenrola-brasil-2-0-permitira-uso-do-fgts-para-renegociacao-de-divida\\\/\",\"name\":\"Desenrola Brasil 2.0 permitir\u00e1 uso do FGTS para renegocia\u00e7\u00e3o de d\u00edvida - Afogados FM\",\"isPartOf\":{\"@id\":\"https:\\\/\\\/afogadosfm.com.br\\\/afogadosfm\\\/#website\"},\"primaryImageOfPage\":{\"@id\":\"https:\\\/\\\/afogadosfm.com.br\\\/afogadosfm\\\/2026\\\/04\\\/28\\\/desenrola-brasil-2-0-permitira-uso-do-fgts-para-renegociacao-de-divida\\\/#primaryimage\"},\"image\":{\"@id\":\"https:\\\/\\\/afogadosfm.com.br\\\/afogadosfm\\\/2026\\\/04\\\/28\\\/desenrola-brasil-2-0-permitira-uso-do-fgts-para-renegociacao-de-divida\\\/#primaryimage\"},\"thumbnailUrl\":\"https:\\\/\\\/i0.wp.com\\\/afogadosfm.com.br\\\/afogadosfm\\\/wp-content\\\/uploads\\\/2022\\\/04\\\/fgts.jpg?fit=1170%2C700&ssl=1\",\"datePublished\":\"2026-04-28T09:00:57+00:00\",\"breadcrumb\":{\"@id\":\"https:\\\/\\\/afogadosfm.com.br\\\/afogadosfm\\\/2026\\\/04\\\/28\\\/desenrola-brasil-2-0-permitira-uso-do-fgts-para-renegociacao-de-divida\\\/#breadcrumb\"},\"inLanguage\":\"pt-BR\",\"potentialAction\":[{\"@type\":\"ReadAction\",\"target\":[\"https:\\\/\\\/afogadosfm.com.br\\\/afogadosfm\\\/2026\\\/04\\\/28\\\/desenrola-brasil-2-0-permitira-uso-do-fgts-para-renegociacao-de-divida\\\/\"]}]},{\"@type\":\"ImageObject\",\"inLanguage\":\"pt-BR\",\"@id\":\"https:\\\/\\\/afogadosfm.com.br\\\/afogadosfm\\\/2026\\\/04\\\/28\\\/desenrola-brasil-2-0-permitira-uso-do-fgts-para-renegociacao-de-divida\\\/#primaryimage\",\"url\":\"https:\\\/\\\/i0.wp.com\\\/afogadosfm.com.br\\\/afogadosfm\\\/wp-content\\\/uploads\\\/2022\\\/04\\\/fgts.jpg?fit=1170%2C700&ssl=1\",\"contentUrl\":\"https:\\\/\\\/i0.wp.com\\\/afogadosfm.com.br\\\/afogadosfm\\\/wp-content\\\/uploads\\\/2022\\\/04\\\/fgts.jpg?fit=1170%2C700&ssl=1\",\"width\":1170,\"height\":700,\"caption\":\"Aplicativo Caixa Econ\u00f4mica Federal- FGTS.\"},{\"@type\":\"BreadcrumbList\",\"@id\":\"https:\\\/\\\/afogadosfm.com.br\\\/afogadosfm\\\/2026\\\/04\\\/28\\\/desenrola-brasil-2-0-permitira-uso-do-fgts-para-renegociacao-de-divida\\\/#breadcrumb\",\"itemListElement\":[{\"@type\":\"ListItem\",\"position\":1,\"name\":\"In\u00edcio\",\"item\":\"https:\\\/\\\/afogadosfm.com.br\\\/afogadosfm\\\/\"},{\"@type\":\"ListItem\",\"position\":2,\"name\":\"Desenrola Brasil 2.0 permitir\u00e1 uso do FGTS para renegocia\u00e7\u00e3o de d\u00edvida\"}]},{\"@type\":\"WebSite\",\"@id\":\"https:\\\/\\\/afogadosfm.com.br\\\/afogadosfm\\\/#website\",\"url\":\"https:\\\/\\\/afogadosfm.com.br\\\/afogadosfm\\\/\",\"name\":\"Afogados FM\",\"description\":\"Um site completo!\",\"publisher\":{\"@id\":\"https:\\\/\\\/afogadosfm.com.br\\\/afogadosfm\\\/#organization\"},\"potentialAction\":[{\"@type\":\"SearchAction\",\"target\":{\"@type\":\"EntryPoint\",\"urlTemplate\":\"https:\\\/\\\/afogadosfm.com.br\\\/afogadosfm\\\/?s={search_term_string}\"},\"query-input\":{\"@type\":\"PropertyValueSpecification\",\"valueRequired\":true,\"valueName\":\"search_term_string\"}}],\"inLanguage\":\"pt-BR\"},{\"@type\":\"Organization\",\"@id\":\"https:\\\/\\\/afogadosfm.com.br\\\/afogadosfm\\\/#organization\",\"name\":\"Afogados FM\",\"url\":\"https:\\\/\\\/afogadosfm.com.br\\\/afogadosfm\\\/\",\"logo\":{\"@type\":\"ImageObject\",\"inLanguage\":\"pt-BR\",\"@id\":\"https:\\\/\\\/afogadosfm.com.br\\\/afogadosfm\\\/#\\\/schema\\\/logo\\\/image\\\/\",\"url\":\"https:\\\/\\\/i0.wp.com\\\/afogadosfm.com.br\\\/afogadosfm\\\/wp-content\\\/uploads\\\/2020\\\/06\\\/cropped-banner-afogados-4.jpg?fit=369%2C137&ssl=1\",\"contentUrl\":\"https:\\\/\\\/i0.wp.com\\\/afogadosfm.com.br\\\/afogadosfm\\\/wp-content\\\/uploads\\\/2020\\\/06\\\/cropped-banner-afogados-4.jpg?fit=369%2C137&ssl=1\",\"width\":369,\"height\":137,\"caption\":\"Afogados FM\"},\"image\":{\"@id\":\"https:\\\/\\\/afogadosfm.com.br\\\/afogadosfm\\\/#\\\/schema\\\/logo\\\/image\\\/\"}},{\"@type\":\"Person\",\"@id\":\"https:\\\/\\\/afogadosfm.com.br\\\/afogadosfm\\\/#\\\/schema\\\/person\\\/60e56f2cf5dc960fc093fe093d9e9057\",\"name\":\"afogadosfm\",\"image\":{\"@type\":\"ImageObject\",\"inLanguage\":\"pt-BR\",\"@id\":\"https:\\\/\\\/secure.gravatar.com\\\/avatar\\\/e0359add7ed5dc3560906d861b52c6a8cf5c1e199d3a7dd85070998f49bd4701?s=96&d=mm&r=g\",\"url\":\"https:\\\/\\\/secure.gravatar.com\\\/avatar\\\/e0359add7ed5dc3560906d861b52c6a8cf5c1e199d3a7dd85070998f49bd4701?s=96&d=mm&r=g\",\"contentUrl\":\"https:\\\/\\\/secure.gravatar.com\\\/avatar\\\/e0359add7ed5dc3560906d861b52c6a8cf5c1e199d3a7dd85070998f49bd4701?s=96&d=mm&r=g\",\"caption\":\"afogadosfm\"},\"url\":\"https:\\\/\\\/afogadosfm.com.br\\\/afogadosfm\\\/author\\\/afogadosfm\\\/\"}]}<\/script>\n<!-- \/ Yoast SEO plugin. -->","yoast_head_json":{"title":"Desenrola Brasil 2.0 permitir\u00e1 uso do FGTS para renegocia\u00e7\u00e3o de d\u00edvida - Afogados FM","robots":{"index":"index","follow":"follow","max-snippet":"max-snippet:-1","max-image-preview":"max-image-preview:large","max-video-preview":"max-video-preview:-1"},"canonical":"https:\/\/afogadosfm.com.br\/afogadosfm\/2026\/04\/28\/desenrola-brasil-2-0-permitira-uso-do-fgts-para-renegociacao-de-divida\/","og_locale":"pt_BR","og_type":"article","og_title":"Desenrola Brasil 2.0 permitir\u00e1 uso do FGTS para renegocia\u00e7\u00e3o de d\u00edvida - Afogados FM","og_description":"O governo federal deve anunciar ainda esta semana uma nova etapa do programa Desenrola Brasil 2.0, com uma medida in\u00e9dita:","og_url":"https:\/\/afogadosfm.com.br\/afogadosfm\/2026\/04\/28\/desenrola-brasil-2-0-permitira-uso-do-fgts-para-renegociacao-de-divida\/","og_site_name":"Afogados FM","article_published_time":"2026-04-28T09:00:57+00:00","og_image":[{"width":1170,"height":700,"url":"https:\/\/afogadosfm.com.br\/afogadosfm\/wp-content\/uploads\/2022\/04\/fgts.jpg","type":"image\/jpeg"}],"author":"afogadosfm","twitter_card":"summary_large_image","twitter_misc":{"Escrito por":"afogadosfm","Est. tempo de leitura":"2 minutos"},"schema":{"@context":"https:\/\/schema.org","@graph":[{"@type":"Article","@id":"https:\/\/afogadosfm.com.br\/afogadosfm\/2026\/04\/28\/desenrola-brasil-2-0-permitira-uso-do-fgts-para-renegociacao-de-divida\/#article","isPartOf":{"@id":"https:\/\/afogadosfm.com.br\/afogadosfm\/2026\/04\/28\/desenrola-brasil-2-0-permitira-uso-do-fgts-para-renegociacao-de-divida\/"},"author":{"name":"afogadosfm","@id":"https:\/\/afogadosfm.com.br\/afogadosfm\/#\/schema\/person\/60e56f2cf5dc960fc093fe093d9e9057"},"headline":"Desenrola Brasil 2.0 permitir\u00e1 uso do FGTS para renegocia\u00e7\u00e3o de d\u00edvida","datePublished":"2026-04-28T09:00:57+00:00","mainEntityOfPage":{"@id":"https:\/\/afogadosfm.com.br\/afogadosfm\/2026\/04\/28\/desenrola-brasil-2-0-permitira-uso-do-fgts-para-renegociacao-de-divida\/"},"wordCount":351,"commentCount":0,"publisher":{"@id":"https:\/\/afogadosfm.com.br\/afogadosfm\/#organization"},"image":{"@id":"https:\/\/afogadosfm.com.br\/afogadosfm\/2026\/04\/28\/desenrola-brasil-2-0-permitira-uso-do-fgts-para-renegociacao-de-divida\/#primaryimage"},"thumbnailUrl":"https:\/\/i0.wp.com\/afogadosfm.com.br\/afogadosfm\/wp-content\/uploads\/2022\/04\/fgts.jpg?fit=1170%2C700&ssl=1","articleSection":["Brasil"],"inLanguage":"pt-BR","potentialAction":[{"@type":"CommentAction","name":"Comment","target":["https:\/\/afogadosfm.com.br\/afogadosfm\/2026\/04\/28\/desenrola-brasil-2-0-permitira-uso-do-fgts-para-renegociacao-de-divida\/#respond"]}]},{"@type":"WebPage","@id":"https:\/\/afogadosfm.com.br\/afogadosfm\/2026\/04\/28\/desenrola-brasil-2-0-permitira-uso-do-fgts-para-renegociacao-de-divida\/","url":"https:\/\/afogadosfm.com.br\/afogadosfm\/2026\/04\/28\/desenrola-brasil-2-0-permitira-uso-do-fgts-para-renegociacao-de-divida\/","name":"Desenrola Brasil 2.0 permitir\u00e1 uso do FGTS para renegocia\u00e7\u00e3o de d\u00edvida - Afogados FM","isPartOf":{"@id":"https:\/\/afogadosfm.com.br\/afogadosfm\/#website"},"primaryImageOfPage":{"@id":"https:\/\/afogadosfm.com.br\/afogadosfm\/2026\/04\/28\/desenrola-brasil-2-0-permitira-uso-do-fgts-para-renegociacao-de-divida\/#primaryimage"},"image":{"@id":"https:\/\/afogadosfm.com.br\/afogadosfm\/2026\/04\/28\/desenrola-brasil-2-0-permitira-uso-do-fgts-para-renegociacao-de-divida\/#primaryimage"},"thumbnailUrl":"https:\/\/i0.wp.com\/afogadosfm.com.br\/afogadosfm\/wp-content\/uploads\/2022\/04\/fgts.jpg?fit=1170%2C700&ssl=1","datePublished":"2026-04-28T09:00:57+00:00","breadcrumb":{"@id":"https:\/\/afogadosfm.com.br\/afogadosfm\/2026\/04\/28\/desenrola-brasil-2-0-permitira-uso-do-fgts-para-renegociacao-de-divida\/#breadcrumb"},"inLanguage":"pt-BR","potentialAction":[{"@type":"ReadAction","target":["https:\/\/afogadosfm.com.br\/afogadosfm\/2026\/04\/28\/desenrola-brasil-2-0-permitira-uso-do-fgts-para-renegociacao-de-divida\/"]}]},{"@type":"ImageObject","inLanguage":"pt-BR","@id":"https:\/\/afogadosfm.com.br\/afogadosfm\/2026\/04\/28\/desenrola-brasil-2-0-permitira-uso-do-fgts-para-renegociacao-de-divida\/#primaryimage","url":"https:\/\/i0.wp.com\/afogadosfm.com.br\/afogadosfm\/wp-content\/uploads\/2022\/04\/fgts.jpg?fit=1170%2C700&ssl=1","contentUrl":"https:\/\/i0.wp.com\/afogadosfm.com.br\/afogadosfm\/wp-content\/uploads\/2022\/04\/fgts.jpg?fit=1170%2C700&ssl=1","width":1170,"height":700,"caption":"Aplicativo Caixa Econ\u00f4mica Federal- FGTS."},{"@type":"BreadcrumbList","@id":"https:\/\/afogadosfm.com.br\/afogadosfm\/2026\/04\/28\/desenrola-brasil-2-0-permitira-uso-do-fgts-para-renegociacao-de-divida\/#breadcrumb","itemListElement":[{"@type":"ListItem","position":1,"name":"In\u00edcio","item":"https:\/\/afogadosfm.com.br\/afogadosfm\/"},{"@type":"ListItem","position":2,"name":"Desenrola Brasil 2.0 permitir\u00e1 uso do FGTS para renegocia\u00e7\u00e3o de d\u00edvida"}]},{"@type":"WebSite","@id":"https:\/\/afogadosfm.com.br\/afogadosfm\/#website","url":"https:\/\/afogadosfm.com.br\/afogadosfm\/","name":"Afogados FM","description":"Um site completo!","publisher":{"@id":"https:\/\/afogadosfm.com.br\/afogadosfm\/#organization"},"potentialAction":[{"@type":"SearchAction","target":{"@type":"EntryPoint","urlTemplate":"https:\/\/afogadosfm.com.br\/afogadosfm\/?s={search_term_string}"},"query-input":{"@type":"PropertyValueSpecification","valueRequired":true,"valueName":"search_term_string"}}],"inLanguage":"pt-BR"},{"@type":"Organization","@id":"https:\/\/afogadosfm.com.br\/afogadosfm\/#organization","name":"Afogados FM","url":"https:\/\/afogadosfm.com.br\/afogadosfm\/","logo":{"@type":"ImageObject","inLanguage":"pt-BR","@id":"https:\/\/afogadosfm.com.br\/afogadosfm\/#\/schema\/logo\/image\/","url":"https:\/\/i0.wp.com\/afogadosfm.com.br\/afogadosfm\/wp-content\/uploads\/2020\/06\/cropped-banner-afogados-4.jpg?fit=369%2C137&ssl=1","contentUrl":"https:\/\/i0.wp.com\/afogadosfm.com.br\/afogadosfm\/wp-content\/uploads\/2020\/06\/cropped-banner-afogados-4.jpg?fit=369%2C137&ssl=1","width":369,"height":137,"caption":"Afogados FM"},"image":{"@id":"https:\/\/afogadosfm.com.br\/afogadosfm\/#\/schema\/logo\/image\/"}},{"@type":"Person","@id":"https:\/\/afogadosfm.com.br\/afogadosfm\/#\/schema\/person\/60e56f2cf5dc960fc093fe093d9e9057","name":"afogadosfm","image":{"@type":"ImageObject","inLanguage":"pt-BR","@id":"https:\/\/secure.gravatar.com\/avatar\/e0359add7ed5dc3560906d861b52c6a8cf5c1e199d3a7dd85070998f49bd4701?s=96&d=mm&r=g","url":"https:\/\/secure.gravatar.com\/avatar\/e0359add7ed5dc3560906d861b52c6a8cf5c1e199d3a7dd85070998f49bd4701?s=96&d=mm&r=g","contentUrl":"https:\/\/secure.gravatar.com\/avatar\/e0359add7ed5dc3560906d861b52c6a8cf5c1e199d3a7dd85070998f49bd4701?s=96&d=mm&r=g","caption":"afogadosfm"},"url":"https:\/\/afogadosfm.com.br\/afogadosfm\/author\/afogadosfm\/"}]}},"jetpack_publicize_connections":[],"jetpack_featured_media_url":"https:\/\/i0.wp.com\/afogadosfm.com.br\/afogadosfm\/wp-content\/uploads\/2022\/04\/fgts.jpg?fit=1170%2C700&ssl=1","jetpack-related-posts":[],"jetpack_sharing_enabled":true,"jetpack_likes_enabled":true,"_links":{"self":[{"href":"https:\/\/afogadosfm.com.br\/afogadosfm\/wp-json\/wp\/v2\/posts\/73990","targetHints":{"allow":["GET"]}}],"collection":[{"href":"https:\/\/afogadosfm.com.br\/afogadosfm\/wp-json\/wp\/v2\/posts"}],"about":[{"href":"https:\/\/afogadosfm.com.br\/afogadosfm\/wp-json\/wp\/v2\/types\/post"}],"author":[{"embeddable":true,"href":"https:\/\/afogadosfm.com.br\/afogadosfm\/wp-json\/wp\/v2\/users\/2"}],"replies":[{"embeddable":true,"href":"https:\/\/afogadosfm.com.br\/afogadosfm\/wp-json\/wp\/v2\/comments?post=73990"}],"version-history":[{"count":1,"href":"https:\/\/afogadosfm.com.br\/afogadosfm\/wp-json\/wp\/v2\/posts\/73990\/revisions"}],"predecessor-version":[{"id":73991,"href":"https:\/\/afogadosfm.com.br\/afogadosfm\/wp-json\/wp\/v2\/posts\/73990\/revisions\/73991"}],"wp:featuredmedia":[{"embeddable":true,"href":"https:\/\/afogadosfm.com.br\/afogadosfm\/wp-json\/wp\/v2\/media\/36861"}],"wp:attachment":[{"href":"https:\/\/afogadosfm.com.br\/afogadosfm\/wp-json\/wp\/v2\/media?parent=73990"}],"wp:term":[{"taxonomy":"category","embeddable":true,"href":"https:\/\/afogadosfm.com.br\/afogadosfm\/wp-json\/wp\/v2\/categories?post=73990"},{"taxonomy":"post_tag","embeddable":true,"href":"https:\/\/afogadosfm.com.br\/afogadosfm\/wp-json\/wp\/v2\/tags?post=73990"}],"curies":[{"name":"wp","href":"https:\/\/api.w.org\/{rel}","templated":true}]}}