{"id":73996,"date":"2026-04-28T06:11:28","date_gmt":"2026-04-28T09:11:28","guid":{"rendered":"https:\/\/afogadosfm.com.br\/afogadosfm\/?p=73996"},"modified":"2026-04-28T06:11:48","modified_gmt":"2026-04-28T09:11:48","slug":"prefeitura-de-afogados-leva-produtos-de-empreendedores-ao-congresso-da-amupe","status":"publish","type":"post","link":"https:\/\/afogadosfm.com.br\/afogadosfm\/2026\/04\/28\/prefeitura-de-afogados-leva-produtos-de-empreendedores-ao-congresso-da-amupe\/","title":{"rendered":"Prefeitura de Afogados leva produtos de empreendedores ao congresso da Amupe"},"content":{"rendered":"<div>O 9\u00b0 Congresso da Amupe \u00e9 uma importante vitrine de apresenta\u00e7\u00e3o do que \u00e9 produzido nos munic\u00edpios. Para se ter uma ideia, no ano passado, todos os produtos expostos \u00a0no estande da Prefeitura de Afogados, foram comercializados, gerando renda para os empreendedores.<\/div>\n<p>A expectativa para esse ano n\u00e3o \u00e9 diferente. No estande podem ser encontrados produtos de agricultores familiares inseridos no projeto \u201cZona rural sem fronteiras: empreender \u00e9 poss\u00edvel,\u201d que consiste em agregar valor a produtos como mel, frutas e castanhas, transformando-os em biscoitos, doces e geleias.<\/p>\n<p>J\u00e1 a tradi\u00e7\u00e3o cultural de Afogados est\u00e1 representada pela exposi\u00e7\u00e3o do trabalho do artista pl\u00e1stico Edgley Brito, com m\u00e1scaras de tabaqueiro, im\u00e3s de geladeira, esculturas em papel mach\u00ea, pratos pintados com temas sertanejos, dentre outros.<\/p>\n<p>\u201cSempre buscamos, nos congressos da Amupe, expor produtos que traduzam a riqueza e a diversidade do trabalho de nossos empreendedores, abrindo espa\u00e7o tamb\u00e9m para a comercializa\u00e7\u00e3o desses produtos, gerando renda para quem empreende,\u201d destacou Ney Quidute, secret\u00e1rio de desenvolvimento econ\u00f4mico de Afogados da Ingazeira.<\/p>\n<p><img data-recalc-dims=\"1\" loading=\"lazy\" decoding=\"async\" class=\"alignnone size-medium wp-image-74001\" src=\"https:\/\/i0.wp.com\/afogadosfm.com.br\/afogadosfm\/wp-content\/uploads\/2026\/04\/amup2-3.jpeg?resize=300%2C200&#038;ssl=1\" alt=\"\" width=\"300\" height=\"200\" srcset=\"https:\/\/i0.wp.com\/afogadosfm.com.br\/afogadosfm\/wp-content\/uploads\/2026\/04\/amup2-3.jpeg?resize=300%2C200&amp;ssl=1 300w, https:\/\/i0.wp.com\/afogadosfm.com.br\/afogadosfm\/wp-content\/uploads\/2026\/04\/amup2-3.jpeg?resize=1024%2C683&amp;ssl=1 1024w, https:\/\/i0.wp.com\/afogadosfm.com.br\/afogadosfm\/wp-content\/uploads\/2026\/04\/amup2-3.jpeg?resize=768%2C512&amp;ssl=1 768w, https:\/\/i0.wp.com\/afogadosfm.com.br\/afogadosfm\/wp-content\/uploads\/2026\/04\/amup2-3.jpeg?resize=120%2C80&amp;ssl=1 120w, https:\/\/i0.wp.com\/afogadosfm.com.br\/afogadosfm\/wp-content\/uploads\/2026\/04\/amup2-3.jpeg?w=1280&amp;ssl=1 1280w\" sizes=\"auto, (max-width: 300px) 100vw, 300px\" \/><\/p>\n<p>Presen\u00e7a dos vereadores C\u00e9sar Ten\u00f3rio, Douglas Eletricista, Reinaldo Lima, Gal Mariano, Lucineide Cordeiro e Simone da feira.<\/p>\n","protected":false},"excerpt":{"rendered":"<p>O 9\u00b0 Congresso da Amupe \u00e9 uma importante vitrine de apresenta\u00e7\u00e3o do que \u00e9 produzido nos munic\u00edpios. Para se ter<\/p>\n","protected":false},"author":2,"featured_media":74000,"comment_status":"open","ping_status":"open","sticky":false,"template":"","format":"standard","meta":{"jetpack_post_was_ever_published":false,"_jetpack_newsletter_access":"","_jetpack_dont_email_post_to_subs":false,"_jetpack_newsletter_tier_id":0,"_jetpack_memberships_contains_paywalled_content":false,"_jetpack_memberships_contains_paid_content":false,"footnotes":"","jetpack_publicize_message":"","jetpack_publicize_feature_enabled":true,"jetpack_social_post_already_shared":true,"jetpack_social_options":{"image_generator_settings":{"template":"highway","default_image_id":0,"font":"","enabled":false},"version":2}},"categories":[14],"tags":[],"class_list":["post-73996","post","type-post","status-publish","format-standard","has-post-thumbnail","hentry","category-afogados-da-ingazeira"],"yoast_head":"<!-- This site is optimized with the Yoast SEO plugin v27.5 - https:\/\/yoast.com\/product\/yoast-seo-wordpress\/ -->\n<title>Prefeitura de Afogados leva produtos de empreendedores ao congresso da Amupe - Afogados FM<\/title>\n<meta name=\"robots\" content=\"index, follow, max-snippet:-1, max-image-preview:large, max-video-preview:-1\" \/>\n<link rel=\"canonical\" href=\"https:\/\/afogadosfm.com.br\/afogadosfm\/2026\/04\/28\/prefeitura-de-afogados-leva-produtos-de-empreendedores-ao-congresso-da-amupe\/\" \/>\n<meta property=\"og:locale\" content=\"pt_BR\" \/>\n<meta property=\"og:type\" content=\"article\" \/>\n<meta property=\"og:title\" content=\"Prefeitura de Afogados leva produtos de empreendedores ao congresso da Amupe - Afogados FM\" \/>\n<meta property=\"og:description\" content=\"O 9\u00b0 Congresso da Amupe \u00e9 uma importante vitrine de apresenta\u00e7\u00e3o do que \u00e9 produzido nos munic\u00edpios. Para se ter\" \/>\n<meta property=\"og:url\" content=\"https:\/\/afogadosfm.com.br\/afogadosfm\/2026\/04\/28\/prefeitura-de-afogados-leva-produtos-de-empreendedores-ao-congresso-da-amupe\/\" \/>\n<meta property=\"og:site_name\" content=\"Afogados FM\" \/>\n<meta property=\"article:published_time\" content=\"2026-04-28T09:11:28+00:00\" \/>\n<meta property=\"article:modified_time\" content=\"2026-04-28T09:11:48+00:00\" \/>\n<meta property=\"og:image\" content=\"https:\/\/afogadosfm.com.br\/afogadosfm\/wp-content\/uploads\/2026\/04\/amup2-2.jpeg\" \/>\n\t<meta property=\"og:image:width\" content=\"1280\" \/>\n\t<meta property=\"og:image:height\" content=\"854\" \/>\n\t<meta property=\"og:image:type\" content=\"image\/jpeg\" \/>\n<meta name=\"author\" content=\"afogadosfm\" \/>\n<meta name=\"twitter:card\" content=\"summary_large_image\" \/>\n<meta name=\"twitter:label1\" content=\"Escrito por\" \/>\n\t<meta name=\"twitter:data1\" content=\"afogadosfm\" \/>\n\t<meta name=\"twitter:label2\" content=\"Est. tempo de leitura\" \/>\n\t<meta name=\"twitter:data2\" content=\"2 minutos\" \/>\n<script type=\"application\/ld+json\" class=\"yoast-schema-graph\">{\"@context\":\"https:\\\/\\\/schema.org\",\"@graph\":[{\"@type\":\"Article\",\"@id\":\"https:\\\/\\\/afogadosfm.com.br\\\/afogadosfm\\\/2026\\\/04\\\/28\\\/prefeitura-de-afogados-leva-produtos-de-empreendedores-ao-congresso-da-amupe\\\/#article\",\"isPartOf\":{\"@id\":\"https:\\\/\\\/afogadosfm.com.br\\\/afogadosfm\\\/2026\\\/04\\\/28\\\/prefeitura-de-afogados-leva-produtos-de-empreendedores-ao-congresso-da-amupe\\\/\"},\"author\":{\"name\":\"afogadosfm\",\"@id\":\"https:\\\/\\\/afogadosfm.com.br\\\/afogadosfm\\\/#\\\/schema\\\/person\\\/60e56f2cf5dc960fc093fe093d9e9057\"},\"headline\":\"Prefeitura de Afogados leva produtos de empreendedores ao congresso da Amupe\",\"datePublished\":\"2026-04-28T09:11:28+00:00\",\"dateModified\":\"2026-04-28T09:11:48+00:00\",\"mainEntityOfPage\":{\"@id\":\"https:\\\/\\\/afogadosfm.com.br\\\/afogadosfm\\\/2026\\\/04\\\/28\\\/prefeitura-de-afogados-leva-produtos-de-empreendedores-ao-congresso-da-amupe\\\/\"},\"wordCount\":206,\"commentCount\":0,\"publisher\":{\"@id\":\"https:\\\/\\\/afogadosfm.com.br\\\/afogadosfm\\\/#organization\"},\"image\":{\"@id\":\"https:\\\/\\\/afogadosfm.com.br\\\/afogadosfm\\\/2026\\\/04\\\/28\\\/prefeitura-de-afogados-leva-produtos-de-empreendedores-ao-congresso-da-amupe\\\/#primaryimage\"},\"thumbnailUrl\":\"https:\\\/\\\/i0.wp.com\\\/afogadosfm.com.br\\\/afogadosfm\\\/wp-content\\\/uploads\\\/2026\\\/04\\\/amup2-2.jpeg?fit=1280%2C854&ssl=1\",\"articleSection\":[\"Afogados da Ingazeira\"],\"inLanguage\":\"pt-BR\",\"potentialAction\":[{\"@type\":\"CommentAction\",\"name\":\"Comment\",\"target\":[\"https:\\\/\\\/afogadosfm.com.br\\\/afogadosfm\\\/2026\\\/04\\\/28\\\/prefeitura-de-afogados-leva-produtos-de-empreendedores-ao-congresso-da-amupe\\\/#respond\"]}]},{\"@type\":\"WebPage\",\"@id\":\"https:\\\/\\\/afogadosfm.com.br\\\/afogadosfm\\\/2026\\\/04\\\/28\\\/prefeitura-de-afogados-leva-produtos-de-empreendedores-ao-congresso-da-amupe\\\/\",\"url\":\"https:\\\/\\\/afogadosfm.com.br\\\/afogadosfm\\\/2026\\\/04\\\/28\\\/prefeitura-de-afogados-leva-produtos-de-empreendedores-ao-congresso-da-amupe\\\/\",\"name\":\"Prefeitura de Afogados leva produtos de empreendedores ao congresso da Amupe - Afogados FM\",\"isPartOf\":{\"@id\":\"https:\\\/\\\/afogadosfm.com.br\\\/afogadosfm\\\/#website\"},\"primaryImageOfPage\":{\"@id\":\"https:\\\/\\\/afogadosfm.com.br\\\/afogadosfm\\\/2026\\\/04\\\/28\\\/prefeitura-de-afogados-leva-produtos-de-empreendedores-ao-congresso-da-amupe\\\/#primaryimage\"},\"image\":{\"@id\":\"https:\\\/\\\/afogadosfm.com.br\\\/afogadosfm\\\/2026\\\/04\\\/28\\\/prefeitura-de-afogados-leva-produtos-de-empreendedores-ao-congresso-da-amupe\\\/#primaryimage\"},\"thumbnailUrl\":\"https:\\\/\\\/i0.wp.com\\\/afogadosfm.com.br\\\/afogadosfm\\\/wp-content\\\/uploads\\\/2026\\\/04\\\/amup2-2.jpeg?fit=1280%2C854&ssl=1\",\"datePublished\":\"2026-04-28T09:11:28+00:00\",\"dateModified\":\"2026-04-28T09:11:48+00:00\",\"breadcrumb\":{\"@id\":\"https:\\\/\\\/afogadosfm.com.br\\\/afogadosfm\\\/2026\\\/04\\\/28\\\/prefeitura-de-afogados-leva-produtos-de-empreendedores-ao-congresso-da-amupe\\\/#breadcrumb\"},\"inLanguage\":\"pt-BR\",\"potentialAction\":[{\"@type\":\"ReadAction\",\"target\":[\"https:\\\/\\\/afogadosfm.com.br\\\/afogadosfm\\\/2026\\\/04\\\/28\\\/prefeitura-de-afogados-leva-produtos-de-empreendedores-ao-congresso-da-amupe\\\/\"]}]},{\"@type\":\"ImageObject\",\"inLanguage\":\"pt-BR\",\"@id\":\"https:\\\/\\\/afogadosfm.com.br\\\/afogadosfm\\\/2026\\\/04\\\/28\\\/prefeitura-de-afogados-leva-produtos-de-empreendedores-ao-congresso-da-amupe\\\/#primaryimage\",\"url\":\"https:\\\/\\\/i0.wp.com\\\/afogadosfm.com.br\\\/afogadosfm\\\/wp-content\\\/uploads\\\/2026\\\/04\\\/amup2-2.jpeg?fit=1280%2C854&ssl=1\",\"contentUrl\":\"https:\\\/\\\/i0.wp.com\\\/afogadosfm.com.br\\\/afogadosfm\\\/wp-content\\\/uploads\\\/2026\\\/04\\\/amup2-2.jpeg?fit=1280%2C854&ssl=1\",\"width\":1280,\"height\":854},{\"@type\":\"BreadcrumbList\",\"@id\":\"https:\\\/\\\/afogadosfm.com.br\\\/afogadosfm\\\/2026\\\/04\\\/28\\\/prefeitura-de-afogados-leva-produtos-de-empreendedores-ao-congresso-da-amupe\\\/#breadcrumb\",\"itemListElement\":[{\"@type\":\"ListItem\",\"position\":1,\"name\":\"In\u00edcio\",\"item\":\"https:\\\/\\\/afogadosfm.com.br\\\/afogadosfm\\\/\"},{\"@type\":\"ListItem\",\"position\":2,\"name\":\"Prefeitura de Afogados leva produtos de empreendedores ao congresso da Amupe\"}]},{\"@type\":\"WebSite\",\"@id\":\"https:\\\/\\\/afogadosfm.com.br\\\/afogadosfm\\\/#website\",\"url\":\"https:\\\/\\\/afogadosfm.com.br\\\/afogadosfm\\\/\",\"name\":\"Afogados FM\",\"description\":\"Um site completo!\",\"publisher\":{\"@id\":\"https:\\\/\\\/afogadosfm.com.br\\\/afogadosfm\\\/#organization\"},\"potentialAction\":[{\"@type\":\"SearchAction\",\"target\":{\"@type\":\"EntryPoint\",\"urlTemplate\":\"https:\\\/\\\/afogadosfm.com.br\\\/afogadosfm\\\/?s={search_term_string}\"},\"query-input\":{\"@type\":\"PropertyValueSpecification\",\"valueRequired\":true,\"valueName\":\"search_term_string\"}}],\"inLanguage\":\"pt-BR\"},{\"@type\":\"Organization\",\"@id\":\"https:\\\/\\\/afogadosfm.com.br\\\/afogadosfm\\\/#organization\",\"name\":\"Afogados FM\",\"url\":\"https:\\\/\\\/afogadosfm.com.br\\\/afogadosfm\\\/\",\"logo\":{\"@type\":\"ImageObject\",\"inLanguage\":\"pt-BR\",\"@id\":\"https:\\\/\\\/afogadosfm.com.br\\\/afogadosfm\\\/#\\\/schema\\\/logo\\\/image\\\/\",\"url\":\"https:\\\/\\\/i0.wp.com\\\/afogadosfm.com.br\\\/afogadosfm\\\/wp-content\\\/uploads\\\/2020\\\/06\\\/cropped-banner-afogados-4.jpg?fit=369%2C137&ssl=1\",\"contentUrl\":\"https:\\\/\\\/i0.wp.com\\\/afogadosfm.com.br\\\/afogadosfm\\\/wp-content\\\/uploads\\\/2020\\\/06\\\/cropped-banner-afogados-4.jpg?fit=369%2C137&ssl=1\",\"width\":369,\"height\":137,\"caption\":\"Afogados FM\"},\"image\":{\"@id\":\"https:\\\/\\\/afogadosfm.com.br\\\/afogadosfm\\\/#\\\/schema\\\/logo\\\/image\\\/\"}},{\"@type\":\"Person\",\"@id\":\"https:\\\/\\\/afogadosfm.com.br\\\/afogadosfm\\\/#\\\/schema\\\/person\\\/60e56f2cf5dc960fc093fe093d9e9057\",\"name\":\"afogadosfm\",\"image\":{\"@type\":\"ImageObject\",\"inLanguage\":\"pt-BR\",\"@id\":\"https:\\\/\\\/secure.gravatar.com\\\/avatar\\\/e0359add7ed5dc3560906d861b52c6a8cf5c1e199d3a7dd85070998f49bd4701?s=96&d=mm&r=g\",\"url\":\"https:\\\/\\\/secure.gravatar.com\\\/avatar\\\/e0359add7ed5dc3560906d861b52c6a8cf5c1e199d3a7dd85070998f49bd4701?s=96&d=mm&r=g\",\"contentUrl\":\"https:\\\/\\\/secure.gravatar.com\\\/avatar\\\/e0359add7ed5dc3560906d861b52c6a8cf5c1e199d3a7dd85070998f49bd4701?s=96&d=mm&r=g\",\"caption\":\"afogadosfm\"},\"url\":\"https:\\\/\\\/afogadosfm.com.br\\\/afogadosfm\\\/author\\\/afogadosfm\\\/\"}]}<\/script>\n<!-- \/ Yoast SEO plugin. -->","yoast_head_json":{"title":"Prefeitura de Afogados leva produtos de empreendedores ao congresso da Amupe - Afogados FM","robots":{"index":"index","follow":"follow","max-snippet":"max-snippet:-1","max-image-preview":"max-image-preview:large","max-video-preview":"max-video-preview:-1"},"canonical":"https:\/\/afogadosfm.com.br\/afogadosfm\/2026\/04\/28\/prefeitura-de-afogados-leva-produtos-de-empreendedores-ao-congresso-da-amupe\/","og_locale":"pt_BR","og_type":"article","og_title":"Prefeitura de Afogados leva produtos de empreendedores ao congresso da Amupe - Afogados FM","og_description":"O 9\u00b0 Congresso da Amupe \u00e9 uma importante vitrine de apresenta\u00e7\u00e3o do que \u00e9 produzido nos munic\u00edpios. Para se ter","og_url":"https:\/\/afogadosfm.com.br\/afogadosfm\/2026\/04\/28\/prefeitura-de-afogados-leva-produtos-de-empreendedores-ao-congresso-da-amupe\/","og_site_name":"Afogados FM","article_published_time":"2026-04-28T09:11:28+00:00","article_modified_time":"2026-04-28T09:11:48+00:00","og_image":[{"width":1280,"height":854,"url":"https:\/\/afogadosfm.com.br\/afogadosfm\/wp-content\/uploads\/2026\/04\/amup2-2.jpeg","type":"image\/jpeg"}],"author":"afogadosfm","twitter_card":"summary_large_image","twitter_misc":{"Escrito por":"afogadosfm","Est. tempo de leitura":"2 minutos"},"schema":{"@context":"https:\/\/schema.org","@graph":[{"@type":"Article","@id":"https:\/\/afogadosfm.com.br\/afogadosfm\/2026\/04\/28\/prefeitura-de-afogados-leva-produtos-de-empreendedores-ao-congresso-da-amupe\/#article","isPartOf":{"@id":"https:\/\/afogadosfm.com.br\/afogadosfm\/2026\/04\/28\/prefeitura-de-afogados-leva-produtos-de-empreendedores-ao-congresso-da-amupe\/"},"author":{"name":"afogadosfm","@id":"https:\/\/afogadosfm.com.br\/afogadosfm\/#\/schema\/person\/60e56f2cf5dc960fc093fe093d9e9057"},"headline":"Prefeitura de Afogados leva produtos de empreendedores ao congresso da Amupe","datePublished":"2026-04-28T09:11:28+00:00","dateModified":"2026-04-28T09:11:48+00:00","mainEntityOfPage":{"@id":"https:\/\/afogadosfm.com.br\/afogadosfm\/2026\/04\/28\/prefeitura-de-afogados-leva-produtos-de-empreendedores-ao-congresso-da-amupe\/"},"wordCount":206,"commentCount":0,"publisher":{"@id":"https:\/\/afogadosfm.com.br\/afogadosfm\/#organization"},"image":{"@id":"https:\/\/afogadosfm.com.br\/afogadosfm\/2026\/04\/28\/prefeitura-de-afogados-leva-produtos-de-empreendedores-ao-congresso-da-amupe\/#primaryimage"},"thumbnailUrl":"https:\/\/i0.wp.com\/afogadosfm.com.br\/afogadosfm\/wp-content\/uploads\/2026\/04\/amup2-2.jpeg?fit=1280%2C854&ssl=1","articleSection":["Afogados da Ingazeira"],"inLanguage":"pt-BR","potentialAction":[{"@type":"CommentAction","name":"Comment","target":["https:\/\/afogadosfm.com.br\/afogadosfm\/2026\/04\/28\/prefeitura-de-afogados-leva-produtos-de-empreendedores-ao-congresso-da-amupe\/#respond"]}]},{"@type":"WebPage","@id":"https:\/\/afogadosfm.com.br\/afogadosfm\/2026\/04\/28\/prefeitura-de-afogados-leva-produtos-de-empreendedores-ao-congresso-da-amupe\/","url":"https:\/\/afogadosfm.com.br\/afogadosfm\/2026\/04\/28\/prefeitura-de-afogados-leva-produtos-de-empreendedores-ao-congresso-da-amupe\/","name":"Prefeitura de Afogados leva produtos de empreendedores ao congresso da Amupe - Afogados FM","isPartOf":{"@id":"https:\/\/afogadosfm.com.br\/afogadosfm\/#website"},"primaryImageOfPage":{"@id":"https:\/\/afogadosfm.com.br\/afogadosfm\/2026\/04\/28\/prefeitura-de-afogados-leva-produtos-de-empreendedores-ao-congresso-da-amupe\/#primaryimage"},"image":{"@id":"https:\/\/afogadosfm.com.br\/afogadosfm\/2026\/04\/28\/prefeitura-de-afogados-leva-produtos-de-empreendedores-ao-congresso-da-amupe\/#primaryimage"},"thumbnailUrl":"https:\/\/i0.wp.com\/afogadosfm.com.br\/afogadosfm\/wp-content\/uploads\/2026\/04\/amup2-2.jpeg?fit=1280%2C854&ssl=1","datePublished":"2026-04-28T09:11:28+00:00","dateModified":"2026-04-28T09:11:48+00:00","breadcrumb":{"@id":"https:\/\/afogadosfm.com.br\/afogadosfm\/2026\/04\/28\/prefeitura-de-afogados-leva-produtos-de-empreendedores-ao-congresso-da-amupe\/#breadcrumb"},"inLanguage":"pt-BR","potentialAction":[{"@type":"ReadAction","target":["https:\/\/afogadosfm.com.br\/afogadosfm\/2026\/04\/28\/prefeitura-de-afogados-leva-produtos-de-empreendedores-ao-congresso-da-amupe\/"]}]},{"@type":"ImageObject","inLanguage":"pt-BR","@id":"https:\/\/afogadosfm.com.br\/afogadosfm\/2026\/04\/28\/prefeitura-de-afogados-leva-produtos-de-empreendedores-ao-congresso-da-amupe\/#primaryimage","url":"https:\/\/i0.wp.com\/afogadosfm.com.br\/afogadosfm\/wp-content\/uploads\/2026\/04\/amup2-2.jpeg?fit=1280%2C854&ssl=1","contentUrl":"https:\/\/i0.wp.com\/afogadosfm.com.br\/afogadosfm\/wp-content\/uploads\/2026\/04\/amup2-2.jpeg?fit=1280%2C854&ssl=1","width":1280,"height":854},{"@type":"BreadcrumbList","@id":"https:\/\/afogadosfm.com.br\/afogadosfm\/2026\/04\/28\/prefeitura-de-afogados-leva-produtos-de-empreendedores-ao-congresso-da-amupe\/#breadcrumb","itemListElement":[{"@type":"ListItem","position":1,"name":"In\u00edcio","item":"https:\/\/afogadosfm.com.br\/afogadosfm\/"},{"@type":"ListItem","position":2,"name":"Prefeitura de Afogados leva produtos de empreendedores ao congresso da Amupe"}]},{"@type":"WebSite","@id":"https:\/\/afogadosfm.com.br\/afogadosfm\/#website","url":"https:\/\/afogadosfm.com.br\/afogadosfm\/","name":"Afogados FM","description":"Um site completo!","publisher":{"@id":"https:\/\/afogadosfm.com.br\/afogadosfm\/#organization"},"potentialAction":[{"@type":"SearchAction","target":{"@type":"EntryPoint","urlTemplate":"https:\/\/afogadosfm.com.br\/afogadosfm\/?s={search_term_string}"},"query-input":{"@type":"PropertyValueSpecification","valueRequired":true,"valueName":"search_term_string"}}],"inLanguage":"pt-BR"},{"@type":"Organization","@id":"https:\/\/afogadosfm.com.br\/afogadosfm\/#organization","name":"Afogados FM","url":"https:\/\/afogadosfm.com.br\/afogadosfm\/","logo":{"@type":"ImageObject","inLanguage":"pt-BR","@id":"https:\/\/afogadosfm.com.br\/afogadosfm\/#\/schema\/logo\/image\/","url":"https:\/\/i0.wp.com\/afogadosfm.com.br\/afogadosfm\/wp-content\/uploads\/2020\/06\/cropped-banner-afogados-4.jpg?fit=369%2C137&ssl=1","contentUrl":"https:\/\/i0.wp.com\/afogadosfm.com.br\/afogadosfm\/wp-content\/uploads\/2020\/06\/cropped-banner-afogados-4.jpg?fit=369%2C137&ssl=1","width":369,"height":137,"caption":"Afogados FM"},"image":{"@id":"https:\/\/afogadosfm.com.br\/afogadosfm\/#\/schema\/logo\/image\/"}},{"@type":"Person","@id":"https:\/\/afogadosfm.com.br\/afogadosfm\/#\/schema\/person\/60e56f2cf5dc960fc093fe093d9e9057","name":"afogadosfm","image":{"@type":"ImageObject","inLanguage":"pt-BR","@id":"https:\/\/secure.gravatar.com\/avatar\/e0359add7ed5dc3560906d861b52c6a8cf5c1e199d3a7dd85070998f49bd4701?s=96&d=mm&r=g","url":"https:\/\/secure.gravatar.com\/avatar\/e0359add7ed5dc3560906d861b52c6a8cf5c1e199d3a7dd85070998f49bd4701?s=96&d=mm&r=g","contentUrl":"https:\/\/secure.gravatar.com\/avatar\/e0359add7ed5dc3560906d861b52c6a8cf5c1e199d3a7dd85070998f49bd4701?s=96&d=mm&r=g","caption":"afogadosfm"},"url":"https:\/\/afogadosfm.com.br\/afogadosfm\/author\/afogadosfm\/"}]}},"jetpack_publicize_connections":[],"jetpack_featured_media_url":"https:\/\/i0.wp.com\/afogadosfm.com.br\/afogadosfm\/wp-content\/uploads\/2026\/04\/amup2-2.jpeg?fit=1280%2C854&ssl=1","jetpack-related-posts":[],"jetpack_sharing_enabled":true,"jetpack_likes_enabled":true,"_links":{"self":[{"href":"https:\/\/afogadosfm.com.br\/afogadosfm\/wp-json\/wp\/v2\/posts\/73996","targetHints":{"allow":["GET"]}}],"collection":[{"href":"https:\/\/afogadosfm.com.br\/afogadosfm\/wp-json\/wp\/v2\/posts"}],"about":[{"href":"https:\/\/afogadosfm.com.br\/afogadosfm\/wp-json\/wp\/v2\/types\/post"}],"author":[{"embeddable":true,"href":"https:\/\/afogadosfm.com.br\/afogadosfm\/wp-json\/wp\/v2\/users\/2"}],"replies":[{"embeddable":true,"href":"https:\/\/afogadosfm.com.br\/afogadosfm\/wp-json\/wp\/v2\/comments?post=73996"}],"version-history":[{"count":1,"href":"https:\/\/afogadosfm.com.br\/afogadosfm\/wp-json\/wp\/v2\/posts\/73996\/revisions"}],"predecessor-version":[{"id":74002,"href":"https:\/\/afogadosfm.com.br\/afogadosfm\/wp-json\/wp\/v2\/posts\/73996\/revisions\/74002"}],"wp:featuredmedia":[{"embeddable":true,"href":"https:\/\/afogadosfm.com.br\/afogadosfm\/wp-json\/wp\/v2\/media\/74000"}],"wp:attachment":[{"href":"https:\/\/afogadosfm.com.br\/afogadosfm\/wp-json\/wp\/v2\/media?parent=73996"}],"wp:term":[{"taxonomy":"category","embeddable":true,"href":"https:\/\/afogadosfm.com.br\/afogadosfm\/wp-json\/wp\/v2\/categories?post=73996"},{"taxonomy":"post_tag","embeddable":true,"href":"https:\/\/afogadosfm.com.br\/afogadosfm\/wp-json\/wp\/v2\/tags?post=73996"}],"curies":[{"name":"wp","href":"https:\/\/api.w.org\/{rel}","templated":true}]}}