{"id":74003,"date":"2026-04-28T06:19:32","date_gmt":"2026-04-28T09:19:32","guid":{"rendered":"https:\/\/afogadosfm.com.br\/afogadosfm\/?p=74003"},"modified":"2026-04-28T06:19:32","modified_gmt":"2026-04-28T09:19:32","slug":"pe-motociclistas-acidentados-geram-custo-de-r-244-milhoes-ao-sus","status":"publish","type":"post","link":"https:\/\/afogadosfm.com.br\/afogadosfm\/2026\/04\/28\/pe-motociclistas-acidentados-geram-custo-de-r-244-milhoes-ao-sus\/","title":{"rendered":"PE: Motociclistas acidentados geram custo de R$ 24,4 milh\u00f5es ao SUS"},"content":{"rendered":"<div>Os atendimentos a v\u00edtimas de acidentes de motocicleta nos hospitais p\u00fablicos de Pernambuco custaram R$ 24,4 milh\u00f5es aos cofres do Sistema \u00danico de Sa\u00fade (SUS) entre os anos de 2023 e 2025. Os dados foram obtidos com exclusividade pelo Diario de Pernambuco junto ao Minist\u00e9rio da Sa\u00fade e evidenciam o impacto financeiro e social dos sinistros envolvendo motos no estado.<\/div>\n<p>De acordo com o Minist\u00e9rio da Sa\u00fade, a m\u00e9dia anual de gastos chega a R$ 8,1 milh\u00f5es. Em 2025, o custo foi de R$ 9 milh\u00f5es, enquanto em 2024 os investimentos alcan\u00e7aram R$ 10,4 milh\u00f5es no tratamento de pacientes v\u00edtimas desse tipo de acidente.<\/p>\n<p>Para efeito de compara\u00e7\u00e3o, o montante total gasto no per\u00edodo seria suficiente para a constru\u00e7\u00e3o de mais de 20 Unidades B\u00e1sicas de Sa\u00fade (UBS), considerando par\u00e2metros de custos divulgados pela pr\u00f3pria pasta. O dado refor\u00e7a o peso que os acidentes de tr\u00e2nsito, especialmente com motociclistas, exercem sobre o sistema p\u00fablico de sa\u00fade.<\/p>\n<p>Em \u00e2mbito nacional, a situa\u00e7\u00e3o tamb\u00e9m \u00e9 preocupante. Levantamento divulgado em 2025 pelo governo federal aponta que as interna\u00e7\u00f5es de motociclistas consumiram mais de R$ 2 bilh\u00f5es, o equivalente a 55,2% de todos os gastos hospitalares relacionados a v\u00edtimas de tr\u00e2nsito no pa\u00eds.<\/p>\n<p>Os n\u00fameros de Pernambuco acompanham essa tend\u00eancia. Em 2025, foram registradas 34.002 v\u00edtimas de acidentes com motocicletas, o que representa uma m\u00e9dia de 93 ocorr\u00eancias por dia. J\u00e1 em 2026, at\u00e9 o dia 14 de abril, foram contabilizados 7.970 casos, com m\u00e9dia di\u00e1ria de 77 v\u00edtimas, segundo a Secretaria Estadual de Sa\u00fade (SES-PE). O volume acumulado neste in\u00edcio de ano j\u00e1 corresponde a 23,4% de todos os registros do ano anterior.<\/p>\n<p>Os dados acendem um alerta para a necessidade de pol\u00edticas p\u00fablicas mais eficazes voltadas \u00e0 preven\u00e7\u00e3o de acidentes, fiscaliza\u00e7\u00e3o no tr\u00e2nsito e conscientiza\u00e7\u00e3o dos condutores, especialmente diante do crescimento cont\u00ednuo no n\u00famero de ocorr\u00eancias envolvendo motociclistas.<\/p>\n","protected":false},"excerpt":{"rendered":"<p>Os atendimentos a v\u00edtimas de acidentes de motocicleta nos hospitais p\u00fablicos de Pernambuco custaram R$ 24,4 milh\u00f5es aos cofres do<\/p>\n","protected":false},"author":2,"featured_media":1184,"comment_status":"open","ping_status":"open","sticky":false,"template":"","format":"standard","meta":{"jetpack_post_was_ever_published":false,"_jetpack_newsletter_access":"","_jetpack_dont_email_post_to_subs":false,"_jetpack_newsletter_tier_id":0,"_jetpack_memberships_contains_paywalled_content":false,"_jetpack_memberships_contains_paid_content":false,"footnotes":"","jetpack_publicize_message":"","jetpack_publicize_feature_enabled":true,"jetpack_social_post_already_shared":true,"jetpack_social_options":{"image_generator_settings":{"template":"highway","default_image_id":0,"font":"","enabled":false},"version":2}},"categories":[13],"tags":[],"class_list":["post-74003","post","type-post","status-publish","format-standard","has-post-thumbnail","hentry","category-pernambuco"],"yoast_head":"<!-- This site is optimized with the Yoast SEO plugin v27.5 - https:\/\/yoast.com\/product\/yoast-seo-wordpress\/ -->\n<title>PE: Motociclistas acidentados geram custo de R$ 24,4 milh\u00f5es ao SUS - Afogados FM<\/title>\n<meta name=\"robots\" content=\"index, follow, max-snippet:-1, max-image-preview:large, max-video-preview:-1\" \/>\n<link rel=\"canonical\" href=\"https:\/\/afogadosfm.com.br\/afogadosfm\/2026\/04\/28\/pe-motociclistas-acidentados-geram-custo-de-r-244-milhoes-ao-sus\/\" \/>\n<meta property=\"og:locale\" content=\"pt_BR\" \/>\n<meta property=\"og:type\" content=\"article\" \/>\n<meta property=\"og:title\" content=\"PE: Motociclistas acidentados geram custo de R$ 24,4 milh\u00f5es ao SUS - Afogados FM\" \/>\n<meta property=\"og:description\" content=\"Os atendimentos a v\u00edtimas de acidentes de motocicleta nos hospitais p\u00fablicos de Pernambuco custaram R$ 24,4 milh\u00f5es aos cofres do\" \/>\n<meta property=\"og:url\" content=\"https:\/\/afogadosfm.com.br\/afogadosfm\/2026\/04\/28\/pe-motociclistas-acidentados-geram-custo-de-r-244-milhoes-ao-sus\/\" \/>\n<meta property=\"og:site_name\" content=\"Afogados FM\" \/>\n<meta property=\"article:published_time\" content=\"2026-04-28T09:19:32+00:00\" \/>\n<meta property=\"og:image\" content=\"https:\/\/afogadosfm.com.br\/afogadosfm\/wp-content\/uploads\/2017\/12\/motos.jpg\" \/>\n\t<meta property=\"og:image:width\" content=\"300\" \/>\n\t<meta property=\"og:image:height\" content=\"168\" \/>\n\t<meta property=\"og:image:type\" content=\"image\/jpeg\" \/>\n<meta name=\"author\" content=\"afogadosfm\" \/>\n<meta name=\"twitter:card\" content=\"summary_large_image\" \/>\n<meta name=\"twitter:label1\" content=\"Escrito por\" \/>\n\t<meta name=\"twitter:data1\" content=\"afogadosfm\" \/>\n\t<meta name=\"twitter:label2\" content=\"Est. tempo de leitura\" \/>\n\t<meta name=\"twitter:data2\" content=\"2 minutos\" \/>\n<script type=\"application\/ld+json\" class=\"yoast-schema-graph\">{\"@context\":\"https:\\\/\\\/schema.org\",\"@graph\":[{\"@type\":\"Article\",\"@id\":\"https:\\\/\\\/afogadosfm.com.br\\\/afogadosfm\\\/2026\\\/04\\\/28\\\/pe-motociclistas-acidentados-geram-custo-de-r-244-milhoes-ao-sus\\\/#article\",\"isPartOf\":{\"@id\":\"https:\\\/\\\/afogadosfm.com.br\\\/afogadosfm\\\/2026\\\/04\\\/28\\\/pe-motociclistas-acidentados-geram-custo-de-r-244-milhoes-ao-sus\\\/\"},\"author\":{\"name\":\"afogadosfm\",\"@id\":\"https:\\\/\\\/afogadosfm.com.br\\\/afogadosfm\\\/#\\\/schema\\\/person\\\/60e56f2cf5dc960fc093fe093d9e9057\"},\"headline\":\"PE: Motociclistas acidentados geram custo de R$ 24,4 milh\u00f5es ao SUS\",\"datePublished\":\"2026-04-28T09:19:32+00:00\",\"mainEntityOfPage\":{\"@id\":\"https:\\\/\\\/afogadosfm.com.br\\\/afogadosfm\\\/2026\\\/04\\\/28\\\/pe-motociclistas-acidentados-geram-custo-de-r-244-milhoes-ao-sus\\\/\"},\"wordCount\":346,\"commentCount\":0,\"publisher\":{\"@id\":\"https:\\\/\\\/afogadosfm.com.br\\\/afogadosfm\\\/#organization\"},\"image\":{\"@id\":\"https:\\\/\\\/afogadosfm.com.br\\\/afogadosfm\\\/2026\\\/04\\\/28\\\/pe-motociclistas-acidentados-geram-custo-de-r-244-milhoes-ao-sus\\\/#primaryimage\"},\"thumbnailUrl\":\"https:\\\/\\\/i0.wp.com\\\/afogadosfm.com.br\\\/afogadosfm\\\/wp-content\\\/uploads\\\/2017\\\/12\\\/motos.jpg?fit=300%2C168&ssl=1\",\"articleSection\":[\"Pernambuco\"],\"inLanguage\":\"pt-BR\",\"potentialAction\":[{\"@type\":\"CommentAction\",\"name\":\"Comment\",\"target\":[\"https:\\\/\\\/afogadosfm.com.br\\\/afogadosfm\\\/2026\\\/04\\\/28\\\/pe-motociclistas-acidentados-geram-custo-de-r-244-milhoes-ao-sus\\\/#respond\"]}]},{\"@type\":\"WebPage\",\"@id\":\"https:\\\/\\\/afogadosfm.com.br\\\/afogadosfm\\\/2026\\\/04\\\/28\\\/pe-motociclistas-acidentados-geram-custo-de-r-244-milhoes-ao-sus\\\/\",\"url\":\"https:\\\/\\\/afogadosfm.com.br\\\/afogadosfm\\\/2026\\\/04\\\/28\\\/pe-motociclistas-acidentados-geram-custo-de-r-244-milhoes-ao-sus\\\/\",\"name\":\"PE: Motociclistas acidentados geram custo de R$ 24,4 milh\u00f5es ao SUS - Afogados FM\",\"isPartOf\":{\"@id\":\"https:\\\/\\\/afogadosfm.com.br\\\/afogadosfm\\\/#website\"},\"primaryImageOfPage\":{\"@id\":\"https:\\\/\\\/afogadosfm.com.br\\\/afogadosfm\\\/2026\\\/04\\\/28\\\/pe-motociclistas-acidentados-geram-custo-de-r-244-milhoes-ao-sus\\\/#primaryimage\"},\"image\":{\"@id\":\"https:\\\/\\\/afogadosfm.com.br\\\/afogadosfm\\\/2026\\\/04\\\/28\\\/pe-motociclistas-acidentados-geram-custo-de-r-244-milhoes-ao-sus\\\/#primaryimage\"},\"thumbnailUrl\":\"https:\\\/\\\/i0.wp.com\\\/afogadosfm.com.br\\\/afogadosfm\\\/wp-content\\\/uploads\\\/2017\\\/12\\\/motos.jpg?fit=300%2C168&ssl=1\",\"datePublished\":\"2026-04-28T09:19:32+00:00\",\"breadcrumb\":{\"@id\":\"https:\\\/\\\/afogadosfm.com.br\\\/afogadosfm\\\/2026\\\/04\\\/28\\\/pe-motociclistas-acidentados-geram-custo-de-r-244-milhoes-ao-sus\\\/#breadcrumb\"},\"inLanguage\":\"pt-BR\",\"potentialAction\":[{\"@type\":\"ReadAction\",\"target\":[\"https:\\\/\\\/afogadosfm.com.br\\\/afogadosfm\\\/2026\\\/04\\\/28\\\/pe-motociclistas-acidentados-geram-custo-de-r-244-milhoes-ao-sus\\\/\"]}]},{\"@type\":\"ImageObject\",\"inLanguage\":\"pt-BR\",\"@id\":\"https:\\\/\\\/afogadosfm.com.br\\\/afogadosfm\\\/2026\\\/04\\\/28\\\/pe-motociclistas-acidentados-geram-custo-de-r-244-milhoes-ao-sus\\\/#primaryimage\",\"url\":\"https:\\\/\\\/i0.wp.com\\\/afogadosfm.com.br\\\/afogadosfm\\\/wp-content\\\/uploads\\\/2017\\\/12\\\/motos.jpg?fit=300%2C168&ssl=1\",\"contentUrl\":\"https:\\\/\\\/i0.wp.com\\\/afogadosfm.com.br\\\/afogadosfm\\\/wp-content\\\/uploads\\\/2017\\\/12\\\/motos.jpg?fit=300%2C168&ssl=1\",\"width\":300,\"height\":168},{\"@type\":\"BreadcrumbList\",\"@id\":\"https:\\\/\\\/afogadosfm.com.br\\\/afogadosfm\\\/2026\\\/04\\\/28\\\/pe-motociclistas-acidentados-geram-custo-de-r-244-milhoes-ao-sus\\\/#breadcrumb\",\"itemListElement\":[{\"@type\":\"ListItem\",\"position\":1,\"name\":\"In\u00edcio\",\"item\":\"https:\\\/\\\/afogadosfm.com.br\\\/afogadosfm\\\/\"},{\"@type\":\"ListItem\",\"position\":2,\"name\":\"PE: Motociclistas acidentados geram custo de R$ 24,4 milh\u00f5es ao SUS\"}]},{\"@type\":\"WebSite\",\"@id\":\"https:\\\/\\\/afogadosfm.com.br\\\/afogadosfm\\\/#website\",\"url\":\"https:\\\/\\\/afogadosfm.com.br\\\/afogadosfm\\\/\",\"name\":\"Afogados FM\",\"description\":\"Um site completo!\",\"publisher\":{\"@id\":\"https:\\\/\\\/afogadosfm.com.br\\\/afogadosfm\\\/#organization\"},\"potentialAction\":[{\"@type\":\"SearchAction\",\"target\":{\"@type\":\"EntryPoint\",\"urlTemplate\":\"https:\\\/\\\/afogadosfm.com.br\\\/afogadosfm\\\/?s={search_term_string}\"},\"query-input\":{\"@type\":\"PropertyValueSpecification\",\"valueRequired\":true,\"valueName\":\"search_term_string\"}}],\"inLanguage\":\"pt-BR\"},{\"@type\":\"Organization\",\"@id\":\"https:\\\/\\\/afogadosfm.com.br\\\/afogadosfm\\\/#organization\",\"name\":\"Afogados FM\",\"url\":\"https:\\\/\\\/afogadosfm.com.br\\\/afogadosfm\\\/\",\"logo\":{\"@type\":\"ImageObject\",\"inLanguage\":\"pt-BR\",\"@id\":\"https:\\\/\\\/afogadosfm.com.br\\\/afogadosfm\\\/#\\\/schema\\\/logo\\\/image\\\/\",\"url\":\"https:\\\/\\\/i0.wp.com\\\/afogadosfm.com.br\\\/afogadosfm\\\/wp-content\\\/uploads\\\/2020\\\/06\\\/cropped-banner-afogados-4.jpg?fit=369%2C137&ssl=1\",\"contentUrl\":\"https:\\\/\\\/i0.wp.com\\\/afogadosfm.com.br\\\/afogadosfm\\\/wp-content\\\/uploads\\\/2020\\\/06\\\/cropped-banner-afogados-4.jpg?fit=369%2C137&ssl=1\",\"width\":369,\"height\":137,\"caption\":\"Afogados FM\"},\"image\":{\"@id\":\"https:\\\/\\\/afogadosfm.com.br\\\/afogadosfm\\\/#\\\/schema\\\/logo\\\/image\\\/\"}},{\"@type\":\"Person\",\"@id\":\"https:\\\/\\\/afogadosfm.com.br\\\/afogadosfm\\\/#\\\/schema\\\/person\\\/60e56f2cf5dc960fc093fe093d9e9057\",\"name\":\"afogadosfm\",\"image\":{\"@type\":\"ImageObject\",\"inLanguage\":\"pt-BR\",\"@id\":\"https:\\\/\\\/secure.gravatar.com\\\/avatar\\\/e0359add7ed5dc3560906d861b52c6a8cf5c1e199d3a7dd85070998f49bd4701?s=96&d=mm&r=g\",\"url\":\"https:\\\/\\\/secure.gravatar.com\\\/avatar\\\/e0359add7ed5dc3560906d861b52c6a8cf5c1e199d3a7dd85070998f49bd4701?s=96&d=mm&r=g\",\"contentUrl\":\"https:\\\/\\\/secure.gravatar.com\\\/avatar\\\/e0359add7ed5dc3560906d861b52c6a8cf5c1e199d3a7dd85070998f49bd4701?s=96&d=mm&r=g\",\"caption\":\"afogadosfm\"},\"url\":\"https:\\\/\\\/afogadosfm.com.br\\\/afogadosfm\\\/author\\\/afogadosfm\\\/\"}]}<\/script>\n<!-- \/ Yoast SEO plugin. -->","yoast_head_json":{"title":"PE: Motociclistas acidentados geram custo de R$ 24,4 milh\u00f5es ao SUS - Afogados FM","robots":{"index":"index","follow":"follow","max-snippet":"max-snippet:-1","max-image-preview":"max-image-preview:large","max-video-preview":"max-video-preview:-1"},"canonical":"https:\/\/afogadosfm.com.br\/afogadosfm\/2026\/04\/28\/pe-motociclistas-acidentados-geram-custo-de-r-244-milhoes-ao-sus\/","og_locale":"pt_BR","og_type":"article","og_title":"PE: Motociclistas acidentados geram custo de R$ 24,4 milh\u00f5es ao SUS - Afogados FM","og_description":"Os atendimentos a v\u00edtimas de acidentes de motocicleta nos hospitais p\u00fablicos de Pernambuco custaram R$ 24,4 milh\u00f5es aos cofres do","og_url":"https:\/\/afogadosfm.com.br\/afogadosfm\/2026\/04\/28\/pe-motociclistas-acidentados-geram-custo-de-r-244-milhoes-ao-sus\/","og_site_name":"Afogados FM","article_published_time":"2026-04-28T09:19:32+00:00","og_image":[{"width":300,"height":168,"url":"https:\/\/afogadosfm.com.br\/afogadosfm\/wp-content\/uploads\/2017\/12\/motos.jpg","type":"image\/jpeg"}],"author":"afogadosfm","twitter_card":"summary_large_image","twitter_misc":{"Escrito por":"afogadosfm","Est. tempo de leitura":"2 minutos"},"schema":{"@context":"https:\/\/schema.org","@graph":[{"@type":"Article","@id":"https:\/\/afogadosfm.com.br\/afogadosfm\/2026\/04\/28\/pe-motociclistas-acidentados-geram-custo-de-r-244-milhoes-ao-sus\/#article","isPartOf":{"@id":"https:\/\/afogadosfm.com.br\/afogadosfm\/2026\/04\/28\/pe-motociclistas-acidentados-geram-custo-de-r-244-milhoes-ao-sus\/"},"author":{"name":"afogadosfm","@id":"https:\/\/afogadosfm.com.br\/afogadosfm\/#\/schema\/person\/60e56f2cf5dc960fc093fe093d9e9057"},"headline":"PE: Motociclistas acidentados geram custo de R$ 24,4 milh\u00f5es ao SUS","datePublished":"2026-04-28T09:19:32+00:00","mainEntityOfPage":{"@id":"https:\/\/afogadosfm.com.br\/afogadosfm\/2026\/04\/28\/pe-motociclistas-acidentados-geram-custo-de-r-244-milhoes-ao-sus\/"},"wordCount":346,"commentCount":0,"publisher":{"@id":"https:\/\/afogadosfm.com.br\/afogadosfm\/#organization"},"image":{"@id":"https:\/\/afogadosfm.com.br\/afogadosfm\/2026\/04\/28\/pe-motociclistas-acidentados-geram-custo-de-r-244-milhoes-ao-sus\/#primaryimage"},"thumbnailUrl":"https:\/\/i0.wp.com\/afogadosfm.com.br\/afogadosfm\/wp-content\/uploads\/2017\/12\/motos.jpg?fit=300%2C168&ssl=1","articleSection":["Pernambuco"],"inLanguage":"pt-BR","potentialAction":[{"@type":"CommentAction","name":"Comment","target":["https:\/\/afogadosfm.com.br\/afogadosfm\/2026\/04\/28\/pe-motociclistas-acidentados-geram-custo-de-r-244-milhoes-ao-sus\/#respond"]}]},{"@type":"WebPage","@id":"https:\/\/afogadosfm.com.br\/afogadosfm\/2026\/04\/28\/pe-motociclistas-acidentados-geram-custo-de-r-244-milhoes-ao-sus\/","url":"https:\/\/afogadosfm.com.br\/afogadosfm\/2026\/04\/28\/pe-motociclistas-acidentados-geram-custo-de-r-244-milhoes-ao-sus\/","name":"PE: Motociclistas acidentados geram custo de R$ 24,4 milh\u00f5es ao SUS - Afogados FM","isPartOf":{"@id":"https:\/\/afogadosfm.com.br\/afogadosfm\/#website"},"primaryImageOfPage":{"@id":"https:\/\/afogadosfm.com.br\/afogadosfm\/2026\/04\/28\/pe-motociclistas-acidentados-geram-custo-de-r-244-milhoes-ao-sus\/#primaryimage"},"image":{"@id":"https:\/\/afogadosfm.com.br\/afogadosfm\/2026\/04\/28\/pe-motociclistas-acidentados-geram-custo-de-r-244-milhoes-ao-sus\/#primaryimage"},"thumbnailUrl":"https:\/\/i0.wp.com\/afogadosfm.com.br\/afogadosfm\/wp-content\/uploads\/2017\/12\/motos.jpg?fit=300%2C168&ssl=1","datePublished":"2026-04-28T09:19:32+00:00","breadcrumb":{"@id":"https:\/\/afogadosfm.com.br\/afogadosfm\/2026\/04\/28\/pe-motociclistas-acidentados-geram-custo-de-r-244-milhoes-ao-sus\/#breadcrumb"},"inLanguage":"pt-BR","potentialAction":[{"@type":"ReadAction","target":["https:\/\/afogadosfm.com.br\/afogadosfm\/2026\/04\/28\/pe-motociclistas-acidentados-geram-custo-de-r-244-milhoes-ao-sus\/"]}]},{"@type":"ImageObject","inLanguage":"pt-BR","@id":"https:\/\/afogadosfm.com.br\/afogadosfm\/2026\/04\/28\/pe-motociclistas-acidentados-geram-custo-de-r-244-milhoes-ao-sus\/#primaryimage","url":"https:\/\/i0.wp.com\/afogadosfm.com.br\/afogadosfm\/wp-content\/uploads\/2017\/12\/motos.jpg?fit=300%2C168&ssl=1","contentUrl":"https:\/\/i0.wp.com\/afogadosfm.com.br\/afogadosfm\/wp-content\/uploads\/2017\/12\/motos.jpg?fit=300%2C168&ssl=1","width":300,"height":168},{"@type":"BreadcrumbList","@id":"https:\/\/afogadosfm.com.br\/afogadosfm\/2026\/04\/28\/pe-motociclistas-acidentados-geram-custo-de-r-244-milhoes-ao-sus\/#breadcrumb","itemListElement":[{"@type":"ListItem","position":1,"name":"In\u00edcio","item":"https:\/\/afogadosfm.com.br\/afogadosfm\/"},{"@type":"ListItem","position":2,"name":"PE: Motociclistas acidentados geram custo de R$ 24,4 milh\u00f5es ao SUS"}]},{"@type":"WebSite","@id":"https:\/\/afogadosfm.com.br\/afogadosfm\/#website","url":"https:\/\/afogadosfm.com.br\/afogadosfm\/","name":"Afogados FM","description":"Um site completo!","publisher":{"@id":"https:\/\/afogadosfm.com.br\/afogadosfm\/#organization"},"potentialAction":[{"@type":"SearchAction","target":{"@type":"EntryPoint","urlTemplate":"https:\/\/afogadosfm.com.br\/afogadosfm\/?s={search_term_string}"},"query-input":{"@type":"PropertyValueSpecification","valueRequired":true,"valueName":"search_term_string"}}],"inLanguage":"pt-BR"},{"@type":"Organization","@id":"https:\/\/afogadosfm.com.br\/afogadosfm\/#organization","name":"Afogados FM","url":"https:\/\/afogadosfm.com.br\/afogadosfm\/","logo":{"@type":"ImageObject","inLanguage":"pt-BR","@id":"https:\/\/afogadosfm.com.br\/afogadosfm\/#\/schema\/logo\/image\/","url":"https:\/\/i0.wp.com\/afogadosfm.com.br\/afogadosfm\/wp-content\/uploads\/2020\/06\/cropped-banner-afogados-4.jpg?fit=369%2C137&ssl=1","contentUrl":"https:\/\/i0.wp.com\/afogadosfm.com.br\/afogadosfm\/wp-content\/uploads\/2020\/06\/cropped-banner-afogados-4.jpg?fit=369%2C137&ssl=1","width":369,"height":137,"caption":"Afogados FM"},"image":{"@id":"https:\/\/afogadosfm.com.br\/afogadosfm\/#\/schema\/logo\/image\/"}},{"@type":"Person","@id":"https:\/\/afogadosfm.com.br\/afogadosfm\/#\/schema\/person\/60e56f2cf5dc960fc093fe093d9e9057","name":"afogadosfm","image":{"@type":"ImageObject","inLanguage":"pt-BR","@id":"https:\/\/secure.gravatar.com\/avatar\/e0359add7ed5dc3560906d861b52c6a8cf5c1e199d3a7dd85070998f49bd4701?s=96&d=mm&r=g","url":"https:\/\/secure.gravatar.com\/avatar\/e0359add7ed5dc3560906d861b52c6a8cf5c1e199d3a7dd85070998f49bd4701?s=96&d=mm&r=g","contentUrl":"https:\/\/secure.gravatar.com\/avatar\/e0359add7ed5dc3560906d861b52c6a8cf5c1e199d3a7dd85070998f49bd4701?s=96&d=mm&r=g","caption":"afogadosfm"},"url":"https:\/\/afogadosfm.com.br\/afogadosfm\/author\/afogadosfm\/"}]}},"jetpack_publicize_connections":[],"jetpack_featured_media_url":"https:\/\/i0.wp.com\/afogadosfm.com.br\/afogadosfm\/wp-content\/uploads\/2017\/12\/motos.jpg?fit=300%2C168&ssl=1","jetpack-related-posts":[],"jetpack_sharing_enabled":true,"jetpack_likes_enabled":true,"_links":{"self":[{"href":"https:\/\/afogadosfm.com.br\/afogadosfm\/wp-json\/wp\/v2\/posts\/74003","targetHints":{"allow":["GET"]}}],"collection":[{"href":"https:\/\/afogadosfm.com.br\/afogadosfm\/wp-json\/wp\/v2\/posts"}],"about":[{"href":"https:\/\/afogadosfm.com.br\/afogadosfm\/wp-json\/wp\/v2\/types\/post"}],"author":[{"embeddable":true,"href":"https:\/\/afogadosfm.com.br\/afogadosfm\/wp-json\/wp\/v2\/users\/2"}],"replies":[{"embeddable":true,"href":"https:\/\/afogadosfm.com.br\/afogadosfm\/wp-json\/wp\/v2\/comments?post=74003"}],"version-history":[{"count":1,"href":"https:\/\/afogadosfm.com.br\/afogadosfm\/wp-json\/wp\/v2\/posts\/74003\/revisions"}],"predecessor-version":[{"id":74004,"href":"https:\/\/afogadosfm.com.br\/afogadosfm\/wp-json\/wp\/v2\/posts\/74003\/revisions\/74004"}],"wp:featuredmedia":[{"embeddable":true,"href":"https:\/\/afogadosfm.com.br\/afogadosfm\/wp-json\/wp\/v2\/media\/1184"}],"wp:attachment":[{"href":"https:\/\/afogadosfm.com.br\/afogadosfm\/wp-json\/wp\/v2\/media?parent=74003"}],"wp:term":[{"taxonomy":"category","embeddable":true,"href":"https:\/\/afogadosfm.com.br\/afogadosfm\/wp-json\/wp\/v2\/categories?post=74003"},{"taxonomy":"post_tag","embeddable":true,"href":"https:\/\/afogadosfm.com.br\/afogadosfm\/wp-json\/wp\/v2\/tags?post=74003"}],"curies":[{"name":"wp","href":"https:\/\/api.w.org\/{rel}","templated":true}]}}