{"id":74005,"date":"2026-04-28T06:22:02","date_gmt":"2026-04-28T09:22:02","guid":{"rendered":"https:\/\/afogadosfm.com.br\/afogadosfm\/?p=74005"},"modified":"2026-04-28T06:23:44","modified_gmt":"2026-04-28T09:23:44","slug":"pai-e-filho-morrem-em-acidente-na-pe-320-entre-afogados-e-carnaiba","status":"publish","type":"post","link":"https:\/\/afogadosfm.com.br\/afogadosfm\/2026\/04\/28\/pai-e-filho-morrem-em-acidente-na-pe-320-entre-afogados-e-carnaiba\/","title":{"rendered":"Pai e filho morrem em acidente na PE 320 entre Afogados e Carna\u00edba"},"content":{"rendered":"<p>Um tr\u00e1gico acidente foi registrado na manh\u00e3 desta segunda-feira (27) na conhecida \u201cLadeira do Padre\u201d, trecho da PE-320 que liga Afogados da Ingazeira ao munic\u00edpio de Carna\u00edba, no Sert\u00e3o do Paje\u00fa como publicou com exclusividade o Blog do Cau\u00ea Rodrigues e a r\u00e1dio Afogados FM.<\/p>\n<p>De acordo com as informa\u00e7\u00f5es divulgadas inicialmente, o acidente envolveu uma motocicleta e resultou na morte de pai e filho quando seguiam de Afogados da Ingazeira sentido<br \/>\nCarna\u00edba.<\/p>\n<p>A primeira v\u00edtima identificada foi Josias \u00c2ngelo Bezerra, de 33 anos, natural de Iguaracy e morador de Afogados da Ingazeira. Ele n\u00e3o resistiu aos ferimentos e faleceu ainda no local do acidente.<\/p>\n<p>O pai de Josias, identificado como Jos\u00e9 Oliveira, que conduzia a motocicleta (modelo Bros), chegou a ser socorrido com vida pelo SAMU, sendo encaminhado para o Hospital de Carna\u00edba.<\/p>\n<p>No entanto, devido \u00e0 gravidade dos ferimentos, ele n\u00e3o resistiu e faleceu no in\u00edcio da noite.<\/p>\n<p>Conte\u00fados publicados em perfis de Instagram da regi\u00e3o, incluindo p\u00e1ginas de not\u00edcias locais como a do Cau\u00ea Rodrigues, mostram imagens do local do acidente, indicando que a moto saiu da pista e foi parar em uma \u00e1rea de vegeta\u00e7\u00e3o \u00e0s margens da rodovia.<\/p>\n<p>A \u201cLadeira do Padre\u201d \u00e9 conhecida por ser um trecho perigoso da PE-320, com hist\u00f3rico de acidentes, o que volta a acender o alerta sobre os riscos na rodovia.<\/p>\n<p>Como\u00e7\u00e3o<\/p>\n<p>A morte de pai e filho causou grande como\u00e7\u00e3o nas cidades de Afogados da Ingazeira, Carna\u00edba e Iguaracy, onde as v\u00edtimas eram conhecidas.<\/p>\n","protected":false},"excerpt":{"rendered":"<p>Um tr\u00e1gico acidente foi registrado na manh\u00e3 desta segunda-feira (27) na conhecida \u201cLadeira do Padre\u201d, trecho da PE-320 que liga<\/p>\n","protected":false},"author":2,"featured_media":74006,"comment_status":"open","ping_status":"open","sticky":false,"template":"","format":"standard","meta":{"jetpack_post_was_ever_published":false,"_jetpack_newsletter_access":"","_jetpack_dont_email_post_to_subs":false,"_jetpack_newsletter_tier_id":0,"_jetpack_memberships_contains_paywalled_content":false,"_jetpack_memberships_contains_paid_content":false,"footnotes":"","jetpack_publicize_message":"","jetpack_publicize_feature_enabled":true,"jetpack_social_post_already_shared":true,"jetpack_social_options":{"image_generator_settings":{"template":"highway","default_image_id":0,"font":"","enabled":false},"version":2}},"categories":[32],"tags":[],"class_list":["post-74005","post","type-post","status-publish","format-standard","has-post-thumbnail","hentry","category-sertao"],"yoast_head":"<!-- This site is optimized with the Yoast SEO plugin v27.5 - https:\/\/yoast.com\/product\/yoast-seo-wordpress\/ -->\n<title>Pai e filho morrem em acidente na PE 320 entre Afogados e Carna\u00edba - Afogados FM<\/title>\n<meta name=\"robots\" content=\"index, follow, max-snippet:-1, max-image-preview:large, max-video-preview:-1\" \/>\n<link rel=\"canonical\" href=\"https:\/\/afogadosfm.com.br\/afogadosfm\/2026\/04\/28\/pai-e-filho-morrem-em-acidente-na-pe-320-entre-afogados-e-carnaiba\/\" \/>\n<meta property=\"og:locale\" content=\"pt_BR\" \/>\n<meta property=\"og:type\" content=\"article\" \/>\n<meta property=\"og:title\" content=\"Pai e filho morrem em acidente na PE 320 entre Afogados e Carna\u00edba - Afogados FM\" \/>\n<meta property=\"og:description\" content=\"Um tr\u00e1gico acidente foi registrado na manh\u00e3 desta segunda-feira (27) na conhecida \u201cLadeira do Padre\u201d, trecho da PE-320 que liga\" \/>\n<meta property=\"og:url\" content=\"https:\/\/afogadosfm.com.br\/afogadosfm\/2026\/04\/28\/pai-e-filho-morrem-em-acidente-na-pe-320-entre-afogados-e-carnaiba\/\" \/>\n<meta property=\"og:site_name\" content=\"Afogados FM\" \/>\n<meta property=\"article:published_time\" content=\"2026-04-28T09:22:02+00:00\" \/>\n<meta property=\"article:modified_time\" content=\"2026-04-28T09:23:44+00:00\" \/>\n<meta property=\"og:image\" content=\"https:\/\/afogadosfm.com.br\/afogadosfm\/wp-content\/uploads\/2026\/04\/WhatsApp-Image-2026-04-28-at-06.21.00.jpeg\" \/>\n\t<meta property=\"og:image:width\" content=\"1284\" \/>\n\t<meta property=\"og:image:height\" content=\"1104\" \/>\n\t<meta property=\"og:image:type\" content=\"image\/jpeg\" \/>\n<meta name=\"author\" content=\"afogadosfm\" \/>\n<meta name=\"twitter:card\" content=\"summary_large_image\" \/>\n<meta name=\"twitter:label1\" content=\"Escrito por\" \/>\n\t<meta name=\"twitter:data1\" content=\"afogadosfm\" \/>\n\t<meta name=\"twitter:label2\" content=\"Est. tempo de leitura\" \/>\n\t<meta name=\"twitter:data2\" content=\"2 minutos\" \/>\n<script type=\"application\/ld+json\" class=\"yoast-schema-graph\">{\"@context\":\"https:\\\/\\\/schema.org\",\"@graph\":[{\"@type\":\"Article\",\"@id\":\"https:\\\/\\\/afogadosfm.com.br\\\/afogadosfm\\\/2026\\\/04\\\/28\\\/pai-e-filho-morrem-em-acidente-na-pe-320-entre-afogados-e-carnaiba\\\/#article\",\"isPartOf\":{\"@id\":\"https:\\\/\\\/afogadosfm.com.br\\\/afogadosfm\\\/2026\\\/04\\\/28\\\/pai-e-filho-morrem-em-acidente-na-pe-320-entre-afogados-e-carnaiba\\\/\"},\"author\":{\"name\":\"afogadosfm\",\"@id\":\"https:\\\/\\\/afogadosfm.com.br\\\/afogadosfm\\\/#\\\/schema\\\/person\\\/60e56f2cf5dc960fc093fe093d9e9057\"},\"headline\":\"Pai e filho morrem em acidente na PE 320 entre Afogados e Carna\u00edba\",\"datePublished\":\"2026-04-28T09:22:02+00:00\",\"dateModified\":\"2026-04-28T09:23:44+00:00\",\"mainEntityOfPage\":{\"@id\":\"https:\\\/\\\/afogadosfm.com.br\\\/afogadosfm\\\/2026\\\/04\\\/28\\\/pai-e-filho-morrem-em-acidente-na-pe-320-entre-afogados-e-carnaiba\\\/\"},\"wordCount\":277,\"commentCount\":0,\"publisher\":{\"@id\":\"https:\\\/\\\/afogadosfm.com.br\\\/afogadosfm\\\/#organization\"},\"image\":{\"@id\":\"https:\\\/\\\/afogadosfm.com.br\\\/afogadosfm\\\/2026\\\/04\\\/28\\\/pai-e-filho-morrem-em-acidente-na-pe-320-entre-afogados-e-carnaiba\\\/#primaryimage\"},\"thumbnailUrl\":\"https:\\\/\\\/i0.wp.com\\\/afogadosfm.com.br\\\/afogadosfm\\\/wp-content\\\/uploads\\\/2026\\\/04\\\/WhatsApp-Image-2026-04-28-at-06.21.00.jpeg?fit=1284%2C1104&ssl=1\",\"articleSection\":[\"Sert\u00e3o\"],\"inLanguage\":\"pt-BR\",\"potentialAction\":[{\"@type\":\"CommentAction\",\"name\":\"Comment\",\"target\":[\"https:\\\/\\\/afogadosfm.com.br\\\/afogadosfm\\\/2026\\\/04\\\/28\\\/pai-e-filho-morrem-em-acidente-na-pe-320-entre-afogados-e-carnaiba\\\/#respond\"]}]},{\"@type\":\"WebPage\",\"@id\":\"https:\\\/\\\/afogadosfm.com.br\\\/afogadosfm\\\/2026\\\/04\\\/28\\\/pai-e-filho-morrem-em-acidente-na-pe-320-entre-afogados-e-carnaiba\\\/\",\"url\":\"https:\\\/\\\/afogadosfm.com.br\\\/afogadosfm\\\/2026\\\/04\\\/28\\\/pai-e-filho-morrem-em-acidente-na-pe-320-entre-afogados-e-carnaiba\\\/\",\"name\":\"Pai e filho morrem em acidente na PE 320 entre Afogados e Carna\u00edba - Afogados FM\",\"isPartOf\":{\"@id\":\"https:\\\/\\\/afogadosfm.com.br\\\/afogadosfm\\\/#website\"},\"primaryImageOfPage\":{\"@id\":\"https:\\\/\\\/afogadosfm.com.br\\\/afogadosfm\\\/2026\\\/04\\\/28\\\/pai-e-filho-morrem-em-acidente-na-pe-320-entre-afogados-e-carnaiba\\\/#primaryimage\"},\"image\":{\"@id\":\"https:\\\/\\\/afogadosfm.com.br\\\/afogadosfm\\\/2026\\\/04\\\/28\\\/pai-e-filho-morrem-em-acidente-na-pe-320-entre-afogados-e-carnaiba\\\/#primaryimage\"},\"thumbnailUrl\":\"https:\\\/\\\/i0.wp.com\\\/afogadosfm.com.br\\\/afogadosfm\\\/wp-content\\\/uploads\\\/2026\\\/04\\\/WhatsApp-Image-2026-04-28-at-06.21.00.jpeg?fit=1284%2C1104&ssl=1\",\"datePublished\":\"2026-04-28T09:22:02+00:00\",\"dateModified\":\"2026-04-28T09:23:44+00:00\",\"breadcrumb\":{\"@id\":\"https:\\\/\\\/afogadosfm.com.br\\\/afogadosfm\\\/2026\\\/04\\\/28\\\/pai-e-filho-morrem-em-acidente-na-pe-320-entre-afogados-e-carnaiba\\\/#breadcrumb\"},\"inLanguage\":\"pt-BR\",\"potentialAction\":[{\"@type\":\"ReadAction\",\"target\":[\"https:\\\/\\\/afogadosfm.com.br\\\/afogadosfm\\\/2026\\\/04\\\/28\\\/pai-e-filho-morrem-em-acidente-na-pe-320-entre-afogados-e-carnaiba\\\/\"]}]},{\"@type\":\"ImageObject\",\"inLanguage\":\"pt-BR\",\"@id\":\"https:\\\/\\\/afogadosfm.com.br\\\/afogadosfm\\\/2026\\\/04\\\/28\\\/pai-e-filho-morrem-em-acidente-na-pe-320-entre-afogados-e-carnaiba\\\/#primaryimage\",\"url\":\"https:\\\/\\\/i0.wp.com\\\/afogadosfm.com.br\\\/afogadosfm\\\/wp-content\\\/uploads\\\/2026\\\/04\\\/WhatsApp-Image-2026-04-28-at-06.21.00.jpeg?fit=1284%2C1104&ssl=1\",\"contentUrl\":\"https:\\\/\\\/i0.wp.com\\\/afogadosfm.com.br\\\/afogadosfm\\\/wp-content\\\/uploads\\\/2026\\\/04\\\/WhatsApp-Image-2026-04-28-at-06.21.00.jpeg?fit=1284%2C1104&ssl=1\",\"width\":1284,\"height\":1104},{\"@type\":\"BreadcrumbList\",\"@id\":\"https:\\\/\\\/afogadosfm.com.br\\\/afogadosfm\\\/2026\\\/04\\\/28\\\/pai-e-filho-morrem-em-acidente-na-pe-320-entre-afogados-e-carnaiba\\\/#breadcrumb\",\"itemListElement\":[{\"@type\":\"ListItem\",\"position\":1,\"name\":\"In\u00edcio\",\"item\":\"https:\\\/\\\/afogadosfm.com.br\\\/afogadosfm\\\/\"},{\"@type\":\"ListItem\",\"position\":2,\"name\":\"Pai e filho morrem em acidente na PE 320 entre Afogados e Carna\u00edba\"}]},{\"@type\":\"WebSite\",\"@id\":\"https:\\\/\\\/afogadosfm.com.br\\\/afogadosfm\\\/#website\",\"url\":\"https:\\\/\\\/afogadosfm.com.br\\\/afogadosfm\\\/\",\"name\":\"Afogados FM\",\"description\":\"Um site completo!\",\"publisher\":{\"@id\":\"https:\\\/\\\/afogadosfm.com.br\\\/afogadosfm\\\/#organization\"},\"potentialAction\":[{\"@type\":\"SearchAction\",\"target\":{\"@type\":\"EntryPoint\",\"urlTemplate\":\"https:\\\/\\\/afogadosfm.com.br\\\/afogadosfm\\\/?s={search_term_string}\"},\"query-input\":{\"@type\":\"PropertyValueSpecification\",\"valueRequired\":true,\"valueName\":\"search_term_string\"}}],\"inLanguage\":\"pt-BR\"},{\"@type\":\"Organization\",\"@id\":\"https:\\\/\\\/afogadosfm.com.br\\\/afogadosfm\\\/#organization\",\"name\":\"Afogados FM\",\"url\":\"https:\\\/\\\/afogadosfm.com.br\\\/afogadosfm\\\/\",\"logo\":{\"@type\":\"ImageObject\",\"inLanguage\":\"pt-BR\",\"@id\":\"https:\\\/\\\/afogadosfm.com.br\\\/afogadosfm\\\/#\\\/schema\\\/logo\\\/image\\\/\",\"url\":\"https:\\\/\\\/i0.wp.com\\\/afogadosfm.com.br\\\/afogadosfm\\\/wp-content\\\/uploads\\\/2020\\\/06\\\/cropped-banner-afogados-4.jpg?fit=369%2C137&ssl=1\",\"contentUrl\":\"https:\\\/\\\/i0.wp.com\\\/afogadosfm.com.br\\\/afogadosfm\\\/wp-content\\\/uploads\\\/2020\\\/06\\\/cropped-banner-afogados-4.jpg?fit=369%2C137&ssl=1\",\"width\":369,\"height\":137,\"caption\":\"Afogados FM\"},\"image\":{\"@id\":\"https:\\\/\\\/afogadosfm.com.br\\\/afogadosfm\\\/#\\\/schema\\\/logo\\\/image\\\/\"}},{\"@type\":\"Person\",\"@id\":\"https:\\\/\\\/afogadosfm.com.br\\\/afogadosfm\\\/#\\\/schema\\\/person\\\/60e56f2cf5dc960fc093fe093d9e9057\",\"name\":\"afogadosfm\",\"image\":{\"@type\":\"ImageObject\",\"inLanguage\":\"pt-BR\",\"@id\":\"https:\\\/\\\/secure.gravatar.com\\\/avatar\\\/e0359add7ed5dc3560906d861b52c6a8cf5c1e199d3a7dd85070998f49bd4701?s=96&d=mm&r=g\",\"url\":\"https:\\\/\\\/secure.gravatar.com\\\/avatar\\\/e0359add7ed5dc3560906d861b52c6a8cf5c1e199d3a7dd85070998f49bd4701?s=96&d=mm&r=g\",\"contentUrl\":\"https:\\\/\\\/secure.gravatar.com\\\/avatar\\\/e0359add7ed5dc3560906d861b52c6a8cf5c1e199d3a7dd85070998f49bd4701?s=96&d=mm&r=g\",\"caption\":\"afogadosfm\"},\"url\":\"https:\\\/\\\/afogadosfm.com.br\\\/afogadosfm\\\/author\\\/afogadosfm\\\/\"}]}<\/script>\n<!-- \/ Yoast SEO plugin. -->","yoast_head_json":{"title":"Pai e filho morrem em acidente na PE 320 entre Afogados e Carna\u00edba - Afogados FM","robots":{"index":"index","follow":"follow","max-snippet":"max-snippet:-1","max-image-preview":"max-image-preview:large","max-video-preview":"max-video-preview:-1"},"canonical":"https:\/\/afogadosfm.com.br\/afogadosfm\/2026\/04\/28\/pai-e-filho-morrem-em-acidente-na-pe-320-entre-afogados-e-carnaiba\/","og_locale":"pt_BR","og_type":"article","og_title":"Pai e filho morrem em acidente na PE 320 entre Afogados e Carna\u00edba - Afogados FM","og_description":"Um tr\u00e1gico acidente foi registrado na manh\u00e3 desta segunda-feira (27) na conhecida \u201cLadeira do Padre\u201d, trecho da PE-320 que liga","og_url":"https:\/\/afogadosfm.com.br\/afogadosfm\/2026\/04\/28\/pai-e-filho-morrem-em-acidente-na-pe-320-entre-afogados-e-carnaiba\/","og_site_name":"Afogados FM","article_published_time":"2026-04-28T09:22:02+00:00","article_modified_time":"2026-04-28T09:23:44+00:00","og_image":[{"width":1284,"height":1104,"url":"https:\/\/afogadosfm.com.br\/afogadosfm\/wp-content\/uploads\/2026\/04\/WhatsApp-Image-2026-04-28-at-06.21.00.jpeg","type":"image\/jpeg"}],"author":"afogadosfm","twitter_card":"summary_large_image","twitter_misc":{"Escrito por":"afogadosfm","Est. tempo de leitura":"2 minutos"},"schema":{"@context":"https:\/\/schema.org","@graph":[{"@type":"Article","@id":"https:\/\/afogadosfm.com.br\/afogadosfm\/2026\/04\/28\/pai-e-filho-morrem-em-acidente-na-pe-320-entre-afogados-e-carnaiba\/#article","isPartOf":{"@id":"https:\/\/afogadosfm.com.br\/afogadosfm\/2026\/04\/28\/pai-e-filho-morrem-em-acidente-na-pe-320-entre-afogados-e-carnaiba\/"},"author":{"name":"afogadosfm","@id":"https:\/\/afogadosfm.com.br\/afogadosfm\/#\/schema\/person\/60e56f2cf5dc960fc093fe093d9e9057"},"headline":"Pai e filho morrem em acidente na PE 320 entre Afogados e Carna\u00edba","datePublished":"2026-04-28T09:22:02+00:00","dateModified":"2026-04-28T09:23:44+00:00","mainEntityOfPage":{"@id":"https:\/\/afogadosfm.com.br\/afogadosfm\/2026\/04\/28\/pai-e-filho-morrem-em-acidente-na-pe-320-entre-afogados-e-carnaiba\/"},"wordCount":277,"commentCount":0,"publisher":{"@id":"https:\/\/afogadosfm.com.br\/afogadosfm\/#organization"},"image":{"@id":"https:\/\/afogadosfm.com.br\/afogadosfm\/2026\/04\/28\/pai-e-filho-morrem-em-acidente-na-pe-320-entre-afogados-e-carnaiba\/#primaryimage"},"thumbnailUrl":"https:\/\/i0.wp.com\/afogadosfm.com.br\/afogadosfm\/wp-content\/uploads\/2026\/04\/WhatsApp-Image-2026-04-28-at-06.21.00.jpeg?fit=1284%2C1104&ssl=1","articleSection":["Sert\u00e3o"],"inLanguage":"pt-BR","potentialAction":[{"@type":"CommentAction","name":"Comment","target":["https:\/\/afogadosfm.com.br\/afogadosfm\/2026\/04\/28\/pai-e-filho-morrem-em-acidente-na-pe-320-entre-afogados-e-carnaiba\/#respond"]}]},{"@type":"WebPage","@id":"https:\/\/afogadosfm.com.br\/afogadosfm\/2026\/04\/28\/pai-e-filho-morrem-em-acidente-na-pe-320-entre-afogados-e-carnaiba\/","url":"https:\/\/afogadosfm.com.br\/afogadosfm\/2026\/04\/28\/pai-e-filho-morrem-em-acidente-na-pe-320-entre-afogados-e-carnaiba\/","name":"Pai e filho morrem em acidente na PE 320 entre Afogados e Carna\u00edba - Afogados FM","isPartOf":{"@id":"https:\/\/afogadosfm.com.br\/afogadosfm\/#website"},"primaryImageOfPage":{"@id":"https:\/\/afogadosfm.com.br\/afogadosfm\/2026\/04\/28\/pai-e-filho-morrem-em-acidente-na-pe-320-entre-afogados-e-carnaiba\/#primaryimage"},"image":{"@id":"https:\/\/afogadosfm.com.br\/afogadosfm\/2026\/04\/28\/pai-e-filho-morrem-em-acidente-na-pe-320-entre-afogados-e-carnaiba\/#primaryimage"},"thumbnailUrl":"https:\/\/i0.wp.com\/afogadosfm.com.br\/afogadosfm\/wp-content\/uploads\/2026\/04\/WhatsApp-Image-2026-04-28-at-06.21.00.jpeg?fit=1284%2C1104&ssl=1","datePublished":"2026-04-28T09:22:02+00:00","dateModified":"2026-04-28T09:23:44+00:00","breadcrumb":{"@id":"https:\/\/afogadosfm.com.br\/afogadosfm\/2026\/04\/28\/pai-e-filho-morrem-em-acidente-na-pe-320-entre-afogados-e-carnaiba\/#breadcrumb"},"inLanguage":"pt-BR","potentialAction":[{"@type":"ReadAction","target":["https:\/\/afogadosfm.com.br\/afogadosfm\/2026\/04\/28\/pai-e-filho-morrem-em-acidente-na-pe-320-entre-afogados-e-carnaiba\/"]}]},{"@type":"ImageObject","inLanguage":"pt-BR","@id":"https:\/\/afogadosfm.com.br\/afogadosfm\/2026\/04\/28\/pai-e-filho-morrem-em-acidente-na-pe-320-entre-afogados-e-carnaiba\/#primaryimage","url":"https:\/\/i0.wp.com\/afogadosfm.com.br\/afogadosfm\/wp-content\/uploads\/2026\/04\/WhatsApp-Image-2026-04-28-at-06.21.00.jpeg?fit=1284%2C1104&ssl=1","contentUrl":"https:\/\/i0.wp.com\/afogadosfm.com.br\/afogadosfm\/wp-content\/uploads\/2026\/04\/WhatsApp-Image-2026-04-28-at-06.21.00.jpeg?fit=1284%2C1104&ssl=1","width":1284,"height":1104},{"@type":"BreadcrumbList","@id":"https:\/\/afogadosfm.com.br\/afogadosfm\/2026\/04\/28\/pai-e-filho-morrem-em-acidente-na-pe-320-entre-afogados-e-carnaiba\/#breadcrumb","itemListElement":[{"@type":"ListItem","position":1,"name":"In\u00edcio","item":"https:\/\/afogadosfm.com.br\/afogadosfm\/"},{"@type":"ListItem","position":2,"name":"Pai e filho morrem em acidente na PE 320 entre Afogados e Carna\u00edba"}]},{"@type":"WebSite","@id":"https:\/\/afogadosfm.com.br\/afogadosfm\/#website","url":"https:\/\/afogadosfm.com.br\/afogadosfm\/","name":"Afogados FM","description":"Um site completo!","publisher":{"@id":"https:\/\/afogadosfm.com.br\/afogadosfm\/#organization"},"potentialAction":[{"@type":"SearchAction","target":{"@type":"EntryPoint","urlTemplate":"https:\/\/afogadosfm.com.br\/afogadosfm\/?s={search_term_string}"},"query-input":{"@type":"PropertyValueSpecification","valueRequired":true,"valueName":"search_term_string"}}],"inLanguage":"pt-BR"},{"@type":"Organization","@id":"https:\/\/afogadosfm.com.br\/afogadosfm\/#organization","name":"Afogados FM","url":"https:\/\/afogadosfm.com.br\/afogadosfm\/","logo":{"@type":"ImageObject","inLanguage":"pt-BR","@id":"https:\/\/afogadosfm.com.br\/afogadosfm\/#\/schema\/logo\/image\/","url":"https:\/\/i0.wp.com\/afogadosfm.com.br\/afogadosfm\/wp-content\/uploads\/2020\/06\/cropped-banner-afogados-4.jpg?fit=369%2C137&ssl=1","contentUrl":"https:\/\/i0.wp.com\/afogadosfm.com.br\/afogadosfm\/wp-content\/uploads\/2020\/06\/cropped-banner-afogados-4.jpg?fit=369%2C137&ssl=1","width":369,"height":137,"caption":"Afogados FM"},"image":{"@id":"https:\/\/afogadosfm.com.br\/afogadosfm\/#\/schema\/logo\/image\/"}},{"@type":"Person","@id":"https:\/\/afogadosfm.com.br\/afogadosfm\/#\/schema\/person\/60e56f2cf5dc960fc093fe093d9e9057","name":"afogadosfm","image":{"@type":"ImageObject","inLanguage":"pt-BR","@id":"https:\/\/secure.gravatar.com\/avatar\/e0359add7ed5dc3560906d861b52c6a8cf5c1e199d3a7dd85070998f49bd4701?s=96&d=mm&r=g","url":"https:\/\/secure.gravatar.com\/avatar\/e0359add7ed5dc3560906d861b52c6a8cf5c1e199d3a7dd85070998f49bd4701?s=96&d=mm&r=g","contentUrl":"https:\/\/secure.gravatar.com\/avatar\/e0359add7ed5dc3560906d861b52c6a8cf5c1e199d3a7dd85070998f49bd4701?s=96&d=mm&r=g","caption":"afogadosfm"},"url":"https:\/\/afogadosfm.com.br\/afogadosfm\/author\/afogadosfm\/"}]}},"jetpack_publicize_connections":[],"jetpack_featured_media_url":"https:\/\/i0.wp.com\/afogadosfm.com.br\/afogadosfm\/wp-content\/uploads\/2026\/04\/WhatsApp-Image-2026-04-28-at-06.21.00.jpeg?fit=1284%2C1104&ssl=1","jetpack-related-posts":[],"jetpack_sharing_enabled":true,"jetpack_likes_enabled":true,"_links":{"self":[{"href":"https:\/\/afogadosfm.com.br\/afogadosfm\/wp-json\/wp\/v2\/posts\/74005","targetHints":{"allow":["GET"]}}],"collection":[{"href":"https:\/\/afogadosfm.com.br\/afogadosfm\/wp-json\/wp\/v2\/posts"}],"about":[{"href":"https:\/\/afogadosfm.com.br\/afogadosfm\/wp-json\/wp\/v2\/types\/post"}],"author":[{"embeddable":true,"href":"https:\/\/afogadosfm.com.br\/afogadosfm\/wp-json\/wp\/v2\/users\/2"}],"replies":[{"embeddable":true,"href":"https:\/\/afogadosfm.com.br\/afogadosfm\/wp-json\/wp\/v2\/comments?post=74005"}],"version-history":[{"count":3,"href":"https:\/\/afogadosfm.com.br\/afogadosfm\/wp-json\/wp\/v2\/posts\/74005\/revisions"}],"predecessor-version":[{"id":74009,"href":"https:\/\/afogadosfm.com.br\/afogadosfm\/wp-json\/wp\/v2\/posts\/74005\/revisions\/74009"}],"wp:featuredmedia":[{"embeddable":true,"href":"https:\/\/afogadosfm.com.br\/afogadosfm\/wp-json\/wp\/v2\/media\/74006"}],"wp:attachment":[{"href":"https:\/\/afogadosfm.com.br\/afogadosfm\/wp-json\/wp\/v2\/media?parent=74005"}],"wp:term":[{"taxonomy":"category","embeddable":true,"href":"https:\/\/afogadosfm.com.br\/afogadosfm\/wp-json\/wp\/v2\/categories?post=74005"},{"taxonomy":"post_tag","embeddable":true,"href":"https:\/\/afogadosfm.com.br\/afogadosfm\/wp-json\/wp\/v2\/tags?post=74005"}],"curies":[{"name":"wp","href":"https:\/\/api.w.org\/{rel}","templated":true}]}}