{"id":74012,"date":"2026-04-28T06:27:39","date_gmt":"2026-04-28T09:27:39","guid":{"rendered":"https:\/\/afogadosfm.com.br\/afogadosfm\/?p=74012"},"modified":"2026-04-28T06:27:39","modified_gmt":"2026-04-28T09:27:39","slug":"13-milhoes-de-produtos-eletronicos-piratas-foram-apreendidos-diz-anatel","status":"publish","type":"post","link":"https:\/\/afogadosfm.com.br\/afogadosfm\/2026\/04\/28\/13-milhoes-de-produtos-eletronicos-piratas-foram-apreendidos-diz-anatel\/","title":{"rendered":"1,3 milh\u00f5es de produtos eletr\u00f4nicos piratas foram apreendidos, diz Anatel"},"content":{"rendered":"<p>Mais de 1,3 milh\u00e3o de produtos piratas foram retirados do mercado brasileiro, entre janeiro de 2025 e janeiro deste ano, de acordo informa\u00e7\u00f5es divulgadas nesta segunda-feira (27) pela Anatel, Ag\u00eancia Nacional de Telecomunica\u00e7\u00f5es.<\/p>\n<p>Os valores das mercadorias apreendidas, que incluem roteadores, equipamentos de Wi-Fi e carregadores de baterias, somam quase R$ 137 milh\u00f5es. Esses itens s\u00e3o os principais alvos das opera\u00e7\u00f5es.<\/p>\n<p>Segundo a Anatel, os produtos lacrados continuam com a pessoa fiscalizada, enquanto os itens apreendidos s\u00e3o armazenados em dep\u00f3sitos da ag\u00eancia, e os itens retidos ficam com a Receita Federal.<\/p>\n<p>Quando a Anatel toma posse desses itens, eles podem ser regularizados ou doados. Existe tamb\u00e9m a possibilidade desses produtos terem pe\u00e7as, consideradas seguras, retiradas e reaproveitadas.<\/p>\n<p>O Conselheiro da Ag\u00eancia, Edson Holanda, afirma que as apreens\u00f5es tamb\u00e9m combatem a criminalidade no setor de telecomunica\u00e7\u00f5es.<\/p>\n<p>\u201cEsse volume de apreens\u00f5es revela o qu\u00e3o a Anatel est\u00e1 preocupada com a seguran\u00e7a do usu\u00e1rio e tamb\u00e9m com o combate \u00e0 criminalidade. E n\u00f3s todos temos que nos preocupar que, al\u00e9m da seguran\u00e7a, a retirada desses produtos tira a criminalidade do setor de telecomunica\u00e7\u00f5es\u201d.<\/p>\n<p>A Anatel realizou no ano passado, 381 a\u00e7\u00f5es de inspe\u00e7\u00e3o para certificar e homologar produtos, enquanto em 2024 foram feitas 443.<\/p>\n<p>Para fazer den\u00fancias sobre itens sem homologa\u00e7\u00e3o, \u00e9 poss\u00edvel acessar o site <a href=\"http:\/\/Mais de 1,3 milh\u00e3o de produtos piratas foram retirados do mercado brasileiro, entre janeiro de 2025 e janeiro deste ano, de acordo informa\u00e7\u00f5es divulgadas nesta segunda-feira (27) pela Anatel, Ag\u00eancia Nacional de Telecomunica\u00e7\u00f5es.  Os valores das mercadorias apreendidas, que incluem roteadores, equipamentos de Wi-Fi e carregadores de baterias, somam quase R$ 137 milh\u00f5es. Esses itens s\u00e3o os principais alvos das opera\u00e7\u00f5es.  Segundo a Anatel, os produtos lacrados continuam com a pessoa fiscalizada, enquanto os itens apreendidos s\u00e3o armazenados em dep\u00f3sitos da ag\u00eancia, e os itens retidos ficam com a Receita Federal.  Quando a Anatel toma posse desses itens, eles podem ser regularizados ou doados. Existe tamb\u00e9m a possibilidade desses produtos terem pe\u00e7as, consideradas seguras, retiradas e reaproveitadas.  O Conselheiro da Ag\u00eancia, Edson Holanda, afirma que as apreens\u00f5es tamb\u00e9m combatem a criminalidade no setor de telecomunica\u00e7\u00f5es.  \u201cEsse volume de apreens\u00f5es revela o qu\u00e3o a Anatel est\u00e1 preocupada com a seguran\u00e7a do usu\u00e1rio e tamb\u00e9m com o combate \u00e0 criminalidade. E n\u00f3s todos temos que nos preocupar que, al\u00e9m da seguran\u00e7a, a retirada desses produtos tira a criminalidade do setor de telecomunica\u00e7\u00f5es\u201d.  A Anatel realizou no ano passado, 381 a\u00e7\u00f5es de inspe\u00e7\u00e3o para certificar e homologar produtos, enquanto em 2024 foram feitas 443.  Para fazer den\u00fancias sobre itens sem homologa\u00e7\u00e3o, \u00e9 poss\u00edvel acessar o site apps.anatel.gov.br\/AnatelConsumidor ou ligar para o n\u00famero 1331.\">apps.anatel.gov.br\/AnatelConsumidor<\/a> ou ligar para o n\u00famero 1331.<\/p>\n","protected":false},"excerpt":{"rendered":"<p>Mais de 1,3 milh\u00e3o de produtos piratas foram retirados do mercado brasileiro, entre janeiro de 2025 e janeiro deste ano,<\/p>\n","protected":false},"author":2,"featured_media":5274,"comment_status":"open","ping_status":"open","sticky":false,"template":"","format":"standard","meta":{"jetpack_post_was_ever_published":false,"_jetpack_newsletter_access":"","_jetpack_dont_email_post_to_subs":false,"_jetpack_newsletter_tier_id":0,"_jetpack_memberships_contains_paywalled_content":false,"_jetpack_memberships_contains_paid_content":false,"footnotes":"","jetpack_publicize_message":"","jetpack_publicize_feature_enabled":true,"jetpack_social_post_already_shared":true,"jetpack_social_options":{"image_generator_settings":{"template":"highway","default_image_id":0,"font":"","enabled":false},"version":2}},"categories":[12],"tags":[],"class_list":["post-74012","post","type-post","status-publish","format-standard","has-post-thumbnail","hentry","category-brasil"],"yoast_head":"<!-- This site is optimized with the Yoast SEO plugin v27.5 - https:\/\/yoast.com\/product\/yoast-seo-wordpress\/ -->\n<title>1,3 milh\u00f5es de produtos eletr\u00f4nicos piratas foram apreendidos, diz Anatel - Afogados FM<\/title>\n<meta name=\"robots\" content=\"index, follow, max-snippet:-1, max-image-preview:large, max-video-preview:-1\" \/>\n<link rel=\"canonical\" href=\"https:\/\/afogadosfm.com.br\/afogadosfm\/2026\/04\/28\/13-milhoes-de-produtos-eletronicos-piratas-foram-apreendidos-diz-anatel\/\" \/>\n<meta property=\"og:locale\" content=\"pt_BR\" \/>\n<meta property=\"og:type\" content=\"article\" \/>\n<meta property=\"og:title\" content=\"1,3 milh\u00f5es de produtos eletr\u00f4nicos piratas foram apreendidos, diz Anatel - Afogados FM\" \/>\n<meta property=\"og:description\" content=\"Mais de 1,3 milh\u00e3o de produtos piratas foram retirados do mercado brasileiro, entre janeiro de 2025 e janeiro deste ano,\" \/>\n<meta property=\"og:url\" content=\"https:\/\/afogadosfm.com.br\/afogadosfm\/2026\/04\/28\/13-milhoes-de-produtos-eletronicos-piratas-foram-apreendidos-diz-anatel\/\" \/>\n<meta property=\"og:site_name\" content=\"Afogados FM\" \/>\n<meta property=\"article:published_time\" content=\"2026-04-28T09:27:39+00:00\" \/>\n<meta property=\"og:image\" content=\"https:\/\/afogadosfm.com.br\/afogadosfm\/wp-content\/uploads\/2018\/07\/celular-1-1024x646.png\" \/>\n\t<meta property=\"og:image:width\" content=\"1024\" \/>\n\t<meta property=\"og:image:height\" content=\"646\" \/>\n\t<meta property=\"og:image:type\" content=\"image\/png\" \/>\n<meta name=\"author\" content=\"afogadosfm\" \/>\n<meta name=\"twitter:card\" content=\"summary_large_image\" \/>\n<meta name=\"twitter:label1\" content=\"Escrito por\" \/>\n\t<meta name=\"twitter:data1\" content=\"afogadosfm\" \/>\n\t<meta name=\"twitter:label2\" content=\"Est. tempo de leitura\" \/>\n\t<meta name=\"twitter:data2\" content=\"2 minutos\" \/>\n<script type=\"application\/ld+json\" class=\"yoast-schema-graph\">{\"@context\":\"https:\\\/\\\/schema.org\",\"@graph\":[{\"@type\":\"Article\",\"@id\":\"https:\\\/\\\/afogadosfm.com.br\\\/afogadosfm\\\/2026\\\/04\\\/28\\\/13-milhoes-de-produtos-eletronicos-piratas-foram-apreendidos-diz-anatel\\\/#article\",\"isPartOf\":{\"@id\":\"https:\\\/\\\/afogadosfm.com.br\\\/afogadosfm\\\/2026\\\/04\\\/28\\\/13-milhoes-de-produtos-eletronicos-piratas-foram-apreendidos-diz-anatel\\\/\"},\"author\":{\"name\":\"afogadosfm\",\"@id\":\"https:\\\/\\\/afogadosfm.com.br\\\/afogadosfm\\\/#\\\/schema\\\/person\\\/60e56f2cf5dc960fc093fe093d9e9057\"},\"headline\":\"1,3 milh\u00f5es de produtos eletr\u00f4nicos piratas foram apreendidos, diz Anatel\",\"datePublished\":\"2026-04-28T09:27:39+00:00\",\"mainEntityOfPage\":{\"@id\":\"https:\\\/\\\/afogadosfm.com.br\\\/afogadosfm\\\/2026\\\/04\\\/28\\\/13-milhoes-de-produtos-eletronicos-piratas-foram-apreendidos-diz-anatel\\\/\"},\"wordCount\":256,\"commentCount\":0,\"publisher\":{\"@id\":\"https:\\\/\\\/afogadosfm.com.br\\\/afogadosfm\\\/#organization\"},\"image\":{\"@id\":\"https:\\\/\\\/afogadosfm.com.br\\\/afogadosfm\\\/2026\\\/04\\\/28\\\/13-milhoes-de-produtos-eletronicos-piratas-foram-apreendidos-diz-anatel\\\/#primaryimage\"},\"thumbnailUrl\":\"https:\\\/\\\/i0.wp.com\\\/afogadosfm.com.br\\\/afogadosfm\\\/wp-content\\\/uploads\\\/2018\\\/07\\\/celular-1.png?fit=4724%2C2982&ssl=1\",\"articleSection\":[\"Brasil\"],\"inLanguage\":\"pt-BR\",\"potentialAction\":[{\"@type\":\"CommentAction\",\"name\":\"Comment\",\"target\":[\"https:\\\/\\\/afogadosfm.com.br\\\/afogadosfm\\\/2026\\\/04\\\/28\\\/13-milhoes-de-produtos-eletronicos-piratas-foram-apreendidos-diz-anatel\\\/#respond\"]}]},{\"@type\":\"WebPage\",\"@id\":\"https:\\\/\\\/afogadosfm.com.br\\\/afogadosfm\\\/2026\\\/04\\\/28\\\/13-milhoes-de-produtos-eletronicos-piratas-foram-apreendidos-diz-anatel\\\/\",\"url\":\"https:\\\/\\\/afogadosfm.com.br\\\/afogadosfm\\\/2026\\\/04\\\/28\\\/13-milhoes-de-produtos-eletronicos-piratas-foram-apreendidos-diz-anatel\\\/\",\"name\":\"1,3 milh\u00f5es de produtos eletr\u00f4nicos piratas foram apreendidos, diz Anatel - Afogados FM\",\"isPartOf\":{\"@id\":\"https:\\\/\\\/afogadosfm.com.br\\\/afogadosfm\\\/#website\"},\"primaryImageOfPage\":{\"@id\":\"https:\\\/\\\/afogadosfm.com.br\\\/afogadosfm\\\/2026\\\/04\\\/28\\\/13-milhoes-de-produtos-eletronicos-piratas-foram-apreendidos-diz-anatel\\\/#primaryimage\"},\"image\":{\"@id\":\"https:\\\/\\\/afogadosfm.com.br\\\/afogadosfm\\\/2026\\\/04\\\/28\\\/13-milhoes-de-produtos-eletronicos-piratas-foram-apreendidos-diz-anatel\\\/#primaryimage\"},\"thumbnailUrl\":\"https:\\\/\\\/i0.wp.com\\\/afogadosfm.com.br\\\/afogadosfm\\\/wp-content\\\/uploads\\\/2018\\\/07\\\/celular-1.png?fit=4724%2C2982&ssl=1\",\"datePublished\":\"2026-04-28T09:27:39+00:00\",\"breadcrumb\":{\"@id\":\"https:\\\/\\\/afogadosfm.com.br\\\/afogadosfm\\\/2026\\\/04\\\/28\\\/13-milhoes-de-produtos-eletronicos-piratas-foram-apreendidos-diz-anatel\\\/#breadcrumb\"},\"inLanguage\":\"pt-BR\",\"potentialAction\":[{\"@type\":\"ReadAction\",\"target\":[\"https:\\\/\\\/afogadosfm.com.br\\\/afogadosfm\\\/2026\\\/04\\\/28\\\/13-milhoes-de-produtos-eletronicos-piratas-foram-apreendidos-diz-anatel\\\/\"]}]},{\"@type\":\"ImageObject\",\"inLanguage\":\"pt-BR\",\"@id\":\"https:\\\/\\\/afogadosfm.com.br\\\/afogadosfm\\\/2026\\\/04\\\/28\\\/13-milhoes-de-produtos-eletronicos-piratas-foram-apreendidos-diz-anatel\\\/#primaryimage\",\"url\":\"https:\\\/\\\/i0.wp.com\\\/afogadosfm.com.br\\\/afogadosfm\\\/wp-content\\\/uploads\\\/2018\\\/07\\\/celular-1.png?fit=4724%2C2982&ssl=1\",\"contentUrl\":\"https:\\\/\\\/i0.wp.com\\\/afogadosfm.com.br\\\/afogadosfm\\\/wp-content\\\/uploads\\\/2018\\\/07\\\/celular-1.png?fit=4724%2C2982&ssl=1\",\"width\":4724,\"height\":2982},{\"@type\":\"BreadcrumbList\",\"@id\":\"https:\\\/\\\/afogadosfm.com.br\\\/afogadosfm\\\/2026\\\/04\\\/28\\\/13-milhoes-de-produtos-eletronicos-piratas-foram-apreendidos-diz-anatel\\\/#breadcrumb\",\"itemListElement\":[{\"@type\":\"ListItem\",\"position\":1,\"name\":\"In\u00edcio\",\"item\":\"https:\\\/\\\/afogadosfm.com.br\\\/afogadosfm\\\/\"},{\"@type\":\"ListItem\",\"position\":2,\"name\":\"1,3 milh\u00f5es de produtos eletr\u00f4nicos piratas foram apreendidos, diz Anatel\"}]},{\"@type\":\"WebSite\",\"@id\":\"https:\\\/\\\/afogadosfm.com.br\\\/afogadosfm\\\/#website\",\"url\":\"https:\\\/\\\/afogadosfm.com.br\\\/afogadosfm\\\/\",\"name\":\"Afogados FM\",\"description\":\"Um site completo!\",\"publisher\":{\"@id\":\"https:\\\/\\\/afogadosfm.com.br\\\/afogadosfm\\\/#organization\"},\"potentialAction\":[{\"@type\":\"SearchAction\",\"target\":{\"@type\":\"EntryPoint\",\"urlTemplate\":\"https:\\\/\\\/afogadosfm.com.br\\\/afogadosfm\\\/?s={search_term_string}\"},\"query-input\":{\"@type\":\"PropertyValueSpecification\",\"valueRequired\":true,\"valueName\":\"search_term_string\"}}],\"inLanguage\":\"pt-BR\"},{\"@type\":\"Organization\",\"@id\":\"https:\\\/\\\/afogadosfm.com.br\\\/afogadosfm\\\/#organization\",\"name\":\"Afogados FM\",\"url\":\"https:\\\/\\\/afogadosfm.com.br\\\/afogadosfm\\\/\",\"logo\":{\"@type\":\"ImageObject\",\"inLanguage\":\"pt-BR\",\"@id\":\"https:\\\/\\\/afogadosfm.com.br\\\/afogadosfm\\\/#\\\/schema\\\/logo\\\/image\\\/\",\"url\":\"https:\\\/\\\/i0.wp.com\\\/afogadosfm.com.br\\\/afogadosfm\\\/wp-content\\\/uploads\\\/2020\\\/06\\\/cropped-banner-afogados-4.jpg?fit=369%2C137&ssl=1\",\"contentUrl\":\"https:\\\/\\\/i0.wp.com\\\/afogadosfm.com.br\\\/afogadosfm\\\/wp-content\\\/uploads\\\/2020\\\/06\\\/cropped-banner-afogados-4.jpg?fit=369%2C137&ssl=1\",\"width\":369,\"height\":137,\"caption\":\"Afogados FM\"},\"image\":{\"@id\":\"https:\\\/\\\/afogadosfm.com.br\\\/afogadosfm\\\/#\\\/schema\\\/logo\\\/image\\\/\"}},{\"@type\":\"Person\",\"@id\":\"https:\\\/\\\/afogadosfm.com.br\\\/afogadosfm\\\/#\\\/schema\\\/person\\\/60e56f2cf5dc960fc093fe093d9e9057\",\"name\":\"afogadosfm\",\"image\":{\"@type\":\"ImageObject\",\"inLanguage\":\"pt-BR\",\"@id\":\"https:\\\/\\\/secure.gravatar.com\\\/avatar\\\/e0359add7ed5dc3560906d861b52c6a8cf5c1e199d3a7dd85070998f49bd4701?s=96&d=mm&r=g\",\"url\":\"https:\\\/\\\/secure.gravatar.com\\\/avatar\\\/e0359add7ed5dc3560906d861b52c6a8cf5c1e199d3a7dd85070998f49bd4701?s=96&d=mm&r=g\",\"contentUrl\":\"https:\\\/\\\/secure.gravatar.com\\\/avatar\\\/e0359add7ed5dc3560906d861b52c6a8cf5c1e199d3a7dd85070998f49bd4701?s=96&d=mm&r=g\",\"caption\":\"afogadosfm\"},\"url\":\"https:\\\/\\\/afogadosfm.com.br\\\/afogadosfm\\\/author\\\/afogadosfm\\\/\"}]}<\/script>\n<!-- \/ Yoast SEO plugin. -->","yoast_head_json":{"title":"1,3 milh\u00f5es de produtos eletr\u00f4nicos piratas foram apreendidos, diz Anatel - Afogados FM","robots":{"index":"index","follow":"follow","max-snippet":"max-snippet:-1","max-image-preview":"max-image-preview:large","max-video-preview":"max-video-preview:-1"},"canonical":"https:\/\/afogadosfm.com.br\/afogadosfm\/2026\/04\/28\/13-milhoes-de-produtos-eletronicos-piratas-foram-apreendidos-diz-anatel\/","og_locale":"pt_BR","og_type":"article","og_title":"1,3 milh\u00f5es de produtos eletr\u00f4nicos piratas foram apreendidos, diz Anatel - Afogados FM","og_description":"Mais de 1,3 milh\u00e3o de produtos piratas foram retirados do mercado brasileiro, entre janeiro de 2025 e janeiro deste ano,","og_url":"https:\/\/afogadosfm.com.br\/afogadosfm\/2026\/04\/28\/13-milhoes-de-produtos-eletronicos-piratas-foram-apreendidos-diz-anatel\/","og_site_name":"Afogados FM","article_published_time":"2026-04-28T09:27:39+00:00","og_image":[{"width":1024,"height":646,"url":"https:\/\/afogadosfm.com.br\/afogadosfm\/wp-content\/uploads\/2018\/07\/celular-1-1024x646.png","type":"image\/png"}],"author":"afogadosfm","twitter_card":"summary_large_image","twitter_misc":{"Escrito por":"afogadosfm","Est. tempo de leitura":"2 minutos"},"schema":{"@context":"https:\/\/schema.org","@graph":[{"@type":"Article","@id":"https:\/\/afogadosfm.com.br\/afogadosfm\/2026\/04\/28\/13-milhoes-de-produtos-eletronicos-piratas-foram-apreendidos-diz-anatel\/#article","isPartOf":{"@id":"https:\/\/afogadosfm.com.br\/afogadosfm\/2026\/04\/28\/13-milhoes-de-produtos-eletronicos-piratas-foram-apreendidos-diz-anatel\/"},"author":{"name":"afogadosfm","@id":"https:\/\/afogadosfm.com.br\/afogadosfm\/#\/schema\/person\/60e56f2cf5dc960fc093fe093d9e9057"},"headline":"1,3 milh\u00f5es de produtos eletr\u00f4nicos piratas foram apreendidos, diz Anatel","datePublished":"2026-04-28T09:27:39+00:00","mainEntityOfPage":{"@id":"https:\/\/afogadosfm.com.br\/afogadosfm\/2026\/04\/28\/13-milhoes-de-produtos-eletronicos-piratas-foram-apreendidos-diz-anatel\/"},"wordCount":256,"commentCount":0,"publisher":{"@id":"https:\/\/afogadosfm.com.br\/afogadosfm\/#organization"},"image":{"@id":"https:\/\/afogadosfm.com.br\/afogadosfm\/2026\/04\/28\/13-milhoes-de-produtos-eletronicos-piratas-foram-apreendidos-diz-anatel\/#primaryimage"},"thumbnailUrl":"https:\/\/i0.wp.com\/afogadosfm.com.br\/afogadosfm\/wp-content\/uploads\/2018\/07\/celular-1.png?fit=4724%2C2982&ssl=1","articleSection":["Brasil"],"inLanguage":"pt-BR","potentialAction":[{"@type":"CommentAction","name":"Comment","target":["https:\/\/afogadosfm.com.br\/afogadosfm\/2026\/04\/28\/13-milhoes-de-produtos-eletronicos-piratas-foram-apreendidos-diz-anatel\/#respond"]}]},{"@type":"WebPage","@id":"https:\/\/afogadosfm.com.br\/afogadosfm\/2026\/04\/28\/13-milhoes-de-produtos-eletronicos-piratas-foram-apreendidos-diz-anatel\/","url":"https:\/\/afogadosfm.com.br\/afogadosfm\/2026\/04\/28\/13-milhoes-de-produtos-eletronicos-piratas-foram-apreendidos-diz-anatel\/","name":"1,3 milh\u00f5es de produtos eletr\u00f4nicos piratas foram apreendidos, diz Anatel - Afogados FM","isPartOf":{"@id":"https:\/\/afogadosfm.com.br\/afogadosfm\/#website"},"primaryImageOfPage":{"@id":"https:\/\/afogadosfm.com.br\/afogadosfm\/2026\/04\/28\/13-milhoes-de-produtos-eletronicos-piratas-foram-apreendidos-diz-anatel\/#primaryimage"},"image":{"@id":"https:\/\/afogadosfm.com.br\/afogadosfm\/2026\/04\/28\/13-milhoes-de-produtos-eletronicos-piratas-foram-apreendidos-diz-anatel\/#primaryimage"},"thumbnailUrl":"https:\/\/i0.wp.com\/afogadosfm.com.br\/afogadosfm\/wp-content\/uploads\/2018\/07\/celular-1.png?fit=4724%2C2982&ssl=1","datePublished":"2026-04-28T09:27:39+00:00","breadcrumb":{"@id":"https:\/\/afogadosfm.com.br\/afogadosfm\/2026\/04\/28\/13-milhoes-de-produtos-eletronicos-piratas-foram-apreendidos-diz-anatel\/#breadcrumb"},"inLanguage":"pt-BR","potentialAction":[{"@type":"ReadAction","target":["https:\/\/afogadosfm.com.br\/afogadosfm\/2026\/04\/28\/13-milhoes-de-produtos-eletronicos-piratas-foram-apreendidos-diz-anatel\/"]}]},{"@type":"ImageObject","inLanguage":"pt-BR","@id":"https:\/\/afogadosfm.com.br\/afogadosfm\/2026\/04\/28\/13-milhoes-de-produtos-eletronicos-piratas-foram-apreendidos-diz-anatel\/#primaryimage","url":"https:\/\/i0.wp.com\/afogadosfm.com.br\/afogadosfm\/wp-content\/uploads\/2018\/07\/celular-1.png?fit=4724%2C2982&ssl=1","contentUrl":"https:\/\/i0.wp.com\/afogadosfm.com.br\/afogadosfm\/wp-content\/uploads\/2018\/07\/celular-1.png?fit=4724%2C2982&ssl=1","width":4724,"height":2982},{"@type":"BreadcrumbList","@id":"https:\/\/afogadosfm.com.br\/afogadosfm\/2026\/04\/28\/13-milhoes-de-produtos-eletronicos-piratas-foram-apreendidos-diz-anatel\/#breadcrumb","itemListElement":[{"@type":"ListItem","position":1,"name":"In\u00edcio","item":"https:\/\/afogadosfm.com.br\/afogadosfm\/"},{"@type":"ListItem","position":2,"name":"1,3 milh\u00f5es de produtos eletr\u00f4nicos piratas foram apreendidos, diz Anatel"}]},{"@type":"WebSite","@id":"https:\/\/afogadosfm.com.br\/afogadosfm\/#website","url":"https:\/\/afogadosfm.com.br\/afogadosfm\/","name":"Afogados FM","description":"Um site completo!","publisher":{"@id":"https:\/\/afogadosfm.com.br\/afogadosfm\/#organization"},"potentialAction":[{"@type":"SearchAction","target":{"@type":"EntryPoint","urlTemplate":"https:\/\/afogadosfm.com.br\/afogadosfm\/?s={search_term_string}"},"query-input":{"@type":"PropertyValueSpecification","valueRequired":true,"valueName":"search_term_string"}}],"inLanguage":"pt-BR"},{"@type":"Organization","@id":"https:\/\/afogadosfm.com.br\/afogadosfm\/#organization","name":"Afogados FM","url":"https:\/\/afogadosfm.com.br\/afogadosfm\/","logo":{"@type":"ImageObject","inLanguage":"pt-BR","@id":"https:\/\/afogadosfm.com.br\/afogadosfm\/#\/schema\/logo\/image\/","url":"https:\/\/i0.wp.com\/afogadosfm.com.br\/afogadosfm\/wp-content\/uploads\/2020\/06\/cropped-banner-afogados-4.jpg?fit=369%2C137&ssl=1","contentUrl":"https:\/\/i0.wp.com\/afogadosfm.com.br\/afogadosfm\/wp-content\/uploads\/2020\/06\/cropped-banner-afogados-4.jpg?fit=369%2C137&ssl=1","width":369,"height":137,"caption":"Afogados FM"},"image":{"@id":"https:\/\/afogadosfm.com.br\/afogadosfm\/#\/schema\/logo\/image\/"}},{"@type":"Person","@id":"https:\/\/afogadosfm.com.br\/afogadosfm\/#\/schema\/person\/60e56f2cf5dc960fc093fe093d9e9057","name":"afogadosfm","image":{"@type":"ImageObject","inLanguage":"pt-BR","@id":"https:\/\/secure.gravatar.com\/avatar\/e0359add7ed5dc3560906d861b52c6a8cf5c1e199d3a7dd85070998f49bd4701?s=96&d=mm&r=g","url":"https:\/\/secure.gravatar.com\/avatar\/e0359add7ed5dc3560906d861b52c6a8cf5c1e199d3a7dd85070998f49bd4701?s=96&d=mm&r=g","contentUrl":"https:\/\/secure.gravatar.com\/avatar\/e0359add7ed5dc3560906d861b52c6a8cf5c1e199d3a7dd85070998f49bd4701?s=96&d=mm&r=g","caption":"afogadosfm"},"url":"https:\/\/afogadosfm.com.br\/afogadosfm\/author\/afogadosfm\/"}]}},"jetpack_publicize_connections":[],"jetpack_featured_media_url":"https:\/\/i0.wp.com\/afogadosfm.com.br\/afogadosfm\/wp-content\/uploads\/2018\/07\/celular-1.png?fit=4724%2C2982&ssl=1","jetpack-related-posts":[],"jetpack_sharing_enabled":true,"jetpack_likes_enabled":true,"_links":{"self":[{"href":"https:\/\/afogadosfm.com.br\/afogadosfm\/wp-json\/wp\/v2\/posts\/74012","targetHints":{"allow":["GET"]}}],"collection":[{"href":"https:\/\/afogadosfm.com.br\/afogadosfm\/wp-json\/wp\/v2\/posts"}],"about":[{"href":"https:\/\/afogadosfm.com.br\/afogadosfm\/wp-json\/wp\/v2\/types\/post"}],"author":[{"embeddable":true,"href":"https:\/\/afogadosfm.com.br\/afogadosfm\/wp-json\/wp\/v2\/users\/2"}],"replies":[{"embeddable":true,"href":"https:\/\/afogadosfm.com.br\/afogadosfm\/wp-json\/wp\/v2\/comments?post=74012"}],"version-history":[{"count":1,"href":"https:\/\/afogadosfm.com.br\/afogadosfm\/wp-json\/wp\/v2\/posts\/74012\/revisions"}],"predecessor-version":[{"id":74013,"href":"https:\/\/afogadosfm.com.br\/afogadosfm\/wp-json\/wp\/v2\/posts\/74012\/revisions\/74013"}],"wp:featuredmedia":[{"embeddable":true,"href":"https:\/\/afogadosfm.com.br\/afogadosfm\/wp-json\/wp\/v2\/media\/5274"}],"wp:attachment":[{"href":"https:\/\/afogadosfm.com.br\/afogadosfm\/wp-json\/wp\/v2\/media?parent=74012"}],"wp:term":[{"taxonomy":"category","embeddable":true,"href":"https:\/\/afogadosfm.com.br\/afogadosfm\/wp-json\/wp\/v2\/categories?post=74012"},{"taxonomy":"post_tag","embeddable":true,"href":"https:\/\/afogadosfm.com.br\/afogadosfm\/wp-json\/wp\/v2\/tags?post=74012"}],"curies":[{"name":"wp","href":"https:\/\/api.w.org\/{rel}","templated":true}]}}