{"id":74019,"date":"2026-04-28T09:13:44","date_gmt":"2026-04-28T12:13:44","guid":{"rendered":"https:\/\/afogadosfm.com.br\/afogadosfm\/?p=74019"},"modified":"2026-04-28T09:13:44","modified_gmt":"2026-04-28T12:13:44","slug":"genial-quaest-joao-campos-42-raquel-lyra-34-para-o-senado-marilia-arraes-lidera","status":"publish","type":"post","link":"https:\/\/afogadosfm.com.br\/afogadosfm\/2026\/04\/28\/genial-quaest-joao-campos-42-raquel-lyra-34-para-o-senado-marilia-arraes-lidera\/","title":{"rendered":"Genial\/Quaest: Jo\u00e3o Campos 42% Raquel Lyra 34%, para o Senado Marilia Arraes lidera"},"content":{"rendered":"<p>O ex-prefeito do Recife Jo\u00e3o Campos (PSB) lidera as inten\u00e7\u00f5es de voto para o governo de Pernambuco com 42%, contra 34% da governadora Raquel Lyra (PSD), que busca a reelei\u00e7\u00e3o. Os n\u00fameros s\u00e3o do cen\u00e1rio estimulado da pesquisa Genial\/Quaest divulgada nesta ter\u00e7a-feira (28).<\/p>\n<p>Em rela\u00e7\u00e3o ao levantamento anterior do mesmo instituto, realizado em agosto de 2025, Campos recuou 13 pontos percentuais \u2014 ele aparecia ent\u00e3o com 55%. Raquel Lyra, por sua vez, cresceu 10 pontos: estava em 24% e agora marca 34%.<\/p>\n<p>A diferen\u00e7a entre os dois tamb\u00e9m foi reduzida. Em agosto, a vantagem de Campos era de 31 pontos. No novo levantamento, o intervalo caiu para 8 pontos.<\/p>\n<p>Os demais candidatos aparecem com baixa pontua\u00e7\u00e3o no levantamento desta ter\u00e7a. Eduardo Moura (Novo) registrou 3%, e Ivan Moraes (Psol) somou 1%. Moura foi inclu\u00eddo no cen\u00e1rio estimulado da pesquisa, mas j\u00e1 anunciou que disputar\u00e1 uma vaga na C\u00e2mara Federal, e n\u00e3o o governo do estado.<\/p>\n<p>Os indecisos somam 11%, enquanto 9% declararam voto em branco, nulo ou afirmaram que n\u00e3o v\u00e3o votar.<\/p>\n<p>Inten\u00e7\u00e3o de voto para governador de Pernambuco \u2014 Genial\/Quaest (abril\/2026):<\/p>\n<p>Jo\u00e3o Campos (PSB): 42%<br \/>\nRaquel Lyra (PSD): 34%<br \/>\nEduardo Moura (Novo): 3%<br \/>\nIvan Moraes (Psol): 1%<br \/>\nIndecisos: 11%<br \/>\nBranco\/Nulo\/N\u00e3o vai votar: 9%<br \/>\nConsiderando apenas os votos v\u00e1lidos, ou seja, excluindo indecisos e os que declaram voto em branco, nulo ou aus\u00eancia \u00e0s urnas, Jo\u00e3o Campos chegaria a 52,5%, o que seria suficiente para vencer no primeiro turno. Raquel Lyra ficaria com 42,5%. Eduardo Moura teria 3,75%, e Ivan Moraes, 1,25%.<\/p>\n<p>A pesquisa tamb\u00e9m simulou um eventual segundo turno entre Jo\u00e3o Campos e Raquel Lyra. O ex-prefeito do Recife aparece com 46%, contra 38% da governadora, uma diferen\u00e7a de 8 pontos.<\/p>\n<p>Os indecisos somam 8%, e outros 8% declaram voto em branco, nulo ou afirmam que n\u00e3o comparecer\u00e3o \u00e0s urnas.<\/p>\n<p>Para o Senado Federal<\/p>\n<p>A ex-deputada Mar\u00edlia Arraes (PDT) lidera todos os cen\u00e1rios testados pela pesquisa Genial\/Quaest para a disputa ao Senado em Pernambuco, divulgada nesta ter\u00e7a-feira (28). O senador Humberto Costa (PT) aparece em segundo lugar em todos os cen\u00e1rios simulados, mas empata dentro da margem de erro de tr\u00eas pontos percentuais com outros candidatos.<\/p>\n<p>O levantamento simulou tr\u00eas composi\u00e7\u00f5es diferentes de candidatos. No primeiro cen\u00e1rio, Mar\u00edlia registra 18% das inten\u00e7\u00f5es de voto. Humberto Costa aparece em segundo, com 12%, seguido de Miguel Coelho (Uni\u00e3o), com 10%. Mendon\u00e7a Filho (PL) vem na sequ\u00eancia, com 8%, e Anderson Ferreira (PL) e T\u00falio Gadelha (PSD) aparecem empatados, com 6% cada.<\/p>\n<p>Armando Monteiro Neto (Podemos) e Eduardo da Fonte (PP) aparecem empatados, com 4% cada. J\u00f4 Cavalcanti (PSOL) e Paulo Rubem Santiago (Rede) registram 3% cada. Rec\u00e9m-anunciado pelo partido, Carlos Sant\u2019Anna (Novo) n\u00e3o pontuou.<\/p>\n<p>Os indecisos somam 10%, e os que declaram voto branco, nulo ou que n\u00e3o pretendem votar chegam a 16%.<\/p>\n<p>Apesar de considerado na pesquisa, Mendon\u00e7a Filho j\u00e1 anunciou que disputar\u00e1 uma vaga na C\u00e2mara dos Deputados em 2026, o que retira seu nome da corrida ao Senado. Armando Monteiro Neto ainda n\u00e3o declarou candidatura ao cargo.<\/p>\n<p>Cen\u00e1rio I \u2014 Inten\u00e7\u00f5es de voto para Senado em Pernambuco:<\/p>\n<p>Mar\u00edlia Arraes (PDT): 18%<br \/>\nHumberto Costa (PT): 12%<br \/>\nMiguel Coelho (Uni\u00e3o): 10%<br \/>\nMendon\u00e7a Filho (PL): 8%<br \/>\nAnderson Ferreira (PL): 6%<br \/>\nT\u00falio Gadelha (PSD): 6%<br \/>\nArmando Monteiro Neto (Podemos): 4%<br \/>\nEduardo da Fonte (PP): 4%<br \/>\nJ\u00f4 Cavalcanti (PSOL): 3%<br \/>\nPaulo Rubem Santiago (Rede): 3%<br \/>\nCarlos Sant\u2019Anna (Novo): 0%<br \/>\nIndecisos: 10%<br \/>\nBranco\/Nulo\/N\u00e3o vai votar: 16%<\/p>\n<p>Cen\u00e1rio II: Mar\u00edlia sobe para 21% sem Mendon\u00e7a e Anderson<br \/>\nNo segundo cen\u00e1rio, que exclui Mendon\u00e7a Filho e Anderson Ferreira, Mar\u00edlia Arraes avan\u00e7a para 21% das inten\u00e7\u00f5es de voto. Humberto Costa segue em segundo, com 13%, e Miguel Coelho mant\u00e9m o terceiro lugar, com 10%.<\/p>\n<p>&nbsp;<\/p>\n<p>&nbsp;<\/p>\n","protected":false},"excerpt":{"rendered":"<p>O ex-prefeito do Recife Jo\u00e3o Campos (PSB) lidera as inten\u00e7\u00f5es de voto para o governo de Pernambuco com 42%, contra<\/p>\n","protected":false},"author":2,"featured_media":70839,"comment_status":"open","ping_status":"open","sticky":false,"template":"","format":"standard","meta":{"jetpack_post_was_ever_published":false,"_jetpack_newsletter_access":"","_jetpack_dont_email_post_to_subs":false,"_jetpack_newsletter_tier_id":0,"_jetpack_memberships_contains_paywalled_content":false,"_jetpack_memberships_contains_paid_content":false,"footnotes":"","jetpack_publicize_message":"","jetpack_publicize_feature_enabled":true,"jetpack_social_post_already_shared":true,"jetpack_social_options":{"image_generator_settings":{"template":"highway","default_image_id":0,"font":"","enabled":false},"version":2}},"categories":[13],"tags":[],"class_list":["post-74019","post","type-post","status-publish","format-standard","has-post-thumbnail","hentry","category-pernambuco"],"yoast_head":"<!-- This site is optimized with the Yoast SEO plugin v27.5 - https:\/\/yoast.com\/product\/yoast-seo-wordpress\/ -->\n<title>Genial\/Quaest: Jo\u00e3o Campos 42% Raquel Lyra 34%, para o Senado Marilia Arraes lidera - Afogados FM<\/title>\n<meta name=\"robots\" content=\"index, follow, max-snippet:-1, max-image-preview:large, max-video-preview:-1\" \/>\n<link rel=\"canonical\" href=\"https:\/\/afogadosfm.com.br\/afogadosfm\/2026\/04\/28\/genial-quaest-joao-campos-42-raquel-lyra-34-para-o-senado-marilia-arraes-lidera\/\" \/>\n<meta property=\"og:locale\" content=\"pt_BR\" \/>\n<meta property=\"og:type\" content=\"article\" \/>\n<meta property=\"og:title\" content=\"Genial\/Quaest: Jo\u00e3o Campos 42% Raquel Lyra 34%, para o Senado Marilia Arraes lidera - Afogados FM\" \/>\n<meta property=\"og:description\" content=\"O ex-prefeito do Recife Jo\u00e3o Campos (PSB) lidera as inten\u00e7\u00f5es de voto para o governo de Pernambuco com 42%, contra\" \/>\n<meta property=\"og:url\" content=\"https:\/\/afogadosfm.com.br\/afogadosfm\/2026\/04\/28\/genial-quaest-joao-campos-42-raquel-lyra-34-para-o-senado-marilia-arraes-lidera\/\" \/>\n<meta property=\"og:site_name\" content=\"Afogados FM\" \/>\n<meta property=\"article:published_time\" content=\"2026-04-28T12:13:44+00:00\" \/>\n<meta property=\"og:image\" content=\"https:\/\/afogadosfm.com.br\/afogadosfm\/wp-content\/uploads\/2025\/11\/joaoraquel.webp\" \/>\n\t<meta property=\"og:image:width\" content=\"800\" \/>\n\t<meta property=\"og:image:height\" content=\"400\" \/>\n\t<meta property=\"og:image:type\" content=\"image\/webp\" \/>\n<meta name=\"author\" content=\"afogadosfm\" \/>\n<meta name=\"twitter:card\" content=\"summary_large_image\" \/>\n<meta name=\"twitter:label1\" content=\"Escrito por\" \/>\n\t<meta name=\"twitter:data1\" content=\"afogadosfm\" \/>\n\t<meta name=\"twitter:label2\" content=\"Est. tempo de leitura\" \/>\n\t<meta name=\"twitter:data2\" content=\"4 minutos\" \/>\n<script type=\"application\/ld+json\" class=\"yoast-schema-graph\">{\"@context\":\"https:\\\/\\\/schema.org\",\"@graph\":[{\"@type\":\"Article\",\"@id\":\"https:\\\/\\\/afogadosfm.com.br\\\/afogadosfm\\\/2026\\\/04\\\/28\\\/genial-quaest-joao-campos-42-raquel-lyra-34-para-o-senado-marilia-arraes-lidera\\\/#article\",\"isPartOf\":{\"@id\":\"https:\\\/\\\/afogadosfm.com.br\\\/afogadosfm\\\/2026\\\/04\\\/28\\\/genial-quaest-joao-campos-42-raquel-lyra-34-para-o-senado-marilia-arraes-lidera\\\/\"},\"author\":{\"name\":\"afogadosfm\",\"@id\":\"https:\\\/\\\/afogadosfm.com.br\\\/afogadosfm\\\/#\\\/schema\\\/person\\\/60e56f2cf5dc960fc093fe093d9e9057\"},\"headline\":\"Genial\\\/Quaest: Jo\u00e3o Campos 42% Raquel Lyra 34%, para o Senado Marilia Arraes lidera\",\"datePublished\":\"2026-04-28T12:13:44+00:00\",\"mainEntityOfPage\":{\"@id\":\"https:\\\/\\\/afogadosfm.com.br\\\/afogadosfm\\\/2026\\\/04\\\/28\\\/genial-quaest-joao-campos-42-raquel-lyra-34-para-o-senado-marilia-arraes-lidera\\\/\"},\"wordCount\":636,\"commentCount\":0,\"publisher\":{\"@id\":\"https:\\\/\\\/afogadosfm.com.br\\\/afogadosfm\\\/#organization\"},\"image\":{\"@id\":\"https:\\\/\\\/afogadosfm.com.br\\\/afogadosfm\\\/2026\\\/04\\\/28\\\/genial-quaest-joao-campos-42-raquel-lyra-34-para-o-senado-marilia-arraes-lidera\\\/#primaryimage\"},\"thumbnailUrl\":\"https:\\\/\\\/i0.wp.com\\\/afogadosfm.com.br\\\/afogadosfm\\\/wp-content\\\/uploads\\\/2025\\\/11\\\/joaoraquel.webp?fit=800%2C400&ssl=1\",\"articleSection\":[\"Pernambuco\"],\"inLanguage\":\"pt-BR\",\"potentialAction\":[{\"@type\":\"CommentAction\",\"name\":\"Comment\",\"target\":[\"https:\\\/\\\/afogadosfm.com.br\\\/afogadosfm\\\/2026\\\/04\\\/28\\\/genial-quaest-joao-campos-42-raquel-lyra-34-para-o-senado-marilia-arraes-lidera\\\/#respond\"]}]},{\"@type\":\"WebPage\",\"@id\":\"https:\\\/\\\/afogadosfm.com.br\\\/afogadosfm\\\/2026\\\/04\\\/28\\\/genial-quaest-joao-campos-42-raquel-lyra-34-para-o-senado-marilia-arraes-lidera\\\/\",\"url\":\"https:\\\/\\\/afogadosfm.com.br\\\/afogadosfm\\\/2026\\\/04\\\/28\\\/genial-quaest-joao-campos-42-raquel-lyra-34-para-o-senado-marilia-arraes-lidera\\\/\",\"name\":\"Genial\\\/Quaest: Jo\u00e3o Campos 42% Raquel Lyra 34%, para o Senado Marilia Arraes lidera - Afogados FM\",\"isPartOf\":{\"@id\":\"https:\\\/\\\/afogadosfm.com.br\\\/afogadosfm\\\/#website\"},\"primaryImageOfPage\":{\"@id\":\"https:\\\/\\\/afogadosfm.com.br\\\/afogadosfm\\\/2026\\\/04\\\/28\\\/genial-quaest-joao-campos-42-raquel-lyra-34-para-o-senado-marilia-arraes-lidera\\\/#primaryimage\"},\"image\":{\"@id\":\"https:\\\/\\\/afogadosfm.com.br\\\/afogadosfm\\\/2026\\\/04\\\/28\\\/genial-quaest-joao-campos-42-raquel-lyra-34-para-o-senado-marilia-arraes-lidera\\\/#primaryimage\"},\"thumbnailUrl\":\"https:\\\/\\\/i0.wp.com\\\/afogadosfm.com.br\\\/afogadosfm\\\/wp-content\\\/uploads\\\/2025\\\/11\\\/joaoraquel.webp?fit=800%2C400&ssl=1\",\"datePublished\":\"2026-04-28T12:13:44+00:00\",\"breadcrumb\":{\"@id\":\"https:\\\/\\\/afogadosfm.com.br\\\/afogadosfm\\\/2026\\\/04\\\/28\\\/genial-quaest-joao-campos-42-raquel-lyra-34-para-o-senado-marilia-arraes-lidera\\\/#breadcrumb\"},\"inLanguage\":\"pt-BR\",\"potentialAction\":[{\"@type\":\"ReadAction\",\"target\":[\"https:\\\/\\\/afogadosfm.com.br\\\/afogadosfm\\\/2026\\\/04\\\/28\\\/genial-quaest-joao-campos-42-raquel-lyra-34-para-o-senado-marilia-arraes-lidera\\\/\"]}]},{\"@type\":\"ImageObject\",\"inLanguage\":\"pt-BR\",\"@id\":\"https:\\\/\\\/afogadosfm.com.br\\\/afogadosfm\\\/2026\\\/04\\\/28\\\/genial-quaest-joao-campos-42-raquel-lyra-34-para-o-senado-marilia-arraes-lidera\\\/#primaryimage\",\"url\":\"https:\\\/\\\/i0.wp.com\\\/afogadosfm.com.br\\\/afogadosfm\\\/wp-content\\\/uploads\\\/2025\\\/11\\\/joaoraquel.webp?fit=800%2C400&ssl=1\",\"contentUrl\":\"https:\\\/\\\/i0.wp.com\\\/afogadosfm.com.br\\\/afogadosfm\\\/wp-content\\\/uploads\\\/2025\\\/11\\\/joaoraquel.webp?fit=800%2C400&ssl=1\",\"width\":800,\"height\":400},{\"@type\":\"BreadcrumbList\",\"@id\":\"https:\\\/\\\/afogadosfm.com.br\\\/afogadosfm\\\/2026\\\/04\\\/28\\\/genial-quaest-joao-campos-42-raquel-lyra-34-para-o-senado-marilia-arraes-lidera\\\/#breadcrumb\",\"itemListElement\":[{\"@type\":\"ListItem\",\"position\":1,\"name\":\"In\u00edcio\",\"item\":\"https:\\\/\\\/afogadosfm.com.br\\\/afogadosfm\\\/\"},{\"@type\":\"ListItem\",\"position\":2,\"name\":\"Genial\\\/Quaest: Jo\u00e3o Campos 42% Raquel Lyra 34%, para o Senado Marilia Arraes lidera\"}]},{\"@type\":\"WebSite\",\"@id\":\"https:\\\/\\\/afogadosfm.com.br\\\/afogadosfm\\\/#website\",\"url\":\"https:\\\/\\\/afogadosfm.com.br\\\/afogadosfm\\\/\",\"name\":\"Afogados FM\",\"description\":\"Um site completo!\",\"publisher\":{\"@id\":\"https:\\\/\\\/afogadosfm.com.br\\\/afogadosfm\\\/#organization\"},\"potentialAction\":[{\"@type\":\"SearchAction\",\"target\":{\"@type\":\"EntryPoint\",\"urlTemplate\":\"https:\\\/\\\/afogadosfm.com.br\\\/afogadosfm\\\/?s={search_term_string}\"},\"query-input\":{\"@type\":\"PropertyValueSpecification\",\"valueRequired\":true,\"valueName\":\"search_term_string\"}}],\"inLanguage\":\"pt-BR\"},{\"@type\":\"Organization\",\"@id\":\"https:\\\/\\\/afogadosfm.com.br\\\/afogadosfm\\\/#organization\",\"name\":\"Afogados FM\",\"url\":\"https:\\\/\\\/afogadosfm.com.br\\\/afogadosfm\\\/\",\"logo\":{\"@type\":\"ImageObject\",\"inLanguage\":\"pt-BR\",\"@id\":\"https:\\\/\\\/afogadosfm.com.br\\\/afogadosfm\\\/#\\\/schema\\\/logo\\\/image\\\/\",\"url\":\"https:\\\/\\\/i0.wp.com\\\/afogadosfm.com.br\\\/afogadosfm\\\/wp-content\\\/uploads\\\/2020\\\/06\\\/cropped-banner-afogados-4.jpg?fit=369%2C137&ssl=1\",\"contentUrl\":\"https:\\\/\\\/i0.wp.com\\\/afogadosfm.com.br\\\/afogadosfm\\\/wp-content\\\/uploads\\\/2020\\\/06\\\/cropped-banner-afogados-4.jpg?fit=369%2C137&ssl=1\",\"width\":369,\"height\":137,\"caption\":\"Afogados FM\"},\"image\":{\"@id\":\"https:\\\/\\\/afogadosfm.com.br\\\/afogadosfm\\\/#\\\/schema\\\/logo\\\/image\\\/\"}},{\"@type\":\"Person\",\"@id\":\"https:\\\/\\\/afogadosfm.com.br\\\/afogadosfm\\\/#\\\/schema\\\/person\\\/60e56f2cf5dc960fc093fe093d9e9057\",\"name\":\"afogadosfm\",\"image\":{\"@type\":\"ImageObject\",\"inLanguage\":\"pt-BR\",\"@id\":\"https:\\\/\\\/secure.gravatar.com\\\/avatar\\\/e0359add7ed5dc3560906d861b52c6a8cf5c1e199d3a7dd85070998f49bd4701?s=96&d=mm&r=g\",\"url\":\"https:\\\/\\\/secure.gravatar.com\\\/avatar\\\/e0359add7ed5dc3560906d861b52c6a8cf5c1e199d3a7dd85070998f49bd4701?s=96&d=mm&r=g\",\"contentUrl\":\"https:\\\/\\\/secure.gravatar.com\\\/avatar\\\/e0359add7ed5dc3560906d861b52c6a8cf5c1e199d3a7dd85070998f49bd4701?s=96&d=mm&r=g\",\"caption\":\"afogadosfm\"},\"url\":\"https:\\\/\\\/afogadosfm.com.br\\\/afogadosfm\\\/author\\\/afogadosfm\\\/\"}]}<\/script>\n<!-- \/ Yoast SEO plugin. -->","yoast_head_json":{"title":"Genial\/Quaest: Jo\u00e3o Campos 42% Raquel Lyra 34%, para o Senado Marilia Arraes lidera - Afogados FM","robots":{"index":"index","follow":"follow","max-snippet":"max-snippet:-1","max-image-preview":"max-image-preview:large","max-video-preview":"max-video-preview:-1"},"canonical":"https:\/\/afogadosfm.com.br\/afogadosfm\/2026\/04\/28\/genial-quaest-joao-campos-42-raquel-lyra-34-para-o-senado-marilia-arraes-lidera\/","og_locale":"pt_BR","og_type":"article","og_title":"Genial\/Quaest: Jo\u00e3o Campos 42% Raquel Lyra 34%, para o Senado Marilia Arraes lidera - Afogados FM","og_description":"O ex-prefeito do Recife Jo\u00e3o Campos (PSB) lidera as inten\u00e7\u00f5es de voto para o governo de Pernambuco com 42%, contra","og_url":"https:\/\/afogadosfm.com.br\/afogadosfm\/2026\/04\/28\/genial-quaest-joao-campos-42-raquel-lyra-34-para-o-senado-marilia-arraes-lidera\/","og_site_name":"Afogados FM","article_published_time":"2026-04-28T12:13:44+00:00","og_image":[{"width":800,"height":400,"url":"https:\/\/afogadosfm.com.br\/afogadosfm\/wp-content\/uploads\/2025\/11\/joaoraquel.webp","type":"image\/webp"}],"author":"afogadosfm","twitter_card":"summary_large_image","twitter_misc":{"Escrito por":"afogadosfm","Est. tempo de leitura":"4 minutos"},"schema":{"@context":"https:\/\/schema.org","@graph":[{"@type":"Article","@id":"https:\/\/afogadosfm.com.br\/afogadosfm\/2026\/04\/28\/genial-quaest-joao-campos-42-raquel-lyra-34-para-o-senado-marilia-arraes-lidera\/#article","isPartOf":{"@id":"https:\/\/afogadosfm.com.br\/afogadosfm\/2026\/04\/28\/genial-quaest-joao-campos-42-raquel-lyra-34-para-o-senado-marilia-arraes-lidera\/"},"author":{"name":"afogadosfm","@id":"https:\/\/afogadosfm.com.br\/afogadosfm\/#\/schema\/person\/60e56f2cf5dc960fc093fe093d9e9057"},"headline":"Genial\/Quaest: Jo\u00e3o Campos 42% Raquel Lyra 34%, para o Senado Marilia Arraes lidera","datePublished":"2026-04-28T12:13:44+00:00","mainEntityOfPage":{"@id":"https:\/\/afogadosfm.com.br\/afogadosfm\/2026\/04\/28\/genial-quaest-joao-campos-42-raquel-lyra-34-para-o-senado-marilia-arraes-lidera\/"},"wordCount":636,"commentCount":0,"publisher":{"@id":"https:\/\/afogadosfm.com.br\/afogadosfm\/#organization"},"image":{"@id":"https:\/\/afogadosfm.com.br\/afogadosfm\/2026\/04\/28\/genial-quaest-joao-campos-42-raquel-lyra-34-para-o-senado-marilia-arraes-lidera\/#primaryimage"},"thumbnailUrl":"https:\/\/i0.wp.com\/afogadosfm.com.br\/afogadosfm\/wp-content\/uploads\/2025\/11\/joaoraquel.webp?fit=800%2C400&ssl=1","articleSection":["Pernambuco"],"inLanguage":"pt-BR","potentialAction":[{"@type":"CommentAction","name":"Comment","target":["https:\/\/afogadosfm.com.br\/afogadosfm\/2026\/04\/28\/genial-quaest-joao-campos-42-raquel-lyra-34-para-o-senado-marilia-arraes-lidera\/#respond"]}]},{"@type":"WebPage","@id":"https:\/\/afogadosfm.com.br\/afogadosfm\/2026\/04\/28\/genial-quaest-joao-campos-42-raquel-lyra-34-para-o-senado-marilia-arraes-lidera\/","url":"https:\/\/afogadosfm.com.br\/afogadosfm\/2026\/04\/28\/genial-quaest-joao-campos-42-raquel-lyra-34-para-o-senado-marilia-arraes-lidera\/","name":"Genial\/Quaest: Jo\u00e3o Campos 42% Raquel Lyra 34%, para o Senado Marilia Arraes lidera - Afogados FM","isPartOf":{"@id":"https:\/\/afogadosfm.com.br\/afogadosfm\/#website"},"primaryImageOfPage":{"@id":"https:\/\/afogadosfm.com.br\/afogadosfm\/2026\/04\/28\/genial-quaest-joao-campos-42-raquel-lyra-34-para-o-senado-marilia-arraes-lidera\/#primaryimage"},"image":{"@id":"https:\/\/afogadosfm.com.br\/afogadosfm\/2026\/04\/28\/genial-quaest-joao-campos-42-raquel-lyra-34-para-o-senado-marilia-arraes-lidera\/#primaryimage"},"thumbnailUrl":"https:\/\/i0.wp.com\/afogadosfm.com.br\/afogadosfm\/wp-content\/uploads\/2025\/11\/joaoraquel.webp?fit=800%2C400&ssl=1","datePublished":"2026-04-28T12:13:44+00:00","breadcrumb":{"@id":"https:\/\/afogadosfm.com.br\/afogadosfm\/2026\/04\/28\/genial-quaest-joao-campos-42-raquel-lyra-34-para-o-senado-marilia-arraes-lidera\/#breadcrumb"},"inLanguage":"pt-BR","potentialAction":[{"@type":"ReadAction","target":["https:\/\/afogadosfm.com.br\/afogadosfm\/2026\/04\/28\/genial-quaest-joao-campos-42-raquel-lyra-34-para-o-senado-marilia-arraes-lidera\/"]}]},{"@type":"ImageObject","inLanguage":"pt-BR","@id":"https:\/\/afogadosfm.com.br\/afogadosfm\/2026\/04\/28\/genial-quaest-joao-campos-42-raquel-lyra-34-para-o-senado-marilia-arraes-lidera\/#primaryimage","url":"https:\/\/i0.wp.com\/afogadosfm.com.br\/afogadosfm\/wp-content\/uploads\/2025\/11\/joaoraquel.webp?fit=800%2C400&ssl=1","contentUrl":"https:\/\/i0.wp.com\/afogadosfm.com.br\/afogadosfm\/wp-content\/uploads\/2025\/11\/joaoraquel.webp?fit=800%2C400&ssl=1","width":800,"height":400},{"@type":"BreadcrumbList","@id":"https:\/\/afogadosfm.com.br\/afogadosfm\/2026\/04\/28\/genial-quaest-joao-campos-42-raquel-lyra-34-para-o-senado-marilia-arraes-lidera\/#breadcrumb","itemListElement":[{"@type":"ListItem","position":1,"name":"In\u00edcio","item":"https:\/\/afogadosfm.com.br\/afogadosfm\/"},{"@type":"ListItem","position":2,"name":"Genial\/Quaest: Jo\u00e3o Campos 42% Raquel Lyra 34%, para o Senado Marilia Arraes lidera"}]},{"@type":"WebSite","@id":"https:\/\/afogadosfm.com.br\/afogadosfm\/#website","url":"https:\/\/afogadosfm.com.br\/afogadosfm\/","name":"Afogados FM","description":"Um site completo!","publisher":{"@id":"https:\/\/afogadosfm.com.br\/afogadosfm\/#organization"},"potentialAction":[{"@type":"SearchAction","target":{"@type":"EntryPoint","urlTemplate":"https:\/\/afogadosfm.com.br\/afogadosfm\/?s={search_term_string}"},"query-input":{"@type":"PropertyValueSpecification","valueRequired":true,"valueName":"search_term_string"}}],"inLanguage":"pt-BR"},{"@type":"Organization","@id":"https:\/\/afogadosfm.com.br\/afogadosfm\/#organization","name":"Afogados FM","url":"https:\/\/afogadosfm.com.br\/afogadosfm\/","logo":{"@type":"ImageObject","inLanguage":"pt-BR","@id":"https:\/\/afogadosfm.com.br\/afogadosfm\/#\/schema\/logo\/image\/","url":"https:\/\/i0.wp.com\/afogadosfm.com.br\/afogadosfm\/wp-content\/uploads\/2020\/06\/cropped-banner-afogados-4.jpg?fit=369%2C137&ssl=1","contentUrl":"https:\/\/i0.wp.com\/afogadosfm.com.br\/afogadosfm\/wp-content\/uploads\/2020\/06\/cropped-banner-afogados-4.jpg?fit=369%2C137&ssl=1","width":369,"height":137,"caption":"Afogados FM"},"image":{"@id":"https:\/\/afogadosfm.com.br\/afogadosfm\/#\/schema\/logo\/image\/"}},{"@type":"Person","@id":"https:\/\/afogadosfm.com.br\/afogadosfm\/#\/schema\/person\/60e56f2cf5dc960fc093fe093d9e9057","name":"afogadosfm","image":{"@type":"ImageObject","inLanguage":"pt-BR","@id":"https:\/\/secure.gravatar.com\/avatar\/e0359add7ed5dc3560906d861b52c6a8cf5c1e199d3a7dd85070998f49bd4701?s=96&d=mm&r=g","url":"https:\/\/secure.gravatar.com\/avatar\/e0359add7ed5dc3560906d861b52c6a8cf5c1e199d3a7dd85070998f49bd4701?s=96&d=mm&r=g","contentUrl":"https:\/\/secure.gravatar.com\/avatar\/e0359add7ed5dc3560906d861b52c6a8cf5c1e199d3a7dd85070998f49bd4701?s=96&d=mm&r=g","caption":"afogadosfm"},"url":"https:\/\/afogadosfm.com.br\/afogadosfm\/author\/afogadosfm\/"}]}},"jetpack_publicize_connections":[],"jetpack_featured_media_url":"https:\/\/i0.wp.com\/afogadosfm.com.br\/afogadosfm\/wp-content\/uploads\/2025\/11\/joaoraquel.webp?fit=800%2C400&ssl=1","jetpack-related-posts":[],"jetpack_sharing_enabled":true,"jetpack_likes_enabled":true,"_links":{"self":[{"href":"https:\/\/afogadosfm.com.br\/afogadosfm\/wp-json\/wp\/v2\/posts\/74019","targetHints":{"allow":["GET"]}}],"collection":[{"href":"https:\/\/afogadosfm.com.br\/afogadosfm\/wp-json\/wp\/v2\/posts"}],"about":[{"href":"https:\/\/afogadosfm.com.br\/afogadosfm\/wp-json\/wp\/v2\/types\/post"}],"author":[{"embeddable":true,"href":"https:\/\/afogadosfm.com.br\/afogadosfm\/wp-json\/wp\/v2\/users\/2"}],"replies":[{"embeddable":true,"href":"https:\/\/afogadosfm.com.br\/afogadosfm\/wp-json\/wp\/v2\/comments?post=74019"}],"version-history":[{"count":1,"href":"https:\/\/afogadosfm.com.br\/afogadosfm\/wp-json\/wp\/v2\/posts\/74019\/revisions"}],"predecessor-version":[{"id":74020,"href":"https:\/\/afogadosfm.com.br\/afogadosfm\/wp-json\/wp\/v2\/posts\/74019\/revisions\/74020"}],"wp:featuredmedia":[{"embeddable":true,"href":"https:\/\/afogadosfm.com.br\/afogadosfm\/wp-json\/wp\/v2\/media\/70839"}],"wp:attachment":[{"href":"https:\/\/afogadosfm.com.br\/afogadosfm\/wp-json\/wp\/v2\/media?parent=74019"}],"wp:term":[{"taxonomy":"category","embeddable":true,"href":"https:\/\/afogadosfm.com.br\/afogadosfm\/wp-json\/wp\/v2\/categories?post=74019"},{"taxonomy":"post_tag","embeddable":true,"href":"https:\/\/afogadosfm.com.br\/afogadosfm\/wp-json\/wp\/v2\/tags?post=74019"}],"curies":[{"name":"wp","href":"https:\/\/api.w.org\/{rel}","templated":true}]}}