{"id":74024,"date":"2026-04-29T06:03:25","date_gmt":"2026-04-29T09:03:25","guid":{"rendered":"https:\/\/afogadosfm.com.br\/afogadosfm\/?p=74024"},"modified":"2026-04-29T06:03:25","modified_gmt":"2026-04-29T09:03:25","slug":"aprovacao-de-raquel-lyra-chega-a-62-aponta-genial-quaest","status":"publish","type":"post","link":"https:\/\/afogadosfm.com.br\/afogadosfm\/2026\/04\/29\/aprovacao-de-raquel-lyra-chega-a-62-aponta-genial-quaest\/","title":{"rendered":"Aprova\u00e7\u00e3o de Raquel Lyra chega a 62% aponta Genial\/Quaest"},"content":{"rendered":"<div>A governadora de Pernambuco, Raquel Lyra (PSDB), atingiu 62% de aprova\u00e7\u00e3o entre os pernambucanos em abril de 2026, segundo pesquisa divulgada nesta ter\u00e7a-feira (28) pelo instituto Genial\/Quaest. O levantamento mostra ainda que 35% desaprovam a gest\u00e3o, enquanto 3% n\u00e3o souberam ou n\u00e3o quiseram responder.<\/div>\n<p>&nbsp;<\/p>\n<p>Os n\u00fameros indicam uma evolu\u00e7\u00e3o significativa em rela\u00e7\u00e3o \u00e0 pesquisa anterior, realizada em agosto de 2025. Naquele per\u00edodo, a aprova\u00e7\u00e3o era de 51%, contra 45% de desaprova\u00e7\u00e3o \u2014 uma diferen\u00e7a mais apertada entre os \u00edndices. Em oito meses, a aprova\u00e7\u00e3o cresceu 11 pontos percentuais, enquanto a desaprova\u00e7\u00e3o recuou 10 pontos.<\/p>\n<p>Avalia\u00e7\u00e3o do governo tamb\u00e9m melhora<\/p>\n<p>Al\u00e9m da aprova\u00e7\u00e3o, o estudo tamb\u00e9m mediu a avalia\u00e7\u00e3o geral da gest\u00e3o estadual. Em abril de 2026, 43% dos entrevistados classificaram o governo como regular, 36% como positivo e 18% como negativo. Outros 3% n\u00e3o responderam.<\/p>\n<p>Na compara\u00e7\u00e3o com agosto de 2025, tamb\u00e9m houve melhora nos indicadores. Na ocasi\u00e3o, 35% consideravam o governo regular, 32% positivo e 28% negativo, com 4% de indecisos. O cen\u00e1rio atual mostra crescimento de oito pontos na avalia\u00e7\u00e3o regular, avan\u00e7o de quatro pontos na positiva e queda de dez pontos na negativa.<\/p>\n<p>Metodologia<\/p>\n<p>A pesquisa Genial\/Quaest foi registrada no Tribunal Superior Eleitoral (TSE) sob o n\u00famero PE-08904\/2026. O levantamento foi realizado entre os dias 22 e 26 de abril de 2026, com 900 eleitores de 16 anos ou mais em todo o estado de Pernambuco. As entrevistas foram feitas presencialmente, com margem de erro de tr\u00eas pontos percentuais e n\u00edvel de confian\u00e7a de 95%.<\/p>\n","protected":false},"excerpt":{"rendered":"<p>A governadora de Pernambuco, Raquel Lyra (PSDB), atingiu 62% de aprova\u00e7\u00e3o entre os pernambucanos em abril de 2026, segundo pesquisa<\/p>\n","protected":false},"author":2,"featured_media":45162,"comment_status":"open","ping_status":"open","sticky":false,"template":"","format":"standard","meta":{"jetpack_post_was_ever_published":false,"_jetpack_newsletter_access":"","_jetpack_dont_email_post_to_subs":false,"_jetpack_newsletter_tier_id":0,"_jetpack_memberships_contains_paywalled_content":false,"_jetpack_memberships_contains_paid_content":false,"footnotes":"","jetpack_publicize_message":"","jetpack_publicize_feature_enabled":true,"jetpack_social_post_already_shared":true,"jetpack_social_options":{"image_generator_settings":{"template":"highway","default_image_id":0,"font":"","enabled":false},"version":2}},"categories":[13],"tags":[],"class_list":["post-74024","post","type-post","status-publish","format-standard","has-post-thumbnail","hentry","category-pernambuco"],"yoast_head":"<!-- This site is optimized with the Yoast SEO plugin v27.5 - https:\/\/yoast.com\/product\/yoast-seo-wordpress\/ -->\n<title>Aprova\u00e7\u00e3o de Raquel Lyra chega a 62% aponta Genial\/Quaest - Afogados FM<\/title>\n<meta name=\"robots\" content=\"index, follow, max-snippet:-1, max-image-preview:large, max-video-preview:-1\" \/>\n<link rel=\"canonical\" href=\"https:\/\/afogadosfm.com.br\/afogadosfm\/2026\/04\/29\/aprovacao-de-raquel-lyra-chega-a-62-aponta-genial-quaest\/\" \/>\n<meta property=\"og:locale\" content=\"pt_BR\" \/>\n<meta property=\"og:type\" content=\"article\" \/>\n<meta property=\"og:title\" content=\"Aprova\u00e7\u00e3o de Raquel Lyra chega a 62% aponta Genial\/Quaest - Afogados FM\" \/>\n<meta property=\"og:description\" content=\"A governadora de Pernambuco, Raquel Lyra (PSDB), atingiu 62% de aprova\u00e7\u00e3o entre os pernambucanos em abril de 2026, segundo pesquisa\" \/>\n<meta property=\"og:url\" content=\"https:\/\/afogadosfm.com.br\/afogadosfm\/2026\/04\/29\/aprovacao-de-raquel-lyra-chega-a-62-aponta-genial-quaest\/\" \/>\n<meta property=\"og:site_name\" content=\"Afogados FM\" \/>\n<meta property=\"article:published_time\" content=\"2026-04-29T09:03:25+00:00\" \/>\n<meta property=\"og:image\" content=\"https:\/\/afogadosfm.com.br\/afogadosfm\/wp-content\/uploads\/2023\/02\/decretoraquel.webp\" \/>\n\t<meta property=\"og:image:width\" content=\"650\" \/>\n\t<meta property=\"og:image:height\" content=\"607\" \/>\n\t<meta property=\"og:image:type\" content=\"image\/webp\" \/>\n<meta name=\"author\" content=\"afogadosfm\" \/>\n<meta name=\"twitter:card\" content=\"summary_large_image\" \/>\n<meta name=\"twitter:label1\" content=\"Escrito por\" \/>\n\t<meta name=\"twitter:data1\" content=\"afogadosfm\" \/>\n\t<meta name=\"twitter:label2\" content=\"Est. tempo de leitura\" \/>\n\t<meta name=\"twitter:data2\" content=\"2 minutos\" \/>\n<script type=\"application\/ld+json\" class=\"yoast-schema-graph\">{\"@context\":\"https:\\\/\\\/schema.org\",\"@graph\":[{\"@type\":\"Article\",\"@id\":\"https:\\\/\\\/afogadosfm.com.br\\\/afogadosfm\\\/2026\\\/04\\\/29\\\/aprovacao-de-raquel-lyra-chega-a-62-aponta-genial-quaest\\\/#article\",\"isPartOf\":{\"@id\":\"https:\\\/\\\/afogadosfm.com.br\\\/afogadosfm\\\/2026\\\/04\\\/29\\\/aprovacao-de-raquel-lyra-chega-a-62-aponta-genial-quaest\\\/\"},\"author\":{\"name\":\"afogadosfm\",\"@id\":\"https:\\\/\\\/afogadosfm.com.br\\\/afogadosfm\\\/#\\\/schema\\\/person\\\/60e56f2cf5dc960fc093fe093d9e9057\"},\"headline\":\"Aprova\u00e7\u00e3o de Raquel Lyra chega a 62% aponta Genial\\\/Quaest\",\"datePublished\":\"2026-04-29T09:03:25+00:00\",\"mainEntityOfPage\":{\"@id\":\"https:\\\/\\\/afogadosfm.com.br\\\/afogadosfm\\\/2026\\\/04\\\/29\\\/aprovacao-de-raquel-lyra-chega-a-62-aponta-genial-quaest\\\/\"},\"wordCount\":265,\"commentCount\":0,\"publisher\":{\"@id\":\"https:\\\/\\\/afogadosfm.com.br\\\/afogadosfm\\\/#organization\"},\"image\":{\"@id\":\"https:\\\/\\\/afogadosfm.com.br\\\/afogadosfm\\\/2026\\\/04\\\/29\\\/aprovacao-de-raquel-lyra-chega-a-62-aponta-genial-quaest\\\/#primaryimage\"},\"thumbnailUrl\":\"https:\\\/\\\/i0.wp.com\\\/afogadosfm.com.br\\\/afogadosfm\\\/wp-content\\\/uploads\\\/2023\\\/02\\\/decretoraquel.webp?fit=650%2C607&ssl=1\",\"articleSection\":[\"Pernambuco\"],\"inLanguage\":\"pt-BR\",\"potentialAction\":[{\"@type\":\"CommentAction\",\"name\":\"Comment\",\"target\":[\"https:\\\/\\\/afogadosfm.com.br\\\/afogadosfm\\\/2026\\\/04\\\/29\\\/aprovacao-de-raquel-lyra-chega-a-62-aponta-genial-quaest\\\/#respond\"]}]},{\"@type\":\"WebPage\",\"@id\":\"https:\\\/\\\/afogadosfm.com.br\\\/afogadosfm\\\/2026\\\/04\\\/29\\\/aprovacao-de-raquel-lyra-chega-a-62-aponta-genial-quaest\\\/\",\"url\":\"https:\\\/\\\/afogadosfm.com.br\\\/afogadosfm\\\/2026\\\/04\\\/29\\\/aprovacao-de-raquel-lyra-chega-a-62-aponta-genial-quaest\\\/\",\"name\":\"Aprova\u00e7\u00e3o de Raquel Lyra chega a 62% aponta Genial\\\/Quaest - Afogados FM\",\"isPartOf\":{\"@id\":\"https:\\\/\\\/afogadosfm.com.br\\\/afogadosfm\\\/#website\"},\"primaryImageOfPage\":{\"@id\":\"https:\\\/\\\/afogadosfm.com.br\\\/afogadosfm\\\/2026\\\/04\\\/29\\\/aprovacao-de-raquel-lyra-chega-a-62-aponta-genial-quaest\\\/#primaryimage\"},\"image\":{\"@id\":\"https:\\\/\\\/afogadosfm.com.br\\\/afogadosfm\\\/2026\\\/04\\\/29\\\/aprovacao-de-raquel-lyra-chega-a-62-aponta-genial-quaest\\\/#primaryimage\"},\"thumbnailUrl\":\"https:\\\/\\\/i0.wp.com\\\/afogadosfm.com.br\\\/afogadosfm\\\/wp-content\\\/uploads\\\/2023\\\/02\\\/decretoraquel.webp?fit=650%2C607&ssl=1\",\"datePublished\":\"2026-04-29T09:03:25+00:00\",\"breadcrumb\":{\"@id\":\"https:\\\/\\\/afogadosfm.com.br\\\/afogadosfm\\\/2026\\\/04\\\/29\\\/aprovacao-de-raquel-lyra-chega-a-62-aponta-genial-quaest\\\/#breadcrumb\"},\"inLanguage\":\"pt-BR\",\"potentialAction\":[{\"@type\":\"ReadAction\",\"target\":[\"https:\\\/\\\/afogadosfm.com.br\\\/afogadosfm\\\/2026\\\/04\\\/29\\\/aprovacao-de-raquel-lyra-chega-a-62-aponta-genial-quaest\\\/\"]}]},{\"@type\":\"ImageObject\",\"inLanguage\":\"pt-BR\",\"@id\":\"https:\\\/\\\/afogadosfm.com.br\\\/afogadosfm\\\/2026\\\/04\\\/29\\\/aprovacao-de-raquel-lyra-chega-a-62-aponta-genial-quaest\\\/#primaryimage\",\"url\":\"https:\\\/\\\/i0.wp.com\\\/afogadosfm.com.br\\\/afogadosfm\\\/wp-content\\\/uploads\\\/2023\\\/02\\\/decretoraquel.webp?fit=650%2C607&ssl=1\",\"contentUrl\":\"https:\\\/\\\/i0.wp.com\\\/afogadosfm.com.br\\\/afogadosfm\\\/wp-content\\\/uploads\\\/2023\\\/02\\\/decretoraquel.webp?fit=650%2C607&ssl=1\",\"width\":650,\"height\":607},{\"@type\":\"BreadcrumbList\",\"@id\":\"https:\\\/\\\/afogadosfm.com.br\\\/afogadosfm\\\/2026\\\/04\\\/29\\\/aprovacao-de-raquel-lyra-chega-a-62-aponta-genial-quaest\\\/#breadcrumb\",\"itemListElement\":[{\"@type\":\"ListItem\",\"position\":1,\"name\":\"In\u00edcio\",\"item\":\"https:\\\/\\\/afogadosfm.com.br\\\/afogadosfm\\\/\"},{\"@type\":\"ListItem\",\"position\":2,\"name\":\"Aprova\u00e7\u00e3o de Raquel Lyra chega a 62% aponta Genial\\\/Quaest\"}]},{\"@type\":\"WebSite\",\"@id\":\"https:\\\/\\\/afogadosfm.com.br\\\/afogadosfm\\\/#website\",\"url\":\"https:\\\/\\\/afogadosfm.com.br\\\/afogadosfm\\\/\",\"name\":\"Afogados FM\",\"description\":\"Um site completo!\",\"publisher\":{\"@id\":\"https:\\\/\\\/afogadosfm.com.br\\\/afogadosfm\\\/#organization\"},\"potentialAction\":[{\"@type\":\"SearchAction\",\"target\":{\"@type\":\"EntryPoint\",\"urlTemplate\":\"https:\\\/\\\/afogadosfm.com.br\\\/afogadosfm\\\/?s={search_term_string}\"},\"query-input\":{\"@type\":\"PropertyValueSpecification\",\"valueRequired\":true,\"valueName\":\"search_term_string\"}}],\"inLanguage\":\"pt-BR\"},{\"@type\":\"Organization\",\"@id\":\"https:\\\/\\\/afogadosfm.com.br\\\/afogadosfm\\\/#organization\",\"name\":\"Afogados FM\",\"url\":\"https:\\\/\\\/afogadosfm.com.br\\\/afogadosfm\\\/\",\"logo\":{\"@type\":\"ImageObject\",\"inLanguage\":\"pt-BR\",\"@id\":\"https:\\\/\\\/afogadosfm.com.br\\\/afogadosfm\\\/#\\\/schema\\\/logo\\\/image\\\/\",\"url\":\"https:\\\/\\\/i0.wp.com\\\/afogadosfm.com.br\\\/afogadosfm\\\/wp-content\\\/uploads\\\/2020\\\/06\\\/cropped-banner-afogados-4.jpg?fit=369%2C137&ssl=1\",\"contentUrl\":\"https:\\\/\\\/i0.wp.com\\\/afogadosfm.com.br\\\/afogadosfm\\\/wp-content\\\/uploads\\\/2020\\\/06\\\/cropped-banner-afogados-4.jpg?fit=369%2C137&ssl=1\",\"width\":369,\"height\":137,\"caption\":\"Afogados FM\"},\"image\":{\"@id\":\"https:\\\/\\\/afogadosfm.com.br\\\/afogadosfm\\\/#\\\/schema\\\/logo\\\/image\\\/\"}},{\"@type\":\"Person\",\"@id\":\"https:\\\/\\\/afogadosfm.com.br\\\/afogadosfm\\\/#\\\/schema\\\/person\\\/60e56f2cf5dc960fc093fe093d9e9057\",\"name\":\"afogadosfm\",\"image\":{\"@type\":\"ImageObject\",\"inLanguage\":\"pt-BR\",\"@id\":\"https:\\\/\\\/secure.gravatar.com\\\/avatar\\\/e0359add7ed5dc3560906d861b52c6a8cf5c1e199d3a7dd85070998f49bd4701?s=96&d=mm&r=g\",\"url\":\"https:\\\/\\\/secure.gravatar.com\\\/avatar\\\/e0359add7ed5dc3560906d861b52c6a8cf5c1e199d3a7dd85070998f49bd4701?s=96&d=mm&r=g\",\"contentUrl\":\"https:\\\/\\\/secure.gravatar.com\\\/avatar\\\/e0359add7ed5dc3560906d861b52c6a8cf5c1e199d3a7dd85070998f49bd4701?s=96&d=mm&r=g\",\"caption\":\"afogadosfm\"},\"url\":\"https:\\\/\\\/afogadosfm.com.br\\\/afogadosfm\\\/author\\\/afogadosfm\\\/\"}]}<\/script>\n<!-- \/ Yoast SEO plugin. -->","yoast_head_json":{"title":"Aprova\u00e7\u00e3o de Raquel Lyra chega a 62% aponta Genial\/Quaest - Afogados FM","robots":{"index":"index","follow":"follow","max-snippet":"max-snippet:-1","max-image-preview":"max-image-preview:large","max-video-preview":"max-video-preview:-1"},"canonical":"https:\/\/afogadosfm.com.br\/afogadosfm\/2026\/04\/29\/aprovacao-de-raquel-lyra-chega-a-62-aponta-genial-quaest\/","og_locale":"pt_BR","og_type":"article","og_title":"Aprova\u00e7\u00e3o de Raquel Lyra chega a 62% aponta Genial\/Quaest - Afogados FM","og_description":"A governadora de Pernambuco, Raquel Lyra (PSDB), atingiu 62% de aprova\u00e7\u00e3o entre os pernambucanos em abril de 2026, segundo pesquisa","og_url":"https:\/\/afogadosfm.com.br\/afogadosfm\/2026\/04\/29\/aprovacao-de-raquel-lyra-chega-a-62-aponta-genial-quaest\/","og_site_name":"Afogados FM","article_published_time":"2026-04-29T09:03:25+00:00","og_image":[{"width":650,"height":607,"url":"https:\/\/afogadosfm.com.br\/afogadosfm\/wp-content\/uploads\/2023\/02\/decretoraquel.webp","type":"image\/webp"}],"author":"afogadosfm","twitter_card":"summary_large_image","twitter_misc":{"Escrito por":"afogadosfm","Est. tempo de leitura":"2 minutos"},"schema":{"@context":"https:\/\/schema.org","@graph":[{"@type":"Article","@id":"https:\/\/afogadosfm.com.br\/afogadosfm\/2026\/04\/29\/aprovacao-de-raquel-lyra-chega-a-62-aponta-genial-quaest\/#article","isPartOf":{"@id":"https:\/\/afogadosfm.com.br\/afogadosfm\/2026\/04\/29\/aprovacao-de-raquel-lyra-chega-a-62-aponta-genial-quaest\/"},"author":{"name":"afogadosfm","@id":"https:\/\/afogadosfm.com.br\/afogadosfm\/#\/schema\/person\/60e56f2cf5dc960fc093fe093d9e9057"},"headline":"Aprova\u00e7\u00e3o de Raquel Lyra chega a 62% aponta Genial\/Quaest","datePublished":"2026-04-29T09:03:25+00:00","mainEntityOfPage":{"@id":"https:\/\/afogadosfm.com.br\/afogadosfm\/2026\/04\/29\/aprovacao-de-raquel-lyra-chega-a-62-aponta-genial-quaest\/"},"wordCount":265,"commentCount":0,"publisher":{"@id":"https:\/\/afogadosfm.com.br\/afogadosfm\/#organization"},"image":{"@id":"https:\/\/afogadosfm.com.br\/afogadosfm\/2026\/04\/29\/aprovacao-de-raquel-lyra-chega-a-62-aponta-genial-quaest\/#primaryimage"},"thumbnailUrl":"https:\/\/i0.wp.com\/afogadosfm.com.br\/afogadosfm\/wp-content\/uploads\/2023\/02\/decretoraquel.webp?fit=650%2C607&ssl=1","articleSection":["Pernambuco"],"inLanguage":"pt-BR","potentialAction":[{"@type":"CommentAction","name":"Comment","target":["https:\/\/afogadosfm.com.br\/afogadosfm\/2026\/04\/29\/aprovacao-de-raquel-lyra-chega-a-62-aponta-genial-quaest\/#respond"]}]},{"@type":"WebPage","@id":"https:\/\/afogadosfm.com.br\/afogadosfm\/2026\/04\/29\/aprovacao-de-raquel-lyra-chega-a-62-aponta-genial-quaest\/","url":"https:\/\/afogadosfm.com.br\/afogadosfm\/2026\/04\/29\/aprovacao-de-raquel-lyra-chega-a-62-aponta-genial-quaest\/","name":"Aprova\u00e7\u00e3o de Raquel Lyra chega a 62% aponta Genial\/Quaest - Afogados FM","isPartOf":{"@id":"https:\/\/afogadosfm.com.br\/afogadosfm\/#website"},"primaryImageOfPage":{"@id":"https:\/\/afogadosfm.com.br\/afogadosfm\/2026\/04\/29\/aprovacao-de-raquel-lyra-chega-a-62-aponta-genial-quaest\/#primaryimage"},"image":{"@id":"https:\/\/afogadosfm.com.br\/afogadosfm\/2026\/04\/29\/aprovacao-de-raquel-lyra-chega-a-62-aponta-genial-quaest\/#primaryimage"},"thumbnailUrl":"https:\/\/i0.wp.com\/afogadosfm.com.br\/afogadosfm\/wp-content\/uploads\/2023\/02\/decretoraquel.webp?fit=650%2C607&ssl=1","datePublished":"2026-04-29T09:03:25+00:00","breadcrumb":{"@id":"https:\/\/afogadosfm.com.br\/afogadosfm\/2026\/04\/29\/aprovacao-de-raquel-lyra-chega-a-62-aponta-genial-quaest\/#breadcrumb"},"inLanguage":"pt-BR","potentialAction":[{"@type":"ReadAction","target":["https:\/\/afogadosfm.com.br\/afogadosfm\/2026\/04\/29\/aprovacao-de-raquel-lyra-chega-a-62-aponta-genial-quaest\/"]}]},{"@type":"ImageObject","inLanguage":"pt-BR","@id":"https:\/\/afogadosfm.com.br\/afogadosfm\/2026\/04\/29\/aprovacao-de-raquel-lyra-chega-a-62-aponta-genial-quaest\/#primaryimage","url":"https:\/\/i0.wp.com\/afogadosfm.com.br\/afogadosfm\/wp-content\/uploads\/2023\/02\/decretoraquel.webp?fit=650%2C607&ssl=1","contentUrl":"https:\/\/i0.wp.com\/afogadosfm.com.br\/afogadosfm\/wp-content\/uploads\/2023\/02\/decretoraquel.webp?fit=650%2C607&ssl=1","width":650,"height":607},{"@type":"BreadcrumbList","@id":"https:\/\/afogadosfm.com.br\/afogadosfm\/2026\/04\/29\/aprovacao-de-raquel-lyra-chega-a-62-aponta-genial-quaest\/#breadcrumb","itemListElement":[{"@type":"ListItem","position":1,"name":"In\u00edcio","item":"https:\/\/afogadosfm.com.br\/afogadosfm\/"},{"@type":"ListItem","position":2,"name":"Aprova\u00e7\u00e3o de Raquel Lyra chega a 62% aponta Genial\/Quaest"}]},{"@type":"WebSite","@id":"https:\/\/afogadosfm.com.br\/afogadosfm\/#website","url":"https:\/\/afogadosfm.com.br\/afogadosfm\/","name":"Afogados FM","description":"Um site completo!","publisher":{"@id":"https:\/\/afogadosfm.com.br\/afogadosfm\/#organization"},"potentialAction":[{"@type":"SearchAction","target":{"@type":"EntryPoint","urlTemplate":"https:\/\/afogadosfm.com.br\/afogadosfm\/?s={search_term_string}"},"query-input":{"@type":"PropertyValueSpecification","valueRequired":true,"valueName":"search_term_string"}}],"inLanguage":"pt-BR"},{"@type":"Organization","@id":"https:\/\/afogadosfm.com.br\/afogadosfm\/#organization","name":"Afogados FM","url":"https:\/\/afogadosfm.com.br\/afogadosfm\/","logo":{"@type":"ImageObject","inLanguage":"pt-BR","@id":"https:\/\/afogadosfm.com.br\/afogadosfm\/#\/schema\/logo\/image\/","url":"https:\/\/i0.wp.com\/afogadosfm.com.br\/afogadosfm\/wp-content\/uploads\/2020\/06\/cropped-banner-afogados-4.jpg?fit=369%2C137&ssl=1","contentUrl":"https:\/\/i0.wp.com\/afogadosfm.com.br\/afogadosfm\/wp-content\/uploads\/2020\/06\/cropped-banner-afogados-4.jpg?fit=369%2C137&ssl=1","width":369,"height":137,"caption":"Afogados FM"},"image":{"@id":"https:\/\/afogadosfm.com.br\/afogadosfm\/#\/schema\/logo\/image\/"}},{"@type":"Person","@id":"https:\/\/afogadosfm.com.br\/afogadosfm\/#\/schema\/person\/60e56f2cf5dc960fc093fe093d9e9057","name":"afogadosfm","image":{"@type":"ImageObject","inLanguage":"pt-BR","@id":"https:\/\/secure.gravatar.com\/avatar\/e0359add7ed5dc3560906d861b52c6a8cf5c1e199d3a7dd85070998f49bd4701?s=96&d=mm&r=g","url":"https:\/\/secure.gravatar.com\/avatar\/e0359add7ed5dc3560906d861b52c6a8cf5c1e199d3a7dd85070998f49bd4701?s=96&d=mm&r=g","contentUrl":"https:\/\/secure.gravatar.com\/avatar\/e0359add7ed5dc3560906d861b52c6a8cf5c1e199d3a7dd85070998f49bd4701?s=96&d=mm&r=g","caption":"afogadosfm"},"url":"https:\/\/afogadosfm.com.br\/afogadosfm\/author\/afogadosfm\/"}]}},"jetpack_publicize_connections":[],"jetpack_featured_media_url":"https:\/\/i0.wp.com\/afogadosfm.com.br\/afogadosfm\/wp-content\/uploads\/2023\/02\/decretoraquel.webp?fit=650%2C607&ssl=1","jetpack-related-posts":[],"jetpack_sharing_enabled":true,"jetpack_likes_enabled":true,"_links":{"self":[{"href":"https:\/\/afogadosfm.com.br\/afogadosfm\/wp-json\/wp\/v2\/posts\/74024","targetHints":{"allow":["GET"]}}],"collection":[{"href":"https:\/\/afogadosfm.com.br\/afogadosfm\/wp-json\/wp\/v2\/posts"}],"about":[{"href":"https:\/\/afogadosfm.com.br\/afogadosfm\/wp-json\/wp\/v2\/types\/post"}],"author":[{"embeddable":true,"href":"https:\/\/afogadosfm.com.br\/afogadosfm\/wp-json\/wp\/v2\/users\/2"}],"replies":[{"embeddable":true,"href":"https:\/\/afogadosfm.com.br\/afogadosfm\/wp-json\/wp\/v2\/comments?post=74024"}],"version-history":[{"count":1,"href":"https:\/\/afogadosfm.com.br\/afogadosfm\/wp-json\/wp\/v2\/posts\/74024\/revisions"}],"predecessor-version":[{"id":74025,"href":"https:\/\/afogadosfm.com.br\/afogadosfm\/wp-json\/wp\/v2\/posts\/74024\/revisions\/74025"}],"wp:featuredmedia":[{"embeddable":true,"href":"https:\/\/afogadosfm.com.br\/afogadosfm\/wp-json\/wp\/v2\/media\/45162"}],"wp:attachment":[{"href":"https:\/\/afogadosfm.com.br\/afogadosfm\/wp-json\/wp\/v2\/media?parent=74024"}],"wp:term":[{"taxonomy":"category","embeddable":true,"href":"https:\/\/afogadosfm.com.br\/afogadosfm\/wp-json\/wp\/v2\/categories?post=74024"},{"taxonomy":"post_tag","embeddable":true,"href":"https:\/\/afogadosfm.com.br\/afogadosfm\/wp-json\/wp\/v2\/tags?post=74024"}],"curies":[{"name":"wp","href":"https:\/\/api.w.org\/{rel}","templated":true}]}}