{"id":74028,"date":"2026-04-29T06:07:23","date_gmt":"2026-04-29T09:07:23","guid":{"rendered":"https:\/\/afogadosfm.com.br\/afogadosfm\/?p=74028"},"modified":"2026-04-29T06:07:23","modified_gmt":"2026-04-29T09:07:23","slug":"adolescente-de-13-anos-manda-namorado-matar-rival-de-14-anos-ou-ela-ou-eu","status":"publish","type":"post","link":"https:\/\/afogadosfm.com.br\/afogadosfm\/2026\/04\/29\/adolescente-de-13-anos-manda-namorado-matar-rival-de-14-anos-ou-ela-ou-eu\/","title":{"rendered":"Adolescente de 13 anos manda namorado matar rival de 14 anos &#8220;ou ela ou eu&#8221;"},"content":{"rendered":"<p>Esse caso teve in\u00edcio na noite do \u00faltimo s\u00e1bado, dia 25.<\/p>\n<p>Por volta das 22h34, c\u00e2meras de seguran\u00e7a registram tr\u00eas adolescentes caminhando juntos em dire\u00e7\u00e3o a uma \u00e1rea de mata, no bairro Costeira, em Arauc\u00e1ria.<\/p>\n<p>Entre eles estava Kauane dos Santos Neves, de apenas 14 anos. Ela n\u00e3o sabia, mas estava sendo levada para uma emboscada.<br \/>\nO crime, segundo a Pol\u00edcia Civil, j\u00e1 vinha sendo planejado h\u00e1 algum tempo. Pelo pr\u00f3prio namorado da v\u00edtima, tamb\u00e9m de 14 anos, e por outra jovem de 13.<\/p>\n<p>Segundo relatos, Os tr\u00eas viviam um relacionamento conturbado. Eles formavam uma esp\u00e9cie de \u201ctris@I\u201d, ou seja, garoto se envolvia com as duas ao mesmo tempo.<br \/>\nE, de acordo com as investiga\u00e7\u00f5es, a adolescente de 13 anos estaria com ci\u00fames de Kauane e teria pressionado o namorado a \u201cresolver o problema\u201d Ou ele matava Kauane, ou perderia ela.<\/p>\n<p>E foi ali, naquela \u00e1rea isolada, escura e de dif\u00edcil acesso&#8230; que tudo aconteceu.<\/p>\n<p>Na noite do crime, a Kauane foi atra\u00edda para dentro de uma \u00e1rea de mata pr\u00f3ximo de onde moravam. Ela ainda tentou se defender, mas infelizmente foi atacada e morta.<\/p>\n<p>No dia seguinte o corpo dela foi encontrado com mais de 10 facadas coberto de lama. Ela estava descal\u00e7a e com parte das roupas retiradas.<\/p>\n<p>Inicialmente, isso levantou a suspeita de abuso.<\/p>\n<p>Mas a pol\u00edcia acredita que essa cena pode ter sido forjada para despistar a investiga\u00e7\u00e3o.<br \/>\nNo dia seguinte o adolescente suspeito voltou at\u00e9 o local, mas ao perceber a movimenta\u00e7\u00e3o da pol\u00edcia, ele fugiu.<\/p>\n<p>Moradores do condom\u00ednio onde ele vivia estranharam a atitude do garoto logo ap\u00f3s a not\u00edcia do corpo encontrado.<\/p>\n<p>Uma vizinha resolveu confronta-lo e perguntou aonde estava a Kauane. De in\u00edcio ele disse que estava dormindo e n\u00e3o sabia o que tinha acontecido, depois admitiu que tinha estado com ela no mato e aue a deixou l\u00e1.<\/p>\n<p>A vizinha percebeu que algo estava muito errado e com a ajuda de outros moradores, eles conseguiram segurar o adolescente at\u00e9 a chegada da pol\u00edcia.<\/p>\n<p>Haviam v\u00e1rios ind\u00edcios que apontavam para ele como autor do crime. Segundo o delegado Gabriel Fotana, o garoto estava com os sapatos sujos de sangue , roupas manchadas e v\u00e1rios cortes pelo corpo.<\/p>\n","protected":false},"excerpt":{"rendered":"<p>Esse caso teve in\u00edcio na noite do \u00faltimo s\u00e1bado, dia 25. Por volta das 22h34, c\u00e2meras de seguran\u00e7a registram tr\u00eas<\/p>\n","protected":false},"author":2,"featured_media":66370,"comment_status":"open","ping_status":"open","sticky":false,"template":"","format":"standard","meta":{"jetpack_post_was_ever_published":false,"_jetpack_newsletter_access":"","_jetpack_dont_email_post_to_subs":false,"_jetpack_newsletter_tier_id":0,"_jetpack_memberships_contains_paywalled_content":false,"_jetpack_memberships_contains_paid_content":false,"footnotes":"","jetpack_publicize_message":"","jetpack_publicize_feature_enabled":true,"jetpack_social_post_already_shared":true,"jetpack_social_options":{"image_generator_settings":{"template":"highway","default_image_id":0,"font":"","enabled":false},"version":2}},"categories":[12],"tags":[],"class_list":["post-74028","post","type-post","status-publish","format-standard","has-post-thumbnail","hentry","category-brasil"],"yoast_head":"<!-- This site is optimized with the Yoast SEO plugin v27.5 - https:\/\/yoast.com\/product\/yoast-seo-wordpress\/ -->\n<title>Adolescente de 13 anos manda namorado matar rival de 14 anos &quot;ou ela ou eu&quot; - Afogados FM<\/title>\n<meta name=\"robots\" content=\"index, follow, max-snippet:-1, max-image-preview:large, max-video-preview:-1\" \/>\n<link rel=\"canonical\" href=\"https:\/\/afogadosfm.com.br\/afogadosfm\/2026\/04\/29\/adolescente-de-13-anos-manda-namorado-matar-rival-de-14-anos-ou-ela-ou-eu\/\" \/>\n<meta property=\"og:locale\" content=\"pt_BR\" \/>\n<meta property=\"og:type\" content=\"article\" \/>\n<meta property=\"og:title\" content=\"Adolescente de 13 anos manda namorado matar rival de 14 anos &quot;ou ela ou eu&quot; - Afogados FM\" \/>\n<meta property=\"og:description\" content=\"Esse caso teve in\u00edcio na noite do \u00faltimo s\u00e1bado, dia 25. Por volta das 22h34, c\u00e2meras de seguran\u00e7a registram tr\u00eas\" \/>\n<meta property=\"og:url\" content=\"https:\/\/afogadosfm.com.br\/afogadosfm\/2026\/04\/29\/adolescente-de-13-anos-manda-namorado-matar-rival-de-14-anos-ou-ela-ou-eu\/\" \/>\n<meta property=\"og:site_name\" content=\"Afogados FM\" \/>\n<meta property=\"article:published_time\" content=\"2026-04-29T09:07:23+00:00\" \/>\n<meta property=\"og:image\" content=\"https:\/\/afogadosfm.com.br\/afogadosfm\/wp-content\/uploads\/2025\/06\/violencia.jpg\" \/>\n\t<meta property=\"og:image:width\" content=\"180\" \/>\n\t<meta property=\"og:image:height\" content=\"149\" \/>\n\t<meta property=\"og:image:type\" content=\"image\/jpeg\" \/>\n<meta name=\"author\" content=\"afogadosfm\" \/>\n<meta name=\"twitter:card\" content=\"summary_large_image\" \/>\n<meta name=\"twitter:label1\" content=\"Escrito por\" \/>\n\t<meta name=\"twitter:data1\" content=\"afogadosfm\" \/>\n\t<meta name=\"twitter:label2\" content=\"Est. tempo de leitura\" \/>\n\t<meta name=\"twitter:data2\" content=\"3 minutos\" \/>\n<script type=\"application\/ld+json\" class=\"yoast-schema-graph\">{\"@context\":\"https:\\\/\\\/schema.org\",\"@graph\":[{\"@type\":\"Article\",\"@id\":\"https:\\\/\\\/afogadosfm.com.br\\\/afogadosfm\\\/2026\\\/04\\\/29\\\/adolescente-de-13-anos-manda-namorado-matar-rival-de-14-anos-ou-ela-ou-eu\\\/#article\",\"isPartOf\":{\"@id\":\"https:\\\/\\\/afogadosfm.com.br\\\/afogadosfm\\\/2026\\\/04\\\/29\\\/adolescente-de-13-anos-manda-namorado-matar-rival-de-14-anos-ou-ela-ou-eu\\\/\"},\"author\":{\"name\":\"afogadosfm\",\"@id\":\"https:\\\/\\\/afogadosfm.com.br\\\/afogadosfm\\\/#\\\/schema\\\/person\\\/60e56f2cf5dc960fc093fe093d9e9057\"},\"headline\":\"Adolescente de 13 anos manda namorado matar rival de 14 anos &#8220;ou ela ou eu&#8221;\",\"datePublished\":\"2026-04-29T09:07:23+00:00\",\"mainEntityOfPage\":{\"@id\":\"https:\\\/\\\/afogadosfm.com.br\\\/afogadosfm\\\/2026\\\/04\\\/29\\\/adolescente-de-13-anos-manda-namorado-matar-rival-de-14-anos-ou-ela-ou-eu\\\/\"},\"wordCount\":405,\"commentCount\":0,\"publisher\":{\"@id\":\"https:\\\/\\\/afogadosfm.com.br\\\/afogadosfm\\\/#organization\"},\"image\":{\"@id\":\"https:\\\/\\\/afogadosfm.com.br\\\/afogadosfm\\\/2026\\\/04\\\/29\\\/adolescente-de-13-anos-manda-namorado-matar-rival-de-14-anos-ou-ela-ou-eu\\\/#primaryimage\"},\"thumbnailUrl\":\"https:\\\/\\\/i0.wp.com\\\/afogadosfm.com.br\\\/afogadosfm\\\/wp-content\\\/uploads\\\/2025\\\/06\\\/violencia.jpg?fit=180%2C149&ssl=1\",\"articleSection\":[\"Brasil\"],\"inLanguage\":\"pt-BR\",\"potentialAction\":[{\"@type\":\"CommentAction\",\"name\":\"Comment\",\"target\":[\"https:\\\/\\\/afogadosfm.com.br\\\/afogadosfm\\\/2026\\\/04\\\/29\\\/adolescente-de-13-anos-manda-namorado-matar-rival-de-14-anos-ou-ela-ou-eu\\\/#respond\"]}]},{\"@type\":\"WebPage\",\"@id\":\"https:\\\/\\\/afogadosfm.com.br\\\/afogadosfm\\\/2026\\\/04\\\/29\\\/adolescente-de-13-anos-manda-namorado-matar-rival-de-14-anos-ou-ela-ou-eu\\\/\",\"url\":\"https:\\\/\\\/afogadosfm.com.br\\\/afogadosfm\\\/2026\\\/04\\\/29\\\/adolescente-de-13-anos-manda-namorado-matar-rival-de-14-anos-ou-ela-ou-eu\\\/\",\"name\":\"Adolescente de 13 anos manda namorado matar rival de 14 anos \\\"ou ela ou eu\\\" - Afogados FM\",\"isPartOf\":{\"@id\":\"https:\\\/\\\/afogadosfm.com.br\\\/afogadosfm\\\/#website\"},\"primaryImageOfPage\":{\"@id\":\"https:\\\/\\\/afogadosfm.com.br\\\/afogadosfm\\\/2026\\\/04\\\/29\\\/adolescente-de-13-anos-manda-namorado-matar-rival-de-14-anos-ou-ela-ou-eu\\\/#primaryimage\"},\"image\":{\"@id\":\"https:\\\/\\\/afogadosfm.com.br\\\/afogadosfm\\\/2026\\\/04\\\/29\\\/adolescente-de-13-anos-manda-namorado-matar-rival-de-14-anos-ou-ela-ou-eu\\\/#primaryimage\"},\"thumbnailUrl\":\"https:\\\/\\\/i0.wp.com\\\/afogadosfm.com.br\\\/afogadosfm\\\/wp-content\\\/uploads\\\/2025\\\/06\\\/violencia.jpg?fit=180%2C149&ssl=1\",\"datePublished\":\"2026-04-29T09:07:23+00:00\",\"breadcrumb\":{\"@id\":\"https:\\\/\\\/afogadosfm.com.br\\\/afogadosfm\\\/2026\\\/04\\\/29\\\/adolescente-de-13-anos-manda-namorado-matar-rival-de-14-anos-ou-ela-ou-eu\\\/#breadcrumb\"},\"inLanguage\":\"pt-BR\",\"potentialAction\":[{\"@type\":\"ReadAction\",\"target\":[\"https:\\\/\\\/afogadosfm.com.br\\\/afogadosfm\\\/2026\\\/04\\\/29\\\/adolescente-de-13-anos-manda-namorado-matar-rival-de-14-anos-ou-ela-ou-eu\\\/\"]}]},{\"@type\":\"ImageObject\",\"inLanguage\":\"pt-BR\",\"@id\":\"https:\\\/\\\/afogadosfm.com.br\\\/afogadosfm\\\/2026\\\/04\\\/29\\\/adolescente-de-13-anos-manda-namorado-matar-rival-de-14-anos-ou-ela-ou-eu\\\/#primaryimage\",\"url\":\"https:\\\/\\\/i0.wp.com\\\/afogadosfm.com.br\\\/afogadosfm\\\/wp-content\\\/uploads\\\/2025\\\/06\\\/violencia.jpg?fit=180%2C149&ssl=1\",\"contentUrl\":\"https:\\\/\\\/i0.wp.com\\\/afogadosfm.com.br\\\/afogadosfm\\\/wp-content\\\/uploads\\\/2025\\\/06\\\/violencia.jpg?fit=180%2C149&ssl=1\",\"width\":180,\"height\":149},{\"@type\":\"BreadcrumbList\",\"@id\":\"https:\\\/\\\/afogadosfm.com.br\\\/afogadosfm\\\/2026\\\/04\\\/29\\\/adolescente-de-13-anos-manda-namorado-matar-rival-de-14-anos-ou-ela-ou-eu\\\/#breadcrumb\",\"itemListElement\":[{\"@type\":\"ListItem\",\"position\":1,\"name\":\"In\u00edcio\",\"item\":\"https:\\\/\\\/afogadosfm.com.br\\\/afogadosfm\\\/\"},{\"@type\":\"ListItem\",\"position\":2,\"name\":\"Adolescente de 13 anos manda namorado matar rival de 14 anos &#8220;ou ela ou eu&#8221;\"}]},{\"@type\":\"WebSite\",\"@id\":\"https:\\\/\\\/afogadosfm.com.br\\\/afogadosfm\\\/#website\",\"url\":\"https:\\\/\\\/afogadosfm.com.br\\\/afogadosfm\\\/\",\"name\":\"Afogados FM\",\"description\":\"Um site completo!\",\"publisher\":{\"@id\":\"https:\\\/\\\/afogadosfm.com.br\\\/afogadosfm\\\/#organization\"},\"potentialAction\":[{\"@type\":\"SearchAction\",\"target\":{\"@type\":\"EntryPoint\",\"urlTemplate\":\"https:\\\/\\\/afogadosfm.com.br\\\/afogadosfm\\\/?s={search_term_string}\"},\"query-input\":{\"@type\":\"PropertyValueSpecification\",\"valueRequired\":true,\"valueName\":\"search_term_string\"}}],\"inLanguage\":\"pt-BR\"},{\"@type\":\"Organization\",\"@id\":\"https:\\\/\\\/afogadosfm.com.br\\\/afogadosfm\\\/#organization\",\"name\":\"Afogados FM\",\"url\":\"https:\\\/\\\/afogadosfm.com.br\\\/afogadosfm\\\/\",\"logo\":{\"@type\":\"ImageObject\",\"inLanguage\":\"pt-BR\",\"@id\":\"https:\\\/\\\/afogadosfm.com.br\\\/afogadosfm\\\/#\\\/schema\\\/logo\\\/image\\\/\",\"url\":\"https:\\\/\\\/i0.wp.com\\\/afogadosfm.com.br\\\/afogadosfm\\\/wp-content\\\/uploads\\\/2020\\\/06\\\/cropped-banner-afogados-4.jpg?fit=369%2C137&ssl=1\",\"contentUrl\":\"https:\\\/\\\/i0.wp.com\\\/afogadosfm.com.br\\\/afogadosfm\\\/wp-content\\\/uploads\\\/2020\\\/06\\\/cropped-banner-afogados-4.jpg?fit=369%2C137&ssl=1\",\"width\":369,\"height\":137,\"caption\":\"Afogados FM\"},\"image\":{\"@id\":\"https:\\\/\\\/afogadosfm.com.br\\\/afogadosfm\\\/#\\\/schema\\\/logo\\\/image\\\/\"}},{\"@type\":\"Person\",\"@id\":\"https:\\\/\\\/afogadosfm.com.br\\\/afogadosfm\\\/#\\\/schema\\\/person\\\/60e56f2cf5dc960fc093fe093d9e9057\",\"name\":\"afogadosfm\",\"image\":{\"@type\":\"ImageObject\",\"inLanguage\":\"pt-BR\",\"@id\":\"https:\\\/\\\/secure.gravatar.com\\\/avatar\\\/e0359add7ed5dc3560906d861b52c6a8cf5c1e199d3a7dd85070998f49bd4701?s=96&d=mm&r=g\",\"url\":\"https:\\\/\\\/secure.gravatar.com\\\/avatar\\\/e0359add7ed5dc3560906d861b52c6a8cf5c1e199d3a7dd85070998f49bd4701?s=96&d=mm&r=g\",\"contentUrl\":\"https:\\\/\\\/secure.gravatar.com\\\/avatar\\\/e0359add7ed5dc3560906d861b52c6a8cf5c1e199d3a7dd85070998f49bd4701?s=96&d=mm&r=g\",\"caption\":\"afogadosfm\"},\"url\":\"https:\\\/\\\/afogadosfm.com.br\\\/afogadosfm\\\/author\\\/afogadosfm\\\/\"}]}<\/script>\n<!-- \/ Yoast SEO plugin. -->","yoast_head_json":{"title":"Adolescente de 13 anos manda namorado matar rival de 14 anos \"ou ela ou eu\" - Afogados FM","robots":{"index":"index","follow":"follow","max-snippet":"max-snippet:-1","max-image-preview":"max-image-preview:large","max-video-preview":"max-video-preview:-1"},"canonical":"https:\/\/afogadosfm.com.br\/afogadosfm\/2026\/04\/29\/adolescente-de-13-anos-manda-namorado-matar-rival-de-14-anos-ou-ela-ou-eu\/","og_locale":"pt_BR","og_type":"article","og_title":"Adolescente de 13 anos manda namorado matar rival de 14 anos \"ou ela ou eu\" - Afogados FM","og_description":"Esse caso teve in\u00edcio na noite do \u00faltimo s\u00e1bado, dia 25. Por volta das 22h34, c\u00e2meras de seguran\u00e7a registram tr\u00eas","og_url":"https:\/\/afogadosfm.com.br\/afogadosfm\/2026\/04\/29\/adolescente-de-13-anos-manda-namorado-matar-rival-de-14-anos-ou-ela-ou-eu\/","og_site_name":"Afogados FM","article_published_time":"2026-04-29T09:07:23+00:00","og_image":[{"width":180,"height":149,"url":"https:\/\/afogadosfm.com.br\/afogadosfm\/wp-content\/uploads\/2025\/06\/violencia.jpg","type":"image\/jpeg"}],"author":"afogadosfm","twitter_card":"summary_large_image","twitter_misc":{"Escrito por":"afogadosfm","Est. tempo de leitura":"3 minutos"},"schema":{"@context":"https:\/\/schema.org","@graph":[{"@type":"Article","@id":"https:\/\/afogadosfm.com.br\/afogadosfm\/2026\/04\/29\/adolescente-de-13-anos-manda-namorado-matar-rival-de-14-anos-ou-ela-ou-eu\/#article","isPartOf":{"@id":"https:\/\/afogadosfm.com.br\/afogadosfm\/2026\/04\/29\/adolescente-de-13-anos-manda-namorado-matar-rival-de-14-anos-ou-ela-ou-eu\/"},"author":{"name":"afogadosfm","@id":"https:\/\/afogadosfm.com.br\/afogadosfm\/#\/schema\/person\/60e56f2cf5dc960fc093fe093d9e9057"},"headline":"Adolescente de 13 anos manda namorado matar rival de 14 anos &#8220;ou ela ou eu&#8221;","datePublished":"2026-04-29T09:07:23+00:00","mainEntityOfPage":{"@id":"https:\/\/afogadosfm.com.br\/afogadosfm\/2026\/04\/29\/adolescente-de-13-anos-manda-namorado-matar-rival-de-14-anos-ou-ela-ou-eu\/"},"wordCount":405,"commentCount":0,"publisher":{"@id":"https:\/\/afogadosfm.com.br\/afogadosfm\/#organization"},"image":{"@id":"https:\/\/afogadosfm.com.br\/afogadosfm\/2026\/04\/29\/adolescente-de-13-anos-manda-namorado-matar-rival-de-14-anos-ou-ela-ou-eu\/#primaryimage"},"thumbnailUrl":"https:\/\/i0.wp.com\/afogadosfm.com.br\/afogadosfm\/wp-content\/uploads\/2025\/06\/violencia.jpg?fit=180%2C149&ssl=1","articleSection":["Brasil"],"inLanguage":"pt-BR","potentialAction":[{"@type":"CommentAction","name":"Comment","target":["https:\/\/afogadosfm.com.br\/afogadosfm\/2026\/04\/29\/adolescente-de-13-anos-manda-namorado-matar-rival-de-14-anos-ou-ela-ou-eu\/#respond"]}]},{"@type":"WebPage","@id":"https:\/\/afogadosfm.com.br\/afogadosfm\/2026\/04\/29\/adolescente-de-13-anos-manda-namorado-matar-rival-de-14-anos-ou-ela-ou-eu\/","url":"https:\/\/afogadosfm.com.br\/afogadosfm\/2026\/04\/29\/adolescente-de-13-anos-manda-namorado-matar-rival-de-14-anos-ou-ela-ou-eu\/","name":"Adolescente de 13 anos manda namorado matar rival de 14 anos \"ou ela ou eu\" - Afogados FM","isPartOf":{"@id":"https:\/\/afogadosfm.com.br\/afogadosfm\/#website"},"primaryImageOfPage":{"@id":"https:\/\/afogadosfm.com.br\/afogadosfm\/2026\/04\/29\/adolescente-de-13-anos-manda-namorado-matar-rival-de-14-anos-ou-ela-ou-eu\/#primaryimage"},"image":{"@id":"https:\/\/afogadosfm.com.br\/afogadosfm\/2026\/04\/29\/adolescente-de-13-anos-manda-namorado-matar-rival-de-14-anos-ou-ela-ou-eu\/#primaryimage"},"thumbnailUrl":"https:\/\/i0.wp.com\/afogadosfm.com.br\/afogadosfm\/wp-content\/uploads\/2025\/06\/violencia.jpg?fit=180%2C149&ssl=1","datePublished":"2026-04-29T09:07:23+00:00","breadcrumb":{"@id":"https:\/\/afogadosfm.com.br\/afogadosfm\/2026\/04\/29\/adolescente-de-13-anos-manda-namorado-matar-rival-de-14-anos-ou-ela-ou-eu\/#breadcrumb"},"inLanguage":"pt-BR","potentialAction":[{"@type":"ReadAction","target":["https:\/\/afogadosfm.com.br\/afogadosfm\/2026\/04\/29\/adolescente-de-13-anos-manda-namorado-matar-rival-de-14-anos-ou-ela-ou-eu\/"]}]},{"@type":"ImageObject","inLanguage":"pt-BR","@id":"https:\/\/afogadosfm.com.br\/afogadosfm\/2026\/04\/29\/adolescente-de-13-anos-manda-namorado-matar-rival-de-14-anos-ou-ela-ou-eu\/#primaryimage","url":"https:\/\/i0.wp.com\/afogadosfm.com.br\/afogadosfm\/wp-content\/uploads\/2025\/06\/violencia.jpg?fit=180%2C149&ssl=1","contentUrl":"https:\/\/i0.wp.com\/afogadosfm.com.br\/afogadosfm\/wp-content\/uploads\/2025\/06\/violencia.jpg?fit=180%2C149&ssl=1","width":180,"height":149},{"@type":"BreadcrumbList","@id":"https:\/\/afogadosfm.com.br\/afogadosfm\/2026\/04\/29\/adolescente-de-13-anos-manda-namorado-matar-rival-de-14-anos-ou-ela-ou-eu\/#breadcrumb","itemListElement":[{"@type":"ListItem","position":1,"name":"In\u00edcio","item":"https:\/\/afogadosfm.com.br\/afogadosfm\/"},{"@type":"ListItem","position":2,"name":"Adolescente de 13 anos manda namorado matar rival de 14 anos &#8220;ou ela ou eu&#8221;"}]},{"@type":"WebSite","@id":"https:\/\/afogadosfm.com.br\/afogadosfm\/#website","url":"https:\/\/afogadosfm.com.br\/afogadosfm\/","name":"Afogados FM","description":"Um site completo!","publisher":{"@id":"https:\/\/afogadosfm.com.br\/afogadosfm\/#organization"},"potentialAction":[{"@type":"SearchAction","target":{"@type":"EntryPoint","urlTemplate":"https:\/\/afogadosfm.com.br\/afogadosfm\/?s={search_term_string}"},"query-input":{"@type":"PropertyValueSpecification","valueRequired":true,"valueName":"search_term_string"}}],"inLanguage":"pt-BR"},{"@type":"Organization","@id":"https:\/\/afogadosfm.com.br\/afogadosfm\/#organization","name":"Afogados FM","url":"https:\/\/afogadosfm.com.br\/afogadosfm\/","logo":{"@type":"ImageObject","inLanguage":"pt-BR","@id":"https:\/\/afogadosfm.com.br\/afogadosfm\/#\/schema\/logo\/image\/","url":"https:\/\/i0.wp.com\/afogadosfm.com.br\/afogadosfm\/wp-content\/uploads\/2020\/06\/cropped-banner-afogados-4.jpg?fit=369%2C137&ssl=1","contentUrl":"https:\/\/i0.wp.com\/afogadosfm.com.br\/afogadosfm\/wp-content\/uploads\/2020\/06\/cropped-banner-afogados-4.jpg?fit=369%2C137&ssl=1","width":369,"height":137,"caption":"Afogados FM"},"image":{"@id":"https:\/\/afogadosfm.com.br\/afogadosfm\/#\/schema\/logo\/image\/"}},{"@type":"Person","@id":"https:\/\/afogadosfm.com.br\/afogadosfm\/#\/schema\/person\/60e56f2cf5dc960fc093fe093d9e9057","name":"afogadosfm","image":{"@type":"ImageObject","inLanguage":"pt-BR","@id":"https:\/\/secure.gravatar.com\/avatar\/e0359add7ed5dc3560906d861b52c6a8cf5c1e199d3a7dd85070998f49bd4701?s=96&d=mm&r=g","url":"https:\/\/secure.gravatar.com\/avatar\/e0359add7ed5dc3560906d861b52c6a8cf5c1e199d3a7dd85070998f49bd4701?s=96&d=mm&r=g","contentUrl":"https:\/\/secure.gravatar.com\/avatar\/e0359add7ed5dc3560906d861b52c6a8cf5c1e199d3a7dd85070998f49bd4701?s=96&d=mm&r=g","caption":"afogadosfm"},"url":"https:\/\/afogadosfm.com.br\/afogadosfm\/author\/afogadosfm\/"}]}},"jetpack_publicize_connections":[],"jetpack_featured_media_url":"https:\/\/i0.wp.com\/afogadosfm.com.br\/afogadosfm\/wp-content\/uploads\/2025\/06\/violencia.jpg?fit=180%2C149&ssl=1","jetpack-related-posts":[],"jetpack_sharing_enabled":true,"jetpack_likes_enabled":true,"_links":{"self":[{"href":"https:\/\/afogadosfm.com.br\/afogadosfm\/wp-json\/wp\/v2\/posts\/74028","targetHints":{"allow":["GET"]}}],"collection":[{"href":"https:\/\/afogadosfm.com.br\/afogadosfm\/wp-json\/wp\/v2\/posts"}],"about":[{"href":"https:\/\/afogadosfm.com.br\/afogadosfm\/wp-json\/wp\/v2\/types\/post"}],"author":[{"embeddable":true,"href":"https:\/\/afogadosfm.com.br\/afogadosfm\/wp-json\/wp\/v2\/users\/2"}],"replies":[{"embeddable":true,"href":"https:\/\/afogadosfm.com.br\/afogadosfm\/wp-json\/wp\/v2\/comments?post=74028"}],"version-history":[{"count":1,"href":"https:\/\/afogadosfm.com.br\/afogadosfm\/wp-json\/wp\/v2\/posts\/74028\/revisions"}],"predecessor-version":[{"id":74029,"href":"https:\/\/afogadosfm.com.br\/afogadosfm\/wp-json\/wp\/v2\/posts\/74028\/revisions\/74029"}],"wp:featuredmedia":[{"embeddable":true,"href":"https:\/\/afogadosfm.com.br\/afogadosfm\/wp-json\/wp\/v2\/media\/66370"}],"wp:attachment":[{"href":"https:\/\/afogadosfm.com.br\/afogadosfm\/wp-json\/wp\/v2\/media?parent=74028"}],"wp:term":[{"taxonomy":"category","embeddable":true,"href":"https:\/\/afogadosfm.com.br\/afogadosfm\/wp-json\/wp\/v2\/categories?post=74028"},{"taxonomy":"post_tag","embeddable":true,"href":"https:\/\/afogadosfm.com.br\/afogadosfm\/wp-json\/wp\/v2\/tags?post=74028"}],"curies":[{"name":"wp","href":"https:\/\/api.w.org\/{rel}","templated":true}]}}