{"id":74033,"date":"2026-04-29T09:28:59","date_gmt":"2026-04-29T12:28:59","guid":{"rendered":"https:\/\/afogadosfm.com.br\/afogadosfm\/?p=74033"},"modified":"2026-04-29T09:28:59","modified_gmt":"2026-04-29T12:28:59","slug":"mpf-denuncia-10-suspeitos-de-envolvimento-em-quadrilha-que-fraudou-concurso-publico-em-pernambuco","status":"publish","type":"post","link":"https:\/\/afogadosfm.com.br\/afogadosfm\/2026\/04\/29\/mpf-denuncia-10-suspeitos-de-envolvimento-em-quadrilha-que-fraudou-concurso-publico-em-pernambuco\/","title":{"rendered":"MPF denuncia 10 suspeitos de envolvimento em quadrilha que fraudou concurso p\u00fablico em Pernambuco"},"content":{"rendered":"<p>O Minist\u00e9rio P\u00fablico Federal (MPF) apresentou a primeira den\u00fancia no \u00e2mbito das investiga\u00e7\u00f5es relacionadas \u00e0s opera\u00e7\u00f5es \u00daltima Fase e Concorr\u00eancia Simulada, que apuram fraudes em concursos p\u00fablicos.<\/p>\n<p>A a\u00e7\u00e3o penal tem como foco o esquema il\u00edcito identificado no concurso da Pol\u00edcia Federal de 2025 e envolve dez denunciados, apontados como integrantes ou colaboradores de uma organiza\u00e7\u00e3o criminosa estruturada para fraudar certames em diferentes estados.<\/p>\n<p>Segundo a den\u00fancia, a organiza\u00e7\u00e3o criminosa atuava de forma coordenada, com divis\u00e3o de tarefas e n\u00facleos operacionais nos estados da Para\u00edba, Pernambuco e Alagoas.<\/p>\n<p>Conforme apurado nas investiga\u00e7\u00f5es, o grupo utilizava m\u00e9todos que inclu\u00edam a capta\u00e7\u00e3o de candidatos interessados, infiltra\u00e7\u00e3o de pessoas para fotografar provas, envio das imagens em tempo real a especialistas e posterior distribui\u00e7\u00e3o de gabaritos mediante pagamento de valores elevados.<\/p>\n<p>No caso espec\u00edfico do concurso da Pol\u00edcia Federal de 2025, realizado em 27 de julho daquele ano, a investiga\u00e7\u00e3o identificou a pr\u00e1tica de fraude direcionada ao cargo de delegado de Pol\u00edcia Federal, tendo como benefici\u00e1rio um dos denunciados: um candidato com v\u00ednculo direto com o n\u00facleo criminoso.<\/p>\n<p>Elementos de prova incluem movimenta\u00e7\u00f5es financeiras at\u00edpicas e trocas de mensagens que evidenciam a participa\u00e7\u00e3o no esquema.<\/p>\n<p>De acordo com a den\u00fancia, o controle financeiro da opera\u00e7\u00e3o seguia l\u00f3gica comercial, com valores definidos a partir do sal\u00e1rio inicial dos cargos pretendidos, podendo alcan\u00e7ar cifras superiores a R$ 280 mil por candidato.<\/p>\n<p>Os dez denunciados foram identificados conforme suas fun\u00e7\u00f5es na organiza\u00e7\u00e3o, incluindo gestores, intermedi\u00e1rios, respons\u00e1veis pela resolu\u00e7\u00e3o das provas, executores da extra\u00e7\u00e3o das imagens e benefici\u00e1rios do esquema.<\/p>\n<p>Entre os crimes apontados est\u00e3o organiza\u00e7\u00e3o criminosa, fraude em certame de interesse p\u00fablico, lavagem de dinheiro, corrup\u00e7\u00e3o, falsidade documental e embara\u00e7o \u00e0 investiga\u00e7\u00e3o.<\/p>\n<p>Revoga\u00e7\u00e3o de colabora\u00e7\u00e3o premiada<\/p>\n<p>O MPF informou ainda que solicitar\u00e1 a revoga\u00e7\u00e3o dos benef\u00edcios de colabora\u00e7\u00e3o premiada concedidos a dois denunciados em raz\u00e3o do descumprimento dos termos acordados.<\/p>\n<p>De acordo com a investiga\u00e7\u00e3o, ambos omitiram informa\u00e7\u00f5es relevantes e continuaram a praticar atividades il\u00edcitas, mesmo ap\u00f3s firmarem acordo de colabora\u00e7\u00e3o.<\/p>\n<p>Diante da viola\u00e7\u00e3o dos termos, o MPF requer a cessa\u00e7\u00e3o dos benef\u00edcios concedidos, al\u00e9m da responsabiliza\u00e7\u00e3o criminal dos envolvidos, com aplica\u00e7\u00e3o das penalidades previstas em lei e eventual ressarcimento ao er\u00e1rio pelos preju\u00edzos causados.<\/p>\n<p>Do DP<\/p>\n","protected":false},"excerpt":{"rendered":"<p>O Minist\u00e9rio P\u00fablico Federal (MPF) apresentou a primeira den\u00fancia no \u00e2mbito das investiga\u00e7\u00f5es relacionadas \u00e0s opera\u00e7\u00f5es \u00daltima Fase e Concorr\u00eancia<\/p>\n","protected":false},"author":2,"featured_media":50646,"comment_status":"open","ping_status":"open","sticky":false,"template":"","format":"standard","meta":{"jetpack_post_was_ever_published":false,"_jetpack_newsletter_access":"","_jetpack_dont_email_post_to_subs":false,"_jetpack_newsletter_tier_id":0,"_jetpack_memberships_contains_paywalled_content":false,"_jetpack_memberships_contains_paid_content":false,"footnotes":"","jetpack_publicize_message":"","jetpack_publicize_feature_enabled":true,"jetpack_social_post_already_shared":true,"jetpack_social_options":{"image_generator_settings":{"template":"highway","default_image_id":0,"font":"","enabled":false},"version":2}},"categories":[34],"tags":[],"class_list":["post-74033","post","type-post","status-publish","format-standard","has-post-thumbnail","hentry","category-policia"],"yoast_head":"<!-- This site is optimized with the Yoast SEO plugin v27.5 - https:\/\/yoast.com\/product\/yoast-seo-wordpress\/ -->\n<title>MPF denuncia 10 suspeitos de envolvimento em quadrilha que fraudou concurso p\u00fablico em Pernambuco - Afogados FM<\/title>\n<meta name=\"robots\" content=\"index, follow, max-snippet:-1, max-image-preview:large, max-video-preview:-1\" \/>\n<link rel=\"canonical\" href=\"https:\/\/afogadosfm.com.br\/afogadosfm\/2026\/04\/29\/mpf-denuncia-10-suspeitos-de-envolvimento-em-quadrilha-que-fraudou-concurso-publico-em-pernambuco\/\" \/>\n<meta property=\"og:locale\" content=\"pt_BR\" \/>\n<meta property=\"og:type\" content=\"article\" \/>\n<meta property=\"og:title\" content=\"MPF denuncia 10 suspeitos de envolvimento em quadrilha que fraudou concurso p\u00fablico em Pernambuco - Afogados FM\" \/>\n<meta property=\"og:description\" content=\"O Minist\u00e9rio P\u00fablico Federal (MPF) apresentou a primeira den\u00fancia no \u00e2mbito das investiga\u00e7\u00f5es relacionadas \u00e0s opera\u00e7\u00f5es \u00daltima Fase e Concorr\u00eancia\" \/>\n<meta property=\"og:url\" content=\"https:\/\/afogadosfm.com.br\/afogadosfm\/2026\/04\/29\/mpf-denuncia-10-suspeitos-de-envolvimento-em-quadrilha-que-fraudou-concurso-publico-em-pernambuco\/\" \/>\n<meta property=\"og:site_name\" content=\"Afogados FM\" \/>\n<meta property=\"article:published_time\" content=\"2026-04-29T12:28:59+00:00\" \/>\n<meta property=\"og:image\" content=\"https:\/\/afogadosfm.com.br\/afogadosfm\/wp-content\/uploads\/2023\/09\/pfbr.jpg\" \/>\n\t<meta property=\"og:image:width\" content=\"1280\" \/>\n\t<meta property=\"og:image:height\" content=\"720\" \/>\n\t<meta property=\"og:image:type\" content=\"image\/jpeg\" \/>\n<meta name=\"author\" content=\"afogadosfm\" \/>\n<meta name=\"twitter:card\" content=\"summary_large_image\" \/>\n<meta name=\"twitter:label1\" content=\"Escrito por\" \/>\n\t<meta name=\"twitter:data1\" content=\"afogadosfm\" \/>\n\t<meta name=\"twitter:label2\" content=\"Est. tempo de leitura\" \/>\n\t<meta name=\"twitter:data2\" content=\"3 minutos\" \/>\n<script type=\"application\/ld+json\" class=\"yoast-schema-graph\">{\"@context\":\"https:\\\/\\\/schema.org\",\"@graph\":[{\"@type\":\"Article\",\"@id\":\"https:\\\/\\\/afogadosfm.com.br\\\/afogadosfm\\\/2026\\\/04\\\/29\\\/mpf-denuncia-10-suspeitos-de-envolvimento-em-quadrilha-que-fraudou-concurso-publico-em-pernambuco\\\/#article\",\"isPartOf\":{\"@id\":\"https:\\\/\\\/afogadosfm.com.br\\\/afogadosfm\\\/2026\\\/04\\\/29\\\/mpf-denuncia-10-suspeitos-de-envolvimento-em-quadrilha-que-fraudou-concurso-publico-em-pernambuco\\\/\"},\"author\":{\"name\":\"afogadosfm\",\"@id\":\"https:\\\/\\\/afogadosfm.com.br\\\/afogadosfm\\\/#\\\/schema\\\/person\\\/60e56f2cf5dc960fc093fe093d9e9057\"},\"headline\":\"MPF denuncia 10 suspeitos de envolvimento em quadrilha que fraudou concurso p\u00fablico em Pernambuco\",\"datePublished\":\"2026-04-29T12:28:59+00:00\",\"mainEntityOfPage\":{\"@id\":\"https:\\\/\\\/afogadosfm.com.br\\\/afogadosfm\\\/2026\\\/04\\\/29\\\/mpf-denuncia-10-suspeitos-de-envolvimento-em-quadrilha-que-fraudou-concurso-publico-em-pernambuco\\\/\"},\"wordCount\":439,\"commentCount\":0,\"publisher\":{\"@id\":\"https:\\\/\\\/afogadosfm.com.br\\\/afogadosfm\\\/#organization\"},\"image\":{\"@id\":\"https:\\\/\\\/afogadosfm.com.br\\\/afogadosfm\\\/2026\\\/04\\\/29\\\/mpf-denuncia-10-suspeitos-de-envolvimento-em-quadrilha-que-fraudou-concurso-publico-em-pernambuco\\\/#primaryimage\"},\"thumbnailUrl\":\"https:\\\/\\\/i0.wp.com\\\/afogadosfm.com.br\\\/afogadosfm\\\/wp-content\\\/uploads\\\/2023\\\/09\\\/pfbr.jpg?fit=1280%2C720&ssl=1\",\"articleSection\":[\"Pol\u00edcia\"],\"inLanguage\":\"pt-BR\",\"potentialAction\":[{\"@type\":\"CommentAction\",\"name\":\"Comment\",\"target\":[\"https:\\\/\\\/afogadosfm.com.br\\\/afogadosfm\\\/2026\\\/04\\\/29\\\/mpf-denuncia-10-suspeitos-de-envolvimento-em-quadrilha-que-fraudou-concurso-publico-em-pernambuco\\\/#respond\"]}]},{\"@type\":\"WebPage\",\"@id\":\"https:\\\/\\\/afogadosfm.com.br\\\/afogadosfm\\\/2026\\\/04\\\/29\\\/mpf-denuncia-10-suspeitos-de-envolvimento-em-quadrilha-que-fraudou-concurso-publico-em-pernambuco\\\/\",\"url\":\"https:\\\/\\\/afogadosfm.com.br\\\/afogadosfm\\\/2026\\\/04\\\/29\\\/mpf-denuncia-10-suspeitos-de-envolvimento-em-quadrilha-que-fraudou-concurso-publico-em-pernambuco\\\/\",\"name\":\"MPF denuncia 10 suspeitos de envolvimento em quadrilha que fraudou concurso p\u00fablico em Pernambuco - Afogados FM\",\"isPartOf\":{\"@id\":\"https:\\\/\\\/afogadosfm.com.br\\\/afogadosfm\\\/#website\"},\"primaryImageOfPage\":{\"@id\":\"https:\\\/\\\/afogadosfm.com.br\\\/afogadosfm\\\/2026\\\/04\\\/29\\\/mpf-denuncia-10-suspeitos-de-envolvimento-em-quadrilha-que-fraudou-concurso-publico-em-pernambuco\\\/#primaryimage\"},\"image\":{\"@id\":\"https:\\\/\\\/afogadosfm.com.br\\\/afogadosfm\\\/2026\\\/04\\\/29\\\/mpf-denuncia-10-suspeitos-de-envolvimento-em-quadrilha-que-fraudou-concurso-publico-em-pernambuco\\\/#primaryimage\"},\"thumbnailUrl\":\"https:\\\/\\\/i0.wp.com\\\/afogadosfm.com.br\\\/afogadosfm\\\/wp-content\\\/uploads\\\/2023\\\/09\\\/pfbr.jpg?fit=1280%2C720&ssl=1\",\"datePublished\":\"2026-04-29T12:28:59+00:00\",\"breadcrumb\":{\"@id\":\"https:\\\/\\\/afogadosfm.com.br\\\/afogadosfm\\\/2026\\\/04\\\/29\\\/mpf-denuncia-10-suspeitos-de-envolvimento-em-quadrilha-que-fraudou-concurso-publico-em-pernambuco\\\/#breadcrumb\"},\"inLanguage\":\"pt-BR\",\"potentialAction\":[{\"@type\":\"ReadAction\",\"target\":[\"https:\\\/\\\/afogadosfm.com.br\\\/afogadosfm\\\/2026\\\/04\\\/29\\\/mpf-denuncia-10-suspeitos-de-envolvimento-em-quadrilha-que-fraudou-concurso-publico-em-pernambuco\\\/\"]}]},{\"@type\":\"ImageObject\",\"inLanguage\":\"pt-BR\",\"@id\":\"https:\\\/\\\/afogadosfm.com.br\\\/afogadosfm\\\/2026\\\/04\\\/29\\\/mpf-denuncia-10-suspeitos-de-envolvimento-em-quadrilha-que-fraudou-concurso-publico-em-pernambuco\\\/#primaryimage\",\"url\":\"https:\\\/\\\/i0.wp.com\\\/afogadosfm.com.br\\\/afogadosfm\\\/wp-content\\\/uploads\\\/2023\\\/09\\\/pfbr.jpg?fit=1280%2C720&ssl=1\",\"contentUrl\":\"https:\\\/\\\/i0.wp.com\\\/afogadosfm.com.br\\\/afogadosfm\\\/wp-content\\\/uploads\\\/2023\\\/09\\\/pfbr.jpg?fit=1280%2C720&ssl=1\",\"width\":1280,\"height\":720},{\"@type\":\"BreadcrumbList\",\"@id\":\"https:\\\/\\\/afogadosfm.com.br\\\/afogadosfm\\\/2026\\\/04\\\/29\\\/mpf-denuncia-10-suspeitos-de-envolvimento-em-quadrilha-que-fraudou-concurso-publico-em-pernambuco\\\/#breadcrumb\",\"itemListElement\":[{\"@type\":\"ListItem\",\"position\":1,\"name\":\"In\u00edcio\",\"item\":\"https:\\\/\\\/afogadosfm.com.br\\\/afogadosfm\\\/\"},{\"@type\":\"ListItem\",\"position\":2,\"name\":\"MPF denuncia 10 suspeitos de envolvimento em quadrilha que fraudou concurso p\u00fablico em Pernambuco\"}]},{\"@type\":\"WebSite\",\"@id\":\"https:\\\/\\\/afogadosfm.com.br\\\/afogadosfm\\\/#website\",\"url\":\"https:\\\/\\\/afogadosfm.com.br\\\/afogadosfm\\\/\",\"name\":\"Afogados FM\",\"description\":\"Um site completo!\",\"publisher\":{\"@id\":\"https:\\\/\\\/afogadosfm.com.br\\\/afogadosfm\\\/#organization\"},\"potentialAction\":[{\"@type\":\"SearchAction\",\"target\":{\"@type\":\"EntryPoint\",\"urlTemplate\":\"https:\\\/\\\/afogadosfm.com.br\\\/afogadosfm\\\/?s={search_term_string}\"},\"query-input\":{\"@type\":\"PropertyValueSpecification\",\"valueRequired\":true,\"valueName\":\"search_term_string\"}}],\"inLanguage\":\"pt-BR\"},{\"@type\":\"Organization\",\"@id\":\"https:\\\/\\\/afogadosfm.com.br\\\/afogadosfm\\\/#organization\",\"name\":\"Afogados FM\",\"url\":\"https:\\\/\\\/afogadosfm.com.br\\\/afogadosfm\\\/\",\"logo\":{\"@type\":\"ImageObject\",\"inLanguage\":\"pt-BR\",\"@id\":\"https:\\\/\\\/afogadosfm.com.br\\\/afogadosfm\\\/#\\\/schema\\\/logo\\\/image\\\/\",\"url\":\"https:\\\/\\\/i0.wp.com\\\/afogadosfm.com.br\\\/afogadosfm\\\/wp-content\\\/uploads\\\/2020\\\/06\\\/cropped-banner-afogados-4.jpg?fit=369%2C137&ssl=1\",\"contentUrl\":\"https:\\\/\\\/i0.wp.com\\\/afogadosfm.com.br\\\/afogadosfm\\\/wp-content\\\/uploads\\\/2020\\\/06\\\/cropped-banner-afogados-4.jpg?fit=369%2C137&ssl=1\",\"width\":369,\"height\":137,\"caption\":\"Afogados FM\"},\"image\":{\"@id\":\"https:\\\/\\\/afogadosfm.com.br\\\/afogadosfm\\\/#\\\/schema\\\/logo\\\/image\\\/\"}},{\"@type\":\"Person\",\"@id\":\"https:\\\/\\\/afogadosfm.com.br\\\/afogadosfm\\\/#\\\/schema\\\/person\\\/60e56f2cf5dc960fc093fe093d9e9057\",\"name\":\"afogadosfm\",\"image\":{\"@type\":\"ImageObject\",\"inLanguage\":\"pt-BR\",\"@id\":\"https:\\\/\\\/secure.gravatar.com\\\/avatar\\\/e0359add7ed5dc3560906d861b52c6a8cf5c1e199d3a7dd85070998f49bd4701?s=96&d=mm&r=g\",\"url\":\"https:\\\/\\\/secure.gravatar.com\\\/avatar\\\/e0359add7ed5dc3560906d861b52c6a8cf5c1e199d3a7dd85070998f49bd4701?s=96&d=mm&r=g\",\"contentUrl\":\"https:\\\/\\\/secure.gravatar.com\\\/avatar\\\/e0359add7ed5dc3560906d861b52c6a8cf5c1e199d3a7dd85070998f49bd4701?s=96&d=mm&r=g\",\"caption\":\"afogadosfm\"},\"url\":\"https:\\\/\\\/afogadosfm.com.br\\\/afogadosfm\\\/author\\\/afogadosfm\\\/\"}]}<\/script>\n<!-- \/ Yoast SEO plugin. -->","yoast_head_json":{"title":"MPF denuncia 10 suspeitos de envolvimento em quadrilha que fraudou concurso p\u00fablico em Pernambuco - Afogados FM","robots":{"index":"index","follow":"follow","max-snippet":"max-snippet:-1","max-image-preview":"max-image-preview:large","max-video-preview":"max-video-preview:-1"},"canonical":"https:\/\/afogadosfm.com.br\/afogadosfm\/2026\/04\/29\/mpf-denuncia-10-suspeitos-de-envolvimento-em-quadrilha-que-fraudou-concurso-publico-em-pernambuco\/","og_locale":"pt_BR","og_type":"article","og_title":"MPF denuncia 10 suspeitos de envolvimento em quadrilha que fraudou concurso p\u00fablico em Pernambuco - Afogados FM","og_description":"O Minist\u00e9rio P\u00fablico Federal (MPF) apresentou a primeira den\u00fancia no \u00e2mbito das investiga\u00e7\u00f5es relacionadas \u00e0s opera\u00e7\u00f5es \u00daltima Fase e Concorr\u00eancia","og_url":"https:\/\/afogadosfm.com.br\/afogadosfm\/2026\/04\/29\/mpf-denuncia-10-suspeitos-de-envolvimento-em-quadrilha-que-fraudou-concurso-publico-em-pernambuco\/","og_site_name":"Afogados FM","article_published_time":"2026-04-29T12:28:59+00:00","og_image":[{"width":1280,"height":720,"url":"https:\/\/afogadosfm.com.br\/afogadosfm\/wp-content\/uploads\/2023\/09\/pfbr.jpg","type":"image\/jpeg"}],"author":"afogadosfm","twitter_card":"summary_large_image","twitter_misc":{"Escrito por":"afogadosfm","Est. tempo de leitura":"3 minutos"},"schema":{"@context":"https:\/\/schema.org","@graph":[{"@type":"Article","@id":"https:\/\/afogadosfm.com.br\/afogadosfm\/2026\/04\/29\/mpf-denuncia-10-suspeitos-de-envolvimento-em-quadrilha-que-fraudou-concurso-publico-em-pernambuco\/#article","isPartOf":{"@id":"https:\/\/afogadosfm.com.br\/afogadosfm\/2026\/04\/29\/mpf-denuncia-10-suspeitos-de-envolvimento-em-quadrilha-que-fraudou-concurso-publico-em-pernambuco\/"},"author":{"name":"afogadosfm","@id":"https:\/\/afogadosfm.com.br\/afogadosfm\/#\/schema\/person\/60e56f2cf5dc960fc093fe093d9e9057"},"headline":"MPF denuncia 10 suspeitos de envolvimento em quadrilha que fraudou concurso p\u00fablico em Pernambuco","datePublished":"2026-04-29T12:28:59+00:00","mainEntityOfPage":{"@id":"https:\/\/afogadosfm.com.br\/afogadosfm\/2026\/04\/29\/mpf-denuncia-10-suspeitos-de-envolvimento-em-quadrilha-que-fraudou-concurso-publico-em-pernambuco\/"},"wordCount":439,"commentCount":0,"publisher":{"@id":"https:\/\/afogadosfm.com.br\/afogadosfm\/#organization"},"image":{"@id":"https:\/\/afogadosfm.com.br\/afogadosfm\/2026\/04\/29\/mpf-denuncia-10-suspeitos-de-envolvimento-em-quadrilha-que-fraudou-concurso-publico-em-pernambuco\/#primaryimage"},"thumbnailUrl":"https:\/\/i0.wp.com\/afogadosfm.com.br\/afogadosfm\/wp-content\/uploads\/2023\/09\/pfbr.jpg?fit=1280%2C720&ssl=1","articleSection":["Pol\u00edcia"],"inLanguage":"pt-BR","potentialAction":[{"@type":"CommentAction","name":"Comment","target":["https:\/\/afogadosfm.com.br\/afogadosfm\/2026\/04\/29\/mpf-denuncia-10-suspeitos-de-envolvimento-em-quadrilha-que-fraudou-concurso-publico-em-pernambuco\/#respond"]}]},{"@type":"WebPage","@id":"https:\/\/afogadosfm.com.br\/afogadosfm\/2026\/04\/29\/mpf-denuncia-10-suspeitos-de-envolvimento-em-quadrilha-que-fraudou-concurso-publico-em-pernambuco\/","url":"https:\/\/afogadosfm.com.br\/afogadosfm\/2026\/04\/29\/mpf-denuncia-10-suspeitos-de-envolvimento-em-quadrilha-que-fraudou-concurso-publico-em-pernambuco\/","name":"MPF denuncia 10 suspeitos de envolvimento em quadrilha que fraudou concurso p\u00fablico em Pernambuco - Afogados FM","isPartOf":{"@id":"https:\/\/afogadosfm.com.br\/afogadosfm\/#website"},"primaryImageOfPage":{"@id":"https:\/\/afogadosfm.com.br\/afogadosfm\/2026\/04\/29\/mpf-denuncia-10-suspeitos-de-envolvimento-em-quadrilha-que-fraudou-concurso-publico-em-pernambuco\/#primaryimage"},"image":{"@id":"https:\/\/afogadosfm.com.br\/afogadosfm\/2026\/04\/29\/mpf-denuncia-10-suspeitos-de-envolvimento-em-quadrilha-que-fraudou-concurso-publico-em-pernambuco\/#primaryimage"},"thumbnailUrl":"https:\/\/i0.wp.com\/afogadosfm.com.br\/afogadosfm\/wp-content\/uploads\/2023\/09\/pfbr.jpg?fit=1280%2C720&ssl=1","datePublished":"2026-04-29T12:28:59+00:00","breadcrumb":{"@id":"https:\/\/afogadosfm.com.br\/afogadosfm\/2026\/04\/29\/mpf-denuncia-10-suspeitos-de-envolvimento-em-quadrilha-que-fraudou-concurso-publico-em-pernambuco\/#breadcrumb"},"inLanguage":"pt-BR","potentialAction":[{"@type":"ReadAction","target":["https:\/\/afogadosfm.com.br\/afogadosfm\/2026\/04\/29\/mpf-denuncia-10-suspeitos-de-envolvimento-em-quadrilha-que-fraudou-concurso-publico-em-pernambuco\/"]}]},{"@type":"ImageObject","inLanguage":"pt-BR","@id":"https:\/\/afogadosfm.com.br\/afogadosfm\/2026\/04\/29\/mpf-denuncia-10-suspeitos-de-envolvimento-em-quadrilha-que-fraudou-concurso-publico-em-pernambuco\/#primaryimage","url":"https:\/\/i0.wp.com\/afogadosfm.com.br\/afogadosfm\/wp-content\/uploads\/2023\/09\/pfbr.jpg?fit=1280%2C720&ssl=1","contentUrl":"https:\/\/i0.wp.com\/afogadosfm.com.br\/afogadosfm\/wp-content\/uploads\/2023\/09\/pfbr.jpg?fit=1280%2C720&ssl=1","width":1280,"height":720},{"@type":"BreadcrumbList","@id":"https:\/\/afogadosfm.com.br\/afogadosfm\/2026\/04\/29\/mpf-denuncia-10-suspeitos-de-envolvimento-em-quadrilha-que-fraudou-concurso-publico-em-pernambuco\/#breadcrumb","itemListElement":[{"@type":"ListItem","position":1,"name":"In\u00edcio","item":"https:\/\/afogadosfm.com.br\/afogadosfm\/"},{"@type":"ListItem","position":2,"name":"MPF denuncia 10 suspeitos de envolvimento em quadrilha que fraudou concurso p\u00fablico em Pernambuco"}]},{"@type":"WebSite","@id":"https:\/\/afogadosfm.com.br\/afogadosfm\/#website","url":"https:\/\/afogadosfm.com.br\/afogadosfm\/","name":"Afogados FM","description":"Um site completo!","publisher":{"@id":"https:\/\/afogadosfm.com.br\/afogadosfm\/#organization"},"potentialAction":[{"@type":"SearchAction","target":{"@type":"EntryPoint","urlTemplate":"https:\/\/afogadosfm.com.br\/afogadosfm\/?s={search_term_string}"},"query-input":{"@type":"PropertyValueSpecification","valueRequired":true,"valueName":"search_term_string"}}],"inLanguage":"pt-BR"},{"@type":"Organization","@id":"https:\/\/afogadosfm.com.br\/afogadosfm\/#organization","name":"Afogados FM","url":"https:\/\/afogadosfm.com.br\/afogadosfm\/","logo":{"@type":"ImageObject","inLanguage":"pt-BR","@id":"https:\/\/afogadosfm.com.br\/afogadosfm\/#\/schema\/logo\/image\/","url":"https:\/\/i0.wp.com\/afogadosfm.com.br\/afogadosfm\/wp-content\/uploads\/2020\/06\/cropped-banner-afogados-4.jpg?fit=369%2C137&ssl=1","contentUrl":"https:\/\/i0.wp.com\/afogadosfm.com.br\/afogadosfm\/wp-content\/uploads\/2020\/06\/cropped-banner-afogados-4.jpg?fit=369%2C137&ssl=1","width":369,"height":137,"caption":"Afogados FM"},"image":{"@id":"https:\/\/afogadosfm.com.br\/afogadosfm\/#\/schema\/logo\/image\/"}},{"@type":"Person","@id":"https:\/\/afogadosfm.com.br\/afogadosfm\/#\/schema\/person\/60e56f2cf5dc960fc093fe093d9e9057","name":"afogadosfm","image":{"@type":"ImageObject","inLanguage":"pt-BR","@id":"https:\/\/secure.gravatar.com\/avatar\/e0359add7ed5dc3560906d861b52c6a8cf5c1e199d3a7dd85070998f49bd4701?s=96&d=mm&r=g","url":"https:\/\/secure.gravatar.com\/avatar\/e0359add7ed5dc3560906d861b52c6a8cf5c1e199d3a7dd85070998f49bd4701?s=96&d=mm&r=g","contentUrl":"https:\/\/secure.gravatar.com\/avatar\/e0359add7ed5dc3560906d861b52c6a8cf5c1e199d3a7dd85070998f49bd4701?s=96&d=mm&r=g","caption":"afogadosfm"},"url":"https:\/\/afogadosfm.com.br\/afogadosfm\/author\/afogadosfm\/"}]}},"jetpack_publicize_connections":[],"jetpack_featured_media_url":"https:\/\/i0.wp.com\/afogadosfm.com.br\/afogadosfm\/wp-content\/uploads\/2023\/09\/pfbr.jpg?fit=1280%2C720&ssl=1","jetpack-related-posts":[],"jetpack_sharing_enabled":true,"jetpack_likes_enabled":true,"_links":{"self":[{"href":"https:\/\/afogadosfm.com.br\/afogadosfm\/wp-json\/wp\/v2\/posts\/74033","targetHints":{"allow":["GET"]}}],"collection":[{"href":"https:\/\/afogadosfm.com.br\/afogadosfm\/wp-json\/wp\/v2\/posts"}],"about":[{"href":"https:\/\/afogadosfm.com.br\/afogadosfm\/wp-json\/wp\/v2\/types\/post"}],"author":[{"embeddable":true,"href":"https:\/\/afogadosfm.com.br\/afogadosfm\/wp-json\/wp\/v2\/users\/2"}],"replies":[{"embeddable":true,"href":"https:\/\/afogadosfm.com.br\/afogadosfm\/wp-json\/wp\/v2\/comments?post=74033"}],"version-history":[{"count":1,"href":"https:\/\/afogadosfm.com.br\/afogadosfm\/wp-json\/wp\/v2\/posts\/74033\/revisions"}],"predecessor-version":[{"id":74034,"href":"https:\/\/afogadosfm.com.br\/afogadosfm\/wp-json\/wp\/v2\/posts\/74033\/revisions\/74034"}],"wp:featuredmedia":[{"embeddable":true,"href":"https:\/\/afogadosfm.com.br\/afogadosfm\/wp-json\/wp\/v2\/media\/50646"}],"wp:attachment":[{"href":"https:\/\/afogadosfm.com.br\/afogadosfm\/wp-json\/wp\/v2\/media?parent=74033"}],"wp:term":[{"taxonomy":"category","embeddable":true,"href":"https:\/\/afogadosfm.com.br\/afogadosfm\/wp-json\/wp\/v2\/categories?post=74033"},{"taxonomy":"post_tag","embeddable":true,"href":"https:\/\/afogadosfm.com.br\/afogadosfm\/wp-json\/wp\/v2\/tags?post=74033"}],"curies":[{"name":"wp","href":"https:\/\/api.w.org\/{rel}","templated":true}]}}