{"id":74035,"date":"2026-04-29T09:39:25","date_gmt":"2026-04-29T12:39:25","guid":{"rendered":"https:\/\/afogadosfm.com.br\/afogadosfm\/?p=74035"},"modified":"2026-04-29T09:39:25","modified_gmt":"2026-04-29T12:39:25","slug":"acidente-com-bois-deixa-animais-gravemente-feridos-na-pe-320-em-carnaiba","status":"publish","type":"post","link":"https:\/\/afogadosfm.com.br\/afogadosfm\/2026\/04\/29\/acidente-com-bois-deixa-animais-gravemente-feridos-na-pe-320-em-carnaiba\/","title":{"rendered":"Acidente com bois deixa animais gravemente feridos na PE-320, em Carna\u00edba"},"content":{"rendered":"<p data-start=\"86\" data-end=\"306\">Um acidente envolvendo um veiculo e dois bois foi registrado no in\u00edcio da noite desta ter\u00e7a-feira (28), por volta das 18h30, na rodovia estadual\u00a0<span class=\"hover:entity-accent entity-underline inline cursor-pointer align-baseline\"><span class=\"whitespace-normal\">PE-320<\/span><\/span>, no Sert\u00e3o do Paje\u00fa.<\/p>\n<p data-start=\"308\" data-end=\"564\">O ve\u00edculo,\u00a0 uma Fiat Toro, de placas n\u00e3o anotadas, colidiu com os animais nas proximidades da\u00a0 antiga f\u00e1brica de cimento, na comunidade da Santa Rosa, \u00e0s margens da rodovia. O impacto chamou a aten\u00e7\u00e3o de pessoas que passavam pelo trecho no momento do ocorrido.<\/p>\n<p data-start=\"566\" data-end=\"850\">Com a for\u00e7a da colis\u00e3o, os bois sofreram graves ferimentos, ficando com as pernas quebradas e ca\u00eddos no acostamento da pista. Populares que transitavam pela \u00e1rea agiram rapidamente e arrastaram os animais at\u00e9 o aceiro do mato, numa tentativa de evitar novos acidentes e liberar a via.<\/p>\n<p data-start=\"852\" data-end=\"1116\">At\u00e9 o momento, n\u00e3o h\u00e1 informa\u00e7\u00f5es sobre a identidade do motorista, nem detalhes sobre os danos causados ao ve\u00edculo. Tamb\u00e9m n\u00e3o foi poss\u00edvel identificar o propriet\u00e1rio dos animais, que\u00a0 n\u00e3o resistiram \u00e0 gravidade dos ferimentos provocados pelo impacto. H\u00e1 cerca de poito meses atr\u00e1s, nas mesmas proximidades, um cavalo e uma \u00e9gua foram atropelados e mortos ap\u00f3s colis\u00e3o com um dos carros da coleta de lixo de Serra Talhada, que trafegava pelo local.<\/p>\n<p data-start=\"1118\" data-end=\"1461\" data-is-last-node=\"\" data-is-only-node=\"\">O caso refor\u00e7a um alerta constante para os riscos de animais soltos nas rodovias da regi\u00e3o. Situa\u00e7\u00f5es como essa podem provocar acidentes graves, especialmente em trechos de maior movimento. Motoristas que trafegam pelo local devem redobrar a aten\u00e7\u00e3o, principalmente durante a noite ou em per\u00edodos de chuva, quando a visibilidade fica reduzida.<\/p>\n<p data-start=\"1118\" data-end=\"1461\" data-is-last-node=\"\" data-is-only-node=\"\">Do Cau\u00ea Rodrigues<\/p>\n","protected":false},"excerpt":{"rendered":"<p>Um acidente envolvendo um veiculo e dois bois foi registrado no in\u00edcio da noite desta ter\u00e7a-feira (28), por volta das<\/p>\n","protected":false},"author":2,"featured_media":74036,"comment_status":"open","ping_status":"open","sticky":false,"template":"","format":"standard","meta":{"jetpack_post_was_ever_published":false,"_jetpack_newsletter_access":"","_jetpack_dont_email_post_to_subs":false,"_jetpack_newsletter_tier_id":0,"_jetpack_memberships_contains_paywalled_content":false,"_jetpack_memberships_contains_paid_content":false,"footnotes":"","jetpack_publicize_message":"","jetpack_publicize_feature_enabled":true,"jetpack_social_post_already_shared":true,"jetpack_social_options":{"image_generator_settings":{"template":"highway","default_image_id":0,"font":"","enabled":false},"version":2}},"categories":[32],"tags":[],"class_list":["post-74035","post","type-post","status-publish","format-standard","has-post-thumbnail","hentry","category-sertao"],"yoast_head":"<!-- This site is optimized with the Yoast SEO plugin v27.5 - https:\/\/yoast.com\/product\/yoast-seo-wordpress\/ -->\n<title>Acidente com bois deixa animais gravemente feridos na PE-320, em Carna\u00edba - Afogados FM<\/title>\n<meta name=\"robots\" content=\"index, follow, max-snippet:-1, max-image-preview:large, max-video-preview:-1\" \/>\n<link rel=\"canonical\" href=\"https:\/\/afogadosfm.com.br\/afogadosfm\/2026\/04\/29\/acidente-com-bois-deixa-animais-gravemente-feridos-na-pe-320-em-carnaiba\/\" \/>\n<meta property=\"og:locale\" content=\"pt_BR\" \/>\n<meta property=\"og:type\" content=\"article\" \/>\n<meta property=\"og:title\" content=\"Acidente com bois deixa animais gravemente feridos na PE-320, em Carna\u00edba - Afogados FM\" \/>\n<meta property=\"og:description\" content=\"Um acidente envolvendo um veiculo e dois bois foi registrado no in\u00edcio da noite desta ter\u00e7a-feira (28), por volta das\" \/>\n<meta property=\"og:url\" content=\"https:\/\/afogadosfm.com.br\/afogadosfm\/2026\/04\/29\/acidente-com-bois-deixa-animais-gravemente-feridos-na-pe-320-em-carnaiba\/\" \/>\n<meta property=\"og:site_name\" content=\"Afogados FM\" \/>\n<meta property=\"article:published_time\" content=\"2026-04-29T12:39:25+00:00\" \/>\n<meta property=\"og:image\" content=\"https:\/\/afogadosfm.com.br\/afogadosfm\/wp-content\/uploads\/2026\/04\/transito-1536x1153-1.jpeg\" \/>\n\t<meta property=\"og:image:width\" content=\"1536\" \/>\n\t<meta property=\"og:image:height\" content=\"1153\" \/>\n\t<meta property=\"og:image:type\" content=\"image\/jpeg\" \/>\n<meta name=\"author\" content=\"afogadosfm\" \/>\n<meta name=\"twitter:card\" content=\"summary_large_image\" \/>\n<meta name=\"twitter:label1\" content=\"Escrito por\" \/>\n\t<meta name=\"twitter:data1\" content=\"afogadosfm\" \/>\n\t<meta name=\"twitter:label2\" content=\"Est. tempo de leitura\" \/>\n\t<meta name=\"twitter:data2\" content=\"2 minutos\" \/>\n<script type=\"application\/ld+json\" class=\"yoast-schema-graph\">{\"@context\":\"https:\\\/\\\/schema.org\",\"@graph\":[{\"@type\":\"Article\",\"@id\":\"https:\\\/\\\/afogadosfm.com.br\\\/afogadosfm\\\/2026\\\/04\\\/29\\\/acidente-com-bois-deixa-animais-gravemente-feridos-na-pe-320-em-carnaiba\\\/#article\",\"isPartOf\":{\"@id\":\"https:\\\/\\\/afogadosfm.com.br\\\/afogadosfm\\\/2026\\\/04\\\/29\\\/acidente-com-bois-deixa-animais-gravemente-feridos-na-pe-320-em-carnaiba\\\/\"},\"author\":{\"name\":\"afogadosfm\",\"@id\":\"https:\\\/\\\/afogadosfm.com.br\\\/afogadosfm\\\/#\\\/schema\\\/person\\\/60e56f2cf5dc960fc093fe093d9e9057\"},\"headline\":\"Acidente com bois deixa animais gravemente feridos na PE-320, em Carna\u00edba\",\"datePublished\":\"2026-04-29T12:39:25+00:00\",\"mainEntityOfPage\":{\"@id\":\"https:\\\/\\\/afogadosfm.com.br\\\/afogadosfm\\\/2026\\\/04\\\/29\\\/acidente-com-bois-deixa-animais-gravemente-feridos-na-pe-320-em-carnaiba\\\/\"},\"wordCount\":284,\"commentCount\":0,\"publisher\":{\"@id\":\"https:\\\/\\\/afogadosfm.com.br\\\/afogadosfm\\\/#organization\"},\"image\":{\"@id\":\"https:\\\/\\\/afogadosfm.com.br\\\/afogadosfm\\\/2026\\\/04\\\/29\\\/acidente-com-bois-deixa-animais-gravemente-feridos-na-pe-320-em-carnaiba\\\/#primaryimage\"},\"thumbnailUrl\":\"https:\\\/\\\/i0.wp.com\\\/afogadosfm.com.br\\\/afogadosfm\\\/wp-content\\\/uploads\\\/2026\\\/04\\\/transito-1536x1153-1.jpeg?fit=1536%2C1153&ssl=1\",\"articleSection\":[\"Sert\u00e3o\"],\"inLanguage\":\"pt-BR\",\"potentialAction\":[{\"@type\":\"CommentAction\",\"name\":\"Comment\",\"target\":[\"https:\\\/\\\/afogadosfm.com.br\\\/afogadosfm\\\/2026\\\/04\\\/29\\\/acidente-com-bois-deixa-animais-gravemente-feridos-na-pe-320-em-carnaiba\\\/#respond\"]}]},{\"@type\":\"WebPage\",\"@id\":\"https:\\\/\\\/afogadosfm.com.br\\\/afogadosfm\\\/2026\\\/04\\\/29\\\/acidente-com-bois-deixa-animais-gravemente-feridos-na-pe-320-em-carnaiba\\\/\",\"url\":\"https:\\\/\\\/afogadosfm.com.br\\\/afogadosfm\\\/2026\\\/04\\\/29\\\/acidente-com-bois-deixa-animais-gravemente-feridos-na-pe-320-em-carnaiba\\\/\",\"name\":\"Acidente com bois deixa animais gravemente feridos na PE-320, em Carna\u00edba - Afogados FM\",\"isPartOf\":{\"@id\":\"https:\\\/\\\/afogadosfm.com.br\\\/afogadosfm\\\/#website\"},\"primaryImageOfPage\":{\"@id\":\"https:\\\/\\\/afogadosfm.com.br\\\/afogadosfm\\\/2026\\\/04\\\/29\\\/acidente-com-bois-deixa-animais-gravemente-feridos-na-pe-320-em-carnaiba\\\/#primaryimage\"},\"image\":{\"@id\":\"https:\\\/\\\/afogadosfm.com.br\\\/afogadosfm\\\/2026\\\/04\\\/29\\\/acidente-com-bois-deixa-animais-gravemente-feridos-na-pe-320-em-carnaiba\\\/#primaryimage\"},\"thumbnailUrl\":\"https:\\\/\\\/i0.wp.com\\\/afogadosfm.com.br\\\/afogadosfm\\\/wp-content\\\/uploads\\\/2026\\\/04\\\/transito-1536x1153-1.jpeg?fit=1536%2C1153&ssl=1\",\"datePublished\":\"2026-04-29T12:39:25+00:00\",\"breadcrumb\":{\"@id\":\"https:\\\/\\\/afogadosfm.com.br\\\/afogadosfm\\\/2026\\\/04\\\/29\\\/acidente-com-bois-deixa-animais-gravemente-feridos-na-pe-320-em-carnaiba\\\/#breadcrumb\"},\"inLanguage\":\"pt-BR\",\"potentialAction\":[{\"@type\":\"ReadAction\",\"target\":[\"https:\\\/\\\/afogadosfm.com.br\\\/afogadosfm\\\/2026\\\/04\\\/29\\\/acidente-com-bois-deixa-animais-gravemente-feridos-na-pe-320-em-carnaiba\\\/\"]}]},{\"@type\":\"ImageObject\",\"inLanguage\":\"pt-BR\",\"@id\":\"https:\\\/\\\/afogadosfm.com.br\\\/afogadosfm\\\/2026\\\/04\\\/29\\\/acidente-com-bois-deixa-animais-gravemente-feridos-na-pe-320-em-carnaiba\\\/#primaryimage\",\"url\":\"https:\\\/\\\/i0.wp.com\\\/afogadosfm.com.br\\\/afogadosfm\\\/wp-content\\\/uploads\\\/2026\\\/04\\\/transito-1536x1153-1.jpeg?fit=1536%2C1153&ssl=1\",\"contentUrl\":\"https:\\\/\\\/i0.wp.com\\\/afogadosfm.com.br\\\/afogadosfm\\\/wp-content\\\/uploads\\\/2026\\\/04\\\/transito-1536x1153-1.jpeg?fit=1536%2C1153&ssl=1\",\"width\":1536,\"height\":1153},{\"@type\":\"BreadcrumbList\",\"@id\":\"https:\\\/\\\/afogadosfm.com.br\\\/afogadosfm\\\/2026\\\/04\\\/29\\\/acidente-com-bois-deixa-animais-gravemente-feridos-na-pe-320-em-carnaiba\\\/#breadcrumb\",\"itemListElement\":[{\"@type\":\"ListItem\",\"position\":1,\"name\":\"In\u00edcio\",\"item\":\"https:\\\/\\\/afogadosfm.com.br\\\/afogadosfm\\\/\"},{\"@type\":\"ListItem\",\"position\":2,\"name\":\"Acidente com bois deixa animais gravemente feridos na PE-320, em Carna\u00edba\"}]},{\"@type\":\"WebSite\",\"@id\":\"https:\\\/\\\/afogadosfm.com.br\\\/afogadosfm\\\/#website\",\"url\":\"https:\\\/\\\/afogadosfm.com.br\\\/afogadosfm\\\/\",\"name\":\"Afogados FM\",\"description\":\"Um site completo!\",\"publisher\":{\"@id\":\"https:\\\/\\\/afogadosfm.com.br\\\/afogadosfm\\\/#organization\"},\"potentialAction\":[{\"@type\":\"SearchAction\",\"target\":{\"@type\":\"EntryPoint\",\"urlTemplate\":\"https:\\\/\\\/afogadosfm.com.br\\\/afogadosfm\\\/?s={search_term_string}\"},\"query-input\":{\"@type\":\"PropertyValueSpecification\",\"valueRequired\":true,\"valueName\":\"search_term_string\"}}],\"inLanguage\":\"pt-BR\"},{\"@type\":\"Organization\",\"@id\":\"https:\\\/\\\/afogadosfm.com.br\\\/afogadosfm\\\/#organization\",\"name\":\"Afogados FM\",\"url\":\"https:\\\/\\\/afogadosfm.com.br\\\/afogadosfm\\\/\",\"logo\":{\"@type\":\"ImageObject\",\"inLanguage\":\"pt-BR\",\"@id\":\"https:\\\/\\\/afogadosfm.com.br\\\/afogadosfm\\\/#\\\/schema\\\/logo\\\/image\\\/\",\"url\":\"https:\\\/\\\/i0.wp.com\\\/afogadosfm.com.br\\\/afogadosfm\\\/wp-content\\\/uploads\\\/2020\\\/06\\\/cropped-banner-afogados-4.jpg?fit=369%2C137&ssl=1\",\"contentUrl\":\"https:\\\/\\\/i0.wp.com\\\/afogadosfm.com.br\\\/afogadosfm\\\/wp-content\\\/uploads\\\/2020\\\/06\\\/cropped-banner-afogados-4.jpg?fit=369%2C137&ssl=1\",\"width\":369,\"height\":137,\"caption\":\"Afogados FM\"},\"image\":{\"@id\":\"https:\\\/\\\/afogadosfm.com.br\\\/afogadosfm\\\/#\\\/schema\\\/logo\\\/image\\\/\"}},{\"@type\":\"Person\",\"@id\":\"https:\\\/\\\/afogadosfm.com.br\\\/afogadosfm\\\/#\\\/schema\\\/person\\\/60e56f2cf5dc960fc093fe093d9e9057\",\"name\":\"afogadosfm\",\"image\":{\"@type\":\"ImageObject\",\"inLanguage\":\"pt-BR\",\"@id\":\"https:\\\/\\\/secure.gravatar.com\\\/avatar\\\/e0359add7ed5dc3560906d861b52c6a8cf5c1e199d3a7dd85070998f49bd4701?s=96&d=mm&r=g\",\"url\":\"https:\\\/\\\/secure.gravatar.com\\\/avatar\\\/e0359add7ed5dc3560906d861b52c6a8cf5c1e199d3a7dd85070998f49bd4701?s=96&d=mm&r=g\",\"contentUrl\":\"https:\\\/\\\/secure.gravatar.com\\\/avatar\\\/e0359add7ed5dc3560906d861b52c6a8cf5c1e199d3a7dd85070998f49bd4701?s=96&d=mm&r=g\",\"caption\":\"afogadosfm\"},\"url\":\"https:\\\/\\\/afogadosfm.com.br\\\/afogadosfm\\\/author\\\/afogadosfm\\\/\"}]}<\/script>\n<!-- \/ Yoast SEO plugin. -->","yoast_head_json":{"title":"Acidente com bois deixa animais gravemente feridos na PE-320, em Carna\u00edba - Afogados FM","robots":{"index":"index","follow":"follow","max-snippet":"max-snippet:-1","max-image-preview":"max-image-preview:large","max-video-preview":"max-video-preview:-1"},"canonical":"https:\/\/afogadosfm.com.br\/afogadosfm\/2026\/04\/29\/acidente-com-bois-deixa-animais-gravemente-feridos-na-pe-320-em-carnaiba\/","og_locale":"pt_BR","og_type":"article","og_title":"Acidente com bois deixa animais gravemente feridos na PE-320, em Carna\u00edba - Afogados FM","og_description":"Um acidente envolvendo um veiculo e dois bois foi registrado no in\u00edcio da noite desta ter\u00e7a-feira (28), por volta das","og_url":"https:\/\/afogadosfm.com.br\/afogadosfm\/2026\/04\/29\/acidente-com-bois-deixa-animais-gravemente-feridos-na-pe-320-em-carnaiba\/","og_site_name":"Afogados FM","article_published_time":"2026-04-29T12:39:25+00:00","og_image":[{"width":1536,"height":1153,"url":"https:\/\/afogadosfm.com.br\/afogadosfm\/wp-content\/uploads\/2026\/04\/transito-1536x1153-1.jpeg","type":"image\/jpeg"}],"author":"afogadosfm","twitter_card":"summary_large_image","twitter_misc":{"Escrito por":"afogadosfm","Est. tempo de leitura":"2 minutos"},"schema":{"@context":"https:\/\/schema.org","@graph":[{"@type":"Article","@id":"https:\/\/afogadosfm.com.br\/afogadosfm\/2026\/04\/29\/acidente-com-bois-deixa-animais-gravemente-feridos-na-pe-320-em-carnaiba\/#article","isPartOf":{"@id":"https:\/\/afogadosfm.com.br\/afogadosfm\/2026\/04\/29\/acidente-com-bois-deixa-animais-gravemente-feridos-na-pe-320-em-carnaiba\/"},"author":{"name":"afogadosfm","@id":"https:\/\/afogadosfm.com.br\/afogadosfm\/#\/schema\/person\/60e56f2cf5dc960fc093fe093d9e9057"},"headline":"Acidente com bois deixa animais gravemente feridos na PE-320, em Carna\u00edba","datePublished":"2026-04-29T12:39:25+00:00","mainEntityOfPage":{"@id":"https:\/\/afogadosfm.com.br\/afogadosfm\/2026\/04\/29\/acidente-com-bois-deixa-animais-gravemente-feridos-na-pe-320-em-carnaiba\/"},"wordCount":284,"commentCount":0,"publisher":{"@id":"https:\/\/afogadosfm.com.br\/afogadosfm\/#organization"},"image":{"@id":"https:\/\/afogadosfm.com.br\/afogadosfm\/2026\/04\/29\/acidente-com-bois-deixa-animais-gravemente-feridos-na-pe-320-em-carnaiba\/#primaryimage"},"thumbnailUrl":"https:\/\/i0.wp.com\/afogadosfm.com.br\/afogadosfm\/wp-content\/uploads\/2026\/04\/transito-1536x1153-1.jpeg?fit=1536%2C1153&ssl=1","articleSection":["Sert\u00e3o"],"inLanguage":"pt-BR","potentialAction":[{"@type":"CommentAction","name":"Comment","target":["https:\/\/afogadosfm.com.br\/afogadosfm\/2026\/04\/29\/acidente-com-bois-deixa-animais-gravemente-feridos-na-pe-320-em-carnaiba\/#respond"]}]},{"@type":"WebPage","@id":"https:\/\/afogadosfm.com.br\/afogadosfm\/2026\/04\/29\/acidente-com-bois-deixa-animais-gravemente-feridos-na-pe-320-em-carnaiba\/","url":"https:\/\/afogadosfm.com.br\/afogadosfm\/2026\/04\/29\/acidente-com-bois-deixa-animais-gravemente-feridos-na-pe-320-em-carnaiba\/","name":"Acidente com bois deixa animais gravemente feridos na PE-320, em Carna\u00edba - Afogados FM","isPartOf":{"@id":"https:\/\/afogadosfm.com.br\/afogadosfm\/#website"},"primaryImageOfPage":{"@id":"https:\/\/afogadosfm.com.br\/afogadosfm\/2026\/04\/29\/acidente-com-bois-deixa-animais-gravemente-feridos-na-pe-320-em-carnaiba\/#primaryimage"},"image":{"@id":"https:\/\/afogadosfm.com.br\/afogadosfm\/2026\/04\/29\/acidente-com-bois-deixa-animais-gravemente-feridos-na-pe-320-em-carnaiba\/#primaryimage"},"thumbnailUrl":"https:\/\/i0.wp.com\/afogadosfm.com.br\/afogadosfm\/wp-content\/uploads\/2026\/04\/transito-1536x1153-1.jpeg?fit=1536%2C1153&ssl=1","datePublished":"2026-04-29T12:39:25+00:00","breadcrumb":{"@id":"https:\/\/afogadosfm.com.br\/afogadosfm\/2026\/04\/29\/acidente-com-bois-deixa-animais-gravemente-feridos-na-pe-320-em-carnaiba\/#breadcrumb"},"inLanguage":"pt-BR","potentialAction":[{"@type":"ReadAction","target":["https:\/\/afogadosfm.com.br\/afogadosfm\/2026\/04\/29\/acidente-com-bois-deixa-animais-gravemente-feridos-na-pe-320-em-carnaiba\/"]}]},{"@type":"ImageObject","inLanguage":"pt-BR","@id":"https:\/\/afogadosfm.com.br\/afogadosfm\/2026\/04\/29\/acidente-com-bois-deixa-animais-gravemente-feridos-na-pe-320-em-carnaiba\/#primaryimage","url":"https:\/\/i0.wp.com\/afogadosfm.com.br\/afogadosfm\/wp-content\/uploads\/2026\/04\/transito-1536x1153-1.jpeg?fit=1536%2C1153&ssl=1","contentUrl":"https:\/\/i0.wp.com\/afogadosfm.com.br\/afogadosfm\/wp-content\/uploads\/2026\/04\/transito-1536x1153-1.jpeg?fit=1536%2C1153&ssl=1","width":1536,"height":1153},{"@type":"BreadcrumbList","@id":"https:\/\/afogadosfm.com.br\/afogadosfm\/2026\/04\/29\/acidente-com-bois-deixa-animais-gravemente-feridos-na-pe-320-em-carnaiba\/#breadcrumb","itemListElement":[{"@type":"ListItem","position":1,"name":"In\u00edcio","item":"https:\/\/afogadosfm.com.br\/afogadosfm\/"},{"@type":"ListItem","position":2,"name":"Acidente com bois deixa animais gravemente feridos na PE-320, em Carna\u00edba"}]},{"@type":"WebSite","@id":"https:\/\/afogadosfm.com.br\/afogadosfm\/#website","url":"https:\/\/afogadosfm.com.br\/afogadosfm\/","name":"Afogados FM","description":"Um site completo!","publisher":{"@id":"https:\/\/afogadosfm.com.br\/afogadosfm\/#organization"},"potentialAction":[{"@type":"SearchAction","target":{"@type":"EntryPoint","urlTemplate":"https:\/\/afogadosfm.com.br\/afogadosfm\/?s={search_term_string}"},"query-input":{"@type":"PropertyValueSpecification","valueRequired":true,"valueName":"search_term_string"}}],"inLanguage":"pt-BR"},{"@type":"Organization","@id":"https:\/\/afogadosfm.com.br\/afogadosfm\/#organization","name":"Afogados FM","url":"https:\/\/afogadosfm.com.br\/afogadosfm\/","logo":{"@type":"ImageObject","inLanguage":"pt-BR","@id":"https:\/\/afogadosfm.com.br\/afogadosfm\/#\/schema\/logo\/image\/","url":"https:\/\/i0.wp.com\/afogadosfm.com.br\/afogadosfm\/wp-content\/uploads\/2020\/06\/cropped-banner-afogados-4.jpg?fit=369%2C137&ssl=1","contentUrl":"https:\/\/i0.wp.com\/afogadosfm.com.br\/afogadosfm\/wp-content\/uploads\/2020\/06\/cropped-banner-afogados-4.jpg?fit=369%2C137&ssl=1","width":369,"height":137,"caption":"Afogados FM"},"image":{"@id":"https:\/\/afogadosfm.com.br\/afogadosfm\/#\/schema\/logo\/image\/"}},{"@type":"Person","@id":"https:\/\/afogadosfm.com.br\/afogadosfm\/#\/schema\/person\/60e56f2cf5dc960fc093fe093d9e9057","name":"afogadosfm","image":{"@type":"ImageObject","inLanguage":"pt-BR","@id":"https:\/\/secure.gravatar.com\/avatar\/e0359add7ed5dc3560906d861b52c6a8cf5c1e199d3a7dd85070998f49bd4701?s=96&d=mm&r=g","url":"https:\/\/secure.gravatar.com\/avatar\/e0359add7ed5dc3560906d861b52c6a8cf5c1e199d3a7dd85070998f49bd4701?s=96&d=mm&r=g","contentUrl":"https:\/\/secure.gravatar.com\/avatar\/e0359add7ed5dc3560906d861b52c6a8cf5c1e199d3a7dd85070998f49bd4701?s=96&d=mm&r=g","caption":"afogadosfm"},"url":"https:\/\/afogadosfm.com.br\/afogadosfm\/author\/afogadosfm\/"}]}},"jetpack_publicize_connections":[],"jetpack_featured_media_url":"https:\/\/i0.wp.com\/afogadosfm.com.br\/afogadosfm\/wp-content\/uploads\/2026\/04\/transito-1536x1153-1.jpeg?fit=1536%2C1153&ssl=1","jetpack-related-posts":[],"jetpack_sharing_enabled":true,"jetpack_likes_enabled":true,"_links":{"self":[{"href":"https:\/\/afogadosfm.com.br\/afogadosfm\/wp-json\/wp\/v2\/posts\/74035","targetHints":{"allow":["GET"]}}],"collection":[{"href":"https:\/\/afogadosfm.com.br\/afogadosfm\/wp-json\/wp\/v2\/posts"}],"about":[{"href":"https:\/\/afogadosfm.com.br\/afogadosfm\/wp-json\/wp\/v2\/types\/post"}],"author":[{"embeddable":true,"href":"https:\/\/afogadosfm.com.br\/afogadosfm\/wp-json\/wp\/v2\/users\/2"}],"replies":[{"embeddable":true,"href":"https:\/\/afogadosfm.com.br\/afogadosfm\/wp-json\/wp\/v2\/comments?post=74035"}],"version-history":[{"count":1,"href":"https:\/\/afogadosfm.com.br\/afogadosfm\/wp-json\/wp\/v2\/posts\/74035\/revisions"}],"predecessor-version":[{"id":74037,"href":"https:\/\/afogadosfm.com.br\/afogadosfm\/wp-json\/wp\/v2\/posts\/74035\/revisions\/74037"}],"wp:featuredmedia":[{"embeddable":true,"href":"https:\/\/afogadosfm.com.br\/afogadosfm\/wp-json\/wp\/v2\/media\/74036"}],"wp:attachment":[{"href":"https:\/\/afogadosfm.com.br\/afogadosfm\/wp-json\/wp\/v2\/media?parent=74035"}],"wp:term":[{"taxonomy":"category","embeddable":true,"href":"https:\/\/afogadosfm.com.br\/afogadosfm\/wp-json\/wp\/v2\/categories?post=74035"},{"taxonomy":"post_tag","embeddable":true,"href":"https:\/\/afogadosfm.com.br\/afogadosfm\/wp-json\/wp\/v2\/tags?post=74035"}],"curies":[{"name":"wp","href":"https:\/\/api.w.org\/{rel}","templated":true}]}}