{"id":74040,"date":"2026-04-30T05:57:55","date_gmt":"2026-04-30T08:57:55","guid":{"rendered":"https:\/\/afogadosfm.com.br\/afogadosfm\/?p=74040"},"modified":"2026-04-30T05:57:55","modified_gmt":"2026-04-30T08:57:55","slug":"prf-reforca-policiamento-nas-rodovias-com-a-operacao-dia-do-trabalho","status":"publish","type":"post","link":"https:\/\/afogadosfm.com.br\/afogadosfm\/2026\/04\/30\/prf-reforca-policiamento-nas-rodovias-com-a-operacao-dia-do-trabalho\/","title":{"rendered":"PRF refor\u00e7a policiamento nas rodovias com a Opera\u00e7\u00e3o Dia do Trabalho"},"content":{"rendered":"<p>A Pol\u00edcia Rodovi\u00e1ria Federal inicia, nesta quinta-feira, a Opera\u00e7\u00e3o Dia do Trabalho em todo o pa\u00eds. A a\u00e7\u00e3o segue at\u00e9 domingo, com refor\u00e7o na fiscaliza\u00e7\u00e3o e no policiamento das rodovias federais, diante do aumento no fluxo de ve\u00edculos durante o feriado prolongado.<img data-recalc-dims=\"1\" decoding=\"async\" src=\"https:\/\/i0.wp.com\/agenciabrasil.ebc.com.br\/ebc.png?w=840&#038;ssl=1\" \/><img data-recalc-dims=\"1\" decoding=\"async\" src=\"https:\/\/i0.wp.com\/agenciabrasil.ebc.com.br\/ebc.gif?w=840&#038;ssl=1\" \/><\/p>\n<p>O foco principal \u00e9 a preven\u00e7\u00e3o de colis\u00f5es traseiras, o tipo de acidente mais frequente nas estradas. Somente nos tr\u00eas primeiros meses de 2026, foram registrados 17.500\u00a0sinistros, sendo 3.300\u00a0desse tipo \u2014 um aumento de pouco mais de 3% em rela\u00e7\u00e3o ao mesmo per\u00edodo do ano passado. Como explica o coordenador-geral de Gest\u00e3o Operacional da PRF, St\u00eanio Pires.<\/p>\n<blockquote><p>\u201c\u00c9 o tipo de acidente que mais ocorre ao longo das rodovias federais, apesar de n\u00e3o ser o que mais ocasiona mortes. Mas mesmo assim, ainda assim, muitas v\u00edtimas com les\u00f5es graves e mortos ocorrem nesse tipo de acidente, que ocorre principalmente nos trechos urbanos e \u00e9 ocasionado pela falta de dist\u00e2ncia entre o ve\u00edculo, da frente e o ve\u00edculo que est\u00e1 transitando atr\u00e1s.\u201d<\/p><\/blockquote>\n<p>A PRF destaca que entre as principais causas dos acidentes est\u00e3o a desaten\u00e7\u00e3o ao volante, o excesso de velocidade e a falta de dist\u00e2ncia segura entre ve\u00edculos. Essa \u00faltima infra\u00e7\u00e3o teve crescimento expressivo: mais de 14 mil motoristas foram autuados no primeiro trimestre, alta de 91% na compara\u00e7\u00e3o anual.<\/p>\n<p>Os estados das regi\u00f5es Sul e Sudeste concentram o maior n\u00famero de registros. Santa Catarina lidera tanto em colis\u00f5es traseiras quanto em autua\u00e7\u00f5es por falta de dist\u00e2ncia segura. Minas Gerais e Paran\u00e1 aparecem na sequ\u00eancia.<\/p>\n<p>Para reduzir riscos, a corpora\u00e7\u00e3o recomenda a chamada \u201cRegra dos 3 Ds\u201d: dist\u00e2ncia, dire\u00e7\u00e3o defensiva e diminui\u00e7\u00e3o da velocidade. Antes de pegar a estrada, a orienta\u00e7\u00e3o \u00e9 revisar o ve\u00edculo, descansar, verificar as condi\u00e7\u00f5es da rodovia e do clima, al\u00e9m de n\u00e3o consumir \u00e1lcool. O uso do cinto de seguran\u00e7a, a aten\u00e7\u00e3o ao volante e o respeito \u00e0s regras de tr\u00e2nsito seguem como fatores decisivos para uma viagem segura.<\/p>\n","protected":false},"excerpt":{"rendered":"<p>A Pol\u00edcia Rodovi\u00e1ria Federal inicia, nesta quinta-feira, a Opera\u00e7\u00e3o Dia do Trabalho em todo o pa\u00eds. A a\u00e7\u00e3o segue at\u00e9<\/p>\n","protected":false},"author":2,"featured_media":1925,"comment_status":"open","ping_status":"open","sticky":false,"template":"","format":"standard","meta":{"jetpack_post_was_ever_published":false,"_jetpack_newsletter_access":"","_jetpack_dont_email_post_to_subs":false,"_jetpack_newsletter_tier_id":0,"_jetpack_memberships_contains_paywalled_content":false,"_jetpack_memberships_contains_paid_content":false,"footnotes":"","jetpack_publicize_message":"","jetpack_publicize_feature_enabled":true,"jetpack_social_post_already_shared":true,"jetpack_social_options":{"image_generator_settings":{"template":"highway","default_image_id":0,"font":"","enabled":false},"version":2}},"categories":[12],"tags":[],"class_list":["post-74040","post","type-post","status-publish","format-standard","has-post-thumbnail","hentry","category-brasil"],"yoast_head":"<!-- This site is optimized with the Yoast SEO plugin v27.5 - https:\/\/yoast.com\/product\/yoast-seo-wordpress\/ -->\n<title>PRF refor\u00e7a policiamento nas rodovias com a Opera\u00e7\u00e3o Dia do Trabalho - Afogados FM<\/title>\n<meta name=\"robots\" content=\"index, follow, max-snippet:-1, max-image-preview:large, max-video-preview:-1\" \/>\n<link rel=\"canonical\" href=\"https:\/\/afogadosfm.com.br\/afogadosfm\/2026\/04\/30\/prf-reforca-policiamento-nas-rodovias-com-a-operacao-dia-do-trabalho\/\" \/>\n<meta property=\"og:locale\" content=\"pt_BR\" \/>\n<meta property=\"og:type\" content=\"article\" \/>\n<meta property=\"og:title\" content=\"PRF refor\u00e7a policiamento nas rodovias com a Opera\u00e7\u00e3o Dia do Trabalho - Afogados FM\" \/>\n<meta property=\"og:description\" content=\"A Pol\u00edcia Rodovi\u00e1ria Federal inicia, nesta quinta-feira, a Opera\u00e7\u00e3o Dia do Trabalho em todo o pa\u00eds. A a\u00e7\u00e3o segue at\u00e9\" \/>\n<meta property=\"og:url\" content=\"https:\/\/afogadosfm.com.br\/afogadosfm\/2026\/04\/30\/prf-reforca-policiamento-nas-rodovias-com-a-operacao-dia-do-trabalho\/\" \/>\n<meta property=\"og:site_name\" content=\"Afogados FM\" \/>\n<meta property=\"article:published_time\" content=\"2026-04-30T08:57:55+00:00\" \/>\n<meta property=\"og:image\" content=\"https:\/\/afogadosfm.com.br\/afogadosfm\/wp-content\/uploads\/2018\/01\/prf.jpg\" \/>\n\t<meta property=\"og:image:width\" content=\"221\" \/>\n\t<meta property=\"og:image:height\" content=\"165\" \/>\n\t<meta property=\"og:image:type\" content=\"image\/jpeg\" \/>\n<meta name=\"author\" content=\"afogadosfm\" \/>\n<meta name=\"twitter:card\" content=\"summary_large_image\" \/>\n<meta name=\"twitter:label1\" content=\"Escrito por\" \/>\n\t<meta name=\"twitter:data1\" content=\"afogadosfm\" \/>\n\t<meta name=\"twitter:label2\" content=\"Est. tempo de leitura\" \/>\n\t<meta name=\"twitter:data2\" content=\"2 minutos\" \/>\n<script type=\"application\/ld+json\" class=\"yoast-schema-graph\">{\"@context\":\"https:\\\/\\\/schema.org\",\"@graph\":[{\"@type\":\"Article\",\"@id\":\"https:\\\/\\\/afogadosfm.com.br\\\/afogadosfm\\\/2026\\\/04\\\/30\\\/prf-reforca-policiamento-nas-rodovias-com-a-operacao-dia-do-trabalho\\\/#article\",\"isPartOf\":{\"@id\":\"https:\\\/\\\/afogadosfm.com.br\\\/afogadosfm\\\/2026\\\/04\\\/30\\\/prf-reforca-policiamento-nas-rodovias-com-a-operacao-dia-do-trabalho\\\/\"},\"author\":{\"name\":\"afogadosfm\",\"@id\":\"https:\\\/\\\/afogadosfm.com.br\\\/afogadosfm\\\/#\\\/schema\\\/person\\\/60e56f2cf5dc960fc093fe093d9e9057\"},\"headline\":\"PRF refor\u00e7a policiamento nas rodovias com a Opera\u00e7\u00e3o Dia do Trabalho\",\"datePublished\":\"2026-04-30T08:57:55+00:00\",\"mainEntityOfPage\":{\"@id\":\"https:\\\/\\\/afogadosfm.com.br\\\/afogadosfm\\\/2026\\\/04\\\/30\\\/prf-reforca-policiamento-nas-rodovias-com-a-operacao-dia-do-trabalho\\\/\"},\"wordCount\":365,\"commentCount\":0,\"publisher\":{\"@id\":\"https:\\\/\\\/afogadosfm.com.br\\\/afogadosfm\\\/#organization\"},\"image\":{\"@id\":\"https:\\\/\\\/afogadosfm.com.br\\\/afogadosfm\\\/2026\\\/04\\\/30\\\/prf-reforca-policiamento-nas-rodovias-com-a-operacao-dia-do-trabalho\\\/#primaryimage\"},\"thumbnailUrl\":\"https:\\\/\\\/i0.wp.com\\\/afogadosfm.com.br\\\/afogadosfm\\\/wp-content\\\/uploads\\\/2018\\\/01\\\/prf.jpg?fit=221%2C165&ssl=1\",\"articleSection\":[\"Brasil\"],\"inLanguage\":\"pt-BR\",\"potentialAction\":[{\"@type\":\"CommentAction\",\"name\":\"Comment\",\"target\":[\"https:\\\/\\\/afogadosfm.com.br\\\/afogadosfm\\\/2026\\\/04\\\/30\\\/prf-reforca-policiamento-nas-rodovias-com-a-operacao-dia-do-trabalho\\\/#respond\"]}]},{\"@type\":\"WebPage\",\"@id\":\"https:\\\/\\\/afogadosfm.com.br\\\/afogadosfm\\\/2026\\\/04\\\/30\\\/prf-reforca-policiamento-nas-rodovias-com-a-operacao-dia-do-trabalho\\\/\",\"url\":\"https:\\\/\\\/afogadosfm.com.br\\\/afogadosfm\\\/2026\\\/04\\\/30\\\/prf-reforca-policiamento-nas-rodovias-com-a-operacao-dia-do-trabalho\\\/\",\"name\":\"PRF refor\u00e7a policiamento nas rodovias com a Opera\u00e7\u00e3o Dia do Trabalho - Afogados FM\",\"isPartOf\":{\"@id\":\"https:\\\/\\\/afogadosfm.com.br\\\/afogadosfm\\\/#website\"},\"primaryImageOfPage\":{\"@id\":\"https:\\\/\\\/afogadosfm.com.br\\\/afogadosfm\\\/2026\\\/04\\\/30\\\/prf-reforca-policiamento-nas-rodovias-com-a-operacao-dia-do-trabalho\\\/#primaryimage\"},\"image\":{\"@id\":\"https:\\\/\\\/afogadosfm.com.br\\\/afogadosfm\\\/2026\\\/04\\\/30\\\/prf-reforca-policiamento-nas-rodovias-com-a-operacao-dia-do-trabalho\\\/#primaryimage\"},\"thumbnailUrl\":\"https:\\\/\\\/i0.wp.com\\\/afogadosfm.com.br\\\/afogadosfm\\\/wp-content\\\/uploads\\\/2018\\\/01\\\/prf.jpg?fit=221%2C165&ssl=1\",\"datePublished\":\"2026-04-30T08:57:55+00:00\",\"breadcrumb\":{\"@id\":\"https:\\\/\\\/afogadosfm.com.br\\\/afogadosfm\\\/2026\\\/04\\\/30\\\/prf-reforca-policiamento-nas-rodovias-com-a-operacao-dia-do-trabalho\\\/#breadcrumb\"},\"inLanguage\":\"pt-BR\",\"potentialAction\":[{\"@type\":\"ReadAction\",\"target\":[\"https:\\\/\\\/afogadosfm.com.br\\\/afogadosfm\\\/2026\\\/04\\\/30\\\/prf-reforca-policiamento-nas-rodovias-com-a-operacao-dia-do-trabalho\\\/\"]}]},{\"@type\":\"ImageObject\",\"inLanguage\":\"pt-BR\",\"@id\":\"https:\\\/\\\/afogadosfm.com.br\\\/afogadosfm\\\/2026\\\/04\\\/30\\\/prf-reforca-policiamento-nas-rodovias-com-a-operacao-dia-do-trabalho\\\/#primaryimage\",\"url\":\"https:\\\/\\\/i0.wp.com\\\/afogadosfm.com.br\\\/afogadosfm\\\/wp-content\\\/uploads\\\/2018\\\/01\\\/prf.jpg?fit=221%2C165&ssl=1\",\"contentUrl\":\"https:\\\/\\\/i0.wp.com\\\/afogadosfm.com.br\\\/afogadosfm\\\/wp-content\\\/uploads\\\/2018\\\/01\\\/prf.jpg?fit=221%2C165&ssl=1\",\"width\":221,\"height\":165},{\"@type\":\"BreadcrumbList\",\"@id\":\"https:\\\/\\\/afogadosfm.com.br\\\/afogadosfm\\\/2026\\\/04\\\/30\\\/prf-reforca-policiamento-nas-rodovias-com-a-operacao-dia-do-trabalho\\\/#breadcrumb\",\"itemListElement\":[{\"@type\":\"ListItem\",\"position\":1,\"name\":\"In\u00edcio\",\"item\":\"https:\\\/\\\/afogadosfm.com.br\\\/afogadosfm\\\/\"},{\"@type\":\"ListItem\",\"position\":2,\"name\":\"PRF refor\u00e7a policiamento nas rodovias com a Opera\u00e7\u00e3o Dia do Trabalho\"}]},{\"@type\":\"WebSite\",\"@id\":\"https:\\\/\\\/afogadosfm.com.br\\\/afogadosfm\\\/#website\",\"url\":\"https:\\\/\\\/afogadosfm.com.br\\\/afogadosfm\\\/\",\"name\":\"Afogados FM\",\"description\":\"Um site completo!\",\"publisher\":{\"@id\":\"https:\\\/\\\/afogadosfm.com.br\\\/afogadosfm\\\/#organization\"},\"potentialAction\":[{\"@type\":\"SearchAction\",\"target\":{\"@type\":\"EntryPoint\",\"urlTemplate\":\"https:\\\/\\\/afogadosfm.com.br\\\/afogadosfm\\\/?s={search_term_string}\"},\"query-input\":{\"@type\":\"PropertyValueSpecification\",\"valueRequired\":true,\"valueName\":\"search_term_string\"}}],\"inLanguage\":\"pt-BR\"},{\"@type\":\"Organization\",\"@id\":\"https:\\\/\\\/afogadosfm.com.br\\\/afogadosfm\\\/#organization\",\"name\":\"Afogados FM\",\"url\":\"https:\\\/\\\/afogadosfm.com.br\\\/afogadosfm\\\/\",\"logo\":{\"@type\":\"ImageObject\",\"inLanguage\":\"pt-BR\",\"@id\":\"https:\\\/\\\/afogadosfm.com.br\\\/afogadosfm\\\/#\\\/schema\\\/logo\\\/image\\\/\",\"url\":\"https:\\\/\\\/i0.wp.com\\\/afogadosfm.com.br\\\/afogadosfm\\\/wp-content\\\/uploads\\\/2020\\\/06\\\/cropped-banner-afogados-4.jpg?fit=369%2C137&ssl=1\",\"contentUrl\":\"https:\\\/\\\/i0.wp.com\\\/afogadosfm.com.br\\\/afogadosfm\\\/wp-content\\\/uploads\\\/2020\\\/06\\\/cropped-banner-afogados-4.jpg?fit=369%2C137&ssl=1\",\"width\":369,\"height\":137,\"caption\":\"Afogados FM\"},\"image\":{\"@id\":\"https:\\\/\\\/afogadosfm.com.br\\\/afogadosfm\\\/#\\\/schema\\\/logo\\\/image\\\/\"}},{\"@type\":\"Person\",\"@id\":\"https:\\\/\\\/afogadosfm.com.br\\\/afogadosfm\\\/#\\\/schema\\\/person\\\/60e56f2cf5dc960fc093fe093d9e9057\",\"name\":\"afogadosfm\",\"image\":{\"@type\":\"ImageObject\",\"inLanguage\":\"pt-BR\",\"@id\":\"https:\\\/\\\/secure.gravatar.com\\\/avatar\\\/e0359add7ed5dc3560906d861b52c6a8cf5c1e199d3a7dd85070998f49bd4701?s=96&d=mm&r=g\",\"url\":\"https:\\\/\\\/secure.gravatar.com\\\/avatar\\\/e0359add7ed5dc3560906d861b52c6a8cf5c1e199d3a7dd85070998f49bd4701?s=96&d=mm&r=g\",\"contentUrl\":\"https:\\\/\\\/secure.gravatar.com\\\/avatar\\\/e0359add7ed5dc3560906d861b52c6a8cf5c1e199d3a7dd85070998f49bd4701?s=96&d=mm&r=g\",\"caption\":\"afogadosfm\"},\"url\":\"https:\\\/\\\/afogadosfm.com.br\\\/afogadosfm\\\/author\\\/afogadosfm\\\/\"}]}<\/script>\n<!-- \/ Yoast SEO plugin. -->","yoast_head_json":{"title":"PRF refor\u00e7a policiamento nas rodovias com a Opera\u00e7\u00e3o Dia do Trabalho - Afogados FM","robots":{"index":"index","follow":"follow","max-snippet":"max-snippet:-1","max-image-preview":"max-image-preview:large","max-video-preview":"max-video-preview:-1"},"canonical":"https:\/\/afogadosfm.com.br\/afogadosfm\/2026\/04\/30\/prf-reforca-policiamento-nas-rodovias-com-a-operacao-dia-do-trabalho\/","og_locale":"pt_BR","og_type":"article","og_title":"PRF refor\u00e7a policiamento nas rodovias com a Opera\u00e7\u00e3o Dia do Trabalho - Afogados FM","og_description":"A Pol\u00edcia Rodovi\u00e1ria Federal inicia, nesta quinta-feira, a Opera\u00e7\u00e3o Dia do Trabalho em todo o pa\u00eds. A a\u00e7\u00e3o segue at\u00e9","og_url":"https:\/\/afogadosfm.com.br\/afogadosfm\/2026\/04\/30\/prf-reforca-policiamento-nas-rodovias-com-a-operacao-dia-do-trabalho\/","og_site_name":"Afogados FM","article_published_time":"2026-04-30T08:57:55+00:00","og_image":[{"width":221,"height":165,"url":"https:\/\/afogadosfm.com.br\/afogadosfm\/wp-content\/uploads\/2018\/01\/prf.jpg","type":"image\/jpeg"}],"author":"afogadosfm","twitter_card":"summary_large_image","twitter_misc":{"Escrito por":"afogadosfm","Est. tempo de leitura":"2 minutos"},"schema":{"@context":"https:\/\/schema.org","@graph":[{"@type":"Article","@id":"https:\/\/afogadosfm.com.br\/afogadosfm\/2026\/04\/30\/prf-reforca-policiamento-nas-rodovias-com-a-operacao-dia-do-trabalho\/#article","isPartOf":{"@id":"https:\/\/afogadosfm.com.br\/afogadosfm\/2026\/04\/30\/prf-reforca-policiamento-nas-rodovias-com-a-operacao-dia-do-trabalho\/"},"author":{"name":"afogadosfm","@id":"https:\/\/afogadosfm.com.br\/afogadosfm\/#\/schema\/person\/60e56f2cf5dc960fc093fe093d9e9057"},"headline":"PRF refor\u00e7a policiamento nas rodovias com a Opera\u00e7\u00e3o Dia do Trabalho","datePublished":"2026-04-30T08:57:55+00:00","mainEntityOfPage":{"@id":"https:\/\/afogadosfm.com.br\/afogadosfm\/2026\/04\/30\/prf-reforca-policiamento-nas-rodovias-com-a-operacao-dia-do-trabalho\/"},"wordCount":365,"commentCount":0,"publisher":{"@id":"https:\/\/afogadosfm.com.br\/afogadosfm\/#organization"},"image":{"@id":"https:\/\/afogadosfm.com.br\/afogadosfm\/2026\/04\/30\/prf-reforca-policiamento-nas-rodovias-com-a-operacao-dia-do-trabalho\/#primaryimage"},"thumbnailUrl":"https:\/\/i0.wp.com\/afogadosfm.com.br\/afogadosfm\/wp-content\/uploads\/2018\/01\/prf.jpg?fit=221%2C165&ssl=1","articleSection":["Brasil"],"inLanguage":"pt-BR","potentialAction":[{"@type":"CommentAction","name":"Comment","target":["https:\/\/afogadosfm.com.br\/afogadosfm\/2026\/04\/30\/prf-reforca-policiamento-nas-rodovias-com-a-operacao-dia-do-trabalho\/#respond"]}]},{"@type":"WebPage","@id":"https:\/\/afogadosfm.com.br\/afogadosfm\/2026\/04\/30\/prf-reforca-policiamento-nas-rodovias-com-a-operacao-dia-do-trabalho\/","url":"https:\/\/afogadosfm.com.br\/afogadosfm\/2026\/04\/30\/prf-reforca-policiamento-nas-rodovias-com-a-operacao-dia-do-trabalho\/","name":"PRF refor\u00e7a policiamento nas rodovias com a Opera\u00e7\u00e3o Dia do Trabalho - Afogados FM","isPartOf":{"@id":"https:\/\/afogadosfm.com.br\/afogadosfm\/#website"},"primaryImageOfPage":{"@id":"https:\/\/afogadosfm.com.br\/afogadosfm\/2026\/04\/30\/prf-reforca-policiamento-nas-rodovias-com-a-operacao-dia-do-trabalho\/#primaryimage"},"image":{"@id":"https:\/\/afogadosfm.com.br\/afogadosfm\/2026\/04\/30\/prf-reforca-policiamento-nas-rodovias-com-a-operacao-dia-do-trabalho\/#primaryimage"},"thumbnailUrl":"https:\/\/i0.wp.com\/afogadosfm.com.br\/afogadosfm\/wp-content\/uploads\/2018\/01\/prf.jpg?fit=221%2C165&ssl=1","datePublished":"2026-04-30T08:57:55+00:00","breadcrumb":{"@id":"https:\/\/afogadosfm.com.br\/afogadosfm\/2026\/04\/30\/prf-reforca-policiamento-nas-rodovias-com-a-operacao-dia-do-trabalho\/#breadcrumb"},"inLanguage":"pt-BR","potentialAction":[{"@type":"ReadAction","target":["https:\/\/afogadosfm.com.br\/afogadosfm\/2026\/04\/30\/prf-reforca-policiamento-nas-rodovias-com-a-operacao-dia-do-trabalho\/"]}]},{"@type":"ImageObject","inLanguage":"pt-BR","@id":"https:\/\/afogadosfm.com.br\/afogadosfm\/2026\/04\/30\/prf-reforca-policiamento-nas-rodovias-com-a-operacao-dia-do-trabalho\/#primaryimage","url":"https:\/\/i0.wp.com\/afogadosfm.com.br\/afogadosfm\/wp-content\/uploads\/2018\/01\/prf.jpg?fit=221%2C165&ssl=1","contentUrl":"https:\/\/i0.wp.com\/afogadosfm.com.br\/afogadosfm\/wp-content\/uploads\/2018\/01\/prf.jpg?fit=221%2C165&ssl=1","width":221,"height":165},{"@type":"BreadcrumbList","@id":"https:\/\/afogadosfm.com.br\/afogadosfm\/2026\/04\/30\/prf-reforca-policiamento-nas-rodovias-com-a-operacao-dia-do-trabalho\/#breadcrumb","itemListElement":[{"@type":"ListItem","position":1,"name":"In\u00edcio","item":"https:\/\/afogadosfm.com.br\/afogadosfm\/"},{"@type":"ListItem","position":2,"name":"PRF refor\u00e7a policiamento nas rodovias com a Opera\u00e7\u00e3o Dia do Trabalho"}]},{"@type":"WebSite","@id":"https:\/\/afogadosfm.com.br\/afogadosfm\/#website","url":"https:\/\/afogadosfm.com.br\/afogadosfm\/","name":"Afogados FM","description":"Um site completo!","publisher":{"@id":"https:\/\/afogadosfm.com.br\/afogadosfm\/#organization"},"potentialAction":[{"@type":"SearchAction","target":{"@type":"EntryPoint","urlTemplate":"https:\/\/afogadosfm.com.br\/afogadosfm\/?s={search_term_string}"},"query-input":{"@type":"PropertyValueSpecification","valueRequired":true,"valueName":"search_term_string"}}],"inLanguage":"pt-BR"},{"@type":"Organization","@id":"https:\/\/afogadosfm.com.br\/afogadosfm\/#organization","name":"Afogados FM","url":"https:\/\/afogadosfm.com.br\/afogadosfm\/","logo":{"@type":"ImageObject","inLanguage":"pt-BR","@id":"https:\/\/afogadosfm.com.br\/afogadosfm\/#\/schema\/logo\/image\/","url":"https:\/\/i0.wp.com\/afogadosfm.com.br\/afogadosfm\/wp-content\/uploads\/2020\/06\/cropped-banner-afogados-4.jpg?fit=369%2C137&ssl=1","contentUrl":"https:\/\/i0.wp.com\/afogadosfm.com.br\/afogadosfm\/wp-content\/uploads\/2020\/06\/cropped-banner-afogados-4.jpg?fit=369%2C137&ssl=1","width":369,"height":137,"caption":"Afogados FM"},"image":{"@id":"https:\/\/afogadosfm.com.br\/afogadosfm\/#\/schema\/logo\/image\/"}},{"@type":"Person","@id":"https:\/\/afogadosfm.com.br\/afogadosfm\/#\/schema\/person\/60e56f2cf5dc960fc093fe093d9e9057","name":"afogadosfm","image":{"@type":"ImageObject","inLanguage":"pt-BR","@id":"https:\/\/secure.gravatar.com\/avatar\/e0359add7ed5dc3560906d861b52c6a8cf5c1e199d3a7dd85070998f49bd4701?s=96&d=mm&r=g","url":"https:\/\/secure.gravatar.com\/avatar\/e0359add7ed5dc3560906d861b52c6a8cf5c1e199d3a7dd85070998f49bd4701?s=96&d=mm&r=g","contentUrl":"https:\/\/secure.gravatar.com\/avatar\/e0359add7ed5dc3560906d861b52c6a8cf5c1e199d3a7dd85070998f49bd4701?s=96&d=mm&r=g","caption":"afogadosfm"},"url":"https:\/\/afogadosfm.com.br\/afogadosfm\/author\/afogadosfm\/"}]}},"jetpack_publicize_connections":[],"jetpack_featured_media_url":"https:\/\/i0.wp.com\/afogadosfm.com.br\/afogadosfm\/wp-content\/uploads\/2018\/01\/prf.jpg?fit=221%2C165&ssl=1","jetpack-related-posts":[],"jetpack_sharing_enabled":true,"jetpack_likes_enabled":true,"_links":{"self":[{"href":"https:\/\/afogadosfm.com.br\/afogadosfm\/wp-json\/wp\/v2\/posts\/74040","targetHints":{"allow":["GET"]}}],"collection":[{"href":"https:\/\/afogadosfm.com.br\/afogadosfm\/wp-json\/wp\/v2\/posts"}],"about":[{"href":"https:\/\/afogadosfm.com.br\/afogadosfm\/wp-json\/wp\/v2\/types\/post"}],"author":[{"embeddable":true,"href":"https:\/\/afogadosfm.com.br\/afogadosfm\/wp-json\/wp\/v2\/users\/2"}],"replies":[{"embeddable":true,"href":"https:\/\/afogadosfm.com.br\/afogadosfm\/wp-json\/wp\/v2\/comments?post=74040"}],"version-history":[{"count":1,"href":"https:\/\/afogadosfm.com.br\/afogadosfm\/wp-json\/wp\/v2\/posts\/74040\/revisions"}],"predecessor-version":[{"id":74041,"href":"https:\/\/afogadosfm.com.br\/afogadosfm\/wp-json\/wp\/v2\/posts\/74040\/revisions\/74041"}],"wp:featuredmedia":[{"embeddable":true,"href":"https:\/\/afogadosfm.com.br\/afogadosfm\/wp-json\/wp\/v2\/media\/1925"}],"wp:attachment":[{"href":"https:\/\/afogadosfm.com.br\/afogadosfm\/wp-json\/wp\/v2\/media?parent=74040"}],"wp:term":[{"taxonomy":"category","embeddable":true,"href":"https:\/\/afogadosfm.com.br\/afogadosfm\/wp-json\/wp\/v2\/categories?post=74040"},{"taxonomy":"post_tag","embeddable":true,"href":"https:\/\/afogadosfm.com.br\/afogadosfm\/wp-json\/wp\/v2\/tags?post=74040"}],"curies":[{"name":"wp","href":"https:\/\/api.w.org\/{rel}","templated":true}]}}