{"id":74045,"date":"2026-04-30T06:01:06","date_gmt":"2026-04-30T09:01:06","guid":{"rendered":"https:\/\/afogadosfm.com.br\/afogadosfm\/?p=74045"},"modified":"2026-04-30T06:01:06","modified_gmt":"2026-04-30T09:01:06","slug":"senado-rejeita-indicacao-de-jorge-messias-ao-stf-por-42-a-34-votos","status":"publish","type":"post","link":"https:\/\/afogadosfm.com.br\/afogadosfm\/2026\/04\/30\/senado-rejeita-indicacao-de-jorge-messias-ao-stf-por-42-a-34-votos\/","title":{"rendered":"Senado rejeita indica\u00e7\u00e3o de Jorge Messias ao STF por 42 a 34 votos"},"content":{"rendered":"<p>O plen\u00e1rio do Senado rejeitou, nesta quarta-feira (29), a indica\u00e7\u00e3o do advogado-geral da Uni\u00e3o, Jorge Messias, para vaga de ministro do Supremo Tribunal Federal. Foram 42 votos contr\u00e1rios, 34 favor\u00e1veis e 1 absten\u00e7\u00e3o.<\/p>\n<p>Estiveram ausentes os senadores Wilder Morais (PL-SP), Astronauta Marcos Pontes (PL-SP), Cid Gomes (PSB-CE) e Oriovisto Guimar\u00e3es (Podemos-PR).<\/p>\n<p>O resultado da vota\u00e7\u00e3o, que foi secreta, foi anunciado pelo presidente da Casa, Davi Alcolumbre.<\/p>\n<p>Esta foi a primeira vez, desde 1894, que uma indica\u00e7\u00e3o ao STF foi rejeitada pelo Senado Federal. Naquele ano, os senadores recusaram cinco indica\u00e7\u00f5es feitas pelo marechal Floriano Peixoto, presidente do Brasil \u00e0 \u00e9poca.<\/p>\n<p>Mais cedo, o nome de Messias havia sido aprovado pela Comiss\u00e3o de Constitui\u00e7\u00e3o e Justi\u00e7a do Senado com 16 votos favor\u00e1veis e 11 contr\u00e1rios.<\/p>\n<p>O l\u00edder do governo no Congresso, senador Randolfe Rodrigues, lamentou o resultado e atribuiu \u00e0 polariza\u00e7\u00e3o do Senado.<\/p>\n<p>\u201cEssa \u00e9 a circunst\u00e2ncia do Senado, atualmente. Diante dessa polariza\u00e7\u00e3o e, sobretudo, agora pressionado pelo processo eleitoral. O resultado expresso pelo plen\u00e1rio quen\u00f3s lamentamos, mas respeitamos. O que n\u00e3o \u00e9 agrad\u00e1vel pra ningu\u00e9m, depois de 124 anos, ter a rejei\u00e7\u00e3o de um candidato ao Supremo Tribunal Federal\u201d.<\/p>\n<p>Ao se pronunciar pela primeira vez sobre o resultado, Jorge Messias agradeceu os votos recebidos, disse que cumpriu o seu prop\u00f3sito e que a decis\u00e3o do Senado \u00e9 soberana:<\/p>\n<p>\u201cEu n\u00e3o tenho nada a falar nem a reparar acerca da conduta de ningu\u00e9m. Eu s\u00f3 sou grato aos votos que recebi. Acho que cada um de n\u00f3s cumpre um prop\u00f3sito. Eu cumpri o meu. Vim hoje, participei, me submeti a uma sabatina de cora\u00e7\u00e3o aberto, de alma leve, com esp\u00edrito franco. Falei a verdade, falei o que penso, falei o que sinto. Agora, a vida \u00e9 assim, gente. Tem dias de vit\u00f3rias e tem dias de derrotas. N\u00f3s temos que aceitar. O Senado \u00e9 soberano.\u201d<\/p>\n<p>A indica\u00e7\u00e3o de Jorge Messias foi anunciada pelo presidente Lula h\u00e1 cerca de cinco meses, mas a mensagem oficial com a indica\u00e7\u00e3o s\u00f3 chegou ao Senado no in\u00edcio de abril.<\/p>\n<p>Agora, Lula dever\u00e1 indicar outro nome para ocupar a vaga no STF deixada pelo ex-ministro Lu\u00eds Roberto Barroso.<\/p>\n","protected":false},"excerpt":{"rendered":"<p>O plen\u00e1rio do Senado rejeitou, nesta quarta-feira (29), a indica\u00e7\u00e3o do advogado-geral da Uni\u00e3o, Jorge Messias, para vaga de ministro<\/p>\n","protected":false},"author":2,"featured_media":12802,"comment_status":"open","ping_status":"open","sticky":false,"template":"","format":"standard","meta":{"jetpack_post_was_ever_published":false,"_jetpack_newsletter_access":"","_jetpack_dont_email_post_to_subs":false,"_jetpack_newsletter_tier_id":0,"_jetpack_memberships_contains_paywalled_content":false,"_jetpack_memberships_contains_paid_content":false,"footnotes":"","jetpack_publicize_message":"","jetpack_publicize_feature_enabled":true,"jetpack_social_post_already_shared":true,"jetpack_social_options":{"image_generator_settings":{"template":"highway","default_image_id":0,"font":"","enabled":false},"version":2}},"categories":[12],"tags":[],"class_list":["post-74045","post","type-post","status-publish","format-standard","has-post-thumbnail","hentry","category-brasil"],"yoast_head":"<!-- This site is optimized with the Yoast SEO plugin v27.5 - https:\/\/yoast.com\/product\/yoast-seo-wordpress\/ -->\n<title>Senado rejeita indica\u00e7\u00e3o de Jorge Messias ao STF por 42 a 34 votos - Afogados FM<\/title>\n<meta name=\"robots\" content=\"index, follow, max-snippet:-1, max-image-preview:large, max-video-preview:-1\" \/>\n<link rel=\"canonical\" href=\"https:\/\/afogadosfm.com.br\/afogadosfm\/2026\/04\/30\/senado-rejeita-indicacao-de-jorge-messias-ao-stf-por-42-a-34-votos\/\" \/>\n<meta property=\"og:locale\" content=\"pt_BR\" \/>\n<meta property=\"og:type\" content=\"article\" \/>\n<meta property=\"og:title\" content=\"Senado rejeita indica\u00e7\u00e3o de Jorge Messias ao STF por 42 a 34 votos - Afogados FM\" \/>\n<meta property=\"og:description\" content=\"O plen\u00e1rio do Senado rejeitou, nesta quarta-feira (29), a indica\u00e7\u00e3o do advogado-geral da Uni\u00e3o, Jorge Messias, para vaga de ministro\" \/>\n<meta property=\"og:url\" content=\"https:\/\/afogadosfm.com.br\/afogadosfm\/2026\/04\/30\/senado-rejeita-indicacao-de-jorge-messias-ao-stf-por-42-a-34-votos\/\" \/>\n<meta property=\"og:site_name\" content=\"Afogados FM\" \/>\n<meta property=\"article:published_time\" content=\"2026-04-30T09:01:06+00:00\" \/>\n<meta property=\"og:image\" content=\"https:\/\/afogadosfm.com.br\/afogadosfm\/wp-content\/uploads\/2019\/10\/senado-federal.jpg\" \/>\n\t<meta property=\"og:image:width\" content=\"1140\" \/>\n\t<meta property=\"og:image:height\" content=\"760\" \/>\n\t<meta property=\"og:image:type\" content=\"image\/jpeg\" \/>\n<meta name=\"author\" content=\"afogadosfm\" \/>\n<meta name=\"twitter:card\" content=\"summary_large_image\" \/>\n<meta name=\"twitter:label1\" content=\"Escrito por\" \/>\n\t<meta name=\"twitter:data1\" content=\"afogadosfm\" \/>\n\t<meta name=\"twitter:label2\" content=\"Est. tempo de leitura\" \/>\n\t<meta name=\"twitter:data2\" content=\"2 minutos\" \/>\n<script type=\"application\/ld+json\" class=\"yoast-schema-graph\">{\"@context\":\"https:\\\/\\\/schema.org\",\"@graph\":[{\"@type\":\"Article\",\"@id\":\"https:\\\/\\\/afogadosfm.com.br\\\/afogadosfm\\\/2026\\\/04\\\/30\\\/senado-rejeita-indicacao-de-jorge-messias-ao-stf-por-42-a-34-votos\\\/#article\",\"isPartOf\":{\"@id\":\"https:\\\/\\\/afogadosfm.com.br\\\/afogadosfm\\\/2026\\\/04\\\/30\\\/senado-rejeita-indicacao-de-jorge-messias-ao-stf-por-42-a-34-votos\\\/\"},\"author\":{\"name\":\"afogadosfm\",\"@id\":\"https:\\\/\\\/afogadosfm.com.br\\\/afogadosfm\\\/#\\\/schema\\\/person\\\/60e56f2cf5dc960fc093fe093d9e9057\"},\"headline\":\"Senado rejeita indica\u00e7\u00e3o de Jorge Messias ao STF por 42 a 34 votos\",\"datePublished\":\"2026-04-30T09:01:06+00:00\",\"mainEntityOfPage\":{\"@id\":\"https:\\\/\\\/afogadosfm.com.br\\\/afogadosfm\\\/2026\\\/04\\\/30\\\/senado-rejeita-indicacao-de-jorge-messias-ao-stf-por-42-a-34-votos\\\/\"},\"wordCount\":388,\"commentCount\":0,\"publisher\":{\"@id\":\"https:\\\/\\\/afogadosfm.com.br\\\/afogadosfm\\\/#organization\"},\"image\":{\"@id\":\"https:\\\/\\\/afogadosfm.com.br\\\/afogadosfm\\\/2026\\\/04\\\/30\\\/senado-rejeita-indicacao-de-jorge-messias-ao-stf-por-42-a-34-votos\\\/#primaryimage\"},\"thumbnailUrl\":\"https:\\\/\\\/i0.wp.com\\\/afogadosfm.com.br\\\/afogadosfm\\\/wp-content\\\/uploads\\\/2019\\\/10\\\/senado-federal.jpg?fit=1140%2C760&ssl=1\",\"articleSection\":[\"Brasil\"],\"inLanguage\":\"pt-BR\",\"potentialAction\":[{\"@type\":\"CommentAction\",\"name\":\"Comment\",\"target\":[\"https:\\\/\\\/afogadosfm.com.br\\\/afogadosfm\\\/2026\\\/04\\\/30\\\/senado-rejeita-indicacao-de-jorge-messias-ao-stf-por-42-a-34-votos\\\/#respond\"]}]},{\"@type\":\"WebPage\",\"@id\":\"https:\\\/\\\/afogadosfm.com.br\\\/afogadosfm\\\/2026\\\/04\\\/30\\\/senado-rejeita-indicacao-de-jorge-messias-ao-stf-por-42-a-34-votos\\\/\",\"url\":\"https:\\\/\\\/afogadosfm.com.br\\\/afogadosfm\\\/2026\\\/04\\\/30\\\/senado-rejeita-indicacao-de-jorge-messias-ao-stf-por-42-a-34-votos\\\/\",\"name\":\"Senado rejeita indica\u00e7\u00e3o de Jorge Messias ao STF por 42 a 34 votos - Afogados FM\",\"isPartOf\":{\"@id\":\"https:\\\/\\\/afogadosfm.com.br\\\/afogadosfm\\\/#website\"},\"primaryImageOfPage\":{\"@id\":\"https:\\\/\\\/afogadosfm.com.br\\\/afogadosfm\\\/2026\\\/04\\\/30\\\/senado-rejeita-indicacao-de-jorge-messias-ao-stf-por-42-a-34-votos\\\/#primaryimage\"},\"image\":{\"@id\":\"https:\\\/\\\/afogadosfm.com.br\\\/afogadosfm\\\/2026\\\/04\\\/30\\\/senado-rejeita-indicacao-de-jorge-messias-ao-stf-por-42-a-34-votos\\\/#primaryimage\"},\"thumbnailUrl\":\"https:\\\/\\\/i0.wp.com\\\/afogadosfm.com.br\\\/afogadosfm\\\/wp-content\\\/uploads\\\/2019\\\/10\\\/senado-federal.jpg?fit=1140%2C760&ssl=1\",\"datePublished\":\"2026-04-30T09:01:06+00:00\",\"breadcrumb\":{\"@id\":\"https:\\\/\\\/afogadosfm.com.br\\\/afogadosfm\\\/2026\\\/04\\\/30\\\/senado-rejeita-indicacao-de-jorge-messias-ao-stf-por-42-a-34-votos\\\/#breadcrumb\"},\"inLanguage\":\"pt-BR\",\"potentialAction\":[{\"@type\":\"ReadAction\",\"target\":[\"https:\\\/\\\/afogadosfm.com.br\\\/afogadosfm\\\/2026\\\/04\\\/30\\\/senado-rejeita-indicacao-de-jorge-messias-ao-stf-por-42-a-34-votos\\\/\"]}]},{\"@type\":\"ImageObject\",\"inLanguage\":\"pt-BR\",\"@id\":\"https:\\\/\\\/afogadosfm.com.br\\\/afogadosfm\\\/2026\\\/04\\\/30\\\/senado-rejeita-indicacao-de-jorge-messias-ao-stf-por-42-a-34-votos\\\/#primaryimage\",\"url\":\"https:\\\/\\\/i0.wp.com\\\/afogadosfm.com.br\\\/afogadosfm\\\/wp-content\\\/uploads\\\/2019\\\/10\\\/senado-federal.jpg?fit=1140%2C760&ssl=1\",\"contentUrl\":\"https:\\\/\\\/i0.wp.com\\\/afogadosfm.com.br\\\/afogadosfm\\\/wp-content\\\/uploads\\\/2019\\\/10\\\/senado-federal.jpg?fit=1140%2C760&ssl=1\",\"width\":1140,\"height\":760,\"caption\":\"Plen\u00e1rio do Senado Federal, durante sess\u00e3o deliberativa ordin\u00e1ria de vota\u00e7\u00e3o da cess\u00e3o onerosa do pr\u00e9-sal\"},{\"@type\":\"BreadcrumbList\",\"@id\":\"https:\\\/\\\/afogadosfm.com.br\\\/afogadosfm\\\/2026\\\/04\\\/30\\\/senado-rejeita-indicacao-de-jorge-messias-ao-stf-por-42-a-34-votos\\\/#breadcrumb\",\"itemListElement\":[{\"@type\":\"ListItem\",\"position\":1,\"name\":\"In\u00edcio\",\"item\":\"https:\\\/\\\/afogadosfm.com.br\\\/afogadosfm\\\/\"},{\"@type\":\"ListItem\",\"position\":2,\"name\":\"Senado rejeita indica\u00e7\u00e3o de Jorge Messias ao STF por 42 a 34 votos\"}]},{\"@type\":\"WebSite\",\"@id\":\"https:\\\/\\\/afogadosfm.com.br\\\/afogadosfm\\\/#website\",\"url\":\"https:\\\/\\\/afogadosfm.com.br\\\/afogadosfm\\\/\",\"name\":\"Afogados FM\",\"description\":\"Um site completo!\",\"publisher\":{\"@id\":\"https:\\\/\\\/afogadosfm.com.br\\\/afogadosfm\\\/#organization\"},\"potentialAction\":[{\"@type\":\"SearchAction\",\"target\":{\"@type\":\"EntryPoint\",\"urlTemplate\":\"https:\\\/\\\/afogadosfm.com.br\\\/afogadosfm\\\/?s={search_term_string}\"},\"query-input\":{\"@type\":\"PropertyValueSpecification\",\"valueRequired\":true,\"valueName\":\"search_term_string\"}}],\"inLanguage\":\"pt-BR\"},{\"@type\":\"Organization\",\"@id\":\"https:\\\/\\\/afogadosfm.com.br\\\/afogadosfm\\\/#organization\",\"name\":\"Afogados FM\",\"url\":\"https:\\\/\\\/afogadosfm.com.br\\\/afogadosfm\\\/\",\"logo\":{\"@type\":\"ImageObject\",\"inLanguage\":\"pt-BR\",\"@id\":\"https:\\\/\\\/afogadosfm.com.br\\\/afogadosfm\\\/#\\\/schema\\\/logo\\\/image\\\/\",\"url\":\"https:\\\/\\\/i0.wp.com\\\/afogadosfm.com.br\\\/afogadosfm\\\/wp-content\\\/uploads\\\/2020\\\/06\\\/cropped-banner-afogados-4.jpg?fit=369%2C137&ssl=1\",\"contentUrl\":\"https:\\\/\\\/i0.wp.com\\\/afogadosfm.com.br\\\/afogadosfm\\\/wp-content\\\/uploads\\\/2020\\\/06\\\/cropped-banner-afogados-4.jpg?fit=369%2C137&ssl=1\",\"width\":369,\"height\":137,\"caption\":\"Afogados FM\"},\"image\":{\"@id\":\"https:\\\/\\\/afogadosfm.com.br\\\/afogadosfm\\\/#\\\/schema\\\/logo\\\/image\\\/\"}},{\"@type\":\"Person\",\"@id\":\"https:\\\/\\\/afogadosfm.com.br\\\/afogadosfm\\\/#\\\/schema\\\/person\\\/60e56f2cf5dc960fc093fe093d9e9057\",\"name\":\"afogadosfm\",\"image\":{\"@type\":\"ImageObject\",\"inLanguage\":\"pt-BR\",\"@id\":\"https:\\\/\\\/secure.gravatar.com\\\/avatar\\\/e0359add7ed5dc3560906d861b52c6a8cf5c1e199d3a7dd85070998f49bd4701?s=96&d=mm&r=g\",\"url\":\"https:\\\/\\\/secure.gravatar.com\\\/avatar\\\/e0359add7ed5dc3560906d861b52c6a8cf5c1e199d3a7dd85070998f49bd4701?s=96&d=mm&r=g\",\"contentUrl\":\"https:\\\/\\\/secure.gravatar.com\\\/avatar\\\/e0359add7ed5dc3560906d861b52c6a8cf5c1e199d3a7dd85070998f49bd4701?s=96&d=mm&r=g\",\"caption\":\"afogadosfm\"},\"url\":\"https:\\\/\\\/afogadosfm.com.br\\\/afogadosfm\\\/author\\\/afogadosfm\\\/\"}]}<\/script>\n<!-- \/ Yoast SEO plugin. -->","yoast_head_json":{"title":"Senado rejeita indica\u00e7\u00e3o de Jorge Messias ao STF por 42 a 34 votos - Afogados FM","robots":{"index":"index","follow":"follow","max-snippet":"max-snippet:-1","max-image-preview":"max-image-preview:large","max-video-preview":"max-video-preview:-1"},"canonical":"https:\/\/afogadosfm.com.br\/afogadosfm\/2026\/04\/30\/senado-rejeita-indicacao-de-jorge-messias-ao-stf-por-42-a-34-votos\/","og_locale":"pt_BR","og_type":"article","og_title":"Senado rejeita indica\u00e7\u00e3o de Jorge Messias ao STF por 42 a 34 votos - Afogados FM","og_description":"O plen\u00e1rio do Senado rejeitou, nesta quarta-feira (29), a indica\u00e7\u00e3o do advogado-geral da Uni\u00e3o, Jorge Messias, para vaga de ministro","og_url":"https:\/\/afogadosfm.com.br\/afogadosfm\/2026\/04\/30\/senado-rejeita-indicacao-de-jorge-messias-ao-stf-por-42-a-34-votos\/","og_site_name":"Afogados FM","article_published_time":"2026-04-30T09:01:06+00:00","og_image":[{"width":1140,"height":760,"url":"https:\/\/afogadosfm.com.br\/afogadosfm\/wp-content\/uploads\/2019\/10\/senado-federal.jpg","type":"image\/jpeg"}],"author":"afogadosfm","twitter_card":"summary_large_image","twitter_misc":{"Escrito por":"afogadosfm","Est. tempo de leitura":"2 minutos"},"schema":{"@context":"https:\/\/schema.org","@graph":[{"@type":"Article","@id":"https:\/\/afogadosfm.com.br\/afogadosfm\/2026\/04\/30\/senado-rejeita-indicacao-de-jorge-messias-ao-stf-por-42-a-34-votos\/#article","isPartOf":{"@id":"https:\/\/afogadosfm.com.br\/afogadosfm\/2026\/04\/30\/senado-rejeita-indicacao-de-jorge-messias-ao-stf-por-42-a-34-votos\/"},"author":{"name":"afogadosfm","@id":"https:\/\/afogadosfm.com.br\/afogadosfm\/#\/schema\/person\/60e56f2cf5dc960fc093fe093d9e9057"},"headline":"Senado rejeita indica\u00e7\u00e3o de Jorge Messias ao STF por 42 a 34 votos","datePublished":"2026-04-30T09:01:06+00:00","mainEntityOfPage":{"@id":"https:\/\/afogadosfm.com.br\/afogadosfm\/2026\/04\/30\/senado-rejeita-indicacao-de-jorge-messias-ao-stf-por-42-a-34-votos\/"},"wordCount":388,"commentCount":0,"publisher":{"@id":"https:\/\/afogadosfm.com.br\/afogadosfm\/#organization"},"image":{"@id":"https:\/\/afogadosfm.com.br\/afogadosfm\/2026\/04\/30\/senado-rejeita-indicacao-de-jorge-messias-ao-stf-por-42-a-34-votos\/#primaryimage"},"thumbnailUrl":"https:\/\/i0.wp.com\/afogadosfm.com.br\/afogadosfm\/wp-content\/uploads\/2019\/10\/senado-federal.jpg?fit=1140%2C760&ssl=1","articleSection":["Brasil"],"inLanguage":"pt-BR","potentialAction":[{"@type":"CommentAction","name":"Comment","target":["https:\/\/afogadosfm.com.br\/afogadosfm\/2026\/04\/30\/senado-rejeita-indicacao-de-jorge-messias-ao-stf-por-42-a-34-votos\/#respond"]}]},{"@type":"WebPage","@id":"https:\/\/afogadosfm.com.br\/afogadosfm\/2026\/04\/30\/senado-rejeita-indicacao-de-jorge-messias-ao-stf-por-42-a-34-votos\/","url":"https:\/\/afogadosfm.com.br\/afogadosfm\/2026\/04\/30\/senado-rejeita-indicacao-de-jorge-messias-ao-stf-por-42-a-34-votos\/","name":"Senado rejeita indica\u00e7\u00e3o de Jorge Messias ao STF por 42 a 34 votos - Afogados FM","isPartOf":{"@id":"https:\/\/afogadosfm.com.br\/afogadosfm\/#website"},"primaryImageOfPage":{"@id":"https:\/\/afogadosfm.com.br\/afogadosfm\/2026\/04\/30\/senado-rejeita-indicacao-de-jorge-messias-ao-stf-por-42-a-34-votos\/#primaryimage"},"image":{"@id":"https:\/\/afogadosfm.com.br\/afogadosfm\/2026\/04\/30\/senado-rejeita-indicacao-de-jorge-messias-ao-stf-por-42-a-34-votos\/#primaryimage"},"thumbnailUrl":"https:\/\/i0.wp.com\/afogadosfm.com.br\/afogadosfm\/wp-content\/uploads\/2019\/10\/senado-federal.jpg?fit=1140%2C760&ssl=1","datePublished":"2026-04-30T09:01:06+00:00","breadcrumb":{"@id":"https:\/\/afogadosfm.com.br\/afogadosfm\/2026\/04\/30\/senado-rejeita-indicacao-de-jorge-messias-ao-stf-por-42-a-34-votos\/#breadcrumb"},"inLanguage":"pt-BR","potentialAction":[{"@type":"ReadAction","target":["https:\/\/afogadosfm.com.br\/afogadosfm\/2026\/04\/30\/senado-rejeita-indicacao-de-jorge-messias-ao-stf-por-42-a-34-votos\/"]}]},{"@type":"ImageObject","inLanguage":"pt-BR","@id":"https:\/\/afogadosfm.com.br\/afogadosfm\/2026\/04\/30\/senado-rejeita-indicacao-de-jorge-messias-ao-stf-por-42-a-34-votos\/#primaryimage","url":"https:\/\/i0.wp.com\/afogadosfm.com.br\/afogadosfm\/wp-content\/uploads\/2019\/10\/senado-federal.jpg?fit=1140%2C760&ssl=1","contentUrl":"https:\/\/i0.wp.com\/afogadosfm.com.br\/afogadosfm\/wp-content\/uploads\/2019\/10\/senado-federal.jpg?fit=1140%2C760&ssl=1","width":1140,"height":760,"caption":"Plen\u00e1rio do Senado Federal, durante sess\u00e3o deliberativa ordin\u00e1ria de vota\u00e7\u00e3o da cess\u00e3o onerosa do pr\u00e9-sal"},{"@type":"BreadcrumbList","@id":"https:\/\/afogadosfm.com.br\/afogadosfm\/2026\/04\/30\/senado-rejeita-indicacao-de-jorge-messias-ao-stf-por-42-a-34-votos\/#breadcrumb","itemListElement":[{"@type":"ListItem","position":1,"name":"In\u00edcio","item":"https:\/\/afogadosfm.com.br\/afogadosfm\/"},{"@type":"ListItem","position":2,"name":"Senado rejeita indica\u00e7\u00e3o de Jorge Messias ao STF por 42 a 34 votos"}]},{"@type":"WebSite","@id":"https:\/\/afogadosfm.com.br\/afogadosfm\/#website","url":"https:\/\/afogadosfm.com.br\/afogadosfm\/","name":"Afogados FM","description":"Um site completo!","publisher":{"@id":"https:\/\/afogadosfm.com.br\/afogadosfm\/#organization"},"potentialAction":[{"@type":"SearchAction","target":{"@type":"EntryPoint","urlTemplate":"https:\/\/afogadosfm.com.br\/afogadosfm\/?s={search_term_string}"},"query-input":{"@type":"PropertyValueSpecification","valueRequired":true,"valueName":"search_term_string"}}],"inLanguage":"pt-BR"},{"@type":"Organization","@id":"https:\/\/afogadosfm.com.br\/afogadosfm\/#organization","name":"Afogados FM","url":"https:\/\/afogadosfm.com.br\/afogadosfm\/","logo":{"@type":"ImageObject","inLanguage":"pt-BR","@id":"https:\/\/afogadosfm.com.br\/afogadosfm\/#\/schema\/logo\/image\/","url":"https:\/\/i0.wp.com\/afogadosfm.com.br\/afogadosfm\/wp-content\/uploads\/2020\/06\/cropped-banner-afogados-4.jpg?fit=369%2C137&ssl=1","contentUrl":"https:\/\/i0.wp.com\/afogadosfm.com.br\/afogadosfm\/wp-content\/uploads\/2020\/06\/cropped-banner-afogados-4.jpg?fit=369%2C137&ssl=1","width":369,"height":137,"caption":"Afogados FM"},"image":{"@id":"https:\/\/afogadosfm.com.br\/afogadosfm\/#\/schema\/logo\/image\/"}},{"@type":"Person","@id":"https:\/\/afogadosfm.com.br\/afogadosfm\/#\/schema\/person\/60e56f2cf5dc960fc093fe093d9e9057","name":"afogadosfm","image":{"@type":"ImageObject","inLanguage":"pt-BR","@id":"https:\/\/secure.gravatar.com\/avatar\/e0359add7ed5dc3560906d861b52c6a8cf5c1e199d3a7dd85070998f49bd4701?s=96&d=mm&r=g","url":"https:\/\/secure.gravatar.com\/avatar\/e0359add7ed5dc3560906d861b52c6a8cf5c1e199d3a7dd85070998f49bd4701?s=96&d=mm&r=g","contentUrl":"https:\/\/secure.gravatar.com\/avatar\/e0359add7ed5dc3560906d861b52c6a8cf5c1e199d3a7dd85070998f49bd4701?s=96&d=mm&r=g","caption":"afogadosfm"},"url":"https:\/\/afogadosfm.com.br\/afogadosfm\/author\/afogadosfm\/"}]}},"jetpack_publicize_connections":[],"jetpack_featured_media_url":"https:\/\/i0.wp.com\/afogadosfm.com.br\/afogadosfm\/wp-content\/uploads\/2019\/10\/senado-federal.jpg?fit=1140%2C760&ssl=1","jetpack-related-posts":[],"jetpack_sharing_enabled":true,"jetpack_likes_enabled":true,"_links":{"self":[{"href":"https:\/\/afogadosfm.com.br\/afogadosfm\/wp-json\/wp\/v2\/posts\/74045","targetHints":{"allow":["GET"]}}],"collection":[{"href":"https:\/\/afogadosfm.com.br\/afogadosfm\/wp-json\/wp\/v2\/posts"}],"about":[{"href":"https:\/\/afogadosfm.com.br\/afogadosfm\/wp-json\/wp\/v2\/types\/post"}],"author":[{"embeddable":true,"href":"https:\/\/afogadosfm.com.br\/afogadosfm\/wp-json\/wp\/v2\/users\/2"}],"replies":[{"embeddable":true,"href":"https:\/\/afogadosfm.com.br\/afogadosfm\/wp-json\/wp\/v2\/comments?post=74045"}],"version-history":[{"count":1,"href":"https:\/\/afogadosfm.com.br\/afogadosfm\/wp-json\/wp\/v2\/posts\/74045\/revisions"}],"predecessor-version":[{"id":74046,"href":"https:\/\/afogadosfm.com.br\/afogadosfm\/wp-json\/wp\/v2\/posts\/74045\/revisions\/74046"}],"wp:featuredmedia":[{"embeddable":true,"href":"https:\/\/afogadosfm.com.br\/afogadosfm\/wp-json\/wp\/v2\/media\/12802"}],"wp:attachment":[{"href":"https:\/\/afogadosfm.com.br\/afogadosfm\/wp-json\/wp\/v2\/media?parent=74045"}],"wp:term":[{"taxonomy":"category","embeddable":true,"href":"https:\/\/afogadosfm.com.br\/afogadosfm\/wp-json\/wp\/v2\/categories?post=74045"},{"taxonomy":"post_tag","embeddable":true,"href":"https:\/\/afogadosfm.com.br\/afogadosfm\/wp-json\/wp\/v2\/tags?post=74045"}],"curies":[{"name":"wp","href":"https:\/\/api.w.org\/{rel}","templated":true}]}}