{"id":74050,"date":"2026-04-30T06:03:54","date_gmt":"2026-04-30T09:03:54","guid":{"rendered":"https:\/\/afogadosfm.com.br\/afogadosfm\/?p=74050"},"modified":"2026-04-30T06:03:54","modified_gmt":"2026-04-30T09:03:54","slug":"prazo-para-regularizar-titulo-de-eleitor-termina-em-uma-semana","status":"publish","type":"post","link":"https:\/\/afogadosfm.com.br\/afogadosfm\/2026\/04\/30\/prazo-para-regularizar-titulo-de-eleitor-termina-em-uma-semana\/","title":{"rendered":"Prazo para regularizar t\u00edtulo de eleitor termina em uma semana"},"content":{"rendered":"<div>Faltando apenas uma semana para o fim do prazo, eleitores de todo o pa\u00eds devem ficar atentos \u00e0 regulariza\u00e7\u00e3o do t\u00edtulo de eleitor. Sem o documento em situa\u00e7\u00e3o regular junto \u00e0 Justi\u00e7a Eleitoral, n\u00e3o ser\u00e1 poss\u00edvel participar das elei\u00e7\u00f5es gerais deste ano, marcadas para outubro.<\/div>\n<p>&nbsp;<\/p>\n<p>A consulta da situa\u00e7\u00e3o eleitoral \u00e9 simples, r\u00e1pida e gratuita. O eleitor pode acessar o portal do Tribunal Superior Eleitoral (TSE), entrar no menu \u201cConsultas\u201d e clicar em \u201cSitua\u00e7\u00e3o do t\u00edtulo\u201d. Para realizar a verifica\u00e7\u00e3o, \u00e9 necess\u00e1rio informar o n\u00famero do t\u00edtulo, CPF ou nome completo, al\u00e9m da data de nascimento.<\/p>\n<p>Caso seja identificada alguma irregularidade, o cidad\u00e3o deve acessar o sistema de Autoatendimento Eleitoral e seguir alguns passos: selecionar a op\u00e7\u00e3o \u201cRegularizar t\u00edtulo cancelado\u201d, preencher o formul\u00e1rio solicitado, anexar a documenta\u00e7\u00e3o exigida e, por fim, anotar o n\u00famero do protocolo para acompanhar o andamento da solicita\u00e7\u00e3o pela pr\u00f3pria plataforma.<\/p>\n<p>A regulariza\u00e7\u00e3o \u00e9 fundamental n\u00e3o apenas para garantir o direito ao voto, mas tamb\u00e9m para evitar uma s\u00e9rie de restri\u00e7\u00f5es. Eleitores com pend\u00eancias podem ficar impedidos de participar de concursos p\u00fablicos, receber sal\u00e1rios em cargos p\u00fablicos, participar de licita\u00e7\u00f5es, emitir passaporte ou carteira de identidade, renovar matr\u00edcula em institui\u00e7\u00f5es p\u00fablicas de ensino e comprovar quita\u00e7\u00e3o com obriga\u00e7\u00f5es legais.<\/p>\n<p>Neste ano, o primeiro turno das elei\u00e7\u00f5es ser\u00e1 realizado no dia 4 de outubro, quando os brasileiros ir\u00e3o escolher deputados federais e estaduais, senadores (duas vagas), governadores e presidente da Rep\u00fablica. Caso haja necessidade, o segundo turno para os cargos de presidente e governadores est\u00e1 previsto para o dia 25 de outubro.<\/p>\n<p>A recomenda\u00e7\u00e3o da Justi\u00e7a Eleitoral \u00e9 que os eleitores n\u00e3o deixem para a \u00faltima hora e regularizem a situa\u00e7\u00e3o o quanto antes, evitando filas e poss\u00edveis contratempos.<\/p>\n","protected":false},"excerpt":{"rendered":"<p>Faltando apenas uma semana para o fim do prazo, eleitores de todo o pa\u00eds devem ficar atentos \u00e0 regulariza\u00e7\u00e3o do<\/p>\n","protected":false},"author":2,"featured_media":58019,"comment_status":"open","ping_status":"open","sticky":false,"template":"","format":"standard","meta":{"jetpack_post_was_ever_published":false,"_jetpack_newsletter_access":"","_jetpack_dont_email_post_to_subs":false,"_jetpack_newsletter_tier_id":0,"_jetpack_memberships_contains_paywalled_content":false,"_jetpack_memberships_contains_paid_content":false,"footnotes":"","jetpack_publicize_message":"","jetpack_publicize_feature_enabled":true,"jetpack_social_post_already_shared":true,"jetpack_social_options":{"image_generator_settings":{"template":"highway","default_image_id":0,"font":"","enabled":false},"version":2}},"categories":[12],"tags":[],"class_list":["post-74050","post","type-post","status-publish","format-standard","has-post-thumbnail","hentry","category-brasil"],"yoast_head":"<!-- This site is optimized with the Yoast SEO plugin v27.5 - https:\/\/yoast.com\/product\/yoast-seo-wordpress\/ -->\n<title>Prazo para regularizar t\u00edtulo de eleitor termina em uma semana - Afogados FM<\/title>\n<meta name=\"robots\" content=\"index, follow, max-snippet:-1, max-image-preview:large, max-video-preview:-1\" \/>\n<link rel=\"canonical\" href=\"https:\/\/afogadosfm.com.br\/afogadosfm\/2026\/04\/30\/prazo-para-regularizar-titulo-de-eleitor-termina-em-uma-semana\/\" \/>\n<meta property=\"og:locale\" content=\"pt_BR\" \/>\n<meta property=\"og:type\" content=\"article\" \/>\n<meta property=\"og:title\" content=\"Prazo para regularizar t\u00edtulo de eleitor termina em uma semana - Afogados FM\" \/>\n<meta property=\"og:description\" content=\"Faltando apenas uma semana para o fim do prazo, eleitores de todo o pa\u00eds devem ficar atentos \u00e0 regulariza\u00e7\u00e3o do\" \/>\n<meta property=\"og:url\" content=\"https:\/\/afogadosfm.com.br\/afogadosfm\/2026\/04\/30\/prazo-para-regularizar-titulo-de-eleitor-termina-em-uma-semana\/\" \/>\n<meta property=\"og:site_name\" content=\"Afogados FM\" \/>\n<meta property=\"article:published_time\" content=\"2026-04-30T09:03:54+00:00\" \/>\n<meta property=\"og:image\" content=\"https:\/\/afogadosfm.com.br\/afogadosfm\/wp-content\/uploads\/2024\/07\/urnas.jpg\" \/>\n\t<meta property=\"og:image:width\" content=\"768\" \/>\n\t<meta property=\"og:image:height\" content=\"512\" \/>\n\t<meta property=\"og:image:type\" content=\"image\/jpeg\" \/>\n<meta name=\"author\" content=\"afogadosfm\" \/>\n<meta name=\"twitter:card\" content=\"summary_large_image\" \/>\n<meta name=\"twitter:label1\" content=\"Escrito por\" \/>\n\t<meta name=\"twitter:data1\" content=\"afogadosfm\" \/>\n\t<meta name=\"twitter:label2\" content=\"Est. tempo de leitura\" \/>\n\t<meta name=\"twitter:data2\" content=\"2 minutos\" \/>\n<script type=\"application\/ld+json\" class=\"yoast-schema-graph\">{\"@context\":\"https:\\\/\\\/schema.org\",\"@graph\":[{\"@type\":\"Article\",\"@id\":\"https:\\\/\\\/afogadosfm.com.br\\\/afogadosfm\\\/2026\\\/04\\\/30\\\/prazo-para-regularizar-titulo-de-eleitor-termina-em-uma-semana\\\/#article\",\"isPartOf\":{\"@id\":\"https:\\\/\\\/afogadosfm.com.br\\\/afogadosfm\\\/2026\\\/04\\\/30\\\/prazo-para-regularizar-titulo-de-eleitor-termina-em-uma-semana\\\/\"},\"author\":{\"name\":\"afogadosfm\",\"@id\":\"https:\\\/\\\/afogadosfm.com.br\\\/afogadosfm\\\/#\\\/schema\\\/person\\\/60e56f2cf5dc960fc093fe093d9e9057\"},\"headline\":\"Prazo para regularizar t\u00edtulo de eleitor termina em uma semana\",\"datePublished\":\"2026-04-30T09:03:54+00:00\",\"mainEntityOfPage\":{\"@id\":\"https:\\\/\\\/afogadosfm.com.br\\\/afogadosfm\\\/2026\\\/04\\\/30\\\/prazo-para-regularizar-titulo-de-eleitor-termina-em-uma-semana\\\/\"},\"wordCount\":334,\"commentCount\":0,\"publisher\":{\"@id\":\"https:\\\/\\\/afogadosfm.com.br\\\/afogadosfm\\\/#organization\"},\"image\":{\"@id\":\"https:\\\/\\\/afogadosfm.com.br\\\/afogadosfm\\\/2026\\\/04\\\/30\\\/prazo-para-regularizar-titulo-de-eleitor-termina-em-uma-semana\\\/#primaryimage\"},\"thumbnailUrl\":\"https:\\\/\\\/i0.wp.com\\\/afogadosfm.com.br\\\/afogadosfm\\\/wp-content\\\/uploads\\\/2024\\\/07\\\/urnas.jpg?fit=768%2C512&ssl=1\",\"articleSection\":[\"Brasil\"],\"inLanguage\":\"pt-BR\",\"potentialAction\":[{\"@type\":\"CommentAction\",\"name\":\"Comment\",\"target\":[\"https:\\\/\\\/afogadosfm.com.br\\\/afogadosfm\\\/2026\\\/04\\\/30\\\/prazo-para-regularizar-titulo-de-eleitor-termina-em-uma-semana\\\/#respond\"]}]},{\"@type\":\"WebPage\",\"@id\":\"https:\\\/\\\/afogadosfm.com.br\\\/afogadosfm\\\/2026\\\/04\\\/30\\\/prazo-para-regularizar-titulo-de-eleitor-termina-em-uma-semana\\\/\",\"url\":\"https:\\\/\\\/afogadosfm.com.br\\\/afogadosfm\\\/2026\\\/04\\\/30\\\/prazo-para-regularizar-titulo-de-eleitor-termina-em-uma-semana\\\/\",\"name\":\"Prazo para regularizar t\u00edtulo de eleitor termina em uma semana - Afogados FM\",\"isPartOf\":{\"@id\":\"https:\\\/\\\/afogadosfm.com.br\\\/afogadosfm\\\/#website\"},\"primaryImageOfPage\":{\"@id\":\"https:\\\/\\\/afogadosfm.com.br\\\/afogadosfm\\\/2026\\\/04\\\/30\\\/prazo-para-regularizar-titulo-de-eleitor-termina-em-uma-semana\\\/#primaryimage\"},\"image\":{\"@id\":\"https:\\\/\\\/afogadosfm.com.br\\\/afogadosfm\\\/2026\\\/04\\\/30\\\/prazo-para-regularizar-titulo-de-eleitor-termina-em-uma-semana\\\/#primaryimage\"},\"thumbnailUrl\":\"https:\\\/\\\/i0.wp.com\\\/afogadosfm.com.br\\\/afogadosfm\\\/wp-content\\\/uploads\\\/2024\\\/07\\\/urnas.jpg?fit=768%2C512&ssl=1\",\"datePublished\":\"2026-04-30T09:03:54+00:00\",\"breadcrumb\":{\"@id\":\"https:\\\/\\\/afogadosfm.com.br\\\/afogadosfm\\\/2026\\\/04\\\/30\\\/prazo-para-regularizar-titulo-de-eleitor-termina-em-uma-semana\\\/#breadcrumb\"},\"inLanguage\":\"pt-BR\",\"potentialAction\":[{\"@type\":\"ReadAction\",\"target\":[\"https:\\\/\\\/afogadosfm.com.br\\\/afogadosfm\\\/2026\\\/04\\\/30\\\/prazo-para-regularizar-titulo-de-eleitor-termina-em-uma-semana\\\/\"]}]},{\"@type\":\"ImageObject\",\"inLanguage\":\"pt-BR\",\"@id\":\"https:\\\/\\\/afogadosfm.com.br\\\/afogadosfm\\\/2026\\\/04\\\/30\\\/prazo-para-regularizar-titulo-de-eleitor-termina-em-uma-semana\\\/#primaryimage\",\"url\":\"https:\\\/\\\/i0.wp.com\\\/afogadosfm.com.br\\\/afogadosfm\\\/wp-content\\\/uploads\\\/2024\\\/07\\\/urnas.jpg?fit=768%2C512&ssl=1\",\"contentUrl\":\"https:\\\/\\\/i0.wp.com\\\/afogadosfm.com.br\\\/afogadosfm\\\/wp-content\\\/uploads\\\/2024\\\/07\\\/urnas.jpg?fit=768%2C512&ssl=1\",\"width\":768,\"height\":512},{\"@type\":\"BreadcrumbList\",\"@id\":\"https:\\\/\\\/afogadosfm.com.br\\\/afogadosfm\\\/2026\\\/04\\\/30\\\/prazo-para-regularizar-titulo-de-eleitor-termina-em-uma-semana\\\/#breadcrumb\",\"itemListElement\":[{\"@type\":\"ListItem\",\"position\":1,\"name\":\"In\u00edcio\",\"item\":\"https:\\\/\\\/afogadosfm.com.br\\\/afogadosfm\\\/\"},{\"@type\":\"ListItem\",\"position\":2,\"name\":\"Prazo para regularizar t\u00edtulo de eleitor termina em uma semana\"}]},{\"@type\":\"WebSite\",\"@id\":\"https:\\\/\\\/afogadosfm.com.br\\\/afogadosfm\\\/#website\",\"url\":\"https:\\\/\\\/afogadosfm.com.br\\\/afogadosfm\\\/\",\"name\":\"Afogados FM\",\"description\":\"Um site completo!\",\"publisher\":{\"@id\":\"https:\\\/\\\/afogadosfm.com.br\\\/afogadosfm\\\/#organization\"},\"potentialAction\":[{\"@type\":\"SearchAction\",\"target\":{\"@type\":\"EntryPoint\",\"urlTemplate\":\"https:\\\/\\\/afogadosfm.com.br\\\/afogadosfm\\\/?s={search_term_string}\"},\"query-input\":{\"@type\":\"PropertyValueSpecification\",\"valueRequired\":true,\"valueName\":\"search_term_string\"}}],\"inLanguage\":\"pt-BR\"},{\"@type\":\"Organization\",\"@id\":\"https:\\\/\\\/afogadosfm.com.br\\\/afogadosfm\\\/#organization\",\"name\":\"Afogados FM\",\"url\":\"https:\\\/\\\/afogadosfm.com.br\\\/afogadosfm\\\/\",\"logo\":{\"@type\":\"ImageObject\",\"inLanguage\":\"pt-BR\",\"@id\":\"https:\\\/\\\/afogadosfm.com.br\\\/afogadosfm\\\/#\\\/schema\\\/logo\\\/image\\\/\",\"url\":\"https:\\\/\\\/i0.wp.com\\\/afogadosfm.com.br\\\/afogadosfm\\\/wp-content\\\/uploads\\\/2020\\\/06\\\/cropped-banner-afogados-4.jpg?fit=369%2C137&ssl=1\",\"contentUrl\":\"https:\\\/\\\/i0.wp.com\\\/afogadosfm.com.br\\\/afogadosfm\\\/wp-content\\\/uploads\\\/2020\\\/06\\\/cropped-banner-afogados-4.jpg?fit=369%2C137&ssl=1\",\"width\":369,\"height\":137,\"caption\":\"Afogados FM\"},\"image\":{\"@id\":\"https:\\\/\\\/afogadosfm.com.br\\\/afogadosfm\\\/#\\\/schema\\\/logo\\\/image\\\/\"}},{\"@type\":\"Person\",\"@id\":\"https:\\\/\\\/afogadosfm.com.br\\\/afogadosfm\\\/#\\\/schema\\\/person\\\/60e56f2cf5dc960fc093fe093d9e9057\",\"name\":\"afogadosfm\",\"image\":{\"@type\":\"ImageObject\",\"inLanguage\":\"pt-BR\",\"@id\":\"https:\\\/\\\/secure.gravatar.com\\\/avatar\\\/e0359add7ed5dc3560906d861b52c6a8cf5c1e199d3a7dd85070998f49bd4701?s=96&d=mm&r=g\",\"url\":\"https:\\\/\\\/secure.gravatar.com\\\/avatar\\\/e0359add7ed5dc3560906d861b52c6a8cf5c1e199d3a7dd85070998f49bd4701?s=96&d=mm&r=g\",\"contentUrl\":\"https:\\\/\\\/secure.gravatar.com\\\/avatar\\\/e0359add7ed5dc3560906d861b52c6a8cf5c1e199d3a7dd85070998f49bd4701?s=96&d=mm&r=g\",\"caption\":\"afogadosfm\"},\"url\":\"https:\\\/\\\/afogadosfm.com.br\\\/afogadosfm\\\/author\\\/afogadosfm\\\/\"}]}<\/script>\n<!-- \/ Yoast SEO plugin. -->","yoast_head_json":{"title":"Prazo para regularizar t\u00edtulo de eleitor termina em uma semana - Afogados FM","robots":{"index":"index","follow":"follow","max-snippet":"max-snippet:-1","max-image-preview":"max-image-preview:large","max-video-preview":"max-video-preview:-1"},"canonical":"https:\/\/afogadosfm.com.br\/afogadosfm\/2026\/04\/30\/prazo-para-regularizar-titulo-de-eleitor-termina-em-uma-semana\/","og_locale":"pt_BR","og_type":"article","og_title":"Prazo para regularizar t\u00edtulo de eleitor termina em uma semana - Afogados FM","og_description":"Faltando apenas uma semana para o fim do prazo, eleitores de todo o pa\u00eds devem ficar atentos \u00e0 regulariza\u00e7\u00e3o do","og_url":"https:\/\/afogadosfm.com.br\/afogadosfm\/2026\/04\/30\/prazo-para-regularizar-titulo-de-eleitor-termina-em-uma-semana\/","og_site_name":"Afogados FM","article_published_time":"2026-04-30T09:03:54+00:00","og_image":[{"width":768,"height":512,"url":"https:\/\/afogadosfm.com.br\/afogadosfm\/wp-content\/uploads\/2024\/07\/urnas.jpg","type":"image\/jpeg"}],"author":"afogadosfm","twitter_card":"summary_large_image","twitter_misc":{"Escrito por":"afogadosfm","Est. tempo de leitura":"2 minutos"},"schema":{"@context":"https:\/\/schema.org","@graph":[{"@type":"Article","@id":"https:\/\/afogadosfm.com.br\/afogadosfm\/2026\/04\/30\/prazo-para-regularizar-titulo-de-eleitor-termina-em-uma-semana\/#article","isPartOf":{"@id":"https:\/\/afogadosfm.com.br\/afogadosfm\/2026\/04\/30\/prazo-para-regularizar-titulo-de-eleitor-termina-em-uma-semana\/"},"author":{"name":"afogadosfm","@id":"https:\/\/afogadosfm.com.br\/afogadosfm\/#\/schema\/person\/60e56f2cf5dc960fc093fe093d9e9057"},"headline":"Prazo para regularizar t\u00edtulo de eleitor termina em uma semana","datePublished":"2026-04-30T09:03:54+00:00","mainEntityOfPage":{"@id":"https:\/\/afogadosfm.com.br\/afogadosfm\/2026\/04\/30\/prazo-para-regularizar-titulo-de-eleitor-termina-em-uma-semana\/"},"wordCount":334,"commentCount":0,"publisher":{"@id":"https:\/\/afogadosfm.com.br\/afogadosfm\/#organization"},"image":{"@id":"https:\/\/afogadosfm.com.br\/afogadosfm\/2026\/04\/30\/prazo-para-regularizar-titulo-de-eleitor-termina-em-uma-semana\/#primaryimage"},"thumbnailUrl":"https:\/\/i0.wp.com\/afogadosfm.com.br\/afogadosfm\/wp-content\/uploads\/2024\/07\/urnas.jpg?fit=768%2C512&ssl=1","articleSection":["Brasil"],"inLanguage":"pt-BR","potentialAction":[{"@type":"CommentAction","name":"Comment","target":["https:\/\/afogadosfm.com.br\/afogadosfm\/2026\/04\/30\/prazo-para-regularizar-titulo-de-eleitor-termina-em-uma-semana\/#respond"]}]},{"@type":"WebPage","@id":"https:\/\/afogadosfm.com.br\/afogadosfm\/2026\/04\/30\/prazo-para-regularizar-titulo-de-eleitor-termina-em-uma-semana\/","url":"https:\/\/afogadosfm.com.br\/afogadosfm\/2026\/04\/30\/prazo-para-regularizar-titulo-de-eleitor-termina-em-uma-semana\/","name":"Prazo para regularizar t\u00edtulo de eleitor termina em uma semana - Afogados FM","isPartOf":{"@id":"https:\/\/afogadosfm.com.br\/afogadosfm\/#website"},"primaryImageOfPage":{"@id":"https:\/\/afogadosfm.com.br\/afogadosfm\/2026\/04\/30\/prazo-para-regularizar-titulo-de-eleitor-termina-em-uma-semana\/#primaryimage"},"image":{"@id":"https:\/\/afogadosfm.com.br\/afogadosfm\/2026\/04\/30\/prazo-para-regularizar-titulo-de-eleitor-termina-em-uma-semana\/#primaryimage"},"thumbnailUrl":"https:\/\/i0.wp.com\/afogadosfm.com.br\/afogadosfm\/wp-content\/uploads\/2024\/07\/urnas.jpg?fit=768%2C512&ssl=1","datePublished":"2026-04-30T09:03:54+00:00","breadcrumb":{"@id":"https:\/\/afogadosfm.com.br\/afogadosfm\/2026\/04\/30\/prazo-para-regularizar-titulo-de-eleitor-termina-em-uma-semana\/#breadcrumb"},"inLanguage":"pt-BR","potentialAction":[{"@type":"ReadAction","target":["https:\/\/afogadosfm.com.br\/afogadosfm\/2026\/04\/30\/prazo-para-regularizar-titulo-de-eleitor-termina-em-uma-semana\/"]}]},{"@type":"ImageObject","inLanguage":"pt-BR","@id":"https:\/\/afogadosfm.com.br\/afogadosfm\/2026\/04\/30\/prazo-para-regularizar-titulo-de-eleitor-termina-em-uma-semana\/#primaryimage","url":"https:\/\/i0.wp.com\/afogadosfm.com.br\/afogadosfm\/wp-content\/uploads\/2024\/07\/urnas.jpg?fit=768%2C512&ssl=1","contentUrl":"https:\/\/i0.wp.com\/afogadosfm.com.br\/afogadosfm\/wp-content\/uploads\/2024\/07\/urnas.jpg?fit=768%2C512&ssl=1","width":768,"height":512},{"@type":"BreadcrumbList","@id":"https:\/\/afogadosfm.com.br\/afogadosfm\/2026\/04\/30\/prazo-para-regularizar-titulo-de-eleitor-termina-em-uma-semana\/#breadcrumb","itemListElement":[{"@type":"ListItem","position":1,"name":"In\u00edcio","item":"https:\/\/afogadosfm.com.br\/afogadosfm\/"},{"@type":"ListItem","position":2,"name":"Prazo para regularizar t\u00edtulo de eleitor termina em uma semana"}]},{"@type":"WebSite","@id":"https:\/\/afogadosfm.com.br\/afogadosfm\/#website","url":"https:\/\/afogadosfm.com.br\/afogadosfm\/","name":"Afogados FM","description":"Um site completo!","publisher":{"@id":"https:\/\/afogadosfm.com.br\/afogadosfm\/#organization"},"potentialAction":[{"@type":"SearchAction","target":{"@type":"EntryPoint","urlTemplate":"https:\/\/afogadosfm.com.br\/afogadosfm\/?s={search_term_string}"},"query-input":{"@type":"PropertyValueSpecification","valueRequired":true,"valueName":"search_term_string"}}],"inLanguage":"pt-BR"},{"@type":"Organization","@id":"https:\/\/afogadosfm.com.br\/afogadosfm\/#organization","name":"Afogados FM","url":"https:\/\/afogadosfm.com.br\/afogadosfm\/","logo":{"@type":"ImageObject","inLanguage":"pt-BR","@id":"https:\/\/afogadosfm.com.br\/afogadosfm\/#\/schema\/logo\/image\/","url":"https:\/\/i0.wp.com\/afogadosfm.com.br\/afogadosfm\/wp-content\/uploads\/2020\/06\/cropped-banner-afogados-4.jpg?fit=369%2C137&ssl=1","contentUrl":"https:\/\/i0.wp.com\/afogadosfm.com.br\/afogadosfm\/wp-content\/uploads\/2020\/06\/cropped-banner-afogados-4.jpg?fit=369%2C137&ssl=1","width":369,"height":137,"caption":"Afogados FM"},"image":{"@id":"https:\/\/afogadosfm.com.br\/afogadosfm\/#\/schema\/logo\/image\/"}},{"@type":"Person","@id":"https:\/\/afogadosfm.com.br\/afogadosfm\/#\/schema\/person\/60e56f2cf5dc960fc093fe093d9e9057","name":"afogadosfm","image":{"@type":"ImageObject","inLanguage":"pt-BR","@id":"https:\/\/secure.gravatar.com\/avatar\/e0359add7ed5dc3560906d861b52c6a8cf5c1e199d3a7dd85070998f49bd4701?s=96&d=mm&r=g","url":"https:\/\/secure.gravatar.com\/avatar\/e0359add7ed5dc3560906d861b52c6a8cf5c1e199d3a7dd85070998f49bd4701?s=96&d=mm&r=g","contentUrl":"https:\/\/secure.gravatar.com\/avatar\/e0359add7ed5dc3560906d861b52c6a8cf5c1e199d3a7dd85070998f49bd4701?s=96&d=mm&r=g","caption":"afogadosfm"},"url":"https:\/\/afogadosfm.com.br\/afogadosfm\/author\/afogadosfm\/"}]}},"jetpack_publicize_connections":[],"jetpack_featured_media_url":"https:\/\/i0.wp.com\/afogadosfm.com.br\/afogadosfm\/wp-content\/uploads\/2024\/07\/urnas.jpg?fit=768%2C512&ssl=1","jetpack-related-posts":[],"jetpack_sharing_enabled":true,"jetpack_likes_enabled":true,"_links":{"self":[{"href":"https:\/\/afogadosfm.com.br\/afogadosfm\/wp-json\/wp\/v2\/posts\/74050","targetHints":{"allow":["GET"]}}],"collection":[{"href":"https:\/\/afogadosfm.com.br\/afogadosfm\/wp-json\/wp\/v2\/posts"}],"about":[{"href":"https:\/\/afogadosfm.com.br\/afogadosfm\/wp-json\/wp\/v2\/types\/post"}],"author":[{"embeddable":true,"href":"https:\/\/afogadosfm.com.br\/afogadosfm\/wp-json\/wp\/v2\/users\/2"}],"replies":[{"embeddable":true,"href":"https:\/\/afogadosfm.com.br\/afogadosfm\/wp-json\/wp\/v2\/comments?post=74050"}],"version-history":[{"count":1,"href":"https:\/\/afogadosfm.com.br\/afogadosfm\/wp-json\/wp\/v2\/posts\/74050\/revisions"}],"predecessor-version":[{"id":74051,"href":"https:\/\/afogadosfm.com.br\/afogadosfm\/wp-json\/wp\/v2\/posts\/74050\/revisions\/74051"}],"wp:featuredmedia":[{"embeddable":true,"href":"https:\/\/afogadosfm.com.br\/afogadosfm\/wp-json\/wp\/v2\/media\/58019"}],"wp:attachment":[{"href":"https:\/\/afogadosfm.com.br\/afogadosfm\/wp-json\/wp\/v2\/media?parent=74050"}],"wp:term":[{"taxonomy":"category","embeddable":true,"href":"https:\/\/afogadosfm.com.br\/afogadosfm\/wp-json\/wp\/v2\/categories?post=74050"},{"taxonomy":"post_tag","embeddable":true,"href":"https:\/\/afogadosfm.com.br\/afogadosfm\/wp-json\/wp\/v2\/tags?post=74050"}],"curies":[{"name":"wp","href":"https:\/\/api.w.org\/{rel}","templated":true}]}}