{"id":75564,"date":"2026-08-29T05:55:05","date_gmt":"2026-08-29T08:55:05","guid":{"rendered":"https:\/\/afogadosfm.com.br\/afogadosfm\/?p=75564"},"modified":"2026-08-31T05:56:40","modified_gmt":"2026-08-31T08:56:40","slug":"homem-queima-veiculo-por-vinganca-apos-agressao-em-serra-talhada","status":"publish","type":"post","link":"https:\/\/afogadosfm.com.br\/afogadosfm\/2026\/08\/29\/homem-queima-veiculo-por-vinganca-apos-agressao-em-serra-talhada\/","title":{"rendered":"Homem queima ve\u00edculo por vingan\u00e7a ap\u00f3s agress\u00e3o em Serra Talhada"},"content":{"rendered":"<p>A Pol\u00edcia Militar foi acionada na manh\u00e3 desse s\u00e1bado (29) ap\u00f3s ser informada sobre um carro que teria sido queimado no distrito de Jati\u00faca, na entrada do S\u00edtio Carrapato, zona rural de Santa Cruz da Baixa Verde, Sert\u00e3o do Paje\u00fa. O curioso \u00e9 que o autor do ato de vandalismo procurou a PM e admitiu ter ateado fogo no ve\u00edculo, que ficou totalmente carbonizado.<\/p>\n<p>De acordo com a Pol\u00edcia Militar, o imputado confessou o crime, e disse que agiu por vingan\u00e7a. Segundo ele, o dono do ve\u00edculo \u00e9 pai de um indiv\u00edduo que agrediu seu tio, dias antes, em Serra Talhada.<\/p>\n<p>Ainda segundo a PM, o propriet\u00e1rio do ve\u00edculo n\u00e3o foi localizado, sendo informado apenas que residia no S\u00edtio Medeia. A Pol\u00edcia Civil investiga o caso.<\/p>\n","protected":false},"excerpt":{"rendered":"<p>A Pol\u00edcia Militar foi acionada na manh\u00e3 desse s\u00e1bado (29) ap\u00f3s ser informada sobre um carro que teria sido queimado<\/p>\n","protected":false},"author":2,"featured_media":75565,"comment_status":"open","ping_status":"open","sticky":false,"template":"","format":"standard","meta":{"_jetpack_newsletter_access":"","_jetpack_dont_email_post_to_subs":false,"_jetpack_newsletter_tier_id":0,"_jetpack_memberships_contains_paywalled_content":false,"_jetpack_feature_clip_id":0,"_jetpack_memberships_contains_paid_content":false,"footnotes":"","jetpack_publicize_message":"","jetpack_publicize_feature_enabled":true,"jetpack_social_post_already_shared":true,"jetpack_social_options":{"image_generator_settings":{"template":"highway","default_image_id":0,"font":"","enabled":false},"version":2},"jetpack_post_was_ever_published":false},"categories":[34],"tags":[],"class_list":["post-75564","post","type-post","status-publish","format-standard","has-post-thumbnail","hentry","category-policia"],"yoast_head":"<!-- This site is optimized with the Yoast SEO plugin v28.3 - https:\/\/yoast.com\/product\/yoast-seo-wordpress\/ -->\n<title>Homem queima ve\u00edculo por vingan\u00e7a ap\u00f3s agress\u00e3o em Serra Talhada - Afogados FM<\/title>\n<meta name=\"robots\" content=\"index, follow, max-snippet:-1, max-image-preview:large, max-video-preview:-1\" \/>\n<link rel=\"canonical\" href=\"https:\/\/afogadosfm.com.br\/afogadosfm\/2026\/08\/29\/homem-queima-veiculo-por-vinganca-apos-agressao-em-serra-talhada\/\" \/>\n<meta property=\"og:locale\" content=\"pt_BR\" \/>\n<meta property=\"og:type\" content=\"article\" \/>\n<meta property=\"og:title\" content=\"Homem queima ve\u00edculo por vingan\u00e7a ap\u00f3s agress\u00e3o em Serra Talhada - Afogados FM\" \/>\n<meta property=\"og:description\" content=\"A Pol\u00edcia Militar foi acionada na manh\u00e3 desse s\u00e1bado (29) ap\u00f3s ser informada sobre um carro que teria sido queimado\" \/>\n<meta property=\"og:url\" content=\"https:\/\/afogadosfm.com.br\/afogadosfm\/2026\/08\/29\/homem-queima-veiculo-por-vinganca-apos-agressao-em-serra-talhada\/\" \/>\n<meta property=\"og:site_name\" content=\"Afogados FM\" \/>\n<meta property=\"article:published_time\" content=\"2026-08-29T08:55:05+00:00\" \/>\n<meta property=\"article:modified_time\" content=\"2026-08-31T08:56:40+00:00\" \/>\n<meta property=\"og:image\" content=\"https:\/\/afogadosfm.com.br\/afogadosfm\/wp-content\/uploads\/2026\/08\/IMG-20260830-WA0009.jpg\" \/>\n\t<meta property=\"og:image:width\" content=\"439\" \/>\n\t<meta property=\"og:image:height\" content=\"399\" \/>\n\t<meta property=\"og:image:type\" content=\"image\/jpeg\" \/>\n<meta name=\"author\" content=\"afogadosfm\" \/>\n<meta name=\"twitter:card\" content=\"summary_large_image\" \/>\n<meta name=\"twitter:label1\" content=\"Escrito por\" \/>\n\t<meta name=\"twitter:data1\" content=\"afogadosfm\" \/>\n\t<meta name=\"twitter:label2\" content=\"Est. tempo de leitura\" \/>\n\t<meta name=\"twitter:data2\" content=\"1 minuto\" \/>\n<script type=\"application\/ld+json\" class=\"yoast-schema-graph\">{\"@context\":\"https:\\\/\\\/schema.org\",\"@graph\":[{\"@type\":\"Article\",\"@id\":\"https:\\\/\\\/afogadosfm.com.br\\\/afogadosfm\\\/2026\\\/08\\\/29\\\/homem-queima-veiculo-por-vinganca-apos-agressao-em-serra-talhada\\\/#article\",\"isPartOf\":{\"@id\":\"https:\\\/\\\/afogadosfm.com.br\\\/afogadosfm\\\/2026\\\/08\\\/29\\\/homem-queima-veiculo-por-vinganca-apos-agressao-em-serra-talhada\\\/\"},\"author\":{\"name\":\"afogadosfm\",\"@id\":\"https:\\\/\\\/afogadosfm.com.br\\\/afogadosfm\\\/#\\\/schema\\\/person\\\/60e56f2cf5dc960fc093fe093d9e9057\"},\"headline\":\"Homem queima ve\u00edculo por vingan\u00e7a ap\u00f3s agress\u00e3o em Serra Talhada\",\"datePublished\":\"2026-08-29T08:55:05+00:00\",\"dateModified\":\"2026-08-31T08:56:40+00:00\",\"mainEntityOfPage\":{\"@id\":\"https:\\\/\\\/afogadosfm.com.br\\\/afogadosfm\\\/2026\\\/08\\\/29\\\/homem-queima-veiculo-por-vinganca-apos-agressao-em-serra-talhada\\\/\"},\"wordCount\":153,\"commentCount\":0,\"publisher\":{\"@id\":\"https:\\\/\\\/afogadosfm.com.br\\\/afogadosfm\\\/#organization\"},\"image\":{\"@id\":\"https:\\\/\\\/afogadosfm.com.br\\\/afogadosfm\\\/2026\\\/08\\\/29\\\/homem-queima-veiculo-por-vinganca-apos-agressao-em-serra-talhada\\\/#primaryimage\"},\"thumbnailUrl\":\"https:\\\/\\\/i0.wp.com\\\/afogadosfm.com.br\\\/afogadosfm\\\/wp-content\\\/uploads\\\/2026\\\/08\\\/IMG-20260830-WA0009.jpg?fit=439%2C399&ssl=1\",\"articleSection\":[\"Pol\u00edcia\"],\"inLanguage\":\"pt-BR\",\"potentialAction\":[{\"@type\":\"CommentAction\",\"name\":\"Comment\",\"target\":[\"https:\\\/\\\/afogadosfm.com.br\\\/afogadosfm\\\/2026\\\/08\\\/29\\\/homem-queima-veiculo-por-vinganca-apos-agressao-em-serra-talhada\\\/#respond\"]}]},{\"@type\":\"WebPage\",\"@id\":\"https:\\\/\\\/afogadosfm.com.br\\\/afogadosfm\\\/2026\\\/08\\\/29\\\/homem-queima-veiculo-por-vinganca-apos-agressao-em-serra-talhada\\\/\",\"url\":\"https:\\\/\\\/afogadosfm.com.br\\\/afogadosfm\\\/2026\\\/08\\\/29\\\/homem-queima-veiculo-por-vinganca-apos-agressao-em-serra-talhada\\\/\",\"name\":\"Homem queima ve\u00edculo por vingan\u00e7a ap\u00f3s agress\u00e3o em Serra Talhada - Afogados FM\",\"isPartOf\":{\"@id\":\"https:\\\/\\\/afogadosfm.com.br\\\/afogadosfm\\\/#website\"},\"primaryImageOfPage\":{\"@id\":\"https:\\\/\\\/afogadosfm.com.br\\\/afogadosfm\\\/2026\\\/08\\\/29\\\/homem-queima-veiculo-por-vinganca-apos-agressao-em-serra-talhada\\\/#primaryimage\"},\"image\":{\"@id\":\"https:\\\/\\\/afogadosfm.com.br\\\/afogadosfm\\\/2026\\\/08\\\/29\\\/homem-queima-veiculo-por-vinganca-apos-agressao-em-serra-talhada\\\/#primaryimage\"},\"thumbnailUrl\":\"https:\\\/\\\/i0.wp.com\\\/afogadosfm.com.br\\\/afogadosfm\\\/wp-content\\\/uploads\\\/2026\\\/08\\\/IMG-20260830-WA0009.jpg?fit=439%2C399&ssl=1\",\"datePublished\":\"2026-08-29T08:55:05+00:00\",\"dateModified\":\"2026-08-31T08:56:40+00:00\",\"breadcrumb\":{\"@id\":\"https:\\\/\\\/afogadosfm.com.br\\\/afogadosfm\\\/2026\\\/08\\\/29\\\/homem-queima-veiculo-por-vinganca-apos-agressao-em-serra-talhada\\\/#breadcrumb\"},\"inLanguage\":\"pt-BR\",\"potentialAction\":[{\"@type\":\"ReadAction\",\"target\":[\"https:\\\/\\\/afogadosfm.com.br\\\/afogadosfm\\\/2026\\\/08\\\/29\\\/homem-queima-veiculo-por-vinganca-apos-agressao-em-serra-talhada\\\/\"]}]},{\"@type\":\"ImageObject\",\"inLanguage\":\"pt-BR\",\"@id\":\"https:\\\/\\\/afogadosfm.com.br\\\/afogadosfm\\\/2026\\\/08\\\/29\\\/homem-queima-veiculo-por-vinganca-apos-agressao-em-serra-talhada\\\/#primaryimage\",\"url\":\"https:\\\/\\\/i0.wp.com\\\/afogadosfm.com.br\\\/afogadosfm\\\/wp-content\\\/uploads\\\/2026\\\/08\\\/IMG-20260830-WA0009.jpg?fit=439%2C399&ssl=1\",\"contentUrl\":\"https:\\\/\\\/i0.wp.com\\\/afogadosfm.com.br\\\/afogadosfm\\\/wp-content\\\/uploads\\\/2026\\\/08\\\/IMG-20260830-WA0009.jpg?fit=439%2C399&ssl=1\",\"width\":439,\"height\":399},{\"@type\":\"BreadcrumbList\",\"@id\":\"https:\\\/\\\/afogadosfm.com.br\\\/afogadosfm\\\/2026\\\/08\\\/29\\\/homem-queima-veiculo-por-vinganca-apos-agressao-em-serra-talhada\\\/#breadcrumb\",\"itemListElement\":[{\"@type\":\"ListItem\",\"position\":1,\"name\":\"In\u00edcio\",\"item\":\"https:\\\/\\\/afogadosfm.com.br\\\/afogadosfm\\\/\"},{\"@type\":\"ListItem\",\"position\":2,\"name\":\"Homem queima ve\u00edculo por vingan\u00e7a ap\u00f3s agress\u00e3o em Serra Talhada\"}]},{\"@type\":\"WebSite\",\"@id\":\"https:\\\/\\\/afogadosfm.com.br\\\/afogadosfm\\\/#website\",\"url\":\"https:\\\/\\\/afogadosfm.com.br\\\/afogadosfm\\\/\",\"name\":\"Afogados FM\",\"description\":\"Um site completo!\",\"publisher\":{\"@id\":\"https:\\\/\\\/afogadosfm.com.br\\\/afogadosfm\\\/#organization\"},\"potentialAction\":[{\"@type\":\"SearchAction\",\"target\":{\"@type\":\"EntryPoint\",\"urlTemplate\":\"https:\\\/\\\/afogadosfm.com.br\\\/afogadosfm\\\/?s={search_term_string}\"},\"query-input\":{\"@type\":\"PropertyValueSpecification\",\"valueRequired\":true,\"valueName\":\"search_term_string\"}}],\"inLanguage\":\"pt-BR\"},{\"@type\":\"Organization\",\"@id\":\"https:\\\/\\\/afogadosfm.com.br\\\/afogadosfm\\\/#organization\",\"name\":\"Afogados FM\",\"url\":\"https:\\\/\\\/afogadosfm.com.br\\\/afogadosfm\\\/\",\"logo\":{\"@type\":\"ImageObject\",\"inLanguage\":\"pt-BR\",\"@id\":\"https:\\\/\\\/afogadosfm.com.br\\\/afogadosfm\\\/#\\\/schema\\\/logo\\\/image\\\/\",\"url\":\"https:\\\/\\\/i0.wp.com\\\/afogadosfm.com.br\\\/afogadosfm\\\/wp-content\\\/uploads\\\/2020\\\/06\\\/cropped-banner-afogados-4.jpg?fit=369%2C137&ssl=1\",\"contentUrl\":\"https:\\\/\\\/i0.wp.com\\\/afogadosfm.com.br\\\/afogadosfm\\\/wp-content\\\/uploads\\\/2020\\\/06\\\/cropped-banner-afogados-4.jpg?fit=369%2C137&ssl=1\",\"width\":369,\"height\":137,\"caption\":\"Afogados FM\"},\"image\":{\"@id\":\"https:\\\/\\\/afogadosfm.com.br\\\/afogadosfm\\\/#\\\/schema\\\/logo\\\/image\\\/\"}},{\"@type\":\"Person\",\"@id\":\"https:\\\/\\\/afogadosfm.com.br\\\/afogadosfm\\\/#\\\/schema\\\/person\\\/60e56f2cf5dc960fc093fe093d9e9057\",\"name\":\"afogadosfm\",\"image\":{\"@type\":\"ImageObject\",\"inLanguage\":\"pt-BR\",\"@id\":\"https:\\\/\\\/secure.gravatar.com\\\/avatar\\\/e0359add7ed5dc3560906d861b52c6a8cf5c1e199d3a7dd85070998f49bd4701?s=96&d=mm&r=g\",\"url\":\"https:\\\/\\\/secure.gravatar.com\\\/avatar\\\/e0359add7ed5dc3560906d861b52c6a8cf5c1e199d3a7dd85070998f49bd4701?s=96&d=mm&r=g\",\"contentUrl\":\"https:\\\/\\\/secure.gravatar.com\\\/avatar\\\/e0359add7ed5dc3560906d861b52c6a8cf5c1e199d3a7dd85070998f49bd4701?s=96&d=mm&r=g\",\"caption\":\"afogadosfm\"},\"url\":\"https:\\\/\\\/afogadosfm.com.br\\\/afogadosfm\\\/author\\\/afogadosfm\\\/\"}]}<\/script>\n<!-- \/ Yoast SEO plugin. -->","yoast_head_json":{"title":"Homem queima ve\u00edculo por vingan\u00e7a ap\u00f3s agress\u00e3o em Serra Talhada - Afogados FM","robots":{"index":"index","follow":"follow","max-snippet":"max-snippet:-1","max-image-preview":"max-image-preview:large","max-video-preview":"max-video-preview:-1"},"canonical":"https:\/\/afogadosfm.com.br\/afogadosfm\/2026\/08\/29\/homem-queima-veiculo-por-vinganca-apos-agressao-em-serra-talhada\/","og_locale":"pt_BR","og_type":"article","og_title":"Homem queima ve\u00edculo por vingan\u00e7a ap\u00f3s agress\u00e3o em Serra Talhada - Afogados FM","og_description":"A Pol\u00edcia Militar foi acionada na manh\u00e3 desse s\u00e1bado (29) ap\u00f3s ser informada sobre um carro que teria sido queimado","og_url":"https:\/\/afogadosfm.com.br\/afogadosfm\/2026\/08\/29\/homem-queima-veiculo-por-vinganca-apos-agressao-em-serra-talhada\/","og_site_name":"Afogados FM","article_published_time":"2026-08-29T08:55:05+00:00","article_modified_time":"2026-08-31T08:56:40+00:00","og_image":[{"width":439,"height":399,"url":"https:\/\/afogadosfm.com.br\/afogadosfm\/wp-content\/uploads\/2026\/08\/IMG-20260830-WA0009.jpg","type":"image\/jpeg"}],"author":"afogadosfm","twitter_card":"summary_large_image","twitter_misc":{"Escrito por":"afogadosfm","Est. tempo de leitura":"1 minuto"},"schema":{"@context":"https:\/\/schema.org","@graph":[{"@type":"Article","@id":"https:\/\/afogadosfm.com.br\/afogadosfm\/2026\/08\/29\/homem-queima-veiculo-por-vinganca-apos-agressao-em-serra-talhada\/#article","isPartOf":{"@id":"https:\/\/afogadosfm.com.br\/afogadosfm\/2026\/08\/29\/homem-queima-veiculo-por-vinganca-apos-agressao-em-serra-talhada\/"},"author":{"name":"afogadosfm","@id":"https:\/\/afogadosfm.com.br\/afogadosfm\/#\/schema\/person\/60e56f2cf5dc960fc093fe093d9e9057"},"headline":"Homem queima ve\u00edculo por vingan\u00e7a ap\u00f3s agress\u00e3o em Serra Talhada","datePublished":"2026-08-29T08:55:05+00:00","dateModified":"2026-08-31T08:56:40+00:00","mainEntityOfPage":{"@id":"https:\/\/afogadosfm.com.br\/afogadosfm\/2026\/08\/29\/homem-queima-veiculo-por-vinganca-apos-agressao-em-serra-talhada\/"},"wordCount":153,"commentCount":0,"publisher":{"@id":"https:\/\/afogadosfm.com.br\/afogadosfm\/#organization"},"image":{"@id":"https:\/\/afogadosfm.com.br\/afogadosfm\/2026\/08\/29\/homem-queima-veiculo-por-vinganca-apos-agressao-em-serra-talhada\/#primaryimage"},"thumbnailUrl":"https:\/\/i0.wp.com\/afogadosfm.com.br\/afogadosfm\/wp-content\/uploads\/2026\/08\/IMG-20260830-WA0009.jpg?fit=439%2C399&ssl=1","articleSection":["Pol\u00edcia"],"inLanguage":"pt-BR","potentialAction":[{"@type":"CommentAction","name":"Comment","target":["https:\/\/afogadosfm.com.br\/afogadosfm\/2026\/08\/29\/homem-queima-veiculo-por-vinganca-apos-agressao-em-serra-talhada\/#respond"]}]},{"@type":"WebPage","@id":"https:\/\/afogadosfm.com.br\/afogadosfm\/2026\/08\/29\/homem-queima-veiculo-por-vinganca-apos-agressao-em-serra-talhada\/","url":"https:\/\/afogadosfm.com.br\/afogadosfm\/2026\/08\/29\/homem-queima-veiculo-por-vinganca-apos-agressao-em-serra-talhada\/","name":"Homem queima ve\u00edculo por vingan\u00e7a ap\u00f3s agress\u00e3o em Serra Talhada - Afogados FM","isPartOf":{"@id":"https:\/\/afogadosfm.com.br\/afogadosfm\/#website"},"primaryImageOfPage":{"@id":"https:\/\/afogadosfm.com.br\/afogadosfm\/2026\/08\/29\/homem-queima-veiculo-por-vinganca-apos-agressao-em-serra-talhada\/#primaryimage"},"image":{"@id":"https:\/\/afogadosfm.com.br\/afogadosfm\/2026\/08\/29\/homem-queima-veiculo-por-vinganca-apos-agressao-em-serra-talhada\/#primaryimage"},"thumbnailUrl":"https:\/\/i0.wp.com\/afogadosfm.com.br\/afogadosfm\/wp-content\/uploads\/2026\/08\/IMG-20260830-WA0009.jpg?fit=439%2C399&ssl=1","datePublished":"2026-08-29T08:55:05+00:00","dateModified":"2026-08-31T08:56:40+00:00","breadcrumb":{"@id":"https:\/\/afogadosfm.com.br\/afogadosfm\/2026\/08\/29\/homem-queima-veiculo-por-vinganca-apos-agressao-em-serra-talhada\/#breadcrumb"},"inLanguage":"pt-BR","potentialAction":[{"@type":"ReadAction","target":["https:\/\/afogadosfm.com.br\/afogadosfm\/2026\/08\/29\/homem-queima-veiculo-por-vinganca-apos-agressao-em-serra-talhada\/"]}]},{"@type":"ImageObject","inLanguage":"pt-BR","@id":"https:\/\/afogadosfm.com.br\/afogadosfm\/2026\/08\/29\/homem-queima-veiculo-por-vinganca-apos-agressao-em-serra-talhada\/#primaryimage","url":"https:\/\/i0.wp.com\/afogadosfm.com.br\/afogadosfm\/wp-content\/uploads\/2026\/08\/IMG-20260830-WA0009.jpg?fit=439%2C399&ssl=1","contentUrl":"https:\/\/i0.wp.com\/afogadosfm.com.br\/afogadosfm\/wp-content\/uploads\/2026\/08\/IMG-20260830-WA0009.jpg?fit=439%2C399&ssl=1","width":439,"height":399},{"@type":"BreadcrumbList","@id":"https:\/\/afogadosfm.com.br\/afogadosfm\/2026\/08\/29\/homem-queima-veiculo-por-vinganca-apos-agressao-em-serra-talhada\/#breadcrumb","itemListElement":[{"@type":"ListItem","position":1,"name":"In\u00edcio","item":"https:\/\/afogadosfm.com.br\/afogadosfm\/"},{"@type":"ListItem","position":2,"name":"Homem queima ve\u00edculo por vingan\u00e7a ap\u00f3s agress\u00e3o em Serra Talhada"}]},{"@type":"WebSite","@id":"https:\/\/afogadosfm.com.br\/afogadosfm\/#website","url":"https:\/\/afogadosfm.com.br\/afogadosfm\/","name":"Afogados FM","description":"Um site completo!","publisher":{"@id":"https:\/\/afogadosfm.com.br\/afogadosfm\/#organization"},"potentialAction":[{"@type":"SearchAction","target":{"@type":"EntryPoint","urlTemplate":"https:\/\/afogadosfm.com.br\/afogadosfm\/?s={search_term_string}"},"query-input":{"@type":"PropertyValueSpecification","valueRequired":true,"valueName":"search_term_string"}}],"inLanguage":"pt-BR"},{"@type":"Organization","@id":"https:\/\/afogadosfm.com.br\/afogadosfm\/#organization","name":"Afogados FM","url":"https:\/\/afogadosfm.com.br\/afogadosfm\/","logo":{"@type":"ImageObject","inLanguage":"pt-BR","@id":"https:\/\/afogadosfm.com.br\/afogadosfm\/#\/schema\/logo\/image\/","url":"https:\/\/i0.wp.com\/afogadosfm.com.br\/afogadosfm\/wp-content\/uploads\/2020\/06\/cropped-banner-afogados-4.jpg?fit=369%2C137&ssl=1","contentUrl":"https:\/\/i0.wp.com\/afogadosfm.com.br\/afogadosfm\/wp-content\/uploads\/2020\/06\/cropped-banner-afogados-4.jpg?fit=369%2C137&ssl=1","width":369,"height":137,"caption":"Afogados FM"},"image":{"@id":"https:\/\/afogadosfm.com.br\/afogadosfm\/#\/schema\/logo\/image\/"}},{"@type":"Person","@id":"https:\/\/afogadosfm.com.br\/afogadosfm\/#\/schema\/person\/60e56f2cf5dc960fc093fe093d9e9057","name":"afogadosfm","image":{"@type":"ImageObject","inLanguage":"pt-BR","@id":"https:\/\/secure.gravatar.com\/avatar\/e0359add7ed5dc3560906d861b52c6a8cf5c1e199d3a7dd85070998f49bd4701?s=96&d=mm&r=g","url":"https:\/\/secure.gravatar.com\/avatar\/e0359add7ed5dc3560906d861b52c6a8cf5c1e199d3a7dd85070998f49bd4701?s=96&d=mm&r=g","contentUrl":"https:\/\/secure.gravatar.com\/avatar\/e0359add7ed5dc3560906d861b52c6a8cf5c1e199d3a7dd85070998f49bd4701?s=96&d=mm&r=g","caption":"afogadosfm"},"url":"https:\/\/afogadosfm.com.br\/afogadosfm\/author\/afogadosfm\/"}]}},"jetpack_publicize_connections":[],"jetpack-related-posts":[],"jetpack_sharing_enabled":true,"jetpack_likes_enabled":true,"jetpack_featured_media_url":"https:\/\/i0.wp.com\/afogadosfm.com.br\/afogadosfm\/wp-content\/uploads\/2026\/08\/IMG-20260830-WA0009.jpg?fit=439%2C399&ssl=1","_links":{"self":[{"href":"https:\/\/afogadosfm.com.br\/afogadosfm\/wp-json\/wp\/v2\/posts\/75564","targetHints":{"allow":["GET"]}}],"collection":[{"href":"https:\/\/afogadosfm.com.br\/afogadosfm\/wp-json\/wp\/v2\/posts"}],"about":[{"href":"https:\/\/afogadosfm.com.br\/afogadosfm\/wp-json\/wp\/v2\/types\/post"}],"author":[{"embeddable":true,"href":"https:\/\/afogadosfm.com.br\/afogadosfm\/wp-json\/wp\/v2\/users\/2"}],"replies":[{"embeddable":true,"href":"https:\/\/afogadosfm.com.br\/afogadosfm\/wp-json\/wp\/v2\/comments?post=75564"}],"version-history":[{"count":1,"href":"https:\/\/afogadosfm.com.br\/afogadosfm\/wp-json\/wp\/v2\/posts\/75564\/revisions"}],"predecessor-version":[{"id":75566,"href":"https:\/\/afogadosfm.com.br\/afogadosfm\/wp-json\/wp\/v2\/posts\/75564\/revisions\/75566"}],"wp:featuredmedia":[{"embeddable":true,"href":"https:\/\/afogadosfm.com.br\/afogadosfm\/wp-json\/wp\/v2\/media\/75565"}],"wp:attachment":[{"href":"https:\/\/afogadosfm.com.br\/afogadosfm\/wp-json\/wp\/v2\/media?parent=75564"}],"wp:term":[{"taxonomy":"category","embeddable":true,"href":"https:\/\/afogadosfm.com.br\/afogadosfm\/wp-json\/wp\/v2\/categories?post=75564"},{"taxonomy":"post_tag","embeddable":true,"href":"https:\/\/afogadosfm.com.br\/afogadosfm\/wp-json\/wp\/v2\/tags?post=75564"}],"curies":[{"name":"wp","href":"https:\/\/api.w.org\/{rel}","templated":true}]}}