{"id":75580,"date":"2026-08-31T08:47:28","date_gmt":"2026-08-31T11:47:28","guid":{"rendered":"https:\/\/afogadosfm.com.br\/afogadosfm\/?p=75580"},"modified":"2026-08-31T08:47:28","modified_gmt":"2026-08-31T11:47:28","slug":"em-nota-prefeitura-de-carnaiba-nega-ter-barrado-carreta-da-mulher-e-diz-que-nao-foi-comunicada","status":"publish","type":"post","link":"https:\/\/afogadosfm.com.br\/afogadosfm\/2026\/08\/31\/em-nota-prefeitura-de-carnaiba-nega-ter-barrado-carreta-da-mulher-e-diz-que-nao-foi-comunicada\/","title":{"rendered":"Em nota, Prefeitura de Carna\u00edba nega ter barrado Carreta da Mulher e diz que n\u00e3o foi comunicada"},"content":{"rendered":"<p class=\"PDq2pG_selectionAnchorContainer\" data-start=\"103\" data-end=\"194\">Gest\u00e3o afirma que o servi\u00e7o havia sido solicitado ao Governo do Estado em setembro de 2025.<\/p>\n<p data-start=\"196\" data-end=\"369\">Neste domingo (30), a Prefeitura de Carna\u00edba divulgou uma nota oficial para negar que tenha tentado impedir a instala\u00e7\u00e3o e o funcionamento da Carreta da Mulher no munic\u00edpio.<\/p>\n<p data-start=\"371\" data-end=\"658\">A manifesta\u00e7\u00e3o ocorre ap\u00f3s o candidato a deputado estadual Marconi Santana (PSD) acusar a gest\u00e3o do prefeito Berg Gomes (PSB) de enviar fiscais e a Guarda Municipal para barrar a estrutura. Segundo Marconi, a Pol\u00edcia Militar teria sido chamada para garantir a perman\u00eancia do equipamento.<\/p>\n<p data-start=\"660\" data-end=\"861\">Na nota, a Prefeitura afirma que solicitou a Carreta da Mulher ao Governo de Pernambuco em setembro de 2025, com o objetivo de ampliar a oferta de servi\u00e7os de sa\u00fade destinados \u00e0s mulheres do munic\u00edpio.<\/p>\n<p data-start=\"863\" data-end=\"1042\">De acordo com a gest\u00e3o, a unidade m\u00f3vel chegou a Carna\u00edba na noite desse s\u00e1bado (29), sem comunica\u00e7\u00e3o pr\u00e9via sobre a data, o local de instala\u00e7\u00e3o ou a organiza\u00e7\u00e3o dos atendimentos.<\/p>\n<p data-start=\"1044\" data-end=\"1353\">A Prefeitura tamb\u00e9m informou que n\u00e3o houve articula\u00e7\u00e3o para definir o espa\u00e7o adequado e as condi\u00e7\u00f5es necess\u00e1rias ao funcionamento da estrutura. A carreta teria sido instalada em uma pra\u00e7a p\u00fablica sem autoriza\u00e7\u00e3o municipal e com interfer\u00eancias na mobilidade, o que motivou o acompanhamento da Guarda Municipal.<\/p>\n<p data-start=\"1355\" data-end=\"1603\">\u201cA Prefeitura esclarece, sobretudo, que em nenhum momento se recusou a receber a Carreta da Mulher ou buscou impedir a realiza\u00e7\u00e3o dos atendimentos. Ao contr\u00e1rio: trata-se de um servi\u00e7o solicitado pelo pr\u00f3prio munic\u00edpio h\u00e1 quase um ano\u201d, diz a nota.<\/p>\n<p data-start=\"1605\" data-end=\"1848\">Antes do posicionamento oficial, o ex-prefeito de Carna\u00edba e candidato a deputado federal Anchieta Patriota (PSB) tamb\u00e9m declarou que a gest\u00e3o n\u00e3o havia sido comunicada. Para ele, o problema poderia ter sido evitado com uma notifica\u00e7\u00e3o pr\u00e9via.<\/p>\n<p data-start=\"1850\" data-end=\"2117\">A Prefeitura sustenta que o questionamento se restringe \u00e0 forma como a carreta chegou e foi instalada. Segundo a nota, a articula\u00e7\u00e3o antecipada permitiria organizar o espa\u00e7o, oferecer suporte, divulgar os servi\u00e7os e orientar as mulheres interessadas nos atendimentos.<\/p>\n<p data-start=\"2119\" data-end=\"2296\">A gest\u00e3o tamb\u00e9m rejeitou a transforma\u00e7\u00e3o do epis\u00f3dio em uma disputa eleitoral e afirmou que receber\u00e1 o equipamento para que os servi\u00e7os sejam oferecidos \u00e0 popula\u00e7\u00e3o de Carna\u00edba.<\/p>\n","protected":false},"excerpt":{"rendered":"<p>Gest\u00e3o afirma que o servi\u00e7o havia sido solicitado ao Governo do Estado em setembro de 2025. Neste domingo (30), a<\/p>\n","protected":false},"author":2,"featured_media":75581,"comment_status":"open","ping_status":"open","sticky":false,"template":"","format":"standard","meta":{"_jetpack_newsletter_access":"","_jetpack_dont_email_post_to_subs":false,"_jetpack_newsletter_tier_id":0,"_jetpack_memberships_contains_paywalled_content":false,"_jetpack_feature_clip_id":0,"_jetpack_memberships_contains_paid_content":false,"footnotes":"","jetpack_publicize_message":"","jetpack_publicize_feature_enabled":true,"jetpack_social_post_already_shared":true,"jetpack_social_options":{"image_generator_settings":{"template":"highway","default_image_id":0,"font":"","enabled":false},"version":2},"jetpack_post_was_ever_published":false},"categories":[32],"tags":[],"class_list":["post-75580","post","type-post","status-publish","format-standard","has-post-thumbnail","hentry","category-sertao"],"yoast_head":"<!-- This site is optimized with the Yoast SEO plugin v28.3 - https:\/\/yoast.com\/product\/yoast-seo-wordpress\/ -->\n<title>Em nota, Prefeitura de Carna\u00edba nega ter barrado Carreta da Mulher e diz que n\u00e3o foi comunicada - Afogados FM<\/title>\n<meta name=\"robots\" content=\"index, follow, max-snippet:-1, max-image-preview:large, max-video-preview:-1\" \/>\n<link rel=\"canonical\" href=\"https:\/\/afogadosfm.com.br\/afogadosfm\/2026\/08\/31\/em-nota-prefeitura-de-carnaiba-nega-ter-barrado-carreta-da-mulher-e-diz-que-nao-foi-comunicada\/\" \/>\n<meta property=\"og:locale\" content=\"pt_BR\" \/>\n<meta property=\"og:type\" content=\"article\" \/>\n<meta property=\"og:title\" content=\"Em nota, Prefeitura de Carna\u00edba nega ter barrado Carreta da Mulher e diz que n\u00e3o foi comunicada - Afogados FM\" \/>\n<meta property=\"og:description\" content=\"Gest\u00e3o afirma que o servi\u00e7o havia sido solicitado ao Governo do Estado em setembro de 2025. Neste domingo (30), a\" \/>\n<meta property=\"og:url\" content=\"https:\/\/afogadosfm.com.br\/afogadosfm\/2026\/08\/31\/em-nota-prefeitura-de-carnaiba-nega-ter-barrado-carreta-da-mulher-e-diz-que-nao-foi-comunicada\/\" \/>\n<meta property=\"og:site_name\" content=\"Afogados FM\" \/>\n<meta property=\"article:published_time\" content=\"2026-08-31T11:47:28+00:00\" \/>\n<meta property=\"og:image\" content=\"https:\/\/afogadosfm.com.br\/afogadosfm\/wp-content\/uploads\/2026\/08\/1_imagem_carreta_1024x576-35764647.webp\" \/>\n\t<meta property=\"og:image:width\" content=\"600\" \/>\n\t<meta property=\"og:image:height\" content=\"400\" \/>\n\t<meta property=\"og:image:type\" content=\"image\/webp\" \/>\n<meta name=\"author\" content=\"afogadosfm\" \/>\n<meta name=\"twitter:card\" content=\"summary_large_image\" \/>\n<meta name=\"twitter:label1\" content=\"Escrito por\" \/>\n\t<meta name=\"twitter:data1\" content=\"afogadosfm\" \/>\n\t<meta name=\"twitter:label2\" content=\"Est. tempo de leitura\" \/>\n\t<meta name=\"twitter:data2\" content=\"3 minutos\" \/>\n<script type=\"application\/ld+json\" class=\"yoast-schema-graph\">{\"@context\":\"https:\\\/\\\/schema.org\",\"@graph\":[{\"@type\":\"Article\",\"@id\":\"https:\\\/\\\/afogadosfm.com.br\\\/afogadosfm\\\/2026\\\/08\\\/31\\\/em-nota-prefeitura-de-carnaiba-nega-ter-barrado-carreta-da-mulher-e-diz-que-nao-foi-comunicada\\\/#article\",\"isPartOf\":{\"@id\":\"https:\\\/\\\/afogadosfm.com.br\\\/afogadosfm\\\/2026\\\/08\\\/31\\\/em-nota-prefeitura-de-carnaiba-nega-ter-barrado-carreta-da-mulher-e-diz-que-nao-foi-comunicada\\\/\"},\"author\":{\"name\":\"afogadosfm\",\"@id\":\"https:\\\/\\\/afogadosfm.com.br\\\/afogadosfm\\\/#\\\/schema\\\/person\\\/60e56f2cf5dc960fc093fe093d9e9057\"},\"headline\":\"Em nota, Prefeitura de Carna\u00edba nega ter barrado Carreta da Mulher e diz que n\u00e3o foi comunicada\",\"datePublished\":\"2026-08-31T11:47:28+00:00\",\"mainEntityOfPage\":{\"@id\":\"https:\\\/\\\/afogadosfm.com.br\\\/afogadosfm\\\/2026\\\/08\\\/31\\\/em-nota-prefeitura-de-carnaiba-nega-ter-barrado-carreta-da-mulher-e-diz-que-nao-foi-comunicada\\\/\"},\"wordCount\":410,\"commentCount\":0,\"publisher\":{\"@id\":\"https:\\\/\\\/afogadosfm.com.br\\\/afogadosfm\\\/#organization\"},\"image\":{\"@id\":\"https:\\\/\\\/afogadosfm.com.br\\\/afogadosfm\\\/2026\\\/08\\\/31\\\/em-nota-prefeitura-de-carnaiba-nega-ter-barrado-carreta-da-mulher-e-diz-que-nao-foi-comunicada\\\/#primaryimage\"},\"thumbnailUrl\":\"https:\\\/\\\/i0.wp.com\\\/afogadosfm.com.br\\\/afogadosfm\\\/wp-content\\\/uploads\\\/2026\\\/08\\\/1_imagem_carreta_1024x576-35764647.webp?fit=600%2C400&ssl=1\",\"articleSection\":[\"Sert\u00e3o\"],\"inLanguage\":\"pt-BR\",\"potentialAction\":[{\"@type\":\"CommentAction\",\"name\":\"Comment\",\"target\":[\"https:\\\/\\\/afogadosfm.com.br\\\/afogadosfm\\\/2026\\\/08\\\/31\\\/em-nota-prefeitura-de-carnaiba-nega-ter-barrado-carreta-da-mulher-e-diz-que-nao-foi-comunicada\\\/#respond\"]}]},{\"@type\":\"WebPage\",\"@id\":\"https:\\\/\\\/afogadosfm.com.br\\\/afogadosfm\\\/2026\\\/08\\\/31\\\/em-nota-prefeitura-de-carnaiba-nega-ter-barrado-carreta-da-mulher-e-diz-que-nao-foi-comunicada\\\/\",\"url\":\"https:\\\/\\\/afogadosfm.com.br\\\/afogadosfm\\\/2026\\\/08\\\/31\\\/em-nota-prefeitura-de-carnaiba-nega-ter-barrado-carreta-da-mulher-e-diz-que-nao-foi-comunicada\\\/\",\"name\":\"Em nota, Prefeitura de Carna\u00edba nega ter barrado Carreta da Mulher e diz que n\u00e3o foi comunicada - Afogados FM\",\"isPartOf\":{\"@id\":\"https:\\\/\\\/afogadosfm.com.br\\\/afogadosfm\\\/#website\"},\"primaryImageOfPage\":{\"@id\":\"https:\\\/\\\/afogadosfm.com.br\\\/afogadosfm\\\/2026\\\/08\\\/31\\\/em-nota-prefeitura-de-carnaiba-nega-ter-barrado-carreta-da-mulher-e-diz-que-nao-foi-comunicada\\\/#primaryimage\"},\"image\":{\"@id\":\"https:\\\/\\\/afogadosfm.com.br\\\/afogadosfm\\\/2026\\\/08\\\/31\\\/em-nota-prefeitura-de-carnaiba-nega-ter-barrado-carreta-da-mulher-e-diz-que-nao-foi-comunicada\\\/#primaryimage\"},\"thumbnailUrl\":\"https:\\\/\\\/i0.wp.com\\\/afogadosfm.com.br\\\/afogadosfm\\\/wp-content\\\/uploads\\\/2026\\\/08\\\/1_imagem_carreta_1024x576-35764647.webp?fit=600%2C400&ssl=1\",\"datePublished\":\"2026-08-31T11:47:28+00:00\",\"breadcrumb\":{\"@id\":\"https:\\\/\\\/afogadosfm.com.br\\\/afogadosfm\\\/2026\\\/08\\\/31\\\/em-nota-prefeitura-de-carnaiba-nega-ter-barrado-carreta-da-mulher-e-diz-que-nao-foi-comunicada\\\/#breadcrumb\"},\"inLanguage\":\"pt-BR\",\"potentialAction\":[{\"@type\":\"ReadAction\",\"target\":[\"https:\\\/\\\/afogadosfm.com.br\\\/afogadosfm\\\/2026\\\/08\\\/31\\\/em-nota-prefeitura-de-carnaiba-nega-ter-barrado-carreta-da-mulher-e-diz-que-nao-foi-comunicada\\\/\"]}]},{\"@type\":\"ImageObject\",\"inLanguage\":\"pt-BR\",\"@id\":\"https:\\\/\\\/afogadosfm.com.br\\\/afogadosfm\\\/2026\\\/08\\\/31\\\/em-nota-prefeitura-de-carnaiba-nega-ter-barrado-carreta-da-mulher-e-diz-que-nao-foi-comunicada\\\/#primaryimage\",\"url\":\"https:\\\/\\\/i0.wp.com\\\/afogadosfm.com.br\\\/afogadosfm\\\/wp-content\\\/uploads\\\/2026\\\/08\\\/1_imagem_carreta_1024x576-35764647.webp?fit=600%2C400&ssl=1\",\"contentUrl\":\"https:\\\/\\\/i0.wp.com\\\/afogadosfm.com.br\\\/afogadosfm\\\/wp-content\\\/uploads\\\/2026\\\/08\\\/1_imagem_carreta_1024x576-35764647.webp?fit=600%2C400&ssl=1\",\"width\":600,\"height\":400},{\"@type\":\"BreadcrumbList\",\"@id\":\"https:\\\/\\\/afogadosfm.com.br\\\/afogadosfm\\\/2026\\\/08\\\/31\\\/em-nota-prefeitura-de-carnaiba-nega-ter-barrado-carreta-da-mulher-e-diz-que-nao-foi-comunicada\\\/#breadcrumb\",\"itemListElement\":[{\"@type\":\"ListItem\",\"position\":1,\"name\":\"In\u00edcio\",\"item\":\"https:\\\/\\\/afogadosfm.com.br\\\/afogadosfm\\\/\"},{\"@type\":\"ListItem\",\"position\":2,\"name\":\"Em nota, Prefeitura de Carna\u00edba nega ter barrado Carreta da Mulher e diz que n\u00e3o foi comunicada\"}]},{\"@type\":\"WebSite\",\"@id\":\"https:\\\/\\\/afogadosfm.com.br\\\/afogadosfm\\\/#website\",\"url\":\"https:\\\/\\\/afogadosfm.com.br\\\/afogadosfm\\\/\",\"name\":\"Afogados FM\",\"description\":\"Um site completo!\",\"publisher\":{\"@id\":\"https:\\\/\\\/afogadosfm.com.br\\\/afogadosfm\\\/#organization\"},\"potentialAction\":[{\"@type\":\"SearchAction\",\"target\":{\"@type\":\"EntryPoint\",\"urlTemplate\":\"https:\\\/\\\/afogadosfm.com.br\\\/afogadosfm\\\/?s={search_term_string}\"},\"query-input\":{\"@type\":\"PropertyValueSpecification\",\"valueRequired\":true,\"valueName\":\"search_term_string\"}}],\"inLanguage\":\"pt-BR\"},{\"@type\":\"Organization\",\"@id\":\"https:\\\/\\\/afogadosfm.com.br\\\/afogadosfm\\\/#organization\",\"name\":\"Afogados FM\",\"url\":\"https:\\\/\\\/afogadosfm.com.br\\\/afogadosfm\\\/\",\"logo\":{\"@type\":\"ImageObject\",\"inLanguage\":\"pt-BR\",\"@id\":\"https:\\\/\\\/afogadosfm.com.br\\\/afogadosfm\\\/#\\\/schema\\\/logo\\\/image\\\/\",\"url\":\"https:\\\/\\\/i0.wp.com\\\/afogadosfm.com.br\\\/afogadosfm\\\/wp-content\\\/uploads\\\/2020\\\/06\\\/cropped-banner-afogados-4.jpg?fit=369%2C137&ssl=1\",\"contentUrl\":\"https:\\\/\\\/i0.wp.com\\\/afogadosfm.com.br\\\/afogadosfm\\\/wp-content\\\/uploads\\\/2020\\\/06\\\/cropped-banner-afogados-4.jpg?fit=369%2C137&ssl=1\",\"width\":369,\"height\":137,\"caption\":\"Afogados FM\"},\"image\":{\"@id\":\"https:\\\/\\\/afogadosfm.com.br\\\/afogadosfm\\\/#\\\/schema\\\/logo\\\/image\\\/\"}},{\"@type\":\"Person\",\"@id\":\"https:\\\/\\\/afogadosfm.com.br\\\/afogadosfm\\\/#\\\/schema\\\/person\\\/60e56f2cf5dc960fc093fe093d9e9057\",\"name\":\"afogadosfm\",\"image\":{\"@type\":\"ImageObject\",\"inLanguage\":\"pt-BR\",\"@id\":\"https:\\\/\\\/secure.gravatar.com\\\/avatar\\\/e0359add7ed5dc3560906d861b52c6a8cf5c1e199d3a7dd85070998f49bd4701?s=96&d=mm&r=g\",\"url\":\"https:\\\/\\\/secure.gravatar.com\\\/avatar\\\/e0359add7ed5dc3560906d861b52c6a8cf5c1e199d3a7dd85070998f49bd4701?s=96&d=mm&r=g\",\"contentUrl\":\"https:\\\/\\\/secure.gravatar.com\\\/avatar\\\/e0359add7ed5dc3560906d861b52c6a8cf5c1e199d3a7dd85070998f49bd4701?s=96&d=mm&r=g\",\"caption\":\"afogadosfm\"},\"url\":\"https:\\\/\\\/afogadosfm.com.br\\\/afogadosfm\\\/author\\\/afogadosfm\\\/\"}]}<\/script>\n<!-- \/ Yoast SEO plugin. -->","yoast_head_json":{"title":"Em nota, Prefeitura de Carna\u00edba nega ter barrado Carreta da Mulher e diz que n\u00e3o foi comunicada - Afogados FM","robots":{"index":"index","follow":"follow","max-snippet":"max-snippet:-1","max-image-preview":"max-image-preview:large","max-video-preview":"max-video-preview:-1"},"canonical":"https:\/\/afogadosfm.com.br\/afogadosfm\/2026\/08\/31\/em-nota-prefeitura-de-carnaiba-nega-ter-barrado-carreta-da-mulher-e-diz-que-nao-foi-comunicada\/","og_locale":"pt_BR","og_type":"article","og_title":"Em nota, Prefeitura de Carna\u00edba nega ter barrado Carreta da Mulher e diz que n\u00e3o foi comunicada - Afogados FM","og_description":"Gest\u00e3o afirma que o servi\u00e7o havia sido solicitado ao Governo do Estado em setembro de 2025. Neste domingo (30), a","og_url":"https:\/\/afogadosfm.com.br\/afogadosfm\/2026\/08\/31\/em-nota-prefeitura-de-carnaiba-nega-ter-barrado-carreta-da-mulher-e-diz-que-nao-foi-comunicada\/","og_site_name":"Afogados FM","article_published_time":"2026-08-31T11:47:28+00:00","og_image":[{"width":600,"height":400,"url":"https:\/\/afogadosfm.com.br\/afogadosfm\/wp-content\/uploads\/2026\/08\/1_imagem_carreta_1024x576-35764647.webp","type":"image\/webp"}],"author":"afogadosfm","twitter_card":"summary_large_image","twitter_misc":{"Escrito por":"afogadosfm","Est. tempo de leitura":"3 minutos"},"schema":{"@context":"https:\/\/schema.org","@graph":[{"@type":"Article","@id":"https:\/\/afogadosfm.com.br\/afogadosfm\/2026\/08\/31\/em-nota-prefeitura-de-carnaiba-nega-ter-barrado-carreta-da-mulher-e-diz-que-nao-foi-comunicada\/#article","isPartOf":{"@id":"https:\/\/afogadosfm.com.br\/afogadosfm\/2026\/08\/31\/em-nota-prefeitura-de-carnaiba-nega-ter-barrado-carreta-da-mulher-e-diz-que-nao-foi-comunicada\/"},"author":{"name":"afogadosfm","@id":"https:\/\/afogadosfm.com.br\/afogadosfm\/#\/schema\/person\/60e56f2cf5dc960fc093fe093d9e9057"},"headline":"Em nota, Prefeitura de Carna\u00edba nega ter barrado Carreta da Mulher e diz que n\u00e3o foi comunicada","datePublished":"2026-08-31T11:47:28+00:00","mainEntityOfPage":{"@id":"https:\/\/afogadosfm.com.br\/afogadosfm\/2026\/08\/31\/em-nota-prefeitura-de-carnaiba-nega-ter-barrado-carreta-da-mulher-e-diz-que-nao-foi-comunicada\/"},"wordCount":410,"commentCount":0,"publisher":{"@id":"https:\/\/afogadosfm.com.br\/afogadosfm\/#organization"},"image":{"@id":"https:\/\/afogadosfm.com.br\/afogadosfm\/2026\/08\/31\/em-nota-prefeitura-de-carnaiba-nega-ter-barrado-carreta-da-mulher-e-diz-que-nao-foi-comunicada\/#primaryimage"},"thumbnailUrl":"https:\/\/i0.wp.com\/afogadosfm.com.br\/afogadosfm\/wp-content\/uploads\/2026\/08\/1_imagem_carreta_1024x576-35764647.webp?fit=600%2C400&ssl=1","articleSection":["Sert\u00e3o"],"inLanguage":"pt-BR","potentialAction":[{"@type":"CommentAction","name":"Comment","target":["https:\/\/afogadosfm.com.br\/afogadosfm\/2026\/08\/31\/em-nota-prefeitura-de-carnaiba-nega-ter-barrado-carreta-da-mulher-e-diz-que-nao-foi-comunicada\/#respond"]}]},{"@type":"WebPage","@id":"https:\/\/afogadosfm.com.br\/afogadosfm\/2026\/08\/31\/em-nota-prefeitura-de-carnaiba-nega-ter-barrado-carreta-da-mulher-e-diz-que-nao-foi-comunicada\/","url":"https:\/\/afogadosfm.com.br\/afogadosfm\/2026\/08\/31\/em-nota-prefeitura-de-carnaiba-nega-ter-barrado-carreta-da-mulher-e-diz-que-nao-foi-comunicada\/","name":"Em nota, Prefeitura de Carna\u00edba nega ter barrado Carreta da Mulher e diz que n\u00e3o foi comunicada - Afogados FM","isPartOf":{"@id":"https:\/\/afogadosfm.com.br\/afogadosfm\/#website"},"primaryImageOfPage":{"@id":"https:\/\/afogadosfm.com.br\/afogadosfm\/2026\/08\/31\/em-nota-prefeitura-de-carnaiba-nega-ter-barrado-carreta-da-mulher-e-diz-que-nao-foi-comunicada\/#primaryimage"},"image":{"@id":"https:\/\/afogadosfm.com.br\/afogadosfm\/2026\/08\/31\/em-nota-prefeitura-de-carnaiba-nega-ter-barrado-carreta-da-mulher-e-diz-que-nao-foi-comunicada\/#primaryimage"},"thumbnailUrl":"https:\/\/i0.wp.com\/afogadosfm.com.br\/afogadosfm\/wp-content\/uploads\/2026\/08\/1_imagem_carreta_1024x576-35764647.webp?fit=600%2C400&ssl=1","datePublished":"2026-08-31T11:47:28+00:00","breadcrumb":{"@id":"https:\/\/afogadosfm.com.br\/afogadosfm\/2026\/08\/31\/em-nota-prefeitura-de-carnaiba-nega-ter-barrado-carreta-da-mulher-e-diz-que-nao-foi-comunicada\/#breadcrumb"},"inLanguage":"pt-BR","potentialAction":[{"@type":"ReadAction","target":["https:\/\/afogadosfm.com.br\/afogadosfm\/2026\/08\/31\/em-nota-prefeitura-de-carnaiba-nega-ter-barrado-carreta-da-mulher-e-diz-que-nao-foi-comunicada\/"]}]},{"@type":"ImageObject","inLanguage":"pt-BR","@id":"https:\/\/afogadosfm.com.br\/afogadosfm\/2026\/08\/31\/em-nota-prefeitura-de-carnaiba-nega-ter-barrado-carreta-da-mulher-e-diz-que-nao-foi-comunicada\/#primaryimage","url":"https:\/\/i0.wp.com\/afogadosfm.com.br\/afogadosfm\/wp-content\/uploads\/2026\/08\/1_imagem_carreta_1024x576-35764647.webp?fit=600%2C400&ssl=1","contentUrl":"https:\/\/i0.wp.com\/afogadosfm.com.br\/afogadosfm\/wp-content\/uploads\/2026\/08\/1_imagem_carreta_1024x576-35764647.webp?fit=600%2C400&ssl=1","width":600,"height":400},{"@type":"BreadcrumbList","@id":"https:\/\/afogadosfm.com.br\/afogadosfm\/2026\/08\/31\/em-nota-prefeitura-de-carnaiba-nega-ter-barrado-carreta-da-mulher-e-diz-que-nao-foi-comunicada\/#breadcrumb","itemListElement":[{"@type":"ListItem","position":1,"name":"In\u00edcio","item":"https:\/\/afogadosfm.com.br\/afogadosfm\/"},{"@type":"ListItem","position":2,"name":"Em nota, Prefeitura de Carna\u00edba nega ter barrado Carreta da Mulher e diz que n\u00e3o foi comunicada"}]},{"@type":"WebSite","@id":"https:\/\/afogadosfm.com.br\/afogadosfm\/#website","url":"https:\/\/afogadosfm.com.br\/afogadosfm\/","name":"Afogados FM","description":"Um site completo!","publisher":{"@id":"https:\/\/afogadosfm.com.br\/afogadosfm\/#organization"},"potentialAction":[{"@type":"SearchAction","target":{"@type":"EntryPoint","urlTemplate":"https:\/\/afogadosfm.com.br\/afogadosfm\/?s={search_term_string}"},"query-input":{"@type":"PropertyValueSpecification","valueRequired":true,"valueName":"search_term_string"}}],"inLanguage":"pt-BR"},{"@type":"Organization","@id":"https:\/\/afogadosfm.com.br\/afogadosfm\/#organization","name":"Afogados FM","url":"https:\/\/afogadosfm.com.br\/afogadosfm\/","logo":{"@type":"ImageObject","inLanguage":"pt-BR","@id":"https:\/\/afogadosfm.com.br\/afogadosfm\/#\/schema\/logo\/image\/","url":"https:\/\/i0.wp.com\/afogadosfm.com.br\/afogadosfm\/wp-content\/uploads\/2020\/06\/cropped-banner-afogados-4.jpg?fit=369%2C137&ssl=1","contentUrl":"https:\/\/i0.wp.com\/afogadosfm.com.br\/afogadosfm\/wp-content\/uploads\/2020\/06\/cropped-banner-afogados-4.jpg?fit=369%2C137&ssl=1","width":369,"height":137,"caption":"Afogados FM"},"image":{"@id":"https:\/\/afogadosfm.com.br\/afogadosfm\/#\/schema\/logo\/image\/"}},{"@type":"Person","@id":"https:\/\/afogadosfm.com.br\/afogadosfm\/#\/schema\/person\/60e56f2cf5dc960fc093fe093d9e9057","name":"afogadosfm","image":{"@type":"ImageObject","inLanguage":"pt-BR","@id":"https:\/\/secure.gravatar.com\/avatar\/e0359add7ed5dc3560906d861b52c6a8cf5c1e199d3a7dd85070998f49bd4701?s=96&d=mm&r=g","url":"https:\/\/secure.gravatar.com\/avatar\/e0359add7ed5dc3560906d861b52c6a8cf5c1e199d3a7dd85070998f49bd4701?s=96&d=mm&r=g","contentUrl":"https:\/\/secure.gravatar.com\/avatar\/e0359add7ed5dc3560906d861b52c6a8cf5c1e199d3a7dd85070998f49bd4701?s=96&d=mm&r=g","caption":"afogadosfm"},"url":"https:\/\/afogadosfm.com.br\/afogadosfm\/author\/afogadosfm\/"}]}},"jetpack_publicize_connections":[],"jetpack-related-posts":[],"jetpack_sharing_enabled":true,"jetpack_likes_enabled":true,"jetpack_featured_media_url":"https:\/\/i0.wp.com\/afogadosfm.com.br\/afogadosfm\/wp-content\/uploads\/2026\/08\/1_imagem_carreta_1024x576-35764647.webp?fit=600%2C400&ssl=1","_links":{"self":[{"href":"https:\/\/afogadosfm.com.br\/afogadosfm\/wp-json\/wp\/v2\/posts\/75580","targetHints":{"allow":["GET"]}}],"collection":[{"href":"https:\/\/afogadosfm.com.br\/afogadosfm\/wp-json\/wp\/v2\/posts"}],"about":[{"href":"https:\/\/afogadosfm.com.br\/afogadosfm\/wp-json\/wp\/v2\/types\/post"}],"author":[{"embeddable":true,"href":"https:\/\/afogadosfm.com.br\/afogadosfm\/wp-json\/wp\/v2\/users\/2"}],"replies":[{"embeddable":true,"href":"https:\/\/afogadosfm.com.br\/afogadosfm\/wp-json\/wp\/v2\/comments?post=75580"}],"version-history":[{"count":1,"href":"https:\/\/afogadosfm.com.br\/afogadosfm\/wp-json\/wp\/v2\/posts\/75580\/revisions"}],"predecessor-version":[{"id":75582,"href":"https:\/\/afogadosfm.com.br\/afogadosfm\/wp-json\/wp\/v2\/posts\/75580\/revisions\/75582"}],"wp:featuredmedia":[{"embeddable":true,"href":"https:\/\/afogadosfm.com.br\/afogadosfm\/wp-json\/wp\/v2\/media\/75581"}],"wp:attachment":[{"href":"https:\/\/afogadosfm.com.br\/afogadosfm\/wp-json\/wp\/v2\/media?parent=75580"}],"wp:term":[{"taxonomy":"category","embeddable":true,"href":"https:\/\/afogadosfm.com.br\/afogadosfm\/wp-json\/wp\/v2\/categories?post=75580"},{"taxonomy":"post_tag","embeddable":true,"href":"https:\/\/afogadosfm.com.br\/afogadosfm\/wp-json\/wp\/v2\/tags?post=75580"}],"curies":[{"name":"wp","href":"https:\/\/api.w.org\/{rel}","templated":true}]}}