{"id":75592,"date":"2026-09-01T05:53:55","date_gmt":"2026-09-01T08:53:55","guid":{"rendered":"https:\/\/afogadosfm.com.br\/afogadosfm\/?p=75592"},"modified":"2026-09-01T05:53:55","modified_gmt":"2026-09-01T08:53:55","slug":"luto-no-pajeu-morreu-seu-apolonio-vaqueiro-bacamarteiro-e-simbolo-da-cultura-popular-de-ibitiranga","status":"publish","type":"post","link":"https:\/\/afogadosfm.com.br\/afogadosfm\/2026\/09\/01\/luto-no-pajeu-morreu-seu-apolonio-vaqueiro-bacamarteiro-e-simbolo-da-cultura-popular-de-ibitiranga\/","title":{"rendered":"Luto no Paje\u00fa: morreu Seu Apol\u00f4nio, vaqueiro, bacamarteiro e s\u00edmbolo da cultura popular de Ibitiranga"},"content":{"rendered":"<p>Faleceu na tarde desta segunda-feira (31) Seu Apol\u00f4nio, pai de C\u00edcero da Pol\u00f4nia e morador do S\u00edtio Antonico, na zona rural de Ibitiranga, distrito de Carna\u00edba, no Sert\u00e3o de Pernambuco. A not\u00edcia de sua morte repercutiu entre moradores de Ibitiranga e de diversas localidades do Paje\u00fa.<\/p>\n<p>Conhecido por sua trajet\u00f3ria como boiadeiro e negociante, Seu Apol\u00f4nio tamb\u00e9m teve uma forte liga\u00e7\u00e3o com as tradi\u00e7\u00f5es populares da regi\u00e3o. Ao longo dos anos, participou de diferentes manifesta\u00e7\u00f5es culturais, contribuindo para manter vivas pr\u00e1ticas que fazem parte da identidade sertaneja.<\/p>\n<p>Entre as atividades das quais participou est\u00e1 a tradicional Missa do Vaqueiro, manifesta\u00e7\u00e3o que re\u00fane f\u00e9, cultura e a tradi\u00e7\u00e3o dos homens e mulheres ligados \u00e0 vida no campo.<\/p>\n<p>Seu Apol\u00f4nio tamb\u00e9m integrou grupos de bacamarteiros, uma das express\u00f5es culturais mais tradicionais do Nordeste, al\u00e9m de ter participado do Reisado, contribuindo para a preserva\u00e7\u00e3o de costumes e manifesta\u00e7\u00f5es culturais transmitidas de gera\u00e7\u00e3o em gera\u00e7\u00e3o.<\/p>\n<p>Sua trajet\u00f3ria deixa uma lembran\u00e7a marcada n\u00e3o apenas entre familiares e amigos, mas tamb\u00e9m entre aqueles que conviveram com sua participa\u00e7\u00e3o nas manifesta\u00e7\u00f5es culturais de Ibitiranga e de outras localidades do Paje\u00fa.<\/p>\n<p>O vel\u00f3rio de Seu Apol\u00f4nio acontece na resid\u00eancia da fam\u00edlia, no S\u00edtio Antonico, na zona rural de Ibitiranga.<\/p>\n<p>Por Cau\u00ea Rodrigues<\/p>\n","protected":false},"excerpt":{"rendered":"<p>Faleceu na tarde desta segunda-feira (31) Seu Apol\u00f4nio, pai de C\u00edcero da Pol\u00f4nia e morador do S\u00edtio Antonico, na zona<\/p>\n","protected":false},"author":2,"featured_media":75593,"comment_status":"open","ping_status":"open","sticky":false,"template":"","format":"standard","meta":{"_jetpack_newsletter_access":"","_jetpack_dont_email_post_to_subs":false,"_jetpack_newsletter_tier_id":0,"_jetpack_memberships_contains_paywalled_content":false,"_jetpack_feature_clip_id":0,"_jetpack_memberships_contains_paid_content":false,"footnotes":"","jetpack_publicize_message":"","jetpack_publicize_feature_enabled":true,"jetpack_social_post_already_shared":true,"jetpack_social_options":{"image_generator_settings":{"template":"highway","default_image_id":0,"font":"","enabled":false},"version":2},"jetpack_post_was_ever_published":false},"categories":[32],"tags":[],"class_list":["post-75592","post","type-post","status-publish","format-standard","has-post-thumbnail","hentry","category-sertao"],"yoast_head":"<!-- This site is optimized with the Yoast SEO plugin v28.3 - https:\/\/yoast.com\/product\/yoast-seo-wordpress\/ -->\n<title>Luto no Paje\u00fa: morreu Seu Apol\u00f4nio, vaqueiro, bacamarteiro e s\u00edmbolo da cultura popular de Ibitiranga - Afogados FM<\/title>\n<meta name=\"robots\" content=\"index, follow, max-snippet:-1, max-image-preview:large, max-video-preview:-1\" \/>\n<link rel=\"canonical\" href=\"https:\/\/afogadosfm.com.br\/afogadosfm\/2026\/09\/01\/luto-no-pajeu-morreu-seu-apolonio-vaqueiro-bacamarteiro-e-simbolo-da-cultura-popular-de-ibitiranga\/\" \/>\n<meta property=\"og:locale\" content=\"pt_BR\" \/>\n<meta property=\"og:type\" content=\"article\" \/>\n<meta property=\"og:title\" content=\"Luto no Paje\u00fa: morreu Seu Apol\u00f4nio, vaqueiro, bacamarteiro e s\u00edmbolo da cultura popular de Ibitiranga - Afogados FM\" \/>\n<meta property=\"og:description\" content=\"Faleceu na tarde desta segunda-feira (31) Seu Apol\u00f4nio, pai de C\u00edcero da Pol\u00f4nia e morador do S\u00edtio Antonico, na zona\" \/>\n<meta property=\"og:url\" content=\"https:\/\/afogadosfm.com.br\/afogadosfm\/2026\/09\/01\/luto-no-pajeu-morreu-seu-apolonio-vaqueiro-bacamarteiro-e-simbolo-da-cultura-popular-de-ibitiranga\/\" \/>\n<meta property=\"og:site_name\" content=\"Afogados FM\" \/>\n<meta property=\"article:published_time\" content=\"2026-09-01T08:53:55+00:00\" \/>\n<meta property=\"og:image\" content=\"https:\/\/afogadosfm.com.br\/afogadosfm\/wp-content\/uploads\/2026\/09\/apolonio-de-ibitiranga.jpg\" \/>\n\t<meta property=\"og:image:width\" content=\"1440\" \/>\n\t<meta property=\"og:image:height\" content=\"1440\" \/>\n\t<meta property=\"og:image:type\" content=\"image\/jpeg\" \/>\n<meta name=\"author\" content=\"afogadosfm\" \/>\n<meta name=\"twitter:card\" content=\"summary_large_image\" \/>\n<meta name=\"twitter:label1\" content=\"Escrito por\" \/>\n\t<meta name=\"twitter:data1\" content=\"afogadosfm\" \/>\n\t<meta name=\"twitter:label2\" content=\"Est. tempo de leitura\" \/>\n\t<meta name=\"twitter:data2\" content=\"2 minutos\" \/>\n<script type=\"application\/ld+json\" class=\"yoast-schema-graph\">{\"@context\":\"https:\\\/\\\/schema.org\",\"@graph\":[{\"@type\":\"Article\",\"@id\":\"https:\\\/\\\/afogadosfm.com.br\\\/afogadosfm\\\/2026\\\/09\\\/01\\\/luto-no-pajeu-morreu-seu-apolonio-vaqueiro-bacamarteiro-e-simbolo-da-cultura-popular-de-ibitiranga\\\/#article\",\"isPartOf\":{\"@id\":\"https:\\\/\\\/afogadosfm.com.br\\\/afogadosfm\\\/2026\\\/09\\\/01\\\/luto-no-pajeu-morreu-seu-apolonio-vaqueiro-bacamarteiro-e-simbolo-da-cultura-popular-de-ibitiranga\\\/\"},\"author\":{\"name\":\"afogadosfm\",\"@id\":\"https:\\\/\\\/afogadosfm.com.br\\\/afogadosfm\\\/#\\\/schema\\\/person\\\/60e56f2cf5dc960fc093fe093d9e9057\"},\"headline\":\"Luto no Paje\u00fa: morreu Seu Apol\u00f4nio, vaqueiro, bacamarteiro e s\u00edmbolo da cultura popular de Ibitiranga\",\"datePublished\":\"2026-09-01T08:53:55+00:00\",\"mainEntityOfPage\":{\"@id\":\"https:\\\/\\\/afogadosfm.com.br\\\/afogadosfm\\\/2026\\\/09\\\/01\\\/luto-no-pajeu-morreu-seu-apolonio-vaqueiro-bacamarteiro-e-simbolo-da-cultura-popular-de-ibitiranga\\\/\"},\"wordCount\":256,\"commentCount\":0,\"publisher\":{\"@id\":\"https:\\\/\\\/afogadosfm.com.br\\\/afogadosfm\\\/#organization\"},\"image\":{\"@id\":\"https:\\\/\\\/afogadosfm.com.br\\\/afogadosfm\\\/2026\\\/09\\\/01\\\/luto-no-pajeu-morreu-seu-apolonio-vaqueiro-bacamarteiro-e-simbolo-da-cultura-popular-de-ibitiranga\\\/#primaryimage\"},\"thumbnailUrl\":\"https:\\\/\\\/i0.wp.com\\\/afogadosfm.com.br\\\/afogadosfm\\\/wp-content\\\/uploads\\\/2026\\\/09\\\/apolonio-de-ibitiranga.jpg?fit=1440%2C1440&ssl=1\",\"articleSection\":[\"Sert\u00e3o\"],\"inLanguage\":\"pt-BR\",\"potentialAction\":[{\"@type\":\"CommentAction\",\"name\":\"Comment\",\"target\":[\"https:\\\/\\\/afogadosfm.com.br\\\/afogadosfm\\\/2026\\\/09\\\/01\\\/luto-no-pajeu-morreu-seu-apolonio-vaqueiro-bacamarteiro-e-simbolo-da-cultura-popular-de-ibitiranga\\\/#respond\"]}]},{\"@type\":\"WebPage\",\"@id\":\"https:\\\/\\\/afogadosfm.com.br\\\/afogadosfm\\\/2026\\\/09\\\/01\\\/luto-no-pajeu-morreu-seu-apolonio-vaqueiro-bacamarteiro-e-simbolo-da-cultura-popular-de-ibitiranga\\\/\",\"url\":\"https:\\\/\\\/afogadosfm.com.br\\\/afogadosfm\\\/2026\\\/09\\\/01\\\/luto-no-pajeu-morreu-seu-apolonio-vaqueiro-bacamarteiro-e-simbolo-da-cultura-popular-de-ibitiranga\\\/\",\"name\":\"Luto no Paje\u00fa: morreu Seu Apol\u00f4nio, vaqueiro, bacamarteiro e s\u00edmbolo da cultura popular de Ibitiranga - Afogados FM\",\"isPartOf\":{\"@id\":\"https:\\\/\\\/afogadosfm.com.br\\\/afogadosfm\\\/#website\"},\"primaryImageOfPage\":{\"@id\":\"https:\\\/\\\/afogadosfm.com.br\\\/afogadosfm\\\/2026\\\/09\\\/01\\\/luto-no-pajeu-morreu-seu-apolonio-vaqueiro-bacamarteiro-e-simbolo-da-cultura-popular-de-ibitiranga\\\/#primaryimage\"},\"image\":{\"@id\":\"https:\\\/\\\/afogadosfm.com.br\\\/afogadosfm\\\/2026\\\/09\\\/01\\\/luto-no-pajeu-morreu-seu-apolonio-vaqueiro-bacamarteiro-e-simbolo-da-cultura-popular-de-ibitiranga\\\/#primaryimage\"},\"thumbnailUrl\":\"https:\\\/\\\/i0.wp.com\\\/afogadosfm.com.br\\\/afogadosfm\\\/wp-content\\\/uploads\\\/2026\\\/09\\\/apolonio-de-ibitiranga.jpg?fit=1440%2C1440&ssl=1\",\"datePublished\":\"2026-09-01T08:53:55+00:00\",\"breadcrumb\":{\"@id\":\"https:\\\/\\\/afogadosfm.com.br\\\/afogadosfm\\\/2026\\\/09\\\/01\\\/luto-no-pajeu-morreu-seu-apolonio-vaqueiro-bacamarteiro-e-simbolo-da-cultura-popular-de-ibitiranga\\\/#breadcrumb\"},\"inLanguage\":\"pt-BR\",\"potentialAction\":[{\"@type\":\"ReadAction\",\"target\":[\"https:\\\/\\\/afogadosfm.com.br\\\/afogadosfm\\\/2026\\\/09\\\/01\\\/luto-no-pajeu-morreu-seu-apolonio-vaqueiro-bacamarteiro-e-simbolo-da-cultura-popular-de-ibitiranga\\\/\"]}]},{\"@type\":\"ImageObject\",\"inLanguage\":\"pt-BR\",\"@id\":\"https:\\\/\\\/afogadosfm.com.br\\\/afogadosfm\\\/2026\\\/09\\\/01\\\/luto-no-pajeu-morreu-seu-apolonio-vaqueiro-bacamarteiro-e-simbolo-da-cultura-popular-de-ibitiranga\\\/#primaryimage\",\"url\":\"https:\\\/\\\/i0.wp.com\\\/afogadosfm.com.br\\\/afogadosfm\\\/wp-content\\\/uploads\\\/2026\\\/09\\\/apolonio-de-ibitiranga.jpg?fit=1440%2C1440&ssl=1\",\"contentUrl\":\"https:\\\/\\\/i0.wp.com\\\/afogadosfm.com.br\\\/afogadosfm\\\/wp-content\\\/uploads\\\/2026\\\/09\\\/apolonio-de-ibitiranga.jpg?fit=1440%2C1440&ssl=1\",\"width\":1440,\"height\":1440},{\"@type\":\"BreadcrumbList\",\"@id\":\"https:\\\/\\\/afogadosfm.com.br\\\/afogadosfm\\\/2026\\\/09\\\/01\\\/luto-no-pajeu-morreu-seu-apolonio-vaqueiro-bacamarteiro-e-simbolo-da-cultura-popular-de-ibitiranga\\\/#breadcrumb\",\"itemListElement\":[{\"@type\":\"ListItem\",\"position\":1,\"name\":\"In\u00edcio\",\"item\":\"https:\\\/\\\/afogadosfm.com.br\\\/afogadosfm\\\/\"},{\"@type\":\"ListItem\",\"position\":2,\"name\":\"Luto no Paje\u00fa: morreu Seu Apol\u00f4nio, vaqueiro, bacamarteiro e s\u00edmbolo da cultura popular de Ibitiranga\"}]},{\"@type\":\"WebSite\",\"@id\":\"https:\\\/\\\/afogadosfm.com.br\\\/afogadosfm\\\/#website\",\"url\":\"https:\\\/\\\/afogadosfm.com.br\\\/afogadosfm\\\/\",\"name\":\"Afogados FM\",\"description\":\"Um site completo!\",\"publisher\":{\"@id\":\"https:\\\/\\\/afogadosfm.com.br\\\/afogadosfm\\\/#organization\"},\"potentialAction\":[{\"@type\":\"SearchAction\",\"target\":{\"@type\":\"EntryPoint\",\"urlTemplate\":\"https:\\\/\\\/afogadosfm.com.br\\\/afogadosfm\\\/?s={search_term_string}\"},\"query-input\":{\"@type\":\"PropertyValueSpecification\",\"valueRequired\":true,\"valueName\":\"search_term_string\"}}],\"inLanguage\":\"pt-BR\"},{\"@type\":\"Organization\",\"@id\":\"https:\\\/\\\/afogadosfm.com.br\\\/afogadosfm\\\/#organization\",\"name\":\"Afogados FM\",\"url\":\"https:\\\/\\\/afogadosfm.com.br\\\/afogadosfm\\\/\",\"logo\":{\"@type\":\"ImageObject\",\"inLanguage\":\"pt-BR\",\"@id\":\"https:\\\/\\\/afogadosfm.com.br\\\/afogadosfm\\\/#\\\/schema\\\/logo\\\/image\\\/\",\"url\":\"https:\\\/\\\/i0.wp.com\\\/afogadosfm.com.br\\\/afogadosfm\\\/wp-content\\\/uploads\\\/2020\\\/06\\\/cropped-banner-afogados-4.jpg?fit=369%2C137&ssl=1\",\"contentUrl\":\"https:\\\/\\\/i0.wp.com\\\/afogadosfm.com.br\\\/afogadosfm\\\/wp-content\\\/uploads\\\/2020\\\/06\\\/cropped-banner-afogados-4.jpg?fit=369%2C137&ssl=1\",\"width\":369,\"height\":137,\"caption\":\"Afogados FM\"},\"image\":{\"@id\":\"https:\\\/\\\/afogadosfm.com.br\\\/afogadosfm\\\/#\\\/schema\\\/logo\\\/image\\\/\"}},{\"@type\":\"Person\",\"@id\":\"https:\\\/\\\/afogadosfm.com.br\\\/afogadosfm\\\/#\\\/schema\\\/person\\\/60e56f2cf5dc960fc093fe093d9e9057\",\"name\":\"afogadosfm\",\"image\":{\"@type\":\"ImageObject\",\"inLanguage\":\"pt-BR\",\"@id\":\"https:\\\/\\\/secure.gravatar.com\\\/avatar\\\/e0359add7ed5dc3560906d861b52c6a8cf5c1e199d3a7dd85070998f49bd4701?s=96&d=mm&r=g\",\"url\":\"https:\\\/\\\/secure.gravatar.com\\\/avatar\\\/e0359add7ed5dc3560906d861b52c6a8cf5c1e199d3a7dd85070998f49bd4701?s=96&d=mm&r=g\",\"contentUrl\":\"https:\\\/\\\/secure.gravatar.com\\\/avatar\\\/e0359add7ed5dc3560906d861b52c6a8cf5c1e199d3a7dd85070998f49bd4701?s=96&d=mm&r=g\",\"caption\":\"afogadosfm\"},\"url\":\"https:\\\/\\\/afogadosfm.com.br\\\/afogadosfm\\\/author\\\/afogadosfm\\\/\"}]}<\/script>\n<!-- \/ Yoast SEO plugin. -->","yoast_head_json":{"title":"Luto no Paje\u00fa: morreu Seu Apol\u00f4nio, vaqueiro, bacamarteiro e s\u00edmbolo da cultura popular de Ibitiranga - Afogados FM","robots":{"index":"index","follow":"follow","max-snippet":"max-snippet:-1","max-image-preview":"max-image-preview:large","max-video-preview":"max-video-preview:-1"},"canonical":"https:\/\/afogadosfm.com.br\/afogadosfm\/2026\/09\/01\/luto-no-pajeu-morreu-seu-apolonio-vaqueiro-bacamarteiro-e-simbolo-da-cultura-popular-de-ibitiranga\/","og_locale":"pt_BR","og_type":"article","og_title":"Luto no Paje\u00fa: morreu Seu Apol\u00f4nio, vaqueiro, bacamarteiro e s\u00edmbolo da cultura popular de Ibitiranga - Afogados FM","og_description":"Faleceu na tarde desta segunda-feira (31) Seu Apol\u00f4nio, pai de C\u00edcero da Pol\u00f4nia e morador do S\u00edtio Antonico, na zona","og_url":"https:\/\/afogadosfm.com.br\/afogadosfm\/2026\/09\/01\/luto-no-pajeu-morreu-seu-apolonio-vaqueiro-bacamarteiro-e-simbolo-da-cultura-popular-de-ibitiranga\/","og_site_name":"Afogados FM","article_published_time":"2026-09-01T08:53:55+00:00","og_image":[{"width":1440,"height":1440,"url":"https:\/\/afogadosfm.com.br\/afogadosfm\/wp-content\/uploads\/2026\/09\/apolonio-de-ibitiranga.jpg","type":"image\/jpeg"}],"author":"afogadosfm","twitter_card":"summary_large_image","twitter_misc":{"Escrito por":"afogadosfm","Est. tempo de leitura":"2 minutos"},"schema":{"@context":"https:\/\/schema.org","@graph":[{"@type":"Article","@id":"https:\/\/afogadosfm.com.br\/afogadosfm\/2026\/09\/01\/luto-no-pajeu-morreu-seu-apolonio-vaqueiro-bacamarteiro-e-simbolo-da-cultura-popular-de-ibitiranga\/#article","isPartOf":{"@id":"https:\/\/afogadosfm.com.br\/afogadosfm\/2026\/09\/01\/luto-no-pajeu-morreu-seu-apolonio-vaqueiro-bacamarteiro-e-simbolo-da-cultura-popular-de-ibitiranga\/"},"author":{"name":"afogadosfm","@id":"https:\/\/afogadosfm.com.br\/afogadosfm\/#\/schema\/person\/60e56f2cf5dc960fc093fe093d9e9057"},"headline":"Luto no Paje\u00fa: morreu Seu Apol\u00f4nio, vaqueiro, bacamarteiro e s\u00edmbolo da cultura popular de Ibitiranga","datePublished":"2026-09-01T08:53:55+00:00","mainEntityOfPage":{"@id":"https:\/\/afogadosfm.com.br\/afogadosfm\/2026\/09\/01\/luto-no-pajeu-morreu-seu-apolonio-vaqueiro-bacamarteiro-e-simbolo-da-cultura-popular-de-ibitiranga\/"},"wordCount":256,"commentCount":0,"publisher":{"@id":"https:\/\/afogadosfm.com.br\/afogadosfm\/#organization"},"image":{"@id":"https:\/\/afogadosfm.com.br\/afogadosfm\/2026\/09\/01\/luto-no-pajeu-morreu-seu-apolonio-vaqueiro-bacamarteiro-e-simbolo-da-cultura-popular-de-ibitiranga\/#primaryimage"},"thumbnailUrl":"https:\/\/i0.wp.com\/afogadosfm.com.br\/afogadosfm\/wp-content\/uploads\/2026\/09\/apolonio-de-ibitiranga.jpg?fit=1440%2C1440&ssl=1","articleSection":["Sert\u00e3o"],"inLanguage":"pt-BR","potentialAction":[{"@type":"CommentAction","name":"Comment","target":["https:\/\/afogadosfm.com.br\/afogadosfm\/2026\/09\/01\/luto-no-pajeu-morreu-seu-apolonio-vaqueiro-bacamarteiro-e-simbolo-da-cultura-popular-de-ibitiranga\/#respond"]}]},{"@type":"WebPage","@id":"https:\/\/afogadosfm.com.br\/afogadosfm\/2026\/09\/01\/luto-no-pajeu-morreu-seu-apolonio-vaqueiro-bacamarteiro-e-simbolo-da-cultura-popular-de-ibitiranga\/","url":"https:\/\/afogadosfm.com.br\/afogadosfm\/2026\/09\/01\/luto-no-pajeu-morreu-seu-apolonio-vaqueiro-bacamarteiro-e-simbolo-da-cultura-popular-de-ibitiranga\/","name":"Luto no Paje\u00fa: morreu Seu Apol\u00f4nio, vaqueiro, bacamarteiro e s\u00edmbolo da cultura popular de Ibitiranga - Afogados FM","isPartOf":{"@id":"https:\/\/afogadosfm.com.br\/afogadosfm\/#website"},"primaryImageOfPage":{"@id":"https:\/\/afogadosfm.com.br\/afogadosfm\/2026\/09\/01\/luto-no-pajeu-morreu-seu-apolonio-vaqueiro-bacamarteiro-e-simbolo-da-cultura-popular-de-ibitiranga\/#primaryimage"},"image":{"@id":"https:\/\/afogadosfm.com.br\/afogadosfm\/2026\/09\/01\/luto-no-pajeu-morreu-seu-apolonio-vaqueiro-bacamarteiro-e-simbolo-da-cultura-popular-de-ibitiranga\/#primaryimage"},"thumbnailUrl":"https:\/\/i0.wp.com\/afogadosfm.com.br\/afogadosfm\/wp-content\/uploads\/2026\/09\/apolonio-de-ibitiranga.jpg?fit=1440%2C1440&ssl=1","datePublished":"2026-09-01T08:53:55+00:00","breadcrumb":{"@id":"https:\/\/afogadosfm.com.br\/afogadosfm\/2026\/09\/01\/luto-no-pajeu-morreu-seu-apolonio-vaqueiro-bacamarteiro-e-simbolo-da-cultura-popular-de-ibitiranga\/#breadcrumb"},"inLanguage":"pt-BR","potentialAction":[{"@type":"ReadAction","target":["https:\/\/afogadosfm.com.br\/afogadosfm\/2026\/09\/01\/luto-no-pajeu-morreu-seu-apolonio-vaqueiro-bacamarteiro-e-simbolo-da-cultura-popular-de-ibitiranga\/"]}]},{"@type":"ImageObject","inLanguage":"pt-BR","@id":"https:\/\/afogadosfm.com.br\/afogadosfm\/2026\/09\/01\/luto-no-pajeu-morreu-seu-apolonio-vaqueiro-bacamarteiro-e-simbolo-da-cultura-popular-de-ibitiranga\/#primaryimage","url":"https:\/\/i0.wp.com\/afogadosfm.com.br\/afogadosfm\/wp-content\/uploads\/2026\/09\/apolonio-de-ibitiranga.jpg?fit=1440%2C1440&ssl=1","contentUrl":"https:\/\/i0.wp.com\/afogadosfm.com.br\/afogadosfm\/wp-content\/uploads\/2026\/09\/apolonio-de-ibitiranga.jpg?fit=1440%2C1440&ssl=1","width":1440,"height":1440},{"@type":"BreadcrumbList","@id":"https:\/\/afogadosfm.com.br\/afogadosfm\/2026\/09\/01\/luto-no-pajeu-morreu-seu-apolonio-vaqueiro-bacamarteiro-e-simbolo-da-cultura-popular-de-ibitiranga\/#breadcrumb","itemListElement":[{"@type":"ListItem","position":1,"name":"In\u00edcio","item":"https:\/\/afogadosfm.com.br\/afogadosfm\/"},{"@type":"ListItem","position":2,"name":"Luto no Paje\u00fa: morreu Seu Apol\u00f4nio, vaqueiro, bacamarteiro e s\u00edmbolo da cultura popular de Ibitiranga"}]},{"@type":"WebSite","@id":"https:\/\/afogadosfm.com.br\/afogadosfm\/#website","url":"https:\/\/afogadosfm.com.br\/afogadosfm\/","name":"Afogados FM","description":"Um site completo!","publisher":{"@id":"https:\/\/afogadosfm.com.br\/afogadosfm\/#organization"},"potentialAction":[{"@type":"SearchAction","target":{"@type":"EntryPoint","urlTemplate":"https:\/\/afogadosfm.com.br\/afogadosfm\/?s={search_term_string}"},"query-input":{"@type":"PropertyValueSpecification","valueRequired":true,"valueName":"search_term_string"}}],"inLanguage":"pt-BR"},{"@type":"Organization","@id":"https:\/\/afogadosfm.com.br\/afogadosfm\/#organization","name":"Afogados FM","url":"https:\/\/afogadosfm.com.br\/afogadosfm\/","logo":{"@type":"ImageObject","inLanguage":"pt-BR","@id":"https:\/\/afogadosfm.com.br\/afogadosfm\/#\/schema\/logo\/image\/","url":"https:\/\/i0.wp.com\/afogadosfm.com.br\/afogadosfm\/wp-content\/uploads\/2020\/06\/cropped-banner-afogados-4.jpg?fit=369%2C137&ssl=1","contentUrl":"https:\/\/i0.wp.com\/afogadosfm.com.br\/afogadosfm\/wp-content\/uploads\/2020\/06\/cropped-banner-afogados-4.jpg?fit=369%2C137&ssl=1","width":369,"height":137,"caption":"Afogados FM"},"image":{"@id":"https:\/\/afogadosfm.com.br\/afogadosfm\/#\/schema\/logo\/image\/"}},{"@type":"Person","@id":"https:\/\/afogadosfm.com.br\/afogadosfm\/#\/schema\/person\/60e56f2cf5dc960fc093fe093d9e9057","name":"afogadosfm","image":{"@type":"ImageObject","inLanguage":"pt-BR","@id":"https:\/\/secure.gravatar.com\/avatar\/e0359add7ed5dc3560906d861b52c6a8cf5c1e199d3a7dd85070998f49bd4701?s=96&d=mm&r=g","url":"https:\/\/secure.gravatar.com\/avatar\/e0359add7ed5dc3560906d861b52c6a8cf5c1e199d3a7dd85070998f49bd4701?s=96&d=mm&r=g","contentUrl":"https:\/\/secure.gravatar.com\/avatar\/e0359add7ed5dc3560906d861b52c6a8cf5c1e199d3a7dd85070998f49bd4701?s=96&d=mm&r=g","caption":"afogadosfm"},"url":"https:\/\/afogadosfm.com.br\/afogadosfm\/author\/afogadosfm\/"}]}},"jetpack_publicize_connections":[],"jetpack-related-posts":[],"jetpack_sharing_enabled":true,"jetpack_likes_enabled":true,"jetpack_featured_media_url":"https:\/\/i0.wp.com\/afogadosfm.com.br\/afogadosfm\/wp-content\/uploads\/2026\/09\/apolonio-de-ibitiranga.jpg?fit=1440%2C1440&ssl=1","_links":{"self":[{"href":"https:\/\/afogadosfm.com.br\/afogadosfm\/wp-json\/wp\/v2\/posts\/75592","targetHints":{"allow":["GET"]}}],"collection":[{"href":"https:\/\/afogadosfm.com.br\/afogadosfm\/wp-json\/wp\/v2\/posts"}],"about":[{"href":"https:\/\/afogadosfm.com.br\/afogadosfm\/wp-json\/wp\/v2\/types\/post"}],"author":[{"embeddable":true,"href":"https:\/\/afogadosfm.com.br\/afogadosfm\/wp-json\/wp\/v2\/users\/2"}],"replies":[{"embeddable":true,"href":"https:\/\/afogadosfm.com.br\/afogadosfm\/wp-json\/wp\/v2\/comments?post=75592"}],"version-history":[{"count":1,"href":"https:\/\/afogadosfm.com.br\/afogadosfm\/wp-json\/wp\/v2\/posts\/75592\/revisions"}],"predecessor-version":[{"id":75594,"href":"https:\/\/afogadosfm.com.br\/afogadosfm\/wp-json\/wp\/v2\/posts\/75592\/revisions\/75594"}],"wp:featuredmedia":[{"embeddable":true,"href":"https:\/\/afogadosfm.com.br\/afogadosfm\/wp-json\/wp\/v2\/media\/75593"}],"wp:attachment":[{"href":"https:\/\/afogadosfm.com.br\/afogadosfm\/wp-json\/wp\/v2\/media?parent=75592"}],"wp:term":[{"taxonomy":"category","embeddable":true,"href":"https:\/\/afogadosfm.com.br\/afogadosfm\/wp-json\/wp\/v2\/categories?post=75592"},{"taxonomy":"post_tag","embeddable":true,"href":"https:\/\/afogadosfm.com.br\/afogadosfm\/wp-json\/wp\/v2\/tags?post=75592"}],"curies":[{"name":"wp","href":"https:\/\/api.w.org\/{rel}","templated":true}]}}