{"id":75595,"date":"2026-09-01T05:55:17","date_gmt":"2026-09-01T08:55:17","guid":{"rendered":"https:\/\/afogadosfm.com.br\/afogadosfm\/?p=75595"},"modified":"2026-09-01T05:55:55","modified_gmt":"2026-09-01T08:55:55","slug":"paraiba-tem-mais-de-14-mil-vagas-abertas-em-concursos","status":"publish","type":"post","link":"https:\/\/afogadosfm.com.br\/afogadosfm\/2026\/09\/01\/paraiba-tem-mais-de-14-mil-vagas-abertas-em-concursos\/","title":{"rendered":"Para\u00edba tem mais de 1,4 mil vagas abertas em concursos"},"content":{"rendered":"<div id=\"chunk-bc3a5\">\n<div data-block-type=\"unstyled\" data-block-weight=\"23\" data-block-id=\"4\">\n<p data-track-category=\"Link no Texto\" data-track-links=\"\" data-mrf-recirculation=\"Mat\u00e9ria - Links no Texto\">\u00a0Para\u00edba tem 6 editais de concursos p\u00fablicos com vagas abertas neste m\u00eas de agosto. S\u00e3o mais de 1.490 oportunidades em diferentes \u00e1reas.<\/p>\n<div class=\"google-anno-skip google-anno-sc\" tabindex=\"0\" role=\"link\" aria-label=\"Praias e ilhas\" data-google-vignette=\"false\" data-google-interstitial=\"false\">Praias e ilhas<\/div>\n<\/div>\n<\/div>\n<div>\n<div id=\"chunk-boi92\">\n<div data-block-type=\"unstyled\" data-block-weight=\"7\" data-block-id=\"5\">\n<p data-track-category=\"Link no Texto\" data-track-links=\"\" data-mrf-recirculation=\"Mat\u00e9ria - Links no Texto\">Confira as oportunidades dispon\u00edveis e como concorrer.<\/p>\n<\/div>\n<\/div>\n<div id=\"chunk-amart\">\n<div data-block-type=\"raw\" data-block-weight=\"5\" data-block-id=\"7\">\n<div>\n<h2><strong>Concurso da Prefeitura de Guarabira<\/strong><\/h2>\n<\/div>\n<\/div>\n<\/div>\n<div id=\"chunk-4p2sg\">\n<div data-block-type=\"raw\" data-block-weight=\"46\" data-block-id=\"8\">\n<ul data-mrf-recirculation=\"Mat\u00e9ria - Leia Tamb\u00e9m (Lista)\">\n<li>Vagas: 170 + cadastro de reserva<\/li>\n<li>N\u00edvel: m\u00e9dio, t\u00e9cnico e superior<\/li>\n<li>Sal\u00e1rio: R$ 1.621 a R$ 8.472<\/li>\n<li>Inscri\u00e7\u00f5es: 19 de agosto a 20 de setembro<\/li>\n<li>Provas objetivas: 18 de outubro de 2026<\/li>\n<li>Resultado final: 4 de dezembro de 2026<\/li>\n<li><a href=\"https:\/\/cpcon.uepb.edu.br\/prefeitura-municipal-de-guarabira\/\" target=\"_blank\" rel=\"noopener\" data-mrf-link=\"https:\/\/cpcon.uepb.edu.br\/prefeitura-municipal-de-guarabira\/\">Edital do concurso da prefeitura de Guarabira<\/a><\/li>\n<\/ul>\n<\/div>\n<\/div>\n<div id=\"chunk-fadf3\">\n<div data-block-type=\"raw\" data-block-weight=\"6\" data-block-id=\"9\">\n<div>\n<h2><strong>Concurso da Prefeitura de Campina Grande<\/strong><\/h2>\n<\/div>\n<\/div>\n<\/div>\n<div id=\"chunk-6upn2\">\n<div data-block-type=\"raw\" data-block-weight=\"29\" data-block-id=\"10\">\n<ul data-mrf-recirculation=\"Mat\u00e9ria - Leia Tamb\u00e9m (Lista)\">\n<li>Vagas: 955 vagas<\/li>\n<li>Inscri\u00e7\u00f5es: edital com prazos em retifica\u00e7\u00e3o<\/li>\n<li>Sal\u00e1rios: R$ 1,6 mil at\u00e9 R$ 8,8 mil<\/li>\n<li>Provas objetivas: datas ser\u00e3o retificadas<\/li>\n<li>Edital:\u00a0<a href=\"https:\/\/concurso.idecan.org.br\/ConcursoDownloadArquivo.aspx?ID2=1&amp;ID=W1GDOH4I6EC5MG47LANRH1MQ77DU5YJWCGYC3BM2CP18YISSTHIV66RHEKIM2GKLYLLCQLYDEKBPFGY77435.pdf\" target=\"_blank\" rel=\"noopener\" data-mrf-link=\"https:\/\/concurso.idecan.org.br\/ConcursoDownloadArquivo.aspx?ID2=1&amp;ID=W1GDOH4I6EC5MG47LANRH1MQ77DU5YJWCGYC3BM2CP18YISSTHIV66RHEKIM2GKLYLLCQLYDEKBPFGY77435.pdf\">geral<\/a>\u00a0\u2013\u00a0<a href=\"https:\/\/concurso.idecan.org.br\/ConcursoDownloadArquivo.aspx?ID2=1&amp;ID=L1W2UOQCW2B11NYUD8OO3NQLFLEJ7V4YGKR0K1DJ8CPX4XLLEG35UY4L0ABXIL3RYGUHUUSGNKLJDVGS7434.pdf\" target=\"_blank\" rel=\"noopener\" data-mrf-link=\"https:\/\/concurso.idecan.org.br\/ConcursoDownloadArquivo.aspx?ID2=1&amp;ID=L1W2UOQCW2B11NYUD8OO3NQLFLEJ7V4YGKR0K1DJ8CPX4XLLEG35UY4L0ABXIL3RYGUHUUSGNKLJDVGS7434.pdf\">procurador\u00a0<\/a>\u2013\u00a0<a href=\"https:\/\/concurso.idecan.org.br\/ConcursoDownloadArquivo.aspx?ID2=1&amp;ID=FJ8IDMHGNSAC8FL6SQQOQY4L9STAWTXF9PP1U39NG383EX2WDT4ND4I2WNNGEHLNWN505GKIKPEFXJG17434.pdf\" target=\"_blank\" rel=\"noopener\" data-mrf-link=\"https:\/\/concurso.idecan.org.br\/ConcursoDownloadArquivo.aspx?ID2=1&amp;ID=FJ8IDMHGNSAC8FL6SQQOQY4L9STAWTXF9PP1U39NG383EX2WDT4ND4I2WNNGEHLNWN505GKIKPEFXJG17434.pdf\">Guarda Municipal<\/a><\/li>\n<\/ul>\n<\/div>\n<\/div>\n<div id=\"chunk-7jenk\">\n<div data-block-type=\"raw\" data-block-weight=\"6\" data-block-id=\"11\">\n<div>\n<h2><strong>Concurso da Prefeitura de Pirpirituba<\/strong><\/h2>\n<\/div>\n<\/div>\n<\/div>\n<div id=\"chunk-3p16j\">\n<div data-block-type=\"raw\" data-block-weight=\"46\" data-block-id=\"12\">\n<ul data-mrf-recirculation=\"Mat\u00e9ria - Leia Tamb\u00e9m (Lista)\">\n<li>Vagas: 45<\/li>\n<li>N\u00edvel: fundamental, m\u00e9dio\/t\u00e9cnico, superior e superior com magist\u00e9rio completo<\/li>\n<li>Sal\u00e1rio: de R$ 1.621 a R$ 6 mil<\/li>\n<li>Inscri\u00e7\u00f5es: at\u00e9 7 de setembro<\/li>\n<li>Provas objetivas: 29 de novembro de 2026<\/li>\n<li>Resultado final: 17 de fevereiro de 2027<\/li>\n<li><a href=\"https:\/\/cpcon.uepb.edu.br\/download\/edital-normativo-de-concurso-publico-no-001-2026-pmp-pb\/?wpdmdl=9907&amp;refresh=6a553879d58a51783969913\" target=\"_blank\" rel=\"noopener\" data-mrf-link=\"https:\/\/cpcon.uepb.edu.br\/download\/edital-normativo-de-concurso-publico-no-001-2026-pmp-pb\/?wpdmdl=9907&amp;refresh=6a553879d58a51783969913\">Edital do concurso da Prefeitura Municipal de Pirpirituba<\/a><\/li>\n<\/ul>\n<\/div>\n<\/div>\n<div id=\"chunk-8id28\">\n<div data-block-type=\"raw\" data-block-weight=\"7\" data-block-id=\"13\">\n<div>\n<h2><strong>Concurso da C\u00e2mara de Riach\u00e3o do Po\u00e7o<\/strong><\/h2>\n<\/div>\n<\/div>\n<\/div>\n<div id=\"chunk-eq3n0\">\n<div data-block-type=\"raw\" data-block-weight=\"46\" data-block-id=\"14\">\n<ul data-mrf-recirculation=\"Mat\u00e9ria - Leia Tamb\u00e9m (Lista)\">\n<li>Vagas: 5<\/li>\n<li>N\u00edvel: fundamental, m\u00e9dio e superior<\/li>\n<li>Sal\u00e1rio: de R$ 1.621 at\u00e9 R$ 2,5 mil<\/li>\n<li>Inscri\u00e7\u00f5es: at\u00e9 18 de setembro de 2026<\/li>\n<li>Provas objetivas: 1\u00b0 de novembro de 2026<\/li>\n<li>Resultado final: 10 de dezembro de 2026<\/li>\n<li><a href=\"https:\/\/apiceconsultoria.com\/Concursos\/195\/pdf\/pdf_19518082026090925.pdf\" target=\"_blank\" rel=\"noopener\" data-mrf-link=\"https:\/\/apiceconsultoria.com\/Concursos\/195\/pdf\/pdf_19518082026090925.pdf\">Edital do concurso da C\u00e2mara Municipal de Riach\u00e3o do Po\u00e7o<\/a><\/li>\n<\/ul>\n<div id=\"chunk-9jpad\">\n<div data-block-type=\"raw\" data-block-weight=\"8\" data-block-id=\"16\">\n<div>\n<h2><strong>Concurso da Prefeitura de Cruz do Esp\u00edrito Santo<\/strong><\/h2>\n<\/div>\n<\/div>\n<\/div>\n<div id=\"chunk-eh30a\">\n<div data-block-type=\"raw\" data-block-weight=\"43\" data-block-id=\"17\">\n<ul data-mrf-recirculation=\"Mat\u00e9ria - Leia Tamb\u00e9m (Lista)\">\n<li>Vagas: 202<\/li>\n<li>N\u00edvel: fundamental, m\u00e9dio, t\u00e9cnico e superior<\/li>\n<li>Sal\u00e1rio: de R$ 1.621 a R$ 3.847,97<\/li>\n<li>Inscri\u00e7\u00f5es: de 7 de agosto a 16 de setembro e 2026<\/li>\n<li>Taxa: de R$ 86 a R$ 150<\/li>\n<li><a href=\"https:\/\/g1.globo.com\/pb\/paraiba\/noticia\/2026\/08\/13\/concurso-da-prefeitura-de-cruz-do-espirito-santo-oferece-mais-de-200-vagas.ghtml\" data-mrf-link=\"https:\/\/g1.globo.com\/pb\/paraiba\/noticia\/2026\/08\/13\/concurso-da-prefeitura-de-cruz-do-espirito-santo-oferece-mais-de-200-vagas.ghtml\">Edital do concurso da Prefeitura de Cruz do Esp\u00edrito Santo<\/a><\/li>\n<\/ul>\n<\/div>\n<\/div>\n<div id=\"chunk-f1s8s\">\n<div data-block-type=\"raw\" data-block-weight=\"7\" data-block-id=\"18\">\n<div>\n<h2><strong>Concurso da Prefeitura de Cuit\u00e9 de Mamanguape<\/strong><\/h2>\n<\/div>\n<\/div>\n<\/div>\n<div id=\"chunk-6v5la\">\n<div data-block-type=\"raw\" data-block-weight=\"62\" data-block-id=\"19\">\n<ul data-mrf-recirculation=\"Mat\u00e9ria - Leia Tamb\u00e9m (Lista)\">\n<li>Vagas: 116 vagas<\/li>\n<li>N\u00edvel: fundamental, m\u00e9dio, t\u00e9cnico e superior<\/li>\n<li>Sal\u00e1rio: de R$ 1.621 a R$ 11.975<\/li>\n<li>Inscri\u00e7\u00f5es: 12 de agosto a 13 de setembro<\/li>\n<li>Provas objetivas: 18 de outubro<\/li>\n<li>Prova de t\u00edtulos: 10 e 11 de dezembro<\/li>\n<li>Prova pr\u00e1tica (cargos espec\u00edficos): 13 de dezembro<\/li>\n<li>Resultado final do concurso: 25 de janeiro de 2027<\/li>\n<li><a href=\"https:\/\/anexos-r2.selecao.net.br\/uploads\/871\/concursos\/6\/anexos\/488c28d6-fd57-4185-9f03-5777ffe46446.pdf\" target=\"_blank\" rel=\"noopener\" data-mrf-link=\"https:\/\/anexos-r2.selecao.net.br\/uploads\/871\/concursos\/6\/anexos\/488c28d6-fd57-4185-9f03-5777ffe46446.pdf\">Edital do concurso da Prefeitura de Cuit\u00e9 de Mamanguape\u00a0<\/a><\/li>\n<\/ul>\n<p>Do Marcello Patriota<\/p>\n<\/div>\n<\/div>\n<\/div>\n<\/div>\n<\/div>\n","protected":false},"excerpt":{"rendered":"<p>\u00a0Para\u00edba tem 6 editais de concursos p\u00fablicos com vagas abertas neste m\u00eas de agosto. S\u00e3o mais de 1.490 oportunidades em<\/p>\n","protected":false},"author":2,"featured_media":900,"comment_status":"open","ping_status":"open","sticky":false,"template":"","format":"standard","meta":{"_jetpack_newsletter_access":"","_jetpack_dont_email_post_to_subs":false,"_jetpack_newsletter_tier_id":0,"_jetpack_memberships_contains_paywalled_content":false,"_jetpack_feature_clip_id":0,"_jetpack_memberships_contains_paid_content":false,"footnotes":"","jetpack_publicize_message":"","jetpack_publicize_feature_enabled":true,"jetpack_social_post_already_shared":true,"jetpack_social_options":{"image_generator_settings":{"template":"highway","default_image_id":0,"font":"","enabled":false},"version":2},"jetpack_post_was_ever_published":false},"categories":[43],"tags":[],"class_list":["post-75595","post","type-post","status-publish","format-standard","has-post-thumbnail","hentry","category-paraiba"],"yoast_head":"<!-- This site is optimized with the Yoast SEO plugin v28.3 - https:\/\/yoast.com\/product\/yoast-seo-wordpress\/ -->\n<title>Para\u00edba tem mais de 1,4 mil vagas abertas em concursos - Afogados FM<\/title>\n<meta name=\"robots\" content=\"index, follow, max-snippet:-1, max-image-preview:large, max-video-preview:-1\" \/>\n<link rel=\"canonical\" href=\"https:\/\/afogadosfm.com.br\/afogadosfm\/2026\/09\/01\/paraiba-tem-mais-de-14-mil-vagas-abertas-em-concursos\/\" \/>\n<meta property=\"og:locale\" content=\"pt_BR\" \/>\n<meta property=\"og:type\" content=\"article\" \/>\n<meta property=\"og:title\" content=\"Para\u00edba tem mais de 1,4 mil vagas abertas em concursos - Afogados FM\" \/>\n<meta property=\"og:description\" content=\"\u00a0Para\u00edba tem 6 editais de concursos p\u00fablicos com vagas abertas neste m\u00eas de agosto. S\u00e3o mais de 1.490 oportunidades em\" \/>\n<meta property=\"og:url\" content=\"https:\/\/afogadosfm.com.br\/afogadosfm\/2026\/09\/01\/paraiba-tem-mais-de-14-mil-vagas-abertas-em-concursos\/\" \/>\n<meta property=\"og:site_name\" content=\"Afogados FM\" \/>\n<meta property=\"article:published_time\" content=\"2026-09-01T08:55:17+00:00\" \/>\n<meta property=\"article:modified_time\" content=\"2026-09-01T08:55:55+00:00\" \/>\n<meta property=\"og:image\" content=\"https:\/\/afogadosfm.com.br\/afogadosfm\/wp-content\/uploads\/2017\/11\/concurso.jpg\" \/>\n\t<meta property=\"og:image:width\" content=\"243\" \/>\n\t<meta property=\"og:image:height\" content=\"182\" \/>\n\t<meta property=\"og:image:type\" content=\"image\/jpeg\" \/>\n<meta name=\"author\" content=\"afogadosfm\" \/>\n<meta name=\"twitter:card\" content=\"summary_large_image\" \/>\n<meta name=\"twitter:label1\" content=\"Escrito por\" \/>\n\t<meta name=\"twitter:data1\" content=\"afogadosfm\" \/>\n\t<meta name=\"twitter:label2\" content=\"Est. tempo de leitura\" \/>\n\t<meta name=\"twitter:data2\" content=\"3 minutos\" \/>\n<script type=\"application\/ld+json\" class=\"yoast-schema-graph\">{\"@context\":\"https:\\\/\\\/schema.org\",\"@graph\":[{\"@type\":\"Article\",\"@id\":\"https:\\\/\\\/afogadosfm.com.br\\\/afogadosfm\\\/2026\\\/09\\\/01\\\/paraiba-tem-mais-de-14-mil-vagas-abertas-em-concursos\\\/#article\",\"isPartOf\":{\"@id\":\"https:\\\/\\\/afogadosfm.com.br\\\/afogadosfm\\\/2026\\\/09\\\/01\\\/paraiba-tem-mais-de-14-mil-vagas-abertas-em-concursos\\\/\"},\"author\":{\"name\":\"afogadosfm\",\"@id\":\"https:\\\/\\\/afogadosfm.com.br\\\/afogadosfm\\\/#\\\/schema\\\/person\\\/60e56f2cf5dc960fc093fe093d9e9057\"},\"headline\":\"Para\u00edba tem mais de 1,4 mil vagas abertas em concursos\",\"datePublished\":\"2026-09-01T08:55:17+00:00\",\"dateModified\":\"2026-09-01T08:55:55+00:00\",\"mainEntityOfPage\":{\"@id\":\"https:\\\/\\\/afogadosfm.com.br\\\/afogadosfm\\\/2026\\\/09\\\/01\\\/paraiba-tem-mais-de-14-mil-vagas-abertas-em-concursos\\\/\"},\"wordCount\":348,\"commentCount\":0,\"publisher\":{\"@id\":\"https:\\\/\\\/afogadosfm.com.br\\\/afogadosfm\\\/#organization\"},\"image\":{\"@id\":\"https:\\\/\\\/afogadosfm.com.br\\\/afogadosfm\\\/2026\\\/09\\\/01\\\/paraiba-tem-mais-de-14-mil-vagas-abertas-em-concursos\\\/#primaryimage\"},\"thumbnailUrl\":\"https:\\\/\\\/i0.wp.com\\\/afogadosfm.com.br\\\/afogadosfm\\\/wp-content\\\/uploads\\\/2017\\\/11\\\/concurso.jpg?fit=243%2C182&ssl=1\",\"articleSection\":[\"Para\u00edba\"],\"inLanguage\":\"pt-BR\",\"potentialAction\":[{\"@type\":\"CommentAction\",\"name\":\"Comment\",\"target\":[\"https:\\\/\\\/afogadosfm.com.br\\\/afogadosfm\\\/2026\\\/09\\\/01\\\/paraiba-tem-mais-de-14-mil-vagas-abertas-em-concursos\\\/#respond\"]}]},{\"@type\":\"WebPage\",\"@id\":\"https:\\\/\\\/afogadosfm.com.br\\\/afogadosfm\\\/2026\\\/09\\\/01\\\/paraiba-tem-mais-de-14-mil-vagas-abertas-em-concursos\\\/\",\"url\":\"https:\\\/\\\/afogadosfm.com.br\\\/afogadosfm\\\/2026\\\/09\\\/01\\\/paraiba-tem-mais-de-14-mil-vagas-abertas-em-concursos\\\/\",\"name\":\"Para\u00edba tem mais de 1,4 mil vagas abertas em concursos - Afogados FM\",\"isPartOf\":{\"@id\":\"https:\\\/\\\/afogadosfm.com.br\\\/afogadosfm\\\/#website\"},\"primaryImageOfPage\":{\"@id\":\"https:\\\/\\\/afogadosfm.com.br\\\/afogadosfm\\\/2026\\\/09\\\/01\\\/paraiba-tem-mais-de-14-mil-vagas-abertas-em-concursos\\\/#primaryimage\"},\"image\":{\"@id\":\"https:\\\/\\\/afogadosfm.com.br\\\/afogadosfm\\\/2026\\\/09\\\/01\\\/paraiba-tem-mais-de-14-mil-vagas-abertas-em-concursos\\\/#primaryimage\"},\"thumbnailUrl\":\"https:\\\/\\\/i0.wp.com\\\/afogadosfm.com.br\\\/afogadosfm\\\/wp-content\\\/uploads\\\/2017\\\/11\\\/concurso.jpg?fit=243%2C182&ssl=1\",\"datePublished\":\"2026-09-01T08:55:17+00:00\",\"dateModified\":\"2026-09-01T08:55:55+00:00\",\"breadcrumb\":{\"@id\":\"https:\\\/\\\/afogadosfm.com.br\\\/afogadosfm\\\/2026\\\/09\\\/01\\\/paraiba-tem-mais-de-14-mil-vagas-abertas-em-concursos\\\/#breadcrumb\"},\"inLanguage\":\"pt-BR\",\"potentialAction\":[{\"@type\":\"ReadAction\",\"target\":[\"https:\\\/\\\/afogadosfm.com.br\\\/afogadosfm\\\/2026\\\/09\\\/01\\\/paraiba-tem-mais-de-14-mil-vagas-abertas-em-concursos\\\/\"]}]},{\"@type\":\"ImageObject\",\"inLanguage\":\"pt-BR\",\"@id\":\"https:\\\/\\\/afogadosfm.com.br\\\/afogadosfm\\\/2026\\\/09\\\/01\\\/paraiba-tem-mais-de-14-mil-vagas-abertas-em-concursos\\\/#primaryimage\",\"url\":\"https:\\\/\\\/i0.wp.com\\\/afogadosfm.com.br\\\/afogadosfm\\\/wp-content\\\/uploads\\\/2017\\\/11\\\/concurso.jpg?fit=243%2C182&ssl=1\",\"contentUrl\":\"https:\\\/\\\/i0.wp.com\\\/afogadosfm.com.br\\\/afogadosfm\\\/wp-content\\\/uploads\\\/2017\\\/11\\\/concurso.jpg?fit=243%2C182&ssl=1\",\"width\":243,\"height\":182},{\"@type\":\"BreadcrumbList\",\"@id\":\"https:\\\/\\\/afogadosfm.com.br\\\/afogadosfm\\\/2026\\\/09\\\/01\\\/paraiba-tem-mais-de-14-mil-vagas-abertas-em-concursos\\\/#breadcrumb\",\"itemListElement\":[{\"@type\":\"ListItem\",\"position\":1,\"name\":\"In\u00edcio\",\"item\":\"https:\\\/\\\/afogadosfm.com.br\\\/afogadosfm\\\/\"},{\"@type\":\"ListItem\",\"position\":2,\"name\":\"Para\u00edba tem mais de 1,4 mil vagas abertas em concursos\"}]},{\"@type\":\"WebSite\",\"@id\":\"https:\\\/\\\/afogadosfm.com.br\\\/afogadosfm\\\/#website\",\"url\":\"https:\\\/\\\/afogadosfm.com.br\\\/afogadosfm\\\/\",\"name\":\"Afogados FM\",\"description\":\"Um site completo!\",\"publisher\":{\"@id\":\"https:\\\/\\\/afogadosfm.com.br\\\/afogadosfm\\\/#organization\"},\"potentialAction\":[{\"@type\":\"SearchAction\",\"target\":{\"@type\":\"EntryPoint\",\"urlTemplate\":\"https:\\\/\\\/afogadosfm.com.br\\\/afogadosfm\\\/?s={search_term_string}\"},\"query-input\":{\"@type\":\"PropertyValueSpecification\",\"valueRequired\":true,\"valueName\":\"search_term_string\"}}],\"inLanguage\":\"pt-BR\"},{\"@type\":\"Organization\",\"@id\":\"https:\\\/\\\/afogadosfm.com.br\\\/afogadosfm\\\/#organization\",\"name\":\"Afogados FM\",\"url\":\"https:\\\/\\\/afogadosfm.com.br\\\/afogadosfm\\\/\",\"logo\":{\"@type\":\"ImageObject\",\"inLanguage\":\"pt-BR\",\"@id\":\"https:\\\/\\\/afogadosfm.com.br\\\/afogadosfm\\\/#\\\/schema\\\/logo\\\/image\\\/\",\"url\":\"https:\\\/\\\/i0.wp.com\\\/afogadosfm.com.br\\\/afogadosfm\\\/wp-content\\\/uploads\\\/2020\\\/06\\\/cropped-banner-afogados-4.jpg?fit=369%2C137&ssl=1\",\"contentUrl\":\"https:\\\/\\\/i0.wp.com\\\/afogadosfm.com.br\\\/afogadosfm\\\/wp-content\\\/uploads\\\/2020\\\/06\\\/cropped-banner-afogados-4.jpg?fit=369%2C137&ssl=1\",\"width\":369,\"height\":137,\"caption\":\"Afogados FM\"},\"image\":{\"@id\":\"https:\\\/\\\/afogadosfm.com.br\\\/afogadosfm\\\/#\\\/schema\\\/logo\\\/image\\\/\"}},{\"@type\":\"Person\",\"@id\":\"https:\\\/\\\/afogadosfm.com.br\\\/afogadosfm\\\/#\\\/schema\\\/person\\\/60e56f2cf5dc960fc093fe093d9e9057\",\"name\":\"afogadosfm\",\"image\":{\"@type\":\"ImageObject\",\"inLanguage\":\"pt-BR\",\"@id\":\"https:\\\/\\\/secure.gravatar.com\\\/avatar\\\/e0359add7ed5dc3560906d861b52c6a8cf5c1e199d3a7dd85070998f49bd4701?s=96&d=mm&r=g\",\"url\":\"https:\\\/\\\/secure.gravatar.com\\\/avatar\\\/e0359add7ed5dc3560906d861b52c6a8cf5c1e199d3a7dd85070998f49bd4701?s=96&d=mm&r=g\",\"contentUrl\":\"https:\\\/\\\/secure.gravatar.com\\\/avatar\\\/e0359add7ed5dc3560906d861b52c6a8cf5c1e199d3a7dd85070998f49bd4701?s=96&d=mm&r=g\",\"caption\":\"afogadosfm\"},\"url\":\"https:\\\/\\\/afogadosfm.com.br\\\/afogadosfm\\\/author\\\/afogadosfm\\\/\"}]}<\/script>\n<!-- \/ Yoast SEO plugin. -->","yoast_head_json":{"title":"Para\u00edba tem mais de 1,4 mil vagas abertas em concursos - Afogados FM","robots":{"index":"index","follow":"follow","max-snippet":"max-snippet:-1","max-image-preview":"max-image-preview:large","max-video-preview":"max-video-preview:-1"},"canonical":"https:\/\/afogadosfm.com.br\/afogadosfm\/2026\/09\/01\/paraiba-tem-mais-de-14-mil-vagas-abertas-em-concursos\/","og_locale":"pt_BR","og_type":"article","og_title":"Para\u00edba tem mais de 1,4 mil vagas abertas em concursos - Afogados FM","og_description":"\u00a0Para\u00edba tem 6 editais de concursos p\u00fablicos com vagas abertas neste m\u00eas de agosto. S\u00e3o mais de 1.490 oportunidades em","og_url":"https:\/\/afogadosfm.com.br\/afogadosfm\/2026\/09\/01\/paraiba-tem-mais-de-14-mil-vagas-abertas-em-concursos\/","og_site_name":"Afogados FM","article_published_time":"2026-09-01T08:55:17+00:00","article_modified_time":"2026-09-01T08:55:55+00:00","og_image":[{"width":243,"height":182,"url":"https:\/\/afogadosfm.com.br\/afogadosfm\/wp-content\/uploads\/2017\/11\/concurso.jpg","type":"image\/jpeg"}],"author":"afogadosfm","twitter_card":"summary_large_image","twitter_misc":{"Escrito por":"afogadosfm","Est. tempo de leitura":"3 minutos"},"schema":{"@context":"https:\/\/schema.org","@graph":[{"@type":"Article","@id":"https:\/\/afogadosfm.com.br\/afogadosfm\/2026\/09\/01\/paraiba-tem-mais-de-14-mil-vagas-abertas-em-concursos\/#article","isPartOf":{"@id":"https:\/\/afogadosfm.com.br\/afogadosfm\/2026\/09\/01\/paraiba-tem-mais-de-14-mil-vagas-abertas-em-concursos\/"},"author":{"name":"afogadosfm","@id":"https:\/\/afogadosfm.com.br\/afogadosfm\/#\/schema\/person\/60e56f2cf5dc960fc093fe093d9e9057"},"headline":"Para\u00edba tem mais de 1,4 mil vagas abertas em concursos","datePublished":"2026-09-01T08:55:17+00:00","dateModified":"2026-09-01T08:55:55+00:00","mainEntityOfPage":{"@id":"https:\/\/afogadosfm.com.br\/afogadosfm\/2026\/09\/01\/paraiba-tem-mais-de-14-mil-vagas-abertas-em-concursos\/"},"wordCount":348,"commentCount":0,"publisher":{"@id":"https:\/\/afogadosfm.com.br\/afogadosfm\/#organization"},"image":{"@id":"https:\/\/afogadosfm.com.br\/afogadosfm\/2026\/09\/01\/paraiba-tem-mais-de-14-mil-vagas-abertas-em-concursos\/#primaryimage"},"thumbnailUrl":"https:\/\/i0.wp.com\/afogadosfm.com.br\/afogadosfm\/wp-content\/uploads\/2017\/11\/concurso.jpg?fit=243%2C182&ssl=1","articleSection":["Para\u00edba"],"inLanguage":"pt-BR","potentialAction":[{"@type":"CommentAction","name":"Comment","target":["https:\/\/afogadosfm.com.br\/afogadosfm\/2026\/09\/01\/paraiba-tem-mais-de-14-mil-vagas-abertas-em-concursos\/#respond"]}]},{"@type":"WebPage","@id":"https:\/\/afogadosfm.com.br\/afogadosfm\/2026\/09\/01\/paraiba-tem-mais-de-14-mil-vagas-abertas-em-concursos\/","url":"https:\/\/afogadosfm.com.br\/afogadosfm\/2026\/09\/01\/paraiba-tem-mais-de-14-mil-vagas-abertas-em-concursos\/","name":"Para\u00edba tem mais de 1,4 mil vagas abertas em concursos - Afogados FM","isPartOf":{"@id":"https:\/\/afogadosfm.com.br\/afogadosfm\/#website"},"primaryImageOfPage":{"@id":"https:\/\/afogadosfm.com.br\/afogadosfm\/2026\/09\/01\/paraiba-tem-mais-de-14-mil-vagas-abertas-em-concursos\/#primaryimage"},"image":{"@id":"https:\/\/afogadosfm.com.br\/afogadosfm\/2026\/09\/01\/paraiba-tem-mais-de-14-mil-vagas-abertas-em-concursos\/#primaryimage"},"thumbnailUrl":"https:\/\/i0.wp.com\/afogadosfm.com.br\/afogadosfm\/wp-content\/uploads\/2017\/11\/concurso.jpg?fit=243%2C182&ssl=1","datePublished":"2026-09-01T08:55:17+00:00","dateModified":"2026-09-01T08:55:55+00:00","breadcrumb":{"@id":"https:\/\/afogadosfm.com.br\/afogadosfm\/2026\/09\/01\/paraiba-tem-mais-de-14-mil-vagas-abertas-em-concursos\/#breadcrumb"},"inLanguage":"pt-BR","potentialAction":[{"@type":"ReadAction","target":["https:\/\/afogadosfm.com.br\/afogadosfm\/2026\/09\/01\/paraiba-tem-mais-de-14-mil-vagas-abertas-em-concursos\/"]}]},{"@type":"ImageObject","inLanguage":"pt-BR","@id":"https:\/\/afogadosfm.com.br\/afogadosfm\/2026\/09\/01\/paraiba-tem-mais-de-14-mil-vagas-abertas-em-concursos\/#primaryimage","url":"https:\/\/i0.wp.com\/afogadosfm.com.br\/afogadosfm\/wp-content\/uploads\/2017\/11\/concurso.jpg?fit=243%2C182&ssl=1","contentUrl":"https:\/\/i0.wp.com\/afogadosfm.com.br\/afogadosfm\/wp-content\/uploads\/2017\/11\/concurso.jpg?fit=243%2C182&ssl=1","width":243,"height":182},{"@type":"BreadcrumbList","@id":"https:\/\/afogadosfm.com.br\/afogadosfm\/2026\/09\/01\/paraiba-tem-mais-de-14-mil-vagas-abertas-em-concursos\/#breadcrumb","itemListElement":[{"@type":"ListItem","position":1,"name":"In\u00edcio","item":"https:\/\/afogadosfm.com.br\/afogadosfm\/"},{"@type":"ListItem","position":2,"name":"Para\u00edba tem mais de 1,4 mil vagas abertas em concursos"}]},{"@type":"WebSite","@id":"https:\/\/afogadosfm.com.br\/afogadosfm\/#website","url":"https:\/\/afogadosfm.com.br\/afogadosfm\/","name":"Afogados FM","description":"Um site completo!","publisher":{"@id":"https:\/\/afogadosfm.com.br\/afogadosfm\/#organization"},"potentialAction":[{"@type":"SearchAction","target":{"@type":"EntryPoint","urlTemplate":"https:\/\/afogadosfm.com.br\/afogadosfm\/?s={search_term_string}"},"query-input":{"@type":"PropertyValueSpecification","valueRequired":true,"valueName":"search_term_string"}}],"inLanguage":"pt-BR"},{"@type":"Organization","@id":"https:\/\/afogadosfm.com.br\/afogadosfm\/#organization","name":"Afogados FM","url":"https:\/\/afogadosfm.com.br\/afogadosfm\/","logo":{"@type":"ImageObject","inLanguage":"pt-BR","@id":"https:\/\/afogadosfm.com.br\/afogadosfm\/#\/schema\/logo\/image\/","url":"https:\/\/i0.wp.com\/afogadosfm.com.br\/afogadosfm\/wp-content\/uploads\/2020\/06\/cropped-banner-afogados-4.jpg?fit=369%2C137&ssl=1","contentUrl":"https:\/\/i0.wp.com\/afogadosfm.com.br\/afogadosfm\/wp-content\/uploads\/2020\/06\/cropped-banner-afogados-4.jpg?fit=369%2C137&ssl=1","width":369,"height":137,"caption":"Afogados FM"},"image":{"@id":"https:\/\/afogadosfm.com.br\/afogadosfm\/#\/schema\/logo\/image\/"}},{"@type":"Person","@id":"https:\/\/afogadosfm.com.br\/afogadosfm\/#\/schema\/person\/60e56f2cf5dc960fc093fe093d9e9057","name":"afogadosfm","image":{"@type":"ImageObject","inLanguage":"pt-BR","@id":"https:\/\/secure.gravatar.com\/avatar\/e0359add7ed5dc3560906d861b52c6a8cf5c1e199d3a7dd85070998f49bd4701?s=96&d=mm&r=g","url":"https:\/\/secure.gravatar.com\/avatar\/e0359add7ed5dc3560906d861b52c6a8cf5c1e199d3a7dd85070998f49bd4701?s=96&d=mm&r=g","contentUrl":"https:\/\/secure.gravatar.com\/avatar\/e0359add7ed5dc3560906d861b52c6a8cf5c1e199d3a7dd85070998f49bd4701?s=96&d=mm&r=g","caption":"afogadosfm"},"url":"https:\/\/afogadosfm.com.br\/afogadosfm\/author\/afogadosfm\/"}]}},"jetpack_publicize_connections":[],"jetpack-related-posts":[],"jetpack_sharing_enabled":true,"jetpack_likes_enabled":true,"jetpack_featured_media_url":"https:\/\/i0.wp.com\/afogadosfm.com.br\/afogadosfm\/wp-content\/uploads\/2017\/11\/concurso.jpg?fit=243%2C182&ssl=1","_links":{"self":[{"href":"https:\/\/afogadosfm.com.br\/afogadosfm\/wp-json\/wp\/v2\/posts\/75595","targetHints":{"allow":["GET"]}}],"collection":[{"href":"https:\/\/afogadosfm.com.br\/afogadosfm\/wp-json\/wp\/v2\/posts"}],"about":[{"href":"https:\/\/afogadosfm.com.br\/afogadosfm\/wp-json\/wp\/v2\/types\/post"}],"author":[{"embeddable":true,"href":"https:\/\/afogadosfm.com.br\/afogadosfm\/wp-json\/wp\/v2\/users\/2"}],"replies":[{"embeddable":true,"href":"https:\/\/afogadosfm.com.br\/afogadosfm\/wp-json\/wp\/v2\/comments?post=75595"}],"version-history":[{"count":2,"href":"https:\/\/afogadosfm.com.br\/afogadosfm\/wp-json\/wp\/v2\/posts\/75595\/revisions"}],"predecessor-version":[{"id":75597,"href":"https:\/\/afogadosfm.com.br\/afogadosfm\/wp-json\/wp\/v2\/posts\/75595\/revisions\/75597"}],"wp:featuredmedia":[{"embeddable":true,"href":"https:\/\/afogadosfm.com.br\/afogadosfm\/wp-json\/wp\/v2\/media\/900"}],"wp:attachment":[{"href":"https:\/\/afogadosfm.com.br\/afogadosfm\/wp-json\/wp\/v2\/media?parent=75595"}],"wp:term":[{"taxonomy":"category","embeddable":true,"href":"https:\/\/afogadosfm.com.br\/afogadosfm\/wp-json\/wp\/v2\/categories?post=75595"},{"taxonomy":"post_tag","embeddable":true,"href":"https:\/\/afogadosfm.com.br\/afogadosfm\/wp-json\/wp\/v2\/tags?post=75595"}],"curies":[{"name":"wp","href":"https:\/\/api.w.org\/{rel}","templated":true}]}}