{"id":75600,"date":"2026-09-01T09:53:03","date_gmt":"2026-09-01T12:53:03","guid":{"rendered":"https:\/\/afogadosfm.com.br\/afogadosfm\/?p=75600"},"modified":"2026-09-01T09:53:03","modified_gmt":"2026-09-01T12:53:03","slug":"agenda-raquel-lyra-faz-caminhada-em-jaboatao-joao-campos-vai-a-goiana-e-ivan-moraes-debate-saude-mental-no-recife-nesta-terca-feira","status":"publish","type":"post","link":"https:\/\/afogadosfm.com.br\/afogadosfm\/2026\/09\/01\/agenda-raquel-lyra-faz-caminhada-em-jaboatao-joao-campos-vai-a-goiana-e-ivan-moraes-debate-saude-mental-no-recife-nesta-terca-feira\/","title":{"rendered":"Agenda: Raquel Lyra faz caminhada em Jaboat\u00e3o, Jo\u00e3o Campos vai a Goiana e Ivan Moraes debate sa\u00fade mental no Recife, nesta ter\u00e7a-feira"},"content":{"rendered":"<p>Os candidatos ao Governo de Pernambuco cumprem agendas no Recife e na Regi\u00e3o Metropolitana nesta ter\u00e7a-feira (1\u00ba). Raquel Lyra (PSD) participa de caminhadas em Jaboat\u00e3o dos Guararapes e Moreno; Jo\u00e3o Campos (PSB) concede entrevista, participa de um di\u00e1logo na UPE e encerra o dia em Goiana; e Ivan Moraes (PSol) tem compromissos com a imprensa e representantes da sa\u00fade mental.<\/p>\n<p>Jo\u00e3o Campos inicia a programa\u00e7\u00e3o \u00e0s 11h, com uma sabatina na R\u00e1dio Folha. A entrevista ser\u00e1 realizada na sede da Folha de Pernambuco, na Avenida Marqu\u00eas de Olinda, no Recife. \u00c0s 14h, o candidato participa de um di\u00e1logo com os postulantes ao Governo de Pernambuco na Universidade de Pernambuco (UPE), na Avenida Governador Agamenon Magalh\u00e3es, em Santo Amaro. Ele\u00a0encerra a agenda \u00e0s 18h40, com uma Caminhada 40 na Rua Nova, no bairro Jardim Nova Esperan\u00e7a, em Goiana.<\/p>\n<p>Raquel Lyra come\u00e7a os compromissos \u00e0s 16h30, com uma caminhada em Jaboat\u00e3o dos Guararapes. A concentra\u00e7\u00e3o ser\u00e1 na Pra\u00e7a Dantas Barreto, no Centro de Jaboat\u00e3o, em frente ao Clube Ferrovi\u00e1rio. \u00c0s 20h, a candidata participa de outra caminhada, desta vez em Moreno. A concentra\u00e7\u00e3o ser\u00e1 em frente ao Supermercado Ciave, na Avenida Tenente Cleto Camp\u00ealo, no bairro Alto da Maternidade.<\/p>\n<p>Ivan Moraes abre a agenda das 11h \u00e0s 12h, com uma sabatina no programa Gabinete, do LeiaJ\u00e1. A atividade ocorrer\u00e1 no bloco B da UniNassau, na Rua Guilherme Pinto, no Recife. Das 14h \u00e0s 17h, o candidato grava v\u00eddeos na Casa Marielle Franco, no bairro do Derby. \u00c0 noite, das 19h \u00e0s 21h, participa do encontro \u201cModelo de sa\u00fade mental que defendemos\u201d, no Sindicato dos Banc\u00e1rios de Pernambuco, no bairro da Boa Vista. A atividade \u00e9 promovida pelo N\u00facleo Estadual da Luta Antimanicomial Libertando Subjetividades (Renila-PE) e pelo Coletivo de Trabalhadoras e Trabalhadores da Sa\u00fade Mental do Recife (Trama).<\/p>\n","protected":false},"excerpt":{"rendered":"<p>Os candidatos ao Governo de Pernambuco cumprem agendas no Recife e na Regi\u00e3o Metropolitana nesta ter\u00e7a-feira (1\u00ba). Raquel Lyra (PSD)<\/p>\n","protected":false},"author":2,"featured_media":75601,"comment_status":"open","ping_status":"open","sticky":false,"template":"","format":"standard","meta":{"_jetpack_newsletter_access":"","_jetpack_dont_email_post_to_subs":false,"_jetpack_newsletter_tier_id":0,"_jetpack_memberships_contains_paywalled_content":false,"_jetpack_feature_clip_id":0,"_jetpack_memberships_contains_paid_content":false,"footnotes":"","jetpack_publicize_message":"","jetpack_publicize_feature_enabled":true,"jetpack_social_post_already_shared":true,"jetpack_social_options":{"image_generator_settings":{"template":"highway","default_image_id":0,"font":"","enabled":false},"version":2},"jetpack_post_was_ever_published":false},"categories":[13],"tags":[],"class_list":["post-75600","post","type-post","status-publish","format-standard","has-post-thumbnail","hentry","category-pernambuco"],"yoast_head":"<!-- This site is optimized with the Yoast SEO plugin v28.4 - https:\/\/yoast.com\/product\/yoast-seo-wordpress\/ -->\n<title>Agenda: Raquel Lyra faz caminhada em Jaboat\u00e3o, Jo\u00e3o Campos vai a Goiana e Ivan Moraes debate sa\u00fade mental no Recife, nesta ter\u00e7a-feira - Afogados FM<\/title>\n<meta name=\"robots\" content=\"index, follow, max-snippet:-1, max-image-preview:large, max-video-preview:-1\" \/>\n<link rel=\"canonical\" href=\"https:\/\/afogadosfm.com.br\/afogadosfm\/2026\/09\/01\/agenda-raquel-lyra-faz-caminhada-em-jaboatao-joao-campos-vai-a-goiana-e-ivan-moraes-debate-saude-mental-no-recife-nesta-terca-feira\/\" \/>\n<meta property=\"og:locale\" content=\"pt_BR\" \/>\n<meta property=\"og:type\" content=\"article\" \/>\n<meta property=\"og:title\" content=\"Agenda: Raquel Lyra faz caminhada em Jaboat\u00e3o, Jo\u00e3o Campos vai a Goiana e Ivan Moraes debate sa\u00fade mental no Recife, nesta ter\u00e7a-feira - Afogados FM\" \/>\n<meta property=\"og:description\" content=\"Os candidatos ao Governo de Pernambuco cumprem agendas no Recife e na Regi\u00e3o Metropolitana nesta ter\u00e7a-feira (1\u00ba). Raquel Lyra (PSD)\" \/>\n<meta property=\"og:url\" content=\"https:\/\/afogadosfm.com.br\/afogadosfm\/2026\/09\/01\/agenda-raquel-lyra-faz-caminhada-em-jaboatao-joao-campos-vai-a-goiana-e-ivan-moraes-debate-saude-mental-no-recife-nesta-terca-feira\/\" \/>\n<meta property=\"og:site_name\" content=\"Afogados FM\" \/>\n<meta property=\"article:published_time\" content=\"2026-09-01T12:53:03+00:00\" \/>\n<meta property=\"og:image\" content=\"https:\/\/afogadosfm.com.br\/afogadosfm\/wp-content\/uploads\/2026\/09\/ca1367f7-f521-431f-81f7-ca437ce2c66e-750x375-1.jpeg\" \/>\n\t<meta property=\"og:image:width\" content=\"750\" \/>\n\t<meta property=\"og:image:height\" content=\"375\" \/>\n\t<meta property=\"og:image:type\" content=\"image\/jpeg\" \/>\n<meta name=\"author\" content=\"afogadosfm\" \/>\n<meta name=\"twitter:card\" content=\"summary_large_image\" \/>\n<meta name=\"twitter:label1\" content=\"Escrito por\" \/>\n\t<meta name=\"twitter:data1\" content=\"afogadosfm\" \/>\n\t<meta name=\"twitter:label2\" content=\"Est. tempo de leitura\" \/>\n\t<meta name=\"twitter:data2\" content=\"2 minutos\" \/>\n<script type=\"application\/ld+json\" class=\"yoast-schema-graph\">{\"@context\":\"https:\\\/\\\/schema.org\",\"@graph\":[{\"@type\":\"Article\",\"@id\":\"https:\\\/\\\/afogadosfm.com.br\\\/afogadosfm\\\/2026\\\/09\\\/01\\\/agenda-raquel-lyra-faz-caminhada-em-jaboatao-joao-campos-vai-a-goiana-e-ivan-moraes-debate-saude-mental-no-recife-nesta-terca-feira\\\/#article\",\"isPartOf\":{\"@id\":\"https:\\\/\\\/afogadosfm.com.br\\\/afogadosfm\\\/2026\\\/09\\\/01\\\/agenda-raquel-lyra-faz-caminhada-em-jaboatao-joao-campos-vai-a-goiana-e-ivan-moraes-debate-saude-mental-no-recife-nesta-terca-feira\\\/\"},\"author\":{\"name\":\"afogadosfm\",\"@id\":\"https:\\\/\\\/afogadosfm.com.br\\\/afogadosfm\\\/#\\\/schema\\\/person\\\/60e56f2cf5dc960fc093fe093d9e9057\"},\"headline\":\"Agenda: Raquel Lyra faz caminhada em Jaboat\u00e3o, Jo\u00e3o Campos vai a Goiana e Ivan Moraes debate sa\u00fade mental no Recife, nesta ter\u00e7a-feira\",\"datePublished\":\"2026-09-01T12:53:03+00:00\",\"mainEntityOfPage\":{\"@id\":\"https:\\\/\\\/afogadosfm.com.br\\\/afogadosfm\\\/2026\\\/09\\\/01\\\/agenda-raquel-lyra-faz-caminhada-em-jaboatao-joao-campos-vai-a-goiana-e-ivan-moraes-debate-saude-mental-no-recife-nesta-terca-feira\\\/\"},\"wordCount\":345,\"commentCount\":0,\"publisher\":{\"@id\":\"https:\\\/\\\/afogadosfm.com.br\\\/afogadosfm\\\/#organization\"},\"image\":{\"@id\":\"https:\\\/\\\/afogadosfm.com.br\\\/afogadosfm\\\/2026\\\/09\\\/01\\\/agenda-raquel-lyra-faz-caminhada-em-jaboatao-joao-campos-vai-a-goiana-e-ivan-moraes-debate-saude-mental-no-recife-nesta-terca-feira\\\/#primaryimage\"},\"thumbnailUrl\":\"https:\\\/\\\/i0.wp.com\\\/afogadosfm.com.br\\\/afogadosfm\\\/wp-content\\\/uploads\\\/2026\\\/09\\\/ca1367f7-f521-431f-81f7-ca437ce2c66e-750x375-1.jpeg?fit=750%2C375&ssl=1\",\"articleSection\":[\"Pernambuco\"],\"inLanguage\":\"pt-BR\",\"potentialAction\":[{\"@type\":\"CommentAction\",\"name\":\"Comment\",\"target\":[\"https:\\\/\\\/afogadosfm.com.br\\\/afogadosfm\\\/2026\\\/09\\\/01\\\/agenda-raquel-lyra-faz-caminhada-em-jaboatao-joao-campos-vai-a-goiana-e-ivan-moraes-debate-saude-mental-no-recife-nesta-terca-feira\\\/#respond\"]}]},{\"@type\":\"WebPage\",\"@id\":\"https:\\\/\\\/afogadosfm.com.br\\\/afogadosfm\\\/2026\\\/09\\\/01\\\/agenda-raquel-lyra-faz-caminhada-em-jaboatao-joao-campos-vai-a-goiana-e-ivan-moraes-debate-saude-mental-no-recife-nesta-terca-feira\\\/\",\"url\":\"https:\\\/\\\/afogadosfm.com.br\\\/afogadosfm\\\/2026\\\/09\\\/01\\\/agenda-raquel-lyra-faz-caminhada-em-jaboatao-joao-campos-vai-a-goiana-e-ivan-moraes-debate-saude-mental-no-recife-nesta-terca-feira\\\/\",\"name\":\"Agenda: Raquel Lyra faz caminhada em Jaboat\u00e3o, Jo\u00e3o Campos vai a Goiana e Ivan Moraes debate sa\u00fade mental no Recife, nesta ter\u00e7a-feira - Afogados FM\",\"isPartOf\":{\"@id\":\"https:\\\/\\\/afogadosfm.com.br\\\/afogadosfm\\\/#website\"},\"primaryImageOfPage\":{\"@id\":\"https:\\\/\\\/afogadosfm.com.br\\\/afogadosfm\\\/2026\\\/09\\\/01\\\/agenda-raquel-lyra-faz-caminhada-em-jaboatao-joao-campos-vai-a-goiana-e-ivan-moraes-debate-saude-mental-no-recife-nesta-terca-feira\\\/#primaryimage\"},\"image\":{\"@id\":\"https:\\\/\\\/afogadosfm.com.br\\\/afogadosfm\\\/2026\\\/09\\\/01\\\/agenda-raquel-lyra-faz-caminhada-em-jaboatao-joao-campos-vai-a-goiana-e-ivan-moraes-debate-saude-mental-no-recife-nesta-terca-feira\\\/#primaryimage\"},\"thumbnailUrl\":\"https:\\\/\\\/i0.wp.com\\\/afogadosfm.com.br\\\/afogadosfm\\\/wp-content\\\/uploads\\\/2026\\\/09\\\/ca1367f7-f521-431f-81f7-ca437ce2c66e-750x375-1.jpeg?fit=750%2C375&ssl=1\",\"datePublished\":\"2026-09-01T12:53:03+00:00\",\"breadcrumb\":{\"@id\":\"https:\\\/\\\/afogadosfm.com.br\\\/afogadosfm\\\/2026\\\/09\\\/01\\\/agenda-raquel-lyra-faz-caminhada-em-jaboatao-joao-campos-vai-a-goiana-e-ivan-moraes-debate-saude-mental-no-recife-nesta-terca-feira\\\/#breadcrumb\"},\"inLanguage\":\"pt-BR\",\"potentialAction\":[{\"@type\":\"ReadAction\",\"target\":[\"https:\\\/\\\/afogadosfm.com.br\\\/afogadosfm\\\/2026\\\/09\\\/01\\\/agenda-raquel-lyra-faz-caminhada-em-jaboatao-joao-campos-vai-a-goiana-e-ivan-moraes-debate-saude-mental-no-recife-nesta-terca-feira\\\/\"]}]},{\"@type\":\"ImageObject\",\"inLanguage\":\"pt-BR\",\"@id\":\"https:\\\/\\\/afogadosfm.com.br\\\/afogadosfm\\\/2026\\\/09\\\/01\\\/agenda-raquel-lyra-faz-caminhada-em-jaboatao-joao-campos-vai-a-goiana-e-ivan-moraes-debate-saude-mental-no-recife-nesta-terca-feira\\\/#primaryimage\",\"url\":\"https:\\\/\\\/i0.wp.com\\\/afogadosfm.com.br\\\/afogadosfm\\\/wp-content\\\/uploads\\\/2026\\\/09\\\/ca1367f7-f521-431f-81f7-ca437ce2c66e-750x375-1.jpeg?fit=750%2C375&ssl=1\",\"contentUrl\":\"https:\\\/\\\/i0.wp.com\\\/afogadosfm.com.br\\\/afogadosfm\\\/wp-content\\\/uploads\\\/2026\\\/09\\\/ca1367f7-f521-431f-81f7-ca437ce2c66e-750x375-1.jpeg?fit=750%2C375&ssl=1\",\"width\":750,\"height\":375},{\"@type\":\"BreadcrumbList\",\"@id\":\"https:\\\/\\\/afogadosfm.com.br\\\/afogadosfm\\\/2026\\\/09\\\/01\\\/agenda-raquel-lyra-faz-caminhada-em-jaboatao-joao-campos-vai-a-goiana-e-ivan-moraes-debate-saude-mental-no-recife-nesta-terca-feira\\\/#breadcrumb\",\"itemListElement\":[{\"@type\":\"ListItem\",\"position\":1,\"name\":\"In\u00edcio\",\"item\":\"https:\\\/\\\/afogadosfm.com.br\\\/afogadosfm\\\/\"},{\"@type\":\"ListItem\",\"position\":2,\"name\":\"Agenda: Raquel Lyra faz caminhada em Jaboat\u00e3o, Jo\u00e3o Campos vai a Goiana e Ivan Moraes debate sa\u00fade mental no Recife, nesta ter\u00e7a-feira\"}]},{\"@type\":\"WebSite\",\"@id\":\"https:\\\/\\\/afogadosfm.com.br\\\/afogadosfm\\\/#website\",\"url\":\"https:\\\/\\\/afogadosfm.com.br\\\/afogadosfm\\\/\",\"name\":\"Afogados FM\",\"description\":\"Um site completo!\",\"publisher\":{\"@id\":\"https:\\\/\\\/afogadosfm.com.br\\\/afogadosfm\\\/#organization\"},\"potentialAction\":[{\"@type\":\"SearchAction\",\"target\":{\"@type\":\"EntryPoint\",\"urlTemplate\":\"https:\\\/\\\/afogadosfm.com.br\\\/afogadosfm\\\/?s={search_term_string}\"},\"query-input\":{\"@type\":\"PropertyValueSpecification\",\"valueRequired\":true,\"valueName\":\"search_term_string\"}}],\"inLanguage\":\"pt-BR\"},{\"@type\":\"Organization\",\"@id\":\"https:\\\/\\\/afogadosfm.com.br\\\/afogadosfm\\\/#organization\",\"name\":\"Afogados FM\",\"url\":\"https:\\\/\\\/afogadosfm.com.br\\\/afogadosfm\\\/\",\"logo\":{\"@type\":\"ImageObject\",\"inLanguage\":\"pt-BR\",\"@id\":\"https:\\\/\\\/afogadosfm.com.br\\\/afogadosfm\\\/#\\\/schema\\\/logo\\\/image\\\/\",\"url\":\"https:\\\/\\\/i0.wp.com\\\/afogadosfm.com.br\\\/afogadosfm\\\/wp-content\\\/uploads\\\/2020\\\/06\\\/cropped-banner-afogados-4.jpg?fit=369%2C137&ssl=1\",\"contentUrl\":\"https:\\\/\\\/i0.wp.com\\\/afogadosfm.com.br\\\/afogadosfm\\\/wp-content\\\/uploads\\\/2020\\\/06\\\/cropped-banner-afogados-4.jpg?fit=369%2C137&ssl=1\",\"width\":369,\"height\":137,\"caption\":\"Afogados FM\"},\"image\":{\"@id\":\"https:\\\/\\\/afogadosfm.com.br\\\/afogadosfm\\\/#\\\/schema\\\/logo\\\/image\\\/\"}},{\"@type\":\"Person\",\"@id\":\"https:\\\/\\\/afogadosfm.com.br\\\/afogadosfm\\\/#\\\/schema\\\/person\\\/60e56f2cf5dc960fc093fe093d9e9057\",\"name\":\"afogadosfm\",\"image\":{\"@type\":\"ImageObject\",\"inLanguage\":\"pt-BR\",\"@id\":\"https:\\\/\\\/secure.gravatar.com\\\/avatar\\\/e0359add7ed5dc3560906d861b52c6a8cf5c1e199d3a7dd85070998f49bd4701?s=96&d=mm&r=g\",\"url\":\"https:\\\/\\\/secure.gravatar.com\\\/avatar\\\/e0359add7ed5dc3560906d861b52c6a8cf5c1e199d3a7dd85070998f49bd4701?s=96&d=mm&r=g\",\"contentUrl\":\"https:\\\/\\\/secure.gravatar.com\\\/avatar\\\/e0359add7ed5dc3560906d861b52c6a8cf5c1e199d3a7dd85070998f49bd4701?s=96&d=mm&r=g\",\"caption\":\"afogadosfm\"},\"url\":\"https:\\\/\\\/afogadosfm.com.br\\\/afogadosfm\\\/author\\\/afogadosfm\\\/\"}]}<\/script>\n<!-- \/ Yoast SEO plugin. -->","yoast_head_json":{"title":"Agenda: Raquel Lyra faz caminhada em Jaboat\u00e3o, Jo\u00e3o Campos vai a Goiana e Ivan Moraes debate sa\u00fade mental no Recife, nesta ter\u00e7a-feira - Afogados FM","robots":{"index":"index","follow":"follow","max-snippet":"max-snippet:-1","max-image-preview":"max-image-preview:large","max-video-preview":"max-video-preview:-1"},"canonical":"https:\/\/afogadosfm.com.br\/afogadosfm\/2026\/09\/01\/agenda-raquel-lyra-faz-caminhada-em-jaboatao-joao-campos-vai-a-goiana-e-ivan-moraes-debate-saude-mental-no-recife-nesta-terca-feira\/","og_locale":"pt_BR","og_type":"article","og_title":"Agenda: Raquel Lyra faz caminhada em Jaboat\u00e3o, Jo\u00e3o Campos vai a Goiana e Ivan Moraes debate sa\u00fade mental no Recife, nesta ter\u00e7a-feira - Afogados FM","og_description":"Os candidatos ao Governo de Pernambuco cumprem agendas no Recife e na Regi\u00e3o Metropolitana nesta ter\u00e7a-feira (1\u00ba). Raquel Lyra (PSD)","og_url":"https:\/\/afogadosfm.com.br\/afogadosfm\/2026\/09\/01\/agenda-raquel-lyra-faz-caminhada-em-jaboatao-joao-campos-vai-a-goiana-e-ivan-moraes-debate-saude-mental-no-recife-nesta-terca-feira\/","og_site_name":"Afogados FM","article_published_time":"2026-09-01T12:53:03+00:00","og_image":[{"width":750,"height":375,"url":"https:\/\/afogadosfm.com.br\/afogadosfm\/wp-content\/uploads\/2026\/09\/ca1367f7-f521-431f-81f7-ca437ce2c66e-750x375-1.jpeg","type":"image\/jpeg"}],"author":"afogadosfm","twitter_card":"summary_large_image","twitter_misc":{"Escrito por":"afogadosfm","Est. tempo de leitura":"2 minutos"},"schema":{"@context":"https:\/\/schema.org","@graph":[{"@type":"Article","@id":"https:\/\/afogadosfm.com.br\/afogadosfm\/2026\/09\/01\/agenda-raquel-lyra-faz-caminhada-em-jaboatao-joao-campos-vai-a-goiana-e-ivan-moraes-debate-saude-mental-no-recife-nesta-terca-feira\/#article","isPartOf":{"@id":"https:\/\/afogadosfm.com.br\/afogadosfm\/2026\/09\/01\/agenda-raquel-lyra-faz-caminhada-em-jaboatao-joao-campos-vai-a-goiana-e-ivan-moraes-debate-saude-mental-no-recife-nesta-terca-feira\/"},"author":{"name":"afogadosfm","@id":"https:\/\/afogadosfm.com.br\/afogadosfm\/#\/schema\/person\/60e56f2cf5dc960fc093fe093d9e9057"},"headline":"Agenda: Raquel Lyra faz caminhada em Jaboat\u00e3o, Jo\u00e3o Campos vai a Goiana e Ivan Moraes debate sa\u00fade mental no Recife, nesta ter\u00e7a-feira","datePublished":"2026-09-01T12:53:03+00:00","mainEntityOfPage":{"@id":"https:\/\/afogadosfm.com.br\/afogadosfm\/2026\/09\/01\/agenda-raquel-lyra-faz-caminhada-em-jaboatao-joao-campos-vai-a-goiana-e-ivan-moraes-debate-saude-mental-no-recife-nesta-terca-feira\/"},"wordCount":345,"commentCount":0,"publisher":{"@id":"https:\/\/afogadosfm.com.br\/afogadosfm\/#organization"},"image":{"@id":"https:\/\/afogadosfm.com.br\/afogadosfm\/2026\/09\/01\/agenda-raquel-lyra-faz-caminhada-em-jaboatao-joao-campos-vai-a-goiana-e-ivan-moraes-debate-saude-mental-no-recife-nesta-terca-feira\/#primaryimage"},"thumbnailUrl":"https:\/\/i0.wp.com\/afogadosfm.com.br\/afogadosfm\/wp-content\/uploads\/2026\/09\/ca1367f7-f521-431f-81f7-ca437ce2c66e-750x375-1.jpeg?fit=750%2C375&ssl=1","articleSection":["Pernambuco"],"inLanguage":"pt-BR","potentialAction":[{"@type":"CommentAction","name":"Comment","target":["https:\/\/afogadosfm.com.br\/afogadosfm\/2026\/09\/01\/agenda-raquel-lyra-faz-caminhada-em-jaboatao-joao-campos-vai-a-goiana-e-ivan-moraes-debate-saude-mental-no-recife-nesta-terca-feira\/#respond"]}]},{"@type":"WebPage","@id":"https:\/\/afogadosfm.com.br\/afogadosfm\/2026\/09\/01\/agenda-raquel-lyra-faz-caminhada-em-jaboatao-joao-campos-vai-a-goiana-e-ivan-moraes-debate-saude-mental-no-recife-nesta-terca-feira\/","url":"https:\/\/afogadosfm.com.br\/afogadosfm\/2026\/09\/01\/agenda-raquel-lyra-faz-caminhada-em-jaboatao-joao-campos-vai-a-goiana-e-ivan-moraes-debate-saude-mental-no-recife-nesta-terca-feira\/","name":"Agenda: Raquel Lyra faz caminhada em Jaboat\u00e3o, Jo\u00e3o Campos vai a Goiana e Ivan Moraes debate sa\u00fade mental no Recife, nesta ter\u00e7a-feira - Afogados FM","isPartOf":{"@id":"https:\/\/afogadosfm.com.br\/afogadosfm\/#website"},"primaryImageOfPage":{"@id":"https:\/\/afogadosfm.com.br\/afogadosfm\/2026\/09\/01\/agenda-raquel-lyra-faz-caminhada-em-jaboatao-joao-campos-vai-a-goiana-e-ivan-moraes-debate-saude-mental-no-recife-nesta-terca-feira\/#primaryimage"},"image":{"@id":"https:\/\/afogadosfm.com.br\/afogadosfm\/2026\/09\/01\/agenda-raquel-lyra-faz-caminhada-em-jaboatao-joao-campos-vai-a-goiana-e-ivan-moraes-debate-saude-mental-no-recife-nesta-terca-feira\/#primaryimage"},"thumbnailUrl":"https:\/\/i0.wp.com\/afogadosfm.com.br\/afogadosfm\/wp-content\/uploads\/2026\/09\/ca1367f7-f521-431f-81f7-ca437ce2c66e-750x375-1.jpeg?fit=750%2C375&ssl=1","datePublished":"2026-09-01T12:53:03+00:00","breadcrumb":{"@id":"https:\/\/afogadosfm.com.br\/afogadosfm\/2026\/09\/01\/agenda-raquel-lyra-faz-caminhada-em-jaboatao-joao-campos-vai-a-goiana-e-ivan-moraes-debate-saude-mental-no-recife-nesta-terca-feira\/#breadcrumb"},"inLanguage":"pt-BR","potentialAction":[{"@type":"ReadAction","target":["https:\/\/afogadosfm.com.br\/afogadosfm\/2026\/09\/01\/agenda-raquel-lyra-faz-caminhada-em-jaboatao-joao-campos-vai-a-goiana-e-ivan-moraes-debate-saude-mental-no-recife-nesta-terca-feira\/"]}]},{"@type":"ImageObject","inLanguage":"pt-BR","@id":"https:\/\/afogadosfm.com.br\/afogadosfm\/2026\/09\/01\/agenda-raquel-lyra-faz-caminhada-em-jaboatao-joao-campos-vai-a-goiana-e-ivan-moraes-debate-saude-mental-no-recife-nesta-terca-feira\/#primaryimage","url":"https:\/\/i0.wp.com\/afogadosfm.com.br\/afogadosfm\/wp-content\/uploads\/2026\/09\/ca1367f7-f521-431f-81f7-ca437ce2c66e-750x375-1.jpeg?fit=750%2C375&ssl=1","contentUrl":"https:\/\/i0.wp.com\/afogadosfm.com.br\/afogadosfm\/wp-content\/uploads\/2026\/09\/ca1367f7-f521-431f-81f7-ca437ce2c66e-750x375-1.jpeg?fit=750%2C375&ssl=1","width":750,"height":375},{"@type":"BreadcrumbList","@id":"https:\/\/afogadosfm.com.br\/afogadosfm\/2026\/09\/01\/agenda-raquel-lyra-faz-caminhada-em-jaboatao-joao-campos-vai-a-goiana-e-ivan-moraes-debate-saude-mental-no-recife-nesta-terca-feira\/#breadcrumb","itemListElement":[{"@type":"ListItem","position":1,"name":"In\u00edcio","item":"https:\/\/afogadosfm.com.br\/afogadosfm\/"},{"@type":"ListItem","position":2,"name":"Agenda: Raquel Lyra faz caminhada em Jaboat\u00e3o, Jo\u00e3o Campos vai a Goiana e Ivan Moraes debate sa\u00fade mental no Recife, nesta ter\u00e7a-feira"}]},{"@type":"WebSite","@id":"https:\/\/afogadosfm.com.br\/afogadosfm\/#website","url":"https:\/\/afogadosfm.com.br\/afogadosfm\/","name":"Afogados FM","description":"Um site completo!","publisher":{"@id":"https:\/\/afogadosfm.com.br\/afogadosfm\/#organization"},"potentialAction":[{"@type":"SearchAction","target":{"@type":"EntryPoint","urlTemplate":"https:\/\/afogadosfm.com.br\/afogadosfm\/?s={search_term_string}"},"query-input":{"@type":"PropertyValueSpecification","valueRequired":true,"valueName":"search_term_string"}}],"inLanguage":"pt-BR"},{"@type":"Organization","@id":"https:\/\/afogadosfm.com.br\/afogadosfm\/#organization","name":"Afogados FM","url":"https:\/\/afogadosfm.com.br\/afogadosfm\/","logo":{"@type":"ImageObject","inLanguage":"pt-BR","@id":"https:\/\/afogadosfm.com.br\/afogadosfm\/#\/schema\/logo\/image\/","url":"https:\/\/i0.wp.com\/afogadosfm.com.br\/afogadosfm\/wp-content\/uploads\/2020\/06\/cropped-banner-afogados-4.jpg?fit=369%2C137&ssl=1","contentUrl":"https:\/\/i0.wp.com\/afogadosfm.com.br\/afogadosfm\/wp-content\/uploads\/2020\/06\/cropped-banner-afogados-4.jpg?fit=369%2C137&ssl=1","width":369,"height":137,"caption":"Afogados FM"},"image":{"@id":"https:\/\/afogadosfm.com.br\/afogadosfm\/#\/schema\/logo\/image\/"}},{"@type":"Person","@id":"https:\/\/afogadosfm.com.br\/afogadosfm\/#\/schema\/person\/60e56f2cf5dc960fc093fe093d9e9057","name":"afogadosfm","image":{"@type":"ImageObject","inLanguage":"pt-BR","@id":"https:\/\/secure.gravatar.com\/avatar\/e0359add7ed5dc3560906d861b52c6a8cf5c1e199d3a7dd85070998f49bd4701?s=96&d=mm&r=g","url":"https:\/\/secure.gravatar.com\/avatar\/e0359add7ed5dc3560906d861b52c6a8cf5c1e199d3a7dd85070998f49bd4701?s=96&d=mm&r=g","contentUrl":"https:\/\/secure.gravatar.com\/avatar\/e0359add7ed5dc3560906d861b52c6a8cf5c1e199d3a7dd85070998f49bd4701?s=96&d=mm&r=g","caption":"afogadosfm"},"url":"https:\/\/afogadosfm.com.br\/afogadosfm\/author\/afogadosfm\/"}]}},"jetpack_publicize_connections":[],"jetpack-related-posts":[],"jetpack_sharing_enabled":true,"jetpack_likes_enabled":true,"jetpack_featured_media_url":"https:\/\/i0.wp.com\/afogadosfm.com.br\/afogadosfm\/wp-content\/uploads\/2026\/09\/ca1367f7-f521-431f-81f7-ca437ce2c66e-750x375-1.jpeg?fit=750%2C375&ssl=1","_links":{"self":[{"href":"https:\/\/afogadosfm.com.br\/afogadosfm\/wp-json\/wp\/v2\/posts\/75600","targetHints":{"allow":["GET"]}}],"collection":[{"href":"https:\/\/afogadosfm.com.br\/afogadosfm\/wp-json\/wp\/v2\/posts"}],"about":[{"href":"https:\/\/afogadosfm.com.br\/afogadosfm\/wp-json\/wp\/v2\/types\/post"}],"author":[{"embeddable":true,"href":"https:\/\/afogadosfm.com.br\/afogadosfm\/wp-json\/wp\/v2\/users\/2"}],"replies":[{"embeddable":true,"href":"https:\/\/afogadosfm.com.br\/afogadosfm\/wp-json\/wp\/v2\/comments?post=75600"}],"version-history":[{"count":1,"href":"https:\/\/afogadosfm.com.br\/afogadosfm\/wp-json\/wp\/v2\/posts\/75600\/revisions"}],"predecessor-version":[{"id":75602,"href":"https:\/\/afogadosfm.com.br\/afogadosfm\/wp-json\/wp\/v2\/posts\/75600\/revisions\/75602"}],"wp:featuredmedia":[{"embeddable":true,"href":"https:\/\/afogadosfm.com.br\/afogadosfm\/wp-json\/wp\/v2\/media\/75601"}],"wp:attachment":[{"href":"https:\/\/afogadosfm.com.br\/afogadosfm\/wp-json\/wp\/v2\/media?parent=75600"}],"wp:term":[{"taxonomy":"category","embeddable":true,"href":"https:\/\/afogadosfm.com.br\/afogadosfm\/wp-json\/wp\/v2\/categories?post=75600"},{"taxonomy":"post_tag","embeddable":true,"href":"https:\/\/afogadosfm.com.br\/afogadosfm\/wp-json\/wp\/v2\/tags?post=75600"}],"curies":[{"name":"wp","href":"https:\/\/api.w.org\/{rel}","templated":true}]}}