{"id":75620,"date":"2026-09-02T05:50:21","date_gmt":"2026-09-02T08:50:21","guid":{"rendered":"https:\/\/afogadosfm.com.br\/afogadosfm\/?p=75620"},"modified":"2026-09-02T05:50:21","modified_gmt":"2026-09-02T08:50:21","slug":"semana-da-patria-em-iguaracy-comeca-com-programacao-civica","status":"publish","type":"post","link":"https:\/\/afogadosfm.com.br\/afogadosfm\/2026\/09\/02\/semana-da-patria-em-iguaracy-comeca-com-programacao-civica\/","title":{"rendered":"Semana da P\u00e1tria em Iguaracy come\u00e7a com programa\u00e7\u00e3o c\u00edvica"},"content":{"rendered":"<p>A Prefeitura de Iguaracy, deu in\u00edcio nesta ter\u00e7a-feira, 1\u00ba de setembro, \u00e0 programa\u00e7\u00e3o da Semana da P\u00e1tria, que re\u00fane professores, estudantes, bandas marciais, secretarias municipais e a comunidade em uma s\u00e9rie de atividades alusivas \u00e0 Independ\u00eancia do Brasil.<\/p>\n<p>A abertura contou com a participa\u00e7\u00e3o da Banda da EREF Dr. Diomedes Gomes, alunos da EREF Dr. Diomedes (Anexo) e representantes das secretarias de Educa\u00e7\u00e3o, Administra\u00e7\u00e3o e Finan\u00e7as. No per\u00edodo da tarde, a programa\u00e7\u00e3o segue com os alunos dos 6\u00ba e 7\u00ba anos da mesma EREF.<\/p>\n<p>Ao comentar o in\u00edcio das atividades o prefeito Dr. Pedro Alves destacou a import\u00e2ncia da Semana da P\u00e1tria como momento de valoriza\u00e7\u00e3o da hist\u00f3ria, da cidadania e do sentimento de pertencimento ao pa\u00eds.<\/p>\n<p>Ao longo da semana, a programa\u00e7\u00e3o prossegue com a participa\u00e7\u00e3o de diferentes escolas e secretarias. Nesta quarta-feira (02), pela manh\u00e3, estar\u00e3o presentes a Banda da Escola Na\u00e7\u00f5es Unidas, alunos da institui\u00e7\u00e3o e as secretarias de Educa\u00e7\u00e3o, Sa\u00fade e Cultura. \u00c0 tarde, ser\u00e1 a vez dos alunos da EREF Dr. Diomedes.<\/p>\n<p>Na quinta-feira (03), a Banda da Escola Jos\u00e9 Virg\u00ednio participa das atividades, juntamente com alunos das escolas Jos\u00e9 Virg\u00ednio e Elp\u00eddio Leandro e representantes das secretarias de Educa\u00e7\u00e3o, Cultura, Agricultura e Meio Ambiente. \u00c0 tarde, a programa\u00e7\u00e3o ser\u00e1 destinada aos alunos dos 8\u00ba e 9\u00ba anos da EREF Dr. Diomedes.<\/p>\n<p>Na sexta-feira (04), as atividades ser\u00e3o realizadas em Iguaracy (sede) e na comunidade de Caatingueira. Em Iguaracy, pela manh\u00e3, participam alunos das escolas Mestre Ant\u00f4nio e Jos\u00e9 Alves Torres, al\u00e9m das secretarias de Educa\u00e7\u00e3o, Cultura, Assist\u00eancia Social e Obras. \u00c0 tarde, estar\u00e3o envolvidos alunos das escolas Na\u00e7\u00f5es Unidas e EREM Rosete.<\/p>\n<p>Em Caatingueira, o hasteamento das bandeiras est\u00e1 previsto para \u00e0s 8h, com participa\u00e7\u00e3o da Banda da Escola S\u00e3o Vicente e alunos das escolas S\u00e3o Vicente e Manoel Ces\u00e1rio. \u00c0s 16h acontece o arriamento, novamente com a participa\u00e7\u00e3o da banda e dos alunos da Escola S\u00e3o Vicente.<\/p>\n<p>As celebra\u00e7\u00f5es ganham um momento especial no dia 7 de setembro, quando haver\u00e1 hasteamento das bandeiras \u00e0s 8h, em Iguaracy, envolvendo alunos da Escola Na\u00e7\u00f5es Unidas, EREF Diomedes, EREF Judite, EREM Rosete, EREM Joaquim e Escola Jos\u00e9 Virg\u00ednio.<\/p>\n<p>Em Jabitac\u00e1, o arriamento est\u00e1 previsto para as 16h, com participa\u00e7\u00e3o de estudantes da Escola S\u00e3o Vicente, EREM Joaquim, EREF Judite e Escola Manoel Ces\u00e1rio.<\/p>\n<p>J\u00e1 no dia 8 de setembro, a programa\u00e7\u00e3o ser\u00e1 encerrada em Iraja\u00ed, a partir das 8h, com um desfile c\u00edvico que contar\u00e1 com a Banda da Escola Jos\u00e9 Virg\u00ednio, Banda da EREF Dr. Diomedes e alunos da Escola Jos\u00e9 Virg\u00ednio.<\/p>\n<p>A programa\u00e7\u00e3o preparada pelo munic\u00edpio segue at\u00e9 o dia 8 de setembro, levando as celebra\u00e7\u00f5es da Independ\u00eancia para diferentes localidades e reunindo a comunidade em torno de momentos de civismo, patriotismo e valoriza\u00e7\u00e3o da hist\u00f3ria brasileira.<\/p>\n","protected":false},"excerpt":{"rendered":"<p>A Prefeitura de Iguaracy, deu in\u00edcio nesta ter\u00e7a-feira, 1\u00ba de setembro, \u00e0 programa\u00e7\u00e3o da Semana da P\u00e1tria, que re\u00fane professores,<\/p>\n","protected":false},"author":2,"featured_media":75621,"comment_status":"open","ping_status":"open","sticky":false,"template":"","format":"standard","meta":{"_jetpack_newsletter_access":"","_jetpack_dont_email_post_to_subs":false,"_jetpack_newsletter_tier_id":0,"_jetpack_memberships_contains_paywalled_content":false,"_jetpack_feature_clip_id":0,"_jetpack_memberships_contains_paid_content":false,"footnotes":"","jetpack_publicize_message":"","jetpack_publicize_feature_enabled":true,"jetpack_social_post_already_shared":true,"jetpack_social_options":{"image_generator_settings":{"template":"highway","default_image_id":0,"font":"","enabled":false},"version":2},"jetpack_post_was_ever_published":false},"categories":[32],"tags":[],"class_list":["post-75620","post","type-post","status-publish","format-standard","has-post-thumbnail","hentry","category-sertao"],"yoast_head":"<!-- This site is optimized with the Yoast SEO plugin v28.4 - https:\/\/yoast.com\/product\/yoast-seo-wordpress\/ -->\n<title>Semana da P\u00e1tria em Iguaracy come\u00e7a com programa\u00e7\u00e3o c\u00edvica - Afogados FM<\/title>\n<meta name=\"robots\" content=\"index, follow, max-snippet:-1, max-image-preview:large, max-video-preview:-1\" \/>\n<link rel=\"canonical\" href=\"https:\/\/afogadosfm.com.br\/afogadosfm\/2026\/09\/02\/semana-da-patria-em-iguaracy-comeca-com-programacao-civica\/\" \/>\n<meta property=\"og:locale\" content=\"pt_BR\" \/>\n<meta property=\"og:type\" content=\"article\" \/>\n<meta property=\"og:title\" content=\"Semana da P\u00e1tria em Iguaracy come\u00e7a com programa\u00e7\u00e3o c\u00edvica - Afogados FM\" \/>\n<meta property=\"og:description\" content=\"A Prefeitura de Iguaracy, deu in\u00edcio nesta ter\u00e7a-feira, 1\u00ba de setembro, \u00e0 programa\u00e7\u00e3o da Semana da P\u00e1tria, que re\u00fane professores,\" \/>\n<meta property=\"og:url\" content=\"https:\/\/afogadosfm.com.br\/afogadosfm\/2026\/09\/02\/semana-da-patria-em-iguaracy-comeca-com-programacao-civica\/\" \/>\n<meta property=\"og:site_name\" content=\"Afogados FM\" \/>\n<meta property=\"article:published_time\" content=\"2026-09-02T08:50:21+00:00\" \/>\n<meta property=\"og:image\" content=\"https:\/\/afogadosfm.com.br\/afogadosfm\/wp-content\/uploads\/2026\/09\/Dr.-Pedro-Alves-768x419-1.jpg\" \/>\n\t<meta property=\"og:image:width\" content=\"768\" \/>\n\t<meta property=\"og:image:height\" content=\"419\" \/>\n\t<meta property=\"og:image:type\" content=\"image\/jpeg\" \/>\n<meta name=\"author\" content=\"afogadosfm\" \/>\n<meta name=\"twitter:card\" content=\"summary_large_image\" \/>\n<meta name=\"twitter:label1\" content=\"Escrito por\" \/>\n\t<meta name=\"twitter:data1\" content=\"afogadosfm\" \/>\n\t<meta name=\"twitter:label2\" content=\"Est. tempo de leitura\" \/>\n\t<meta name=\"twitter:data2\" content=\"3 minutos\" \/>\n<script type=\"application\/ld+json\" class=\"yoast-schema-graph\">{\"@context\":\"https:\\\/\\\/schema.org\",\"@graph\":[{\"@type\":\"Article\",\"@id\":\"https:\\\/\\\/afogadosfm.com.br\\\/afogadosfm\\\/2026\\\/09\\\/02\\\/semana-da-patria-em-iguaracy-comeca-com-programacao-civica\\\/#article\",\"isPartOf\":{\"@id\":\"https:\\\/\\\/afogadosfm.com.br\\\/afogadosfm\\\/2026\\\/09\\\/02\\\/semana-da-patria-em-iguaracy-comeca-com-programacao-civica\\\/\"},\"author\":{\"name\":\"afogadosfm\",\"@id\":\"https:\\\/\\\/afogadosfm.com.br\\\/afogadosfm\\\/#\\\/schema\\\/person\\\/60e56f2cf5dc960fc093fe093d9e9057\"},\"headline\":\"Semana da P\u00e1tria em Iguaracy come\u00e7a com programa\u00e7\u00e3o c\u00edvica\",\"datePublished\":\"2026-09-02T08:50:21+00:00\",\"mainEntityOfPage\":{\"@id\":\"https:\\\/\\\/afogadosfm.com.br\\\/afogadosfm\\\/2026\\\/09\\\/02\\\/semana-da-patria-em-iguaracy-comeca-com-programacao-civica\\\/\"},\"wordCount\":510,\"commentCount\":0,\"publisher\":{\"@id\":\"https:\\\/\\\/afogadosfm.com.br\\\/afogadosfm\\\/#organization\"},\"image\":{\"@id\":\"https:\\\/\\\/afogadosfm.com.br\\\/afogadosfm\\\/2026\\\/09\\\/02\\\/semana-da-patria-em-iguaracy-comeca-com-programacao-civica\\\/#primaryimage\"},\"thumbnailUrl\":\"https:\\\/\\\/i0.wp.com\\\/afogadosfm.com.br\\\/afogadosfm\\\/wp-content\\\/uploads\\\/2026\\\/09\\\/Dr.-Pedro-Alves-768x419-1.jpg?fit=768%2C419&ssl=1\",\"articleSection\":[\"Sert\u00e3o\"],\"inLanguage\":\"pt-BR\",\"potentialAction\":[{\"@type\":\"CommentAction\",\"name\":\"Comment\",\"target\":[\"https:\\\/\\\/afogadosfm.com.br\\\/afogadosfm\\\/2026\\\/09\\\/02\\\/semana-da-patria-em-iguaracy-comeca-com-programacao-civica\\\/#respond\"]}]},{\"@type\":\"WebPage\",\"@id\":\"https:\\\/\\\/afogadosfm.com.br\\\/afogadosfm\\\/2026\\\/09\\\/02\\\/semana-da-patria-em-iguaracy-comeca-com-programacao-civica\\\/\",\"url\":\"https:\\\/\\\/afogadosfm.com.br\\\/afogadosfm\\\/2026\\\/09\\\/02\\\/semana-da-patria-em-iguaracy-comeca-com-programacao-civica\\\/\",\"name\":\"Semana da P\u00e1tria em Iguaracy come\u00e7a com programa\u00e7\u00e3o c\u00edvica - Afogados FM\",\"isPartOf\":{\"@id\":\"https:\\\/\\\/afogadosfm.com.br\\\/afogadosfm\\\/#website\"},\"primaryImageOfPage\":{\"@id\":\"https:\\\/\\\/afogadosfm.com.br\\\/afogadosfm\\\/2026\\\/09\\\/02\\\/semana-da-patria-em-iguaracy-comeca-com-programacao-civica\\\/#primaryimage\"},\"image\":{\"@id\":\"https:\\\/\\\/afogadosfm.com.br\\\/afogadosfm\\\/2026\\\/09\\\/02\\\/semana-da-patria-em-iguaracy-comeca-com-programacao-civica\\\/#primaryimage\"},\"thumbnailUrl\":\"https:\\\/\\\/i0.wp.com\\\/afogadosfm.com.br\\\/afogadosfm\\\/wp-content\\\/uploads\\\/2026\\\/09\\\/Dr.-Pedro-Alves-768x419-1.jpg?fit=768%2C419&ssl=1\",\"datePublished\":\"2026-09-02T08:50:21+00:00\",\"breadcrumb\":{\"@id\":\"https:\\\/\\\/afogadosfm.com.br\\\/afogadosfm\\\/2026\\\/09\\\/02\\\/semana-da-patria-em-iguaracy-comeca-com-programacao-civica\\\/#breadcrumb\"},\"inLanguage\":\"pt-BR\",\"potentialAction\":[{\"@type\":\"ReadAction\",\"target\":[\"https:\\\/\\\/afogadosfm.com.br\\\/afogadosfm\\\/2026\\\/09\\\/02\\\/semana-da-patria-em-iguaracy-comeca-com-programacao-civica\\\/\"]}]},{\"@type\":\"ImageObject\",\"inLanguage\":\"pt-BR\",\"@id\":\"https:\\\/\\\/afogadosfm.com.br\\\/afogadosfm\\\/2026\\\/09\\\/02\\\/semana-da-patria-em-iguaracy-comeca-com-programacao-civica\\\/#primaryimage\",\"url\":\"https:\\\/\\\/i0.wp.com\\\/afogadosfm.com.br\\\/afogadosfm\\\/wp-content\\\/uploads\\\/2026\\\/09\\\/Dr.-Pedro-Alves-768x419-1.jpg?fit=768%2C419&ssl=1\",\"contentUrl\":\"https:\\\/\\\/i0.wp.com\\\/afogadosfm.com.br\\\/afogadosfm\\\/wp-content\\\/uploads\\\/2026\\\/09\\\/Dr.-Pedro-Alves-768x419-1.jpg?fit=768%2C419&ssl=1\",\"width\":768,\"height\":419},{\"@type\":\"BreadcrumbList\",\"@id\":\"https:\\\/\\\/afogadosfm.com.br\\\/afogadosfm\\\/2026\\\/09\\\/02\\\/semana-da-patria-em-iguaracy-comeca-com-programacao-civica\\\/#breadcrumb\",\"itemListElement\":[{\"@type\":\"ListItem\",\"position\":1,\"name\":\"In\u00edcio\",\"item\":\"https:\\\/\\\/afogadosfm.com.br\\\/afogadosfm\\\/\"},{\"@type\":\"ListItem\",\"position\":2,\"name\":\"Semana da P\u00e1tria em Iguaracy come\u00e7a com programa\u00e7\u00e3o c\u00edvica\"}]},{\"@type\":\"WebSite\",\"@id\":\"https:\\\/\\\/afogadosfm.com.br\\\/afogadosfm\\\/#website\",\"url\":\"https:\\\/\\\/afogadosfm.com.br\\\/afogadosfm\\\/\",\"name\":\"Afogados FM\",\"description\":\"Um site completo!\",\"publisher\":{\"@id\":\"https:\\\/\\\/afogadosfm.com.br\\\/afogadosfm\\\/#organization\"},\"potentialAction\":[{\"@type\":\"SearchAction\",\"target\":{\"@type\":\"EntryPoint\",\"urlTemplate\":\"https:\\\/\\\/afogadosfm.com.br\\\/afogadosfm\\\/?s={search_term_string}\"},\"query-input\":{\"@type\":\"PropertyValueSpecification\",\"valueRequired\":true,\"valueName\":\"search_term_string\"}}],\"inLanguage\":\"pt-BR\"},{\"@type\":\"Organization\",\"@id\":\"https:\\\/\\\/afogadosfm.com.br\\\/afogadosfm\\\/#organization\",\"name\":\"Afogados FM\",\"url\":\"https:\\\/\\\/afogadosfm.com.br\\\/afogadosfm\\\/\",\"logo\":{\"@type\":\"ImageObject\",\"inLanguage\":\"pt-BR\",\"@id\":\"https:\\\/\\\/afogadosfm.com.br\\\/afogadosfm\\\/#\\\/schema\\\/logo\\\/image\\\/\",\"url\":\"https:\\\/\\\/i0.wp.com\\\/afogadosfm.com.br\\\/afogadosfm\\\/wp-content\\\/uploads\\\/2020\\\/06\\\/cropped-banner-afogados-4.jpg?fit=369%2C137&ssl=1\",\"contentUrl\":\"https:\\\/\\\/i0.wp.com\\\/afogadosfm.com.br\\\/afogadosfm\\\/wp-content\\\/uploads\\\/2020\\\/06\\\/cropped-banner-afogados-4.jpg?fit=369%2C137&ssl=1\",\"width\":369,\"height\":137,\"caption\":\"Afogados FM\"},\"image\":{\"@id\":\"https:\\\/\\\/afogadosfm.com.br\\\/afogadosfm\\\/#\\\/schema\\\/logo\\\/image\\\/\"}},{\"@type\":\"Person\",\"@id\":\"https:\\\/\\\/afogadosfm.com.br\\\/afogadosfm\\\/#\\\/schema\\\/person\\\/60e56f2cf5dc960fc093fe093d9e9057\",\"name\":\"afogadosfm\",\"image\":{\"@type\":\"ImageObject\",\"inLanguage\":\"pt-BR\",\"@id\":\"https:\\\/\\\/secure.gravatar.com\\\/avatar\\\/e0359add7ed5dc3560906d861b52c6a8cf5c1e199d3a7dd85070998f49bd4701?s=96&d=mm&r=g\",\"url\":\"https:\\\/\\\/secure.gravatar.com\\\/avatar\\\/e0359add7ed5dc3560906d861b52c6a8cf5c1e199d3a7dd85070998f49bd4701?s=96&d=mm&r=g\",\"contentUrl\":\"https:\\\/\\\/secure.gravatar.com\\\/avatar\\\/e0359add7ed5dc3560906d861b52c6a8cf5c1e199d3a7dd85070998f49bd4701?s=96&d=mm&r=g\",\"caption\":\"afogadosfm\"},\"url\":\"https:\\\/\\\/afogadosfm.com.br\\\/afogadosfm\\\/author\\\/afogadosfm\\\/\"}]}<\/script>\n<!-- \/ Yoast SEO plugin. -->","yoast_head_json":{"title":"Semana da P\u00e1tria em Iguaracy come\u00e7a com programa\u00e7\u00e3o c\u00edvica - Afogados FM","robots":{"index":"index","follow":"follow","max-snippet":"max-snippet:-1","max-image-preview":"max-image-preview:large","max-video-preview":"max-video-preview:-1"},"canonical":"https:\/\/afogadosfm.com.br\/afogadosfm\/2026\/09\/02\/semana-da-patria-em-iguaracy-comeca-com-programacao-civica\/","og_locale":"pt_BR","og_type":"article","og_title":"Semana da P\u00e1tria em Iguaracy come\u00e7a com programa\u00e7\u00e3o c\u00edvica - Afogados FM","og_description":"A Prefeitura de Iguaracy, deu in\u00edcio nesta ter\u00e7a-feira, 1\u00ba de setembro, \u00e0 programa\u00e7\u00e3o da Semana da P\u00e1tria, que re\u00fane professores,","og_url":"https:\/\/afogadosfm.com.br\/afogadosfm\/2026\/09\/02\/semana-da-patria-em-iguaracy-comeca-com-programacao-civica\/","og_site_name":"Afogados FM","article_published_time":"2026-09-02T08:50:21+00:00","og_image":[{"width":768,"height":419,"url":"https:\/\/afogadosfm.com.br\/afogadosfm\/wp-content\/uploads\/2026\/09\/Dr.-Pedro-Alves-768x419-1.jpg","type":"image\/jpeg"}],"author":"afogadosfm","twitter_card":"summary_large_image","twitter_misc":{"Escrito por":"afogadosfm","Est. tempo de leitura":"3 minutos"},"schema":{"@context":"https:\/\/schema.org","@graph":[{"@type":"Article","@id":"https:\/\/afogadosfm.com.br\/afogadosfm\/2026\/09\/02\/semana-da-patria-em-iguaracy-comeca-com-programacao-civica\/#article","isPartOf":{"@id":"https:\/\/afogadosfm.com.br\/afogadosfm\/2026\/09\/02\/semana-da-patria-em-iguaracy-comeca-com-programacao-civica\/"},"author":{"name":"afogadosfm","@id":"https:\/\/afogadosfm.com.br\/afogadosfm\/#\/schema\/person\/60e56f2cf5dc960fc093fe093d9e9057"},"headline":"Semana da P\u00e1tria em Iguaracy come\u00e7a com programa\u00e7\u00e3o c\u00edvica","datePublished":"2026-09-02T08:50:21+00:00","mainEntityOfPage":{"@id":"https:\/\/afogadosfm.com.br\/afogadosfm\/2026\/09\/02\/semana-da-patria-em-iguaracy-comeca-com-programacao-civica\/"},"wordCount":510,"commentCount":0,"publisher":{"@id":"https:\/\/afogadosfm.com.br\/afogadosfm\/#organization"},"image":{"@id":"https:\/\/afogadosfm.com.br\/afogadosfm\/2026\/09\/02\/semana-da-patria-em-iguaracy-comeca-com-programacao-civica\/#primaryimage"},"thumbnailUrl":"https:\/\/i0.wp.com\/afogadosfm.com.br\/afogadosfm\/wp-content\/uploads\/2026\/09\/Dr.-Pedro-Alves-768x419-1.jpg?fit=768%2C419&ssl=1","articleSection":["Sert\u00e3o"],"inLanguage":"pt-BR","potentialAction":[{"@type":"CommentAction","name":"Comment","target":["https:\/\/afogadosfm.com.br\/afogadosfm\/2026\/09\/02\/semana-da-patria-em-iguaracy-comeca-com-programacao-civica\/#respond"]}]},{"@type":"WebPage","@id":"https:\/\/afogadosfm.com.br\/afogadosfm\/2026\/09\/02\/semana-da-patria-em-iguaracy-comeca-com-programacao-civica\/","url":"https:\/\/afogadosfm.com.br\/afogadosfm\/2026\/09\/02\/semana-da-patria-em-iguaracy-comeca-com-programacao-civica\/","name":"Semana da P\u00e1tria em Iguaracy come\u00e7a com programa\u00e7\u00e3o c\u00edvica - Afogados FM","isPartOf":{"@id":"https:\/\/afogadosfm.com.br\/afogadosfm\/#website"},"primaryImageOfPage":{"@id":"https:\/\/afogadosfm.com.br\/afogadosfm\/2026\/09\/02\/semana-da-patria-em-iguaracy-comeca-com-programacao-civica\/#primaryimage"},"image":{"@id":"https:\/\/afogadosfm.com.br\/afogadosfm\/2026\/09\/02\/semana-da-patria-em-iguaracy-comeca-com-programacao-civica\/#primaryimage"},"thumbnailUrl":"https:\/\/i0.wp.com\/afogadosfm.com.br\/afogadosfm\/wp-content\/uploads\/2026\/09\/Dr.-Pedro-Alves-768x419-1.jpg?fit=768%2C419&ssl=1","datePublished":"2026-09-02T08:50:21+00:00","breadcrumb":{"@id":"https:\/\/afogadosfm.com.br\/afogadosfm\/2026\/09\/02\/semana-da-patria-em-iguaracy-comeca-com-programacao-civica\/#breadcrumb"},"inLanguage":"pt-BR","potentialAction":[{"@type":"ReadAction","target":["https:\/\/afogadosfm.com.br\/afogadosfm\/2026\/09\/02\/semana-da-patria-em-iguaracy-comeca-com-programacao-civica\/"]}]},{"@type":"ImageObject","inLanguage":"pt-BR","@id":"https:\/\/afogadosfm.com.br\/afogadosfm\/2026\/09\/02\/semana-da-patria-em-iguaracy-comeca-com-programacao-civica\/#primaryimage","url":"https:\/\/i0.wp.com\/afogadosfm.com.br\/afogadosfm\/wp-content\/uploads\/2026\/09\/Dr.-Pedro-Alves-768x419-1.jpg?fit=768%2C419&ssl=1","contentUrl":"https:\/\/i0.wp.com\/afogadosfm.com.br\/afogadosfm\/wp-content\/uploads\/2026\/09\/Dr.-Pedro-Alves-768x419-1.jpg?fit=768%2C419&ssl=1","width":768,"height":419},{"@type":"BreadcrumbList","@id":"https:\/\/afogadosfm.com.br\/afogadosfm\/2026\/09\/02\/semana-da-patria-em-iguaracy-comeca-com-programacao-civica\/#breadcrumb","itemListElement":[{"@type":"ListItem","position":1,"name":"In\u00edcio","item":"https:\/\/afogadosfm.com.br\/afogadosfm\/"},{"@type":"ListItem","position":2,"name":"Semana da P\u00e1tria em Iguaracy come\u00e7a com programa\u00e7\u00e3o c\u00edvica"}]},{"@type":"WebSite","@id":"https:\/\/afogadosfm.com.br\/afogadosfm\/#website","url":"https:\/\/afogadosfm.com.br\/afogadosfm\/","name":"Afogados FM","description":"Um site completo!","publisher":{"@id":"https:\/\/afogadosfm.com.br\/afogadosfm\/#organization"},"potentialAction":[{"@type":"SearchAction","target":{"@type":"EntryPoint","urlTemplate":"https:\/\/afogadosfm.com.br\/afogadosfm\/?s={search_term_string}"},"query-input":{"@type":"PropertyValueSpecification","valueRequired":true,"valueName":"search_term_string"}}],"inLanguage":"pt-BR"},{"@type":"Organization","@id":"https:\/\/afogadosfm.com.br\/afogadosfm\/#organization","name":"Afogados FM","url":"https:\/\/afogadosfm.com.br\/afogadosfm\/","logo":{"@type":"ImageObject","inLanguage":"pt-BR","@id":"https:\/\/afogadosfm.com.br\/afogadosfm\/#\/schema\/logo\/image\/","url":"https:\/\/i0.wp.com\/afogadosfm.com.br\/afogadosfm\/wp-content\/uploads\/2020\/06\/cropped-banner-afogados-4.jpg?fit=369%2C137&ssl=1","contentUrl":"https:\/\/i0.wp.com\/afogadosfm.com.br\/afogadosfm\/wp-content\/uploads\/2020\/06\/cropped-banner-afogados-4.jpg?fit=369%2C137&ssl=1","width":369,"height":137,"caption":"Afogados FM"},"image":{"@id":"https:\/\/afogadosfm.com.br\/afogadosfm\/#\/schema\/logo\/image\/"}},{"@type":"Person","@id":"https:\/\/afogadosfm.com.br\/afogadosfm\/#\/schema\/person\/60e56f2cf5dc960fc093fe093d9e9057","name":"afogadosfm","image":{"@type":"ImageObject","inLanguage":"pt-BR","@id":"https:\/\/secure.gravatar.com\/avatar\/e0359add7ed5dc3560906d861b52c6a8cf5c1e199d3a7dd85070998f49bd4701?s=96&d=mm&r=g","url":"https:\/\/secure.gravatar.com\/avatar\/e0359add7ed5dc3560906d861b52c6a8cf5c1e199d3a7dd85070998f49bd4701?s=96&d=mm&r=g","contentUrl":"https:\/\/secure.gravatar.com\/avatar\/e0359add7ed5dc3560906d861b52c6a8cf5c1e199d3a7dd85070998f49bd4701?s=96&d=mm&r=g","caption":"afogadosfm"},"url":"https:\/\/afogadosfm.com.br\/afogadosfm\/author\/afogadosfm\/"}]}},"jetpack_publicize_connections":[],"jetpack-related-posts":[],"jetpack_sharing_enabled":true,"jetpack_likes_enabled":true,"jetpack_featured_media_url":"https:\/\/i0.wp.com\/afogadosfm.com.br\/afogadosfm\/wp-content\/uploads\/2026\/09\/Dr.-Pedro-Alves-768x419-1.jpg?fit=768%2C419&ssl=1","_links":{"self":[{"href":"https:\/\/afogadosfm.com.br\/afogadosfm\/wp-json\/wp\/v2\/posts\/75620","targetHints":{"allow":["GET"]}}],"collection":[{"href":"https:\/\/afogadosfm.com.br\/afogadosfm\/wp-json\/wp\/v2\/posts"}],"about":[{"href":"https:\/\/afogadosfm.com.br\/afogadosfm\/wp-json\/wp\/v2\/types\/post"}],"author":[{"embeddable":true,"href":"https:\/\/afogadosfm.com.br\/afogadosfm\/wp-json\/wp\/v2\/users\/2"}],"replies":[{"embeddable":true,"href":"https:\/\/afogadosfm.com.br\/afogadosfm\/wp-json\/wp\/v2\/comments?post=75620"}],"version-history":[{"count":1,"href":"https:\/\/afogadosfm.com.br\/afogadosfm\/wp-json\/wp\/v2\/posts\/75620\/revisions"}],"predecessor-version":[{"id":75622,"href":"https:\/\/afogadosfm.com.br\/afogadosfm\/wp-json\/wp\/v2\/posts\/75620\/revisions\/75622"}],"wp:featuredmedia":[{"embeddable":true,"href":"https:\/\/afogadosfm.com.br\/afogadosfm\/wp-json\/wp\/v2\/media\/75621"}],"wp:attachment":[{"href":"https:\/\/afogadosfm.com.br\/afogadosfm\/wp-json\/wp\/v2\/media?parent=75620"}],"wp:term":[{"taxonomy":"category","embeddable":true,"href":"https:\/\/afogadosfm.com.br\/afogadosfm\/wp-json\/wp\/v2\/categories?post=75620"},{"taxonomy":"post_tag","embeddable":true,"href":"https:\/\/afogadosfm.com.br\/afogadosfm\/wp-json\/wp\/v2\/tags?post=75620"}],"curies":[{"name":"wp","href":"https:\/\/api.w.org\/{rel}","templated":true}]}}