{"id":75632,"date":"2026-09-02T09:51:39","date_gmt":"2026-09-02T12:51:39","guid":{"rendered":"https:\/\/afogadosfm.com.br\/afogadosfm\/?p=75632"},"modified":"2026-09-02T09:51:39","modified_gmt":"2026-09-02T12:51:39","slug":"agenda-raquel-lyra-joao-campos-e-ivan-moraes-participam-de-sabatina-na-fiepe-nesta-quarta-feira","status":"publish","type":"post","link":"https:\/\/afogadosfm.com.br\/afogadosfm\/2026\/09\/02\/agenda-raquel-lyra-joao-campos-e-ivan-moraes-participam-de-sabatina-na-fiepe-nesta-quarta-feira\/","title":{"rendered":"Agenda: Raquel Lyra, Jo\u00e3o Campos e Ivan Moraes participam de sabatina na Fiepe nesta quarta-feira"},"content":{"rendered":"<p>Os tr\u00eas candidatos ao Governo de Pernambuco t\u00eam um compromisso em comum nesta quarta-feira (02): a sabatina promovida pela Federa\u00e7\u00e3o das Ind\u00fastrias do Estado de Pernambuco (Fiepe). Raquel Lyra (PSD), Jo\u00e3o Campos (PSB) e Ivan Moraes (PSol) participam do encontro na sede da entidade, na Avenida Cruz Cabug\u00e1, no bairro de Santo Amaro, no Recife.<\/p>\n<p>Raquel Lyra ser\u00e1 a primeira a participar da sabatina, \u00e0s 14h. Antes, \u00e0s 11h, a candidata tamb\u00e9m participa de uma sabatina promovida pela R\u00e1dio Folha de Pernambuco. \u00c0s 17h, ela encerra a agenda com uma caminhada no Ipsep, na Zona Sul do Recife. A concentra\u00e7\u00e3o ser\u00e1 na Pra\u00e7a da Sudene, nas proximidades da delegacia do bairro.<\/p>\n<p>Jo\u00e3o Campos participa da sabatina na Fiepe \u00e0s 15h45. O candidato come\u00e7a o dia \u00e0s 8h30, com uma a\u00e7\u00e3o de porta a porta na Vila do Papel, no Recife. \u00c0s 11h, participa de outra sabatina, desta vez promovida pelo LeiaJ\u00e1, na UniNassau. \u00c0 noite, ele segue para Vit\u00f3ria de Santo Ant\u00e3o, onde participa de uma Caminhada 40, \u00e0s 19h30.<\/p>\n<p>Ivan Moraes participa da sabatina na Fiepe das 15h \u00e0s 16h. Pela manh\u00e3, das 10h30 \u00e0s 11h, o candidato recebe uma carta-compromisso do projeto Unidos Pela Cura Pernambuco, do Instituto Desiderata, em defesa dos direitos das crian\u00e7as com c\u00e2ncer. O encontro ser\u00e1 realizado na sede do PSol em Pernambuco, na Casa Marielle Franco, localizada na Rua Feliciano Gomes, no Derby.<\/p>\n","protected":false},"excerpt":{"rendered":"<p>Os tr\u00eas candidatos ao Governo de Pernambuco t\u00eam um compromisso em comum nesta quarta-feira (02): a sabatina promovida pela Federa\u00e7\u00e3o<\/p>\n","protected":false},"author":2,"featured_media":75562,"comment_status":"open","ping_status":"open","sticky":false,"template":"","format":"standard","meta":{"_jetpack_newsletter_access":"","_jetpack_dont_email_post_to_subs":false,"_jetpack_newsletter_tier_id":0,"_jetpack_memberships_contains_paywalled_content":false,"_jetpack_feature_clip_id":0,"_jetpack_memberships_contains_paid_content":false,"footnotes":"","jetpack_publicize_message":"","jetpack_publicize_feature_enabled":true,"jetpack_social_post_already_shared":true,"jetpack_social_options":{"image_generator_settings":{"template":"highway","default_image_id":0,"font":"","enabled":false},"version":2},"jetpack_post_was_ever_published":false},"categories":[13],"tags":[],"class_list":["post-75632","post","type-post","status-publish","format-standard","has-post-thumbnail","hentry","category-pernambuco"],"yoast_head":"<!-- This site is optimized with the Yoast SEO plugin v28.4 - https:\/\/yoast.com\/product\/yoast-seo-wordpress\/ -->\n<title>Agenda: Raquel Lyra, Jo\u00e3o Campos e Ivan Moraes participam de sabatina na Fiepe nesta quarta-feira - Afogados FM<\/title>\n<meta name=\"robots\" content=\"index, follow, max-snippet:-1, max-image-preview:large, max-video-preview:-1\" \/>\n<link rel=\"canonical\" href=\"https:\/\/afogadosfm.com.br\/afogadosfm\/2026\/09\/02\/agenda-raquel-lyra-joao-campos-e-ivan-moraes-participam-de-sabatina-na-fiepe-nesta-quarta-feira\/\" \/>\n<meta property=\"og:locale\" content=\"pt_BR\" \/>\n<meta property=\"og:type\" content=\"article\" \/>\n<meta property=\"og:title\" content=\"Agenda: Raquel Lyra, Jo\u00e3o Campos e Ivan Moraes participam de sabatina na Fiepe nesta quarta-feira - Afogados FM\" \/>\n<meta property=\"og:description\" content=\"Os tr\u00eas candidatos ao Governo de Pernambuco t\u00eam um compromisso em comum nesta quarta-feira (02): a sabatina promovida pela Federa\u00e7\u00e3o\" \/>\n<meta property=\"og:url\" content=\"https:\/\/afogadosfm.com.br\/afogadosfm\/2026\/09\/02\/agenda-raquel-lyra-joao-campos-e-ivan-moraes-participam-de-sabatina-na-fiepe-nesta-quarta-feira\/\" \/>\n<meta property=\"og:site_name\" content=\"Afogados FM\" \/>\n<meta property=\"article:published_time\" content=\"2026-09-02T12:51:39+00:00\" \/>\n<meta property=\"og:image\" content=\"https:\/\/afogadosfm.com.br\/afogadosfm\/wp-content\/uploads\/2026\/08\/capa-agendas-28-agosto-alinhada-v2-1280x720-1-750x375-1.jpg\" \/>\n\t<meta property=\"og:image:width\" content=\"750\" \/>\n\t<meta property=\"og:image:height\" content=\"375\" \/>\n\t<meta property=\"og:image:type\" content=\"image\/jpeg\" \/>\n<meta name=\"author\" content=\"afogadosfm\" \/>\n<meta name=\"twitter:card\" content=\"summary_large_image\" \/>\n<meta name=\"twitter:label1\" content=\"Escrito por\" \/>\n\t<meta name=\"twitter:data1\" content=\"afogadosfm\" \/>\n\t<meta name=\"twitter:label2\" content=\"Est. tempo de leitura\" \/>\n\t<meta name=\"twitter:data2\" content=\"2 minutos\" \/>\n<script type=\"application\/ld+json\" class=\"yoast-schema-graph\">{\"@context\":\"https:\\\/\\\/schema.org\",\"@graph\":[{\"@type\":\"Article\",\"@id\":\"https:\\\/\\\/afogadosfm.com.br\\\/afogadosfm\\\/2026\\\/09\\\/02\\\/agenda-raquel-lyra-joao-campos-e-ivan-moraes-participam-de-sabatina-na-fiepe-nesta-quarta-feira\\\/#article\",\"isPartOf\":{\"@id\":\"https:\\\/\\\/afogadosfm.com.br\\\/afogadosfm\\\/2026\\\/09\\\/02\\\/agenda-raquel-lyra-joao-campos-e-ivan-moraes-participam-de-sabatina-na-fiepe-nesta-quarta-feira\\\/\"},\"author\":{\"name\":\"afogadosfm\",\"@id\":\"https:\\\/\\\/afogadosfm.com.br\\\/afogadosfm\\\/#\\\/schema\\\/person\\\/60e56f2cf5dc960fc093fe093d9e9057\"},\"headline\":\"Agenda: Raquel Lyra, Jo\u00e3o Campos e Ivan Moraes participam de sabatina na Fiepe nesta quarta-feira\",\"datePublished\":\"2026-09-02T12:51:39+00:00\",\"mainEntityOfPage\":{\"@id\":\"https:\\\/\\\/afogadosfm.com.br\\\/afogadosfm\\\/2026\\\/09\\\/02\\\/agenda-raquel-lyra-joao-campos-e-ivan-moraes-participam-de-sabatina-na-fiepe-nesta-quarta-feira\\\/\"},\"wordCount\":259,\"commentCount\":0,\"publisher\":{\"@id\":\"https:\\\/\\\/afogadosfm.com.br\\\/afogadosfm\\\/#organization\"},\"image\":{\"@id\":\"https:\\\/\\\/afogadosfm.com.br\\\/afogadosfm\\\/2026\\\/09\\\/02\\\/agenda-raquel-lyra-joao-campos-e-ivan-moraes-participam-de-sabatina-na-fiepe-nesta-quarta-feira\\\/#primaryimage\"},\"thumbnailUrl\":\"https:\\\/\\\/i0.wp.com\\\/afogadosfm.com.br\\\/afogadosfm\\\/wp-content\\\/uploads\\\/2026\\\/08\\\/capa-agendas-28-agosto-alinhada-v2-1280x720-1-750x375-1.jpg?fit=750%2C375&ssl=1\",\"articleSection\":[\"Pernambuco\"],\"inLanguage\":\"pt-BR\",\"potentialAction\":[{\"@type\":\"CommentAction\",\"name\":\"Comment\",\"target\":[\"https:\\\/\\\/afogadosfm.com.br\\\/afogadosfm\\\/2026\\\/09\\\/02\\\/agenda-raquel-lyra-joao-campos-e-ivan-moraes-participam-de-sabatina-na-fiepe-nesta-quarta-feira\\\/#respond\"]}]},{\"@type\":\"WebPage\",\"@id\":\"https:\\\/\\\/afogadosfm.com.br\\\/afogadosfm\\\/2026\\\/09\\\/02\\\/agenda-raquel-lyra-joao-campos-e-ivan-moraes-participam-de-sabatina-na-fiepe-nesta-quarta-feira\\\/\",\"url\":\"https:\\\/\\\/afogadosfm.com.br\\\/afogadosfm\\\/2026\\\/09\\\/02\\\/agenda-raquel-lyra-joao-campos-e-ivan-moraes-participam-de-sabatina-na-fiepe-nesta-quarta-feira\\\/\",\"name\":\"Agenda: Raquel Lyra, Jo\u00e3o Campos e Ivan Moraes participam de sabatina na Fiepe nesta quarta-feira - Afogados FM\",\"isPartOf\":{\"@id\":\"https:\\\/\\\/afogadosfm.com.br\\\/afogadosfm\\\/#website\"},\"primaryImageOfPage\":{\"@id\":\"https:\\\/\\\/afogadosfm.com.br\\\/afogadosfm\\\/2026\\\/09\\\/02\\\/agenda-raquel-lyra-joao-campos-e-ivan-moraes-participam-de-sabatina-na-fiepe-nesta-quarta-feira\\\/#primaryimage\"},\"image\":{\"@id\":\"https:\\\/\\\/afogadosfm.com.br\\\/afogadosfm\\\/2026\\\/09\\\/02\\\/agenda-raquel-lyra-joao-campos-e-ivan-moraes-participam-de-sabatina-na-fiepe-nesta-quarta-feira\\\/#primaryimage\"},\"thumbnailUrl\":\"https:\\\/\\\/i0.wp.com\\\/afogadosfm.com.br\\\/afogadosfm\\\/wp-content\\\/uploads\\\/2026\\\/08\\\/capa-agendas-28-agosto-alinhada-v2-1280x720-1-750x375-1.jpg?fit=750%2C375&ssl=1\",\"datePublished\":\"2026-09-02T12:51:39+00:00\",\"breadcrumb\":{\"@id\":\"https:\\\/\\\/afogadosfm.com.br\\\/afogadosfm\\\/2026\\\/09\\\/02\\\/agenda-raquel-lyra-joao-campos-e-ivan-moraes-participam-de-sabatina-na-fiepe-nesta-quarta-feira\\\/#breadcrumb\"},\"inLanguage\":\"pt-BR\",\"potentialAction\":[{\"@type\":\"ReadAction\",\"target\":[\"https:\\\/\\\/afogadosfm.com.br\\\/afogadosfm\\\/2026\\\/09\\\/02\\\/agenda-raquel-lyra-joao-campos-e-ivan-moraes-participam-de-sabatina-na-fiepe-nesta-quarta-feira\\\/\"]}]},{\"@type\":\"ImageObject\",\"inLanguage\":\"pt-BR\",\"@id\":\"https:\\\/\\\/afogadosfm.com.br\\\/afogadosfm\\\/2026\\\/09\\\/02\\\/agenda-raquel-lyra-joao-campos-e-ivan-moraes-participam-de-sabatina-na-fiepe-nesta-quarta-feira\\\/#primaryimage\",\"url\":\"https:\\\/\\\/i0.wp.com\\\/afogadosfm.com.br\\\/afogadosfm\\\/wp-content\\\/uploads\\\/2026\\\/08\\\/capa-agendas-28-agosto-alinhada-v2-1280x720-1-750x375-1.jpg?fit=750%2C375&ssl=1\",\"contentUrl\":\"https:\\\/\\\/i0.wp.com\\\/afogadosfm.com.br\\\/afogadosfm\\\/wp-content\\\/uploads\\\/2026\\\/08\\\/capa-agendas-28-agosto-alinhada-v2-1280x720-1-750x375-1.jpg?fit=750%2C375&ssl=1\",\"width\":750,\"height\":375},{\"@type\":\"BreadcrumbList\",\"@id\":\"https:\\\/\\\/afogadosfm.com.br\\\/afogadosfm\\\/2026\\\/09\\\/02\\\/agenda-raquel-lyra-joao-campos-e-ivan-moraes-participam-de-sabatina-na-fiepe-nesta-quarta-feira\\\/#breadcrumb\",\"itemListElement\":[{\"@type\":\"ListItem\",\"position\":1,\"name\":\"In\u00edcio\",\"item\":\"https:\\\/\\\/afogadosfm.com.br\\\/afogadosfm\\\/\"},{\"@type\":\"ListItem\",\"position\":2,\"name\":\"Agenda: Raquel Lyra, Jo\u00e3o Campos e Ivan Moraes participam de sabatina na Fiepe nesta quarta-feira\"}]},{\"@type\":\"WebSite\",\"@id\":\"https:\\\/\\\/afogadosfm.com.br\\\/afogadosfm\\\/#website\",\"url\":\"https:\\\/\\\/afogadosfm.com.br\\\/afogadosfm\\\/\",\"name\":\"Afogados FM\",\"description\":\"Um site completo!\",\"publisher\":{\"@id\":\"https:\\\/\\\/afogadosfm.com.br\\\/afogadosfm\\\/#organization\"},\"potentialAction\":[{\"@type\":\"SearchAction\",\"target\":{\"@type\":\"EntryPoint\",\"urlTemplate\":\"https:\\\/\\\/afogadosfm.com.br\\\/afogadosfm\\\/?s={search_term_string}\"},\"query-input\":{\"@type\":\"PropertyValueSpecification\",\"valueRequired\":true,\"valueName\":\"search_term_string\"}}],\"inLanguage\":\"pt-BR\"},{\"@type\":\"Organization\",\"@id\":\"https:\\\/\\\/afogadosfm.com.br\\\/afogadosfm\\\/#organization\",\"name\":\"Afogados FM\",\"url\":\"https:\\\/\\\/afogadosfm.com.br\\\/afogadosfm\\\/\",\"logo\":{\"@type\":\"ImageObject\",\"inLanguage\":\"pt-BR\",\"@id\":\"https:\\\/\\\/afogadosfm.com.br\\\/afogadosfm\\\/#\\\/schema\\\/logo\\\/image\\\/\",\"url\":\"https:\\\/\\\/i0.wp.com\\\/afogadosfm.com.br\\\/afogadosfm\\\/wp-content\\\/uploads\\\/2020\\\/06\\\/cropped-banner-afogados-4.jpg?fit=369%2C137&ssl=1\",\"contentUrl\":\"https:\\\/\\\/i0.wp.com\\\/afogadosfm.com.br\\\/afogadosfm\\\/wp-content\\\/uploads\\\/2020\\\/06\\\/cropped-banner-afogados-4.jpg?fit=369%2C137&ssl=1\",\"width\":369,\"height\":137,\"caption\":\"Afogados FM\"},\"image\":{\"@id\":\"https:\\\/\\\/afogadosfm.com.br\\\/afogadosfm\\\/#\\\/schema\\\/logo\\\/image\\\/\"}},{\"@type\":\"Person\",\"@id\":\"https:\\\/\\\/afogadosfm.com.br\\\/afogadosfm\\\/#\\\/schema\\\/person\\\/60e56f2cf5dc960fc093fe093d9e9057\",\"name\":\"afogadosfm\",\"image\":{\"@type\":\"ImageObject\",\"inLanguage\":\"pt-BR\",\"@id\":\"https:\\\/\\\/secure.gravatar.com\\\/avatar\\\/e0359add7ed5dc3560906d861b52c6a8cf5c1e199d3a7dd85070998f49bd4701?s=96&d=mm&r=g\",\"url\":\"https:\\\/\\\/secure.gravatar.com\\\/avatar\\\/e0359add7ed5dc3560906d861b52c6a8cf5c1e199d3a7dd85070998f49bd4701?s=96&d=mm&r=g\",\"contentUrl\":\"https:\\\/\\\/secure.gravatar.com\\\/avatar\\\/e0359add7ed5dc3560906d861b52c6a8cf5c1e199d3a7dd85070998f49bd4701?s=96&d=mm&r=g\",\"caption\":\"afogadosfm\"},\"url\":\"https:\\\/\\\/afogadosfm.com.br\\\/afogadosfm\\\/author\\\/afogadosfm\\\/\"}]}<\/script>\n<!-- \/ Yoast SEO plugin. -->","yoast_head_json":{"title":"Agenda: Raquel Lyra, Jo\u00e3o Campos e Ivan Moraes participam de sabatina na Fiepe nesta quarta-feira - Afogados FM","robots":{"index":"index","follow":"follow","max-snippet":"max-snippet:-1","max-image-preview":"max-image-preview:large","max-video-preview":"max-video-preview:-1"},"canonical":"https:\/\/afogadosfm.com.br\/afogadosfm\/2026\/09\/02\/agenda-raquel-lyra-joao-campos-e-ivan-moraes-participam-de-sabatina-na-fiepe-nesta-quarta-feira\/","og_locale":"pt_BR","og_type":"article","og_title":"Agenda: Raquel Lyra, Jo\u00e3o Campos e Ivan Moraes participam de sabatina na Fiepe nesta quarta-feira - Afogados FM","og_description":"Os tr\u00eas candidatos ao Governo de Pernambuco t\u00eam um compromisso em comum nesta quarta-feira (02): a sabatina promovida pela Federa\u00e7\u00e3o","og_url":"https:\/\/afogadosfm.com.br\/afogadosfm\/2026\/09\/02\/agenda-raquel-lyra-joao-campos-e-ivan-moraes-participam-de-sabatina-na-fiepe-nesta-quarta-feira\/","og_site_name":"Afogados FM","article_published_time":"2026-09-02T12:51:39+00:00","og_image":[{"width":750,"height":375,"url":"https:\/\/afogadosfm.com.br\/afogadosfm\/wp-content\/uploads\/2026\/08\/capa-agendas-28-agosto-alinhada-v2-1280x720-1-750x375-1.jpg","type":"image\/jpeg"}],"author":"afogadosfm","twitter_card":"summary_large_image","twitter_misc":{"Escrito por":"afogadosfm","Est. tempo de leitura":"2 minutos"},"schema":{"@context":"https:\/\/schema.org","@graph":[{"@type":"Article","@id":"https:\/\/afogadosfm.com.br\/afogadosfm\/2026\/09\/02\/agenda-raquel-lyra-joao-campos-e-ivan-moraes-participam-de-sabatina-na-fiepe-nesta-quarta-feira\/#article","isPartOf":{"@id":"https:\/\/afogadosfm.com.br\/afogadosfm\/2026\/09\/02\/agenda-raquel-lyra-joao-campos-e-ivan-moraes-participam-de-sabatina-na-fiepe-nesta-quarta-feira\/"},"author":{"name":"afogadosfm","@id":"https:\/\/afogadosfm.com.br\/afogadosfm\/#\/schema\/person\/60e56f2cf5dc960fc093fe093d9e9057"},"headline":"Agenda: Raquel Lyra, Jo\u00e3o Campos e Ivan Moraes participam de sabatina na Fiepe nesta quarta-feira","datePublished":"2026-09-02T12:51:39+00:00","mainEntityOfPage":{"@id":"https:\/\/afogadosfm.com.br\/afogadosfm\/2026\/09\/02\/agenda-raquel-lyra-joao-campos-e-ivan-moraes-participam-de-sabatina-na-fiepe-nesta-quarta-feira\/"},"wordCount":259,"commentCount":0,"publisher":{"@id":"https:\/\/afogadosfm.com.br\/afogadosfm\/#organization"},"image":{"@id":"https:\/\/afogadosfm.com.br\/afogadosfm\/2026\/09\/02\/agenda-raquel-lyra-joao-campos-e-ivan-moraes-participam-de-sabatina-na-fiepe-nesta-quarta-feira\/#primaryimage"},"thumbnailUrl":"https:\/\/i0.wp.com\/afogadosfm.com.br\/afogadosfm\/wp-content\/uploads\/2026\/08\/capa-agendas-28-agosto-alinhada-v2-1280x720-1-750x375-1.jpg?fit=750%2C375&ssl=1","articleSection":["Pernambuco"],"inLanguage":"pt-BR","potentialAction":[{"@type":"CommentAction","name":"Comment","target":["https:\/\/afogadosfm.com.br\/afogadosfm\/2026\/09\/02\/agenda-raquel-lyra-joao-campos-e-ivan-moraes-participam-de-sabatina-na-fiepe-nesta-quarta-feira\/#respond"]}]},{"@type":"WebPage","@id":"https:\/\/afogadosfm.com.br\/afogadosfm\/2026\/09\/02\/agenda-raquel-lyra-joao-campos-e-ivan-moraes-participam-de-sabatina-na-fiepe-nesta-quarta-feira\/","url":"https:\/\/afogadosfm.com.br\/afogadosfm\/2026\/09\/02\/agenda-raquel-lyra-joao-campos-e-ivan-moraes-participam-de-sabatina-na-fiepe-nesta-quarta-feira\/","name":"Agenda: Raquel Lyra, Jo\u00e3o Campos e Ivan Moraes participam de sabatina na Fiepe nesta quarta-feira - Afogados FM","isPartOf":{"@id":"https:\/\/afogadosfm.com.br\/afogadosfm\/#website"},"primaryImageOfPage":{"@id":"https:\/\/afogadosfm.com.br\/afogadosfm\/2026\/09\/02\/agenda-raquel-lyra-joao-campos-e-ivan-moraes-participam-de-sabatina-na-fiepe-nesta-quarta-feira\/#primaryimage"},"image":{"@id":"https:\/\/afogadosfm.com.br\/afogadosfm\/2026\/09\/02\/agenda-raquel-lyra-joao-campos-e-ivan-moraes-participam-de-sabatina-na-fiepe-nesta-quarta-feira\/#primaryimage"},"thumbnailUrl":"https:\/\/i0.wp.com\/afogadosfm.com.br\/afogadosfm\/wp-content\/uploads\/2026\/08\/capa-agendas-28-agosto-alinhada-v2-1280x720-1-750x375-1.jpg?fit=750%2C375&ssl=1","datePublished":"2026-09-02T12:51:39+00:00","breadcrumb":{"@id":"https:\/\/afogadosfm.com.br\/afogadosfm\/2026\/09\/02\/agenda-raquel-lyra-joao-campos-e-ivan-moraes-participam-de-sabatina-na-fiepe-nesta-quarta-feira\/#breadcrumb"},"inLanguage":"pt-BR","potentialAction":[{"@type":"ReadAction","target":["https:\/\/afogadosfm.com.br\/afogadosfm\/2026\/09\/02\/agenda-raquel-lyra-joao-campos-e-ivan-moraes-participam-de-sabatina-na-fiepe-nesta-quarta-feira\/"]}]},{"@type":"ImageObject","inLanguage":"pt-BR","@id":"https:\/\/afogadosfm.com.br\/afogadosfm\/2026\/09\/02\/agenda-raquel-lyra-joao-campos-e-ivan-moraes-participam-de-sabatina-na-fiepe-nesta-quarta-feira\/#primaryimage","url":"https:\/\/i0.wp.com\/afogadosfm.com.br\/afogadosfm\/wp-content\/uploads\/2026\/08\/capa-agendas-28-agosto-alinhada-v2-1280x720-1-750x375-1.jpg?fit=750%2C375&ssl=1","contentUrl":"https:\/\/i0.wp.com\/afogadosfm.com.br\/afogadosfm\/wp-content\/uploads\/2026\/08\/capa-agendas-28-agosto-alinhada-v2-1280x720-1-750x375-1.jpg?fit=750%2C375&ssl=1","width":750,"height":375},{"@type":"BreadcrumbList","@id":"https:\/\/afogadosfm.com.br\/afogadosfm\/2026\/09\/02\/agenda-raquel-lyra-joao-campos-e-ivan-moraes-participam-de-sabatina-na-fiepe-nesta-quarta-feira\/#breadcrumb","itemListElement":[{"@type":"ListItem","position":1,"name":"In\u00edcio","item":"https:\/\/afogadosfm.com.br\/afogadosfm\/"},{"@type":"ListItem","position":2,"name":"Agenda: Raquel Lyra, Jo\u00e3o Campos e Ivan Moraes participam de sabatina na Fiepe nesta quarta-feira"}]},{"@type":"WebSite","@id":"https:\/\/afogadosfm.com.br\/afogadosfm\/#website","url":"https:\/\/afogadosfm.com.br\/afogadosfm\/","name":"Afogados FM","description":"Um site completo!","publisher":{"@id":"https:\/\/afogadosfm.com.br\/afogadosfm\/#organization"},"potentialAction":[{"@type":"SearchAction","target":{"@type":"EntryPoint","urlTemplate":"https:\/\/afogadosfm.com.br\/afogadosfm\/?s={search_term_string}"},"query-input":{"@type":"PropertyValueSpecification","valueRequired":true,"valueName":"search_term_string"}}],"inLanguage":"pt-BR"},{"@type":"Organization","@id":"https:\/\/afogadosfm.com.br\/afogadosfm\/#organization","name":"Afogados FM","url":"https:\/\/afogadosfm.com.br\/afogadosfm\/","logo":{"@type":"ImageObject","inLanguage":"pt-BR","@id":"https:\/\/afogadosfm.com.br\/afogadosfm\/#\/schema\/logo\/image\/","url":"https:\/\/i0.wp.com\/afogadosfm.com.br\/afogadosfm\/wp-content\/uploads\/2020\/06\/cropped-banner-afogados-4.jpg?fit=369%2C137&ssl=1","contentUrl":"https:\/\/i0.wp.com\/afogadosfm.com.br\/afogadosfm\/wp-content\/uploads\/2020\/06\/cropped-banner-afogados-4.jpg?fit=369%2C137&ssl=1","width":369,"height":137,"caption":"Afogados FM"},"image":{"@id":"https:\/\/afogadosfm.com.br\/afogadosfm\/#\/schema\/logo\/image\/"}},{"@type":"Person","@id":"https:\/\/afogadosfm.com.br\/afogadosfm\/#\/schema\/person\/60e56f2cf5dc960fc093fe093d9e9057","name":"afogadosfm","image":{"@type":"ImageObject","inLanguage":"pt-BR","@id":"https:\/\/secure.gravatar.com\/avatar\/e0359add7ed5dc3560906d861b52c6a8cf5c1e199d3a7dd85070998f49bd4701?s=96&d=mm&r=g","url":"https:\/\/secure.gravatar.com\/avatar\/e0359add7ed5dc3560906d861b52c6a8cf5c1e199d3a7dd85070998f49bd4701?s=96&d=mm&r=g","contentUrl":"https:\/\/secure.gravatar.com\/avatar\/e0359add7ed5dc3560906d861b52c6a8cf5c1e199d3a7dd85070998f49bd4701?s=96&d=mm&r=g","caption":"afogadosfm"},"url":"https:\/\/afogadosfm.com.br\/afogadosfm\/author\/afogadosfm\/"}]}},"jetpack_publicize_connections":[],"jetpack-related-posts":[],"jetpack_sharing_enabled":true,"jetpack_likes_enabled":true,"jetpack_featured_media_url":"https:\/\/i0.wp.com\/afogadosfm.com.br\/afogadosfm\/wp-content\/uploads\/2026\/08\/capa-agendas-28-agosto-alinhada-v2-1280x720-1-750x375-1.jpg?fit=750%2C375&ssl=1","_links":{"self":[{"href":"https:\/\/afogadosfm.com.br\/afogadosfm\/wp-json\/wp\/v2\/posts\/75632","targetHints":{"allow":["GET"]}}],"collection":[{"href":"https:\/\/afogadosfm.com.br\/afogadosfm\/wp-json\/wp\/v2\/posts"}],"about":[{"href":"https:\/\/afogadosfm.com.br\/afogadosfm\/wp-json\/wp\/v2\/types\/post"}],"author":[{"embeddable":true,"href":"https:\/\/afogadosfm.com.br\/afogadosfm\/wp-json\/wp\/v2\/users\/2"}],"replies":[{"embeddable":true,"href":"https:\/\/afogadosfm.com.br\/afogadosfm\/wp-json\/wp\/v2\/comments?post=75632"}],"version-history":[{"count":1,"href":"https:\/\/afogadosfm.com.br\/afogadosfm\/wp-json\/wp\/v2\/posts\/75632\/revisions"}],"predecessor-version":[{"id":75633,"href":"https:\/\/afogadosfm.com.br\/afogadosfm\/wp-json\/wp\/v2\/posts\/75632\/revisions\/75633"}],"wp:featuredmedia":[{"embeddable":true,"href":"https:\/\/afogadosfm.com.br\/afogadosfm\/wp-json\/wp\/v2\/media\/75562"}],"wp:attachment":[{"href":"https:\/\/afogadosfm.com.br\/afogadosfm\/wp-json\/wp\/v2\/media?parent=75632"}],"wp:term":[{"taxonomy":"category","embeddable":true,"href":"https:\/\/afogadosfm.com.br\/afogadosfm\/wp-json\/wp\/v2\/categories?post=75632"},{"taxonomy":"post_tag","embeddable":true,"href":"https:\/\/afogadosfm.com.br\/afogadosfm\/wp-json\/wp\/v2\/tags?post=75632"}],"curies":[{"name":"wp","href":"https:\/\/api.w.org\/{rel}","templated":true}]}}