{"id":75635,"date":"2026-09-03T08:06:54","date_gmt":"2026-09-03T11:06:54","guid":{"rendered":"https:\/\/afogadosfm.com.br\/afogadosfm\/?p=75635"},"modified":"2026-09-03T08:07:02","modified_gmt":"2026-09-03T11:07:02","slug":"pesquisa-real-time-big-data-joao-campos-e-raquel-lyra-aparecem-empatados-com-43","status":"publish","type":"post","link":"https:\/\/afogadosfm.com.br\/afogadosfm\/2026\/09\/03\/pesquisa-real-time-big-data-joao-campos-e-raquel-lyra-aparecem-empatados-com-43\/","title":{"rendered":"pesquisa Real Time Big Data: Jo\u00e3o Campos e Raquel Lyra aparecem empatados com 43%"},"content":{"rendered":"<p>Pesquisa divulgada nesta quinta-feira (3) tamb\u00e9m mostra empate entre os dois em eventual segundo turno.<\/p>\n<p>Jo\u00e3o Campos (PSB) e Raquel Lyra (PSD) aparecem com 43% das inten\u00e7\u00f5es de voto no cen\u00e1rio estimulado para o Governo de Pernambuco, segundo pesquisa Real Time Big Data divulgada nesta quinta-feira (3).<br \/>\nRenan Hallais (Miss\u00e3o) tem 4% e Ivan Moraes (PSOL), 2%. Outros candidatos somam 1%, enquanto brancos e nulos representam 4%.<\/p>\n<p>Na pesquisa espont\u00e2nea, Raquel e Jo\u00e3o tamb\u00e9m aparecem empatados, com 23% cada.<\/p>\n<p>Mar\u00edlia Arraes (PDT) \u00e9 citada por 1%, outros nomes somam 4%, brancos e nulos s\u00e3o 10%, e 39% n\u00e3o souberam ou n\u00e3o responderam.<\/p>\n<p>No segundo turno, o empate se repete: Jo\u00e3o Campos tem 44% e Raquel Lyra, 44%.<\/p>\n<p>Brancos e nulos representam 6%, mesmo percentual dos entrevistados que n\u00e3o souberam ou n\u00e3o responderam.<\/p>\n<p>A Real Time Big Data ouviu 1.600 eleitores entre 29 de agosto e 2 de setembro. A margem de erro \u00e9 de dois pontos percentuais, para mais ou para menos, e o n\u00edvel de confian\u00e7a \u00e9 de 95%.<\/p>\n<p>O levantamento est\u00e1 registrado no TSE sob o n\u00famero<br \/>\nPE-09116\/2026.<\/p>\n<p>Fonte: UOL<\/p>\n","protected":false},"excerpt":{"rendered":"<p>Pesquisa divulgada nesta quinta-feira (3) tamb\u00e9m mostra empate entre os dois em eventual segundo turno. Jo\u00e3o Campos (PSB) e Raquel<\/p>\n","protected":false},"author":2,"featured_media":70839,"comment_status":"open","ping_status":"open","sticky":false,"template":"","format":"standard","meta":{"_jetpack_newsletter_access":"","_jetpack_dont_email_post_to_subs":false,"_jetpack_newsletter_tier_id":0,"_jetpack_memberships_contains_paywalled_content":false,"_jetpack_feature_clip_id":0,"_jetpack_memberships_contains_paid_content":false,"footnotes":"","jetpack_publicize_message":"","jetpack_publicize_feature_enabled":true,"jetpack_social_post_already_shared":true,"jetpack_social_options":{"image_generator_settings":{"template":"highway","default_image_id":0,"font":"","enabled":false},"version":2},"jetpack_post_was_ever_published":false},"categories":[13],"tags":[],"class_list":["post-75635","post","type-post","status-publish","format-standard","has-post-thumbnail","hentry","category-pernambuco"],"yoast_head":"<!-- This site is optimized with the Yoast SEO plugin v28.4 - https:\/\/yoast.com\/product\/yoast-seo-wordpress\/ -->\n<title>pesquisa Real Time Big Data: Jo\u00e3o Campos e Raquel Lyra aparecem empatados com 43% - Afogados FM<\/title>\n<meta name=\"robots\" content=\"index, follow, max-snippet:-1, max-image-preview:large, max-video-preview:-1\" \/>\n<link rel=\"canonical\" href=\"https:\/\/afogadosfm.com.br\/afogadosfm\/2026\/09\/03\/pesquisa-real-time-big-data-joao-campos-e-raquel-lyra-aparecem-empatados-com-43\/\" \/>\n<meta property=\"og:locale\" content=\"pt_BR\" \/>\n<meta property=\"og:type\" content=\"article\" \/>\n<meta property=\"og:title\" content=\"pesquisa Real Time Big Data: Jo\u00e3o Campos e Raquel Lyra aparecem empatados com 43% - Afogados FM\" \/>\n<meta property=\"og:description\" content=\"Pesquisa divulgada nesta quinta-feira (3) tamb\u00e9m mostra empate entre os dois em eventual segundo turno. Jo\u00e3o Campos (PSB) e Raquel\" \/>\n<meta property=\"og:url\" content=\"https:\/\/afogadosfm.com.br\/afogadosfm\/2026\/09\/03\/pesquisa-real-time-big-data-joao-campos-e-raquel-lyra-aparecem-empatados-com-43\/\" \/>\n<meta property=\"og:site_name\" content=\"Afogados FM\" \/>\n<meta property=\"article:published_time\" content=\"2026-09-03T11:06:54+00:00\" \/>\n<meta property=\"article:modified_time\" content=\"2026-09-03T11:07:02+00:00\" \/>\n<meta property=\"og:image\" content=\"https:\/\/afogadosfm.com.br\/afogadosfm\/wp-content\/uploads\/2025\/11\/joaoraquel.webp\" \/>\n\t<meta property=\"og:image:width\" content=\"800\" \/>\n\t<meta property=\"og:image:height\" content=\"400\" \/>\n\t<meta property=\"og:image:type\" content=\"image\/webp\" \/>\n<meta name=\"author\" content=\"afogadosfm\" \/>\n<meta name=\"twitter:card\" content=\"summary_large_image\" \/>\n<meta name=\"twitter:label1\" content=\"Escrito por\" \/>\n\t<meta name=\"twitter:data1\" content=\"afogadosfm\" \/>\n\t<meta name=\"twitter:label2\" content=\"Est. tempo de leitura\" \/>\n\t<meta name=\"twitter:data2\" content=\"2 minutos\" \/>\n<script type=\"application\/ld+json\" class=\"yoast-schema-graph\">{\"@context\":\"https:\\\/\\\/schema.org\",\"@graph\":[{\"@type\":\"Article\",\"@id\":\"https:\\\/\\\/afogadosfm.com.br\\\/afogadosfm\\\/2026\\\/09\\\/03\\\/pesquisa-real-time-big-data-joao-campos-e-raquel-lyra-aparecem-empatados-com-43\\\/#article\",\"isPartOf\":{\"@id\":\"https:\\\/\\\/afogadosfm.com.br\\\/afogadosfm\\\/2026\\\/09\\\/03\\\/pesquisa-real-time-big-data-joao-campos-e-raquel-lyra-aparecem-empatados-com-43\\\/\"},\"author\":{\"name\":\"afogadosfm\",\"@id\":\"https:\\\/\\\/afogadosfm.com.br\\\/afogadosfm\\\/#\\\/schema\\\/person\\\/60e56f2cf5dc960fc093fe093d9e9057\"},\"headline\":\"pesquisa Real Time Big Data: Jo\u00e3o Campos e Raquel Lyra aparecem empatados com 43%\",\"datePublished\":\"2026-09-03T11:06:54+00:00\",\"dateModified\":\"2026-09-03T11:07:02+00:00\",\"mainEntityOfPage\":{\"@id\":\"https:\\\/\\\/afogadosfm.com.br\\\/afogadosfm\\\/2026\\\/09\\\/03\\\/pesquisa-real-time-big-data-joao-campos-e-raquel-lyra-aparecem-empatados-com-43\\\/\"},\"wordCount\":192,\"commentCount\":0,\"publisher\":{\"@id\":\"https:\\\/\\\/afogadosfm.com.br\\\/afogadosfm\\\/#organization\"},\"image\":{\"@id\":\"https:\\\/\\\/afogadosfm.com.br\\\/afogadosfm\\\/2026\\\/09\\\/03\\\/pesquisa-real-time-big-data-joao-campos-e-raquel-lyra-aparecem-empatados-com-43\\\/#primaryimage\"},\"thumbnailUrl\":\"https:\\\/\\\/i0.wp.com\\\/afogadosfm.com.br\\\/afogadosfm\\\/wp-content\\\/uploads\\\/2025\\\/11\\\/joaoraquel.webp?fit=800%2C400&ssl=1\",\"articleSection\":[\"Pernambuco\"],\"inLanguage\":\"pt-BR\",\"potentialAction\":[{\"@type\":\"CommentAction\",\"name\":\"Comment\",\"target\":[\"https:\\\/\\\/afogadosfm.com.br\\\/afogadosfm\\\/2026\\\/09\\\/03\\\/pesquisa-real-time-big-data-joao-campos-e-raquel-lyra-aparecem-empatados-com-43\\\/#respond\"]}]},{\"@type\":\"WebPage\",\"@id\":\"https:\\\/\\\/afogadosfm.com.br\\\/afogadosfm\\\/2026\\\/09\\\/03\\\/pesquisa-real-time-big-data-joao-campos-e-raquel-lyra-aparecem-empatados-com-43\\\/\",\"url\":\"https:\\\/\\\/afogadosfm.com.br\\\/afogadosfm\\\/2026\\\/09\\\/03\\\/pesquisa-real-time-big-data-joao-campos-e-raquel-lyra-aparecem-empatados-com-43\\\/\",\"name\":\"pesquisa Real Time Big Data: Jo\u00e3o Campos e Raquel Lyra aparecem empatados com 43% - Afogados FM\",\"isPartOf\":{\"@id\":\"https:\\\/\\\/afogadosfm.com.br\\\/afogadosfm\\\/#website\"},\"primaryImageOfPage\":{\"@id\":\"https:\\\/\\\/afogadosfm.com.br\\\/afogadosfm\\\/2026\\\/09\\\/03\\\/pesquisa-real-time-big-data-joao-campos-e-raquel-lyra-aparecem-empatados-com-43\\\/#primaryimage\"},\"image\":{\"@id\":\"https:\\\/\\\/afogadosfm.com.br\\\/afogadosfm\\\/2026\\\/09\\\/03\\\/pesquisa-real-time-big-data-joao-campos-e-raquel-lyra-aparecem-empatados-com-43\\\/#primaryimage\"},\"thumbnailUrl\":\"https:\\\/\\\/i0.wp.com\\\/afogadosfm.com.br\\\/afogadosfm\\\/wp-content\\\/uploads\\\/2025\\\/11\\\/joaoraquel.webp?fit=800%2C400&ssl=1\",\"datePublished\":\"2026-09-03T11:06:54+00:00\",\"dateModified\":\"2026-09-03T11:07:02+00:00\",\"breadcrumb\":{\"@id\":\"https:\\\/\\\/afogadosfm.com.br\\\/afogadosfm\\\/2026\\\/09\\\/03\\\/pesquisa-real-time-big-data-joao-campos-e-raquel-lyra-aparecem-empatados-com-43\\\/#breadcrumb\"},\"inLanguage\":\"pt-BR\",\"potentialAction\":[{\"@type\":\"ReadAction\",\"target\":[\"https:\\\/\\\/afogadosfm.com.br\\\/afogadosfm\\\/2026\\\/09\\\/03\\\/pesquisa-real-time-big-data-joao-campos-e-raquel-lyra-aparecem-empatados-com-43\\\/\"]}]},{\"@type\":\"ImageObject\",\"inLanguage\":\"pt-BR\",\"@id\":\"https:\\\/\\\/afogadosfm.com.br\\\/afogadosfm\\\/2026\\\/09\\\/03\\\/pesquisa-real-time-big-data-joao-campos-e-raquel-lyra-aparecem-empatados-com-43\\\/#primaryimage\",\"url\":\"https:\\\/\\\/i0.wp.com\\\/afogadosfm.com.br\\\/afogadosfm\\\/wp-content\\\/uploads\\\/2025\\\/11\\\/joaoraquel.webp?fit=800%2C400&ssl=1\",\"contentUrl\":\"https:\\\/\\\/i0.wp.com\\\/afogadosfm.com.br\\\/afogadosfm\\\/wp-content\\\/uploads\\\/2025\\\/11\\\/joaoraquel.webp?fit=800%2C400&ssl=1\",\"width\":800,\"height\":400},{\"@type\":\"BreadcrumbList\",\"@id\":\"https:\\\/\\\/afogadosfm.com.br\\\/afogadosfm\\\/2026\\\/09\\\/03\\\/pesquisa-real-time-big-data-joao-campos-e-raquel-lyra-aparecem-empatados-com-43\\\/#breadcrumb\",\"itemListElement\":[{\"@type\":\"ListItem\",\"position\":1,\"name\":\"In\u00edcio\",\"item\":\"https:\\\/\\\/afogadosfm.com.br\\\/afogadosfm\\\/\"},{\"@type\":\"ListItem\",\"position\":2,\"name\":\"pesquisa Real Time Big Data: Jo\u00e3o Campos e Raquel Lyra aparecem empatados com 43%\"}]},{\"@type\":\"WebSite\",\"@id\":\"https:\\\/\\\/afogadosfm.com.br\\\/afogadosfm\\\/#website\",\"url\":\"https:\\\/\\\/afogadosfm.com.br\\\/afogadosfm\\\/\",\"name\":\"Afogados FM\",\"description\":\"Um site completo!\",\"publisher\":{\"@id\":\"https:\\\/\\\/afogadosfm.com.br\\\/afogadosfm\\\/#organization\"},\"potentialAction\":[{\"@type\":\"SearchAction\",\"target\":{\"@type\":\"EntryPoint\",\"urlTemplate\":\"https:\\\/\\\/afogadosfm.com.br\\\/afogadosfm\\\/?s={search_term_string}\"},\"query-input\":{\"@type\":\"PropertyValueSpecification\",\"valueRequired\":true,\"valueName\":\"search_term_string\"}}],\"inLanguage\":\"pt-BR\"},{\"@type\":\"Organization\",\"@id\":\"https:\\\/\\\/afogadosfm.com.br\\\/afogadosfm\\\/#organization\",\"name\":\"Afogados FM\",\"url\":\"https:\\\/\\\/afogadosfm.com.br\\\/afogadosfm\\\/\",\"logo\":{\"@type\":\"ImageObject\",\"inLanguage\":\"pt-BR\",\"@id\":\"https:\\\/\\\/afogadosfm.com.br\\\/afogadosfm\\\/#\\\/schema\\\/logo\\\/image\\\/\",\"url\":\"https:\\\/\\\/i0.wp.com\\\/afogadosfm.com.br\\\/afogadosfm\\\/wp-content\\\/uploads\\\/2020\\\/06\\\/cropped-banner-afogados-4.jpg?fit=369%2C137&ssl=1\",\"contentUrl\":\"https:\\\/\\\/i0.wp.com\\\/afogadosfm.com.br\\\/afogadosfm\\\/wp-content\\\/uploads\\\/2020\\\/06\\\/cropped-banner-afogados-4.jpg?fit=369%2C137&ssl=1\",\"width\":369,\"height\":137,\"caption\":\"Afogados FM\"},\"image\":{\"@id\":\"https:\\\/\\\/afogadosfm.com.br\\\/afogadosfm\\\/#\\\/schema\\\/logo\\\/image\\\/\"}},{\"@type\":\"Person\",\"@id\":\"https:\\\/\\\/afogadosfm.com.br\\\/afogadosfm\\\/#\\\/schema\\\/person\\\/60e56f2cf5dc960fc093fe093d9e9057\",\"name\":\"afogadosfm\",\"image\":{\"@type\":\"ImageObject\",\"inLanguage\":\"pt-BR\",\"@id\":\"https:\\\/\\\/secure.gravatar.com\\\/avatar\\\/e0359add7ed5dc3560906d861b52c6a8cf5c1e199d3a7dd85070998f49bd4701?s=96&d=mm&r=g\",\"url\":\"https:\\\/\\\/secure.gravatar.com\\\/avatar\\\/e0359add7ed5dc3560906d861b52c6a8cf5c1e199d3a7dd85070998f49bd4701?s=96&d=mm&r=g\",\"contentUrl\":\"https:\\\/\\\/secure.gravatar.com\\\/avatar\\\/e0359add7ed5dc3560906d861b52c6a8cf5c1e199d3a7dd85070998f49bd4701?s=96&d=mm&r=g\",\"caption\":\"afogadosfm\"},\"url\":\"https:\\\/\\\/afogadosfm.com.br\\\/afogadosfm\\\/author\\\/afogadosfm\\\/\"}]}<\/script>\n<!-- \/ Yoast SEO plugin. -->","yoast_head_json":{"title":"pesquisa Real Time Big Data: Jo\u00e3o Campos e Raquel Lyra aparecem empatados com 43% - Afogados FM","robots":{"index":"index","follow":"follow","max-snippet":"max-snippet:-1","max-image-preview":"max-image-preview:large","max-video-preview":"max-video-preview:-1"},"canonical":"https:\/\/afogadosfm.com.br\/afogadosfm\/2026\/09\/03\/pesquisa-real-time-big-data-joao-campos-e-raquel-lyra-aparecem-empatados-com-43\/","og_locale":"pt_BR","og_type":"article","og_title":"pesquisa Real Time Big Data: Jo\u00e3o Campos e Raquel Lyra aparecem empatados com 43% - Afogados FM","og_description":"Pesquisa divulgada nesta quinta-feira (3) tamb\u00e9m mostra empate entre os dois em eventual segundo turno. Jo\u00e3o Campos (PSB) e Raquel","og_url":"https:\/\/afogadosfm.com.br\/afogadosfm\/2026\/09\/03\/pesquisa-real-time-big-data-joao-campos-e-raquel-lyra-aparecem-empatados-com-43\/","og_site_name":"Afogados FM","article_published_time":"2026-09-03T11:06:54+00:00","article_modified_time":"2026-09-03T11:07:02+00:00","og_image":[{"width":800,"height":400,"url":"https:\/\/afogadosfm.com.br\/afogadosfm\/wp-content\/uploads\/2025\/11\/joaoraquel.webp","type":"image\/webp"}],"author":"afogadosfm","twitter_card":"summary_large_image","twitter_misc":{"Escrito por":"afogadosfm","Est. tempo de leitura":"2 minutos"},"schema":{"@context":"https:\/\/schema.org","@graph":[{"@type":"Article","@id":"https:\/\/afogadosfm.com.br\/afogadosfm\/2026\/09\/03\/pesquisa-real-time-big-data-joao-campos-e-raquel-lyra-aparecem-empatados-com-43\/#article","isPartOf":{"@id":"https:\/\/afogadosfm.com.br\/afogadosfm\/2026\/09\/03\/pesquisa-real-time-big-data-joao-campos-e-raquel-lyra-aparecem-empatados-com-43\/"},"author":{"name":"afogadosfm","@id":"https:\/\/afogadosfm.com.br\/afogadosfm\/#\/schema\/person\/60e56f2cf5dc960fc093fe093d9e9057"},"headline":"pesquisa Real Time Big Data: Jo\u00e3o Campos e Raquel Lyra aparecem empatados com 43%","datePublished":"2026-09-03T11:06:54+00:00","dateModified":"2026-09-03T11:07:02+00:00","mainEntityOfPage":{"@id":"https:\/\/afogadosfm.com.br\/afogadosfm\/2026\/09\/03\/pesquisa-real-time-big-data-joao-campos-e-raquel-lyra-aparecem-empatados-com-43\/"},"wordCount":192,"commentCount":0,"publisher":{"@id":"https:\/\/afogadosfm.com.br\/afogadosfm\/#organization"},"image":{"@id":"https:\/\/afogadosfm.com.br\/afogadosfm\/2026\/09\/03\/pesquisa-real-time-big-data-joao-campos-e-raquel-lyra-aparecem-empatados-com-43\/#primaryimage"},"thumbnailUrl":"https:\/\/i0.wp.com\/afogadosfm.com.br\/afogadosfm\/wp-content\/uploads\/2025\/11\/joaoraquel.webp?fit=800%2C400&ssl=1","articleSection":["Pernambuco"],"inLanguage":"pt-BR","potentialAction":[{"@type":"CommentAction","name":"Comment","target":["https:\/\/afogadosfm.com.br\/afogadosfm\/2026\/09\/03\/pesquisa-real-time-big-data-joao-campos-e-raquel-lyra-aparecem-empatados-com-43\/#respond"]}]},{"@type":"WebPage","@id":"https:\/\/afogadosfm.com.br\/afogadosfm\/2026\/09\/03\/pesquisa-real-time-big-data-joao-campos-e-raquel-lyra-aparecem-empatados-com-43\/","url":"https:\/\/afogadosfm.com.br\/afogadosfm\/2026\/09\/03\/pesquisa-real-time-big-data-joao-campos-e-raquel-lyra-aparecem-empatados-com-43\/","name":"pesquisa Real Time Big Data: Jo\u00e3o Campos e Raquel Lyra aparecem empatados com 43% - Afogados FM","isPartOf":{"@id":"https:\/\/afogadosfm.com.br\/afogadosfm\/#website"},"primaryImageOfPage":{"@id":"https:\/\/afogadosfm.com.br\/afogadosfm\/2026\/09\/03\/pesquisa-real-time-big-data-joao-campos-e-raquel-lyra-aparecem-empatados-com-43\/#primaryimage"},"image":{"@id":"https:\/\/afogadosfm.com.br\/afogadosfm\/2026\/09\/03\/pesquisa-real-time-big-data-joao-campos-e-raquel-lyra-aparecem-empatados-com-43\/#primaryimage"},"thumbnailUrl":"https:\/\/i0.wp.com\/afogadosfm.com.br\/afogadosfm\/wp-content\/uploads\/2025\/11\/joaoraquel.webp?fit=800%2C400&ssl=1","datePublished":"2026-09-03T11:06:54+00:00","dateModified":"2026-09-03T11:07:02+00:00","breadcrumb":{"@id":"https:\/\/afogadosfm.com.br\/afogadosfm\/2026\/09\/03\/pesquisa-real-time-big-data-joao-campos-e-raquel-lyra-aparecem-empatados-com-43\/#breadcrumb"},"inLanguage":"pt-BR","potentialAction":[{"@type":"ReadAction","target":["https:\/\/afogadosfm.com.br\/afogadosfm\/2026\/09\/03\/pesquisa-real-time-big-data-joao-campos-e-raquel-lyra-aparecem-empatados-com-43\/"]}]},{"@type":"ImageObject","inLanguage":"pt-BR","@id":"https:\/\/afogadosfm.com.br\/afogadosfm\/2026\/09\/03\/pesquisa-real-time-big-data-joao-campos-e-raquel-lyra-aparecem-empatados-com-43\/#primaryimage","url":"https:\/\/i0.wp.com\/afogadosfm.com.br\/afogadosfm\/wp-content\/uploads\/2025\/11\/joaoraquel.webp?fit=800%2C400&ssl=1","contentUrl":"https:\/\/i0.wp.com\/afogadosfm.com.br\/afogadosfm\/wp-content\/uploads\/2025\/11\/joaoraquel.webp?fit=800%2C400&ssl=1","width":800,"height":400},{"@type":"BreadcrumbList","@id":"https:\/\/afogadosfm.com.br\/afogadosfm\/2026\/09\/03\/pesquisa-real-time-big-data-joao-campos-e-raquel-lyra-aparecem-empatados-com-43\/#breadcrumb","itemListElement":[{"@type":"ListItem","position":1,"name":"In\u00edcio","item":"https:\/\/afogadosfm.com.br\/afogadosfm\/"},{"@type":"ListItem","position":2,"name":"pesquisa Real Time Big Data: Jo\u00e3o Campos e Raquel Lyra aparecem empatados com 43%"}]},{"@type":"WebSite","@id":"https:\/\/afogadosfm.com.br\/afogadosfm\/#website","url":"https:\/\/afogadosfm.com.br\/afogadosfm\/","name":"Afogados FM","description":"Um site completo!","publisher":{"@id":"https:\/\/afogadosfm.com.br\/afogadosfm\/#organization"},"potentialAction":[{"@type":"SearchAction","target":{"@type":"EntryPoint","urlTemplate":"https:\/\/afogadosfm.com.br\/afogadosfm\/?s={search_term_string}"},"query-input":{"@type":"PropertyValueSpecification","valueRequired":true,"valueName":"search_term_string"}}],"inLanguage":"pt-BR"},{"@type":"Organization","@id":"https:\/\/afogadosfm.com.br\/afogadosfm\/#organization","name":"Afogados FM","url":"https:\/\/afogadosfm.com.br\/afogadosfm\/","logo":{"@type":"ImageObject","inLanguage":"pt-BR","@id":"https:\/\/afogadosfm.com.br\/afogadosfm\/#\/schema\/logo\/image\/","url":"https:\/\/i0.wp.com\/afogadosfm.com.br\/afogadosfm\/wp-content\/uploads\/2020\/06\/cropped-banner-afogados-4.jpg?fit=369%2C137&ssl=1","contentUrl":"https:\/\/i0.wp.com\/afogadosfm.com.br\/afogadosfm\/wp-content\/uploads\/2020\/06\/cropped-banner-afogados-4.jpg?fit=369%2C137&ssl=1","width":369,"height":137,"caption":"Afogados FM"},"image":{"@id":"https:\/\/afogadosfm.com.br\/afogadosfm\/#\/schema\/logo\/image\/"}},{"@type":"Person","@id":"https:\/\/afogadosfm.com.br\/afogadosfm\/#\/schema\/person\/60e56f2cf5dc960fc093fe093d9e9057","name":"afogadosfm","image":{"@type":"ImageObject","inLanguage":"pt-BR","@id":"https:\/\/secure.gravatar.com\/avatar\/e0359add7ed5dc3560906d861b52c6a8cf5c1e199d3a7dd85070998f49bd4701?s=96&d=mm&r=g","url":"https:\/\/secure.gravatar.com\/avatar\/e0359add7ed5dc3560906d861b52c6a8cf5c1e199d3a7dd85070998f49bd4701?s=96&d=mm&r=g","contentUrl":"https:\/\/secure.gravatar.com\/avatar\/e0359add7ed5dc3560906d861b52c6a8cf5c1e199d3a7dd85070998f49bd4701?s=96&d=mm&r=g","caption":"afogadosfm"},"url":"https:\/\/afogadosfm.com.br\/afogadosfm\/author\/afogadosfm\/"}]}},"jetpack_publicize_connections":[],"jetpack-related-posts":[],"jetpack_sharing_enabled":true,"jetpack_likes_enabled":true,"jetpack_featured_media_url":"https:\/\/i0.wp.com\/afogadosfm.com.br\/afogadosfm\/wp-content\/uploads\/2025\/11\/joaoraquel.webp?fit=800%2C400&ssl=1","_links":{"self":[{"href":"https:\/\/afogadosfm.com.br\/afogadosfm\/wp-json\/wp\/v2\/posts\/75635","targetHints":{"allow":["GET"]}}],"collection":[{"href":"https:\/\/afogadosfm.com.br\/afogadosfm\/wp-json\/wp\/v2\/posts"}],"about":[{"href":"https:\/\/afogadosfm.com.br\/afogadosfm\/wp-json\/wp\/v2\/types\/post"}],"author":[{"embeddable":true,"href":"https:\/\/afogadosfm.com.br\/afogadosfm\/wp-json\/wp\/v2\/users\/2"}],"replies":[{"embeddable":true,"href":"https:\/\/afogadosfm.com.br\/afogadosfm\/wp-json\/wp\/v2\/comments?post=75635"}],"version-history":[{"count":1,"href":"https:\/\/afogadosfm.com.br\/afogadosfm\/wp-json\/wp\/v2\/posts\/75635\/revisions"}],"predecessor-version":[{"id":75636,"href":"https:\/\/afogadosfm.com.br\/afogadosfm\/wp-json\/wp\/v2\/posts\/75635\/revisions\/75636"}],"wp:featuredmedia":[{"embeddable":true,"href":"https:\/\/afogadosfm.com.br\/afogadosfm\/wp-json\/wp\/v2\/media\/70839"}],"wp:attachment":[{"href":"https:\/\/afogadosfm.com.br\/afogadosfm\/wp-json\/wp\/v2\/media?parent=75635"}],"wp:term":[{"taxonomy":"category","embeddable":true,"href":"https:\/\/afogadosfm.com.br\/afogadosfm\/wp-json\/wp\/v2\/categories?post=75635"},{"taxonomy":"post_tag","embeddable":true,"href":"https:\/\/afogadosfm.com.br\/afogadosfm\/wp-json\/wp\/v2\/tags?post=75635"}],"curies":[{"name":"wp","href":"https:\/\/api.w.org\/{rel}","templated":true}]}}