{"id":75639,"date":"2026-09-03T08:10:26","date_gmt":"2026-09-03T11:10:26","guid":{"rendered":"https:\/\/afogadosfm.com.br\/afogadosfm\/?p=75639"},"modified":"2026-09-03T08:10:26","modified_gmt":"2026-09-03T11:10:26","slug":"governo-federal-preve-salario-minimo-de-r-1-741-e-mantem-bolsa-familia-sem-reajuste-em-2027","status":"publish","type":"post","link":"https:\/\/afogadosfm.com.br\/afogadosfm\/2026\/09\/03\/governo-federal-preve-salario-minimo-de-r-1-741-e-mantem-bolsa-familia-sem-reajuste-em-2027\/","title":{"rendered":"Governo Federal prev\u00ea sal\u00e1rio m\u00ednimo de R$ 1.741 e mant\u00e9m Bolsa Fam\u00edlia sem reajuste em 2027"},"content":{"rendered":"<div>O Governo Federal encaminhou ao Congresso Nacional, na \u00faltima segunda-feira (31), a Proposta de Lei Or\u00e7ament\u00e1ria Anual (PLOA) de 2027, por meio do Projeto de Lei do Congresso Nacional (PLN) 24\/2026. O documento estabelece as principais proje\u00e7\u00f5es econ\u00f4micas e fiscais para o pr\u00f3ximo ano e prev\u00ea sal\u00e1rio m\u00ednimo de R$ 1.741.<\/div>\n<p>A proposta considera ainda uma infla\u00e7\u00e3o de 3,6%, crescimento de 2,46% do Produto Interno Bruto (PIB), taxa b\u00e1sica de juros (Selic) m\u00e9dia de 12,53% e c\u00e2mbio m\u00e9dio de R$ 5,22 por d\u00f3lar.<\/p>\n<p>Sal\u00e1rio m\u00ednimo de R$ 1.741<\/p>\n<p>O valor projetado para o sal\u00e1rio m\u00ednimo em 2027 representa um aumento de R$ 120 em rela\u00e7\u00e3o aos atuais R$ 1.621. A alta nominal ser\u00e1 de aproximadamente 7,4%.<\/p>\n<p>A estimativa considera uma varia\u00e7\u00e3o de 4,93% do INPC acumulado em 12 meses at\u00e9 novembro, al\u00e9m de um ganho real de 2,3%.<\/p>\n<p>Segundo o economista Andr\u00e9 Galhardo, o reajuste possui impactos positivos e negativos sobre a economia. O aumento beneficia principalmente trabalhadores e fam\u00edlias de menor renda ao ampliar o poder de compra, mas tamb\u00e9m eleva despesas previdenci\u00e1rias e pode aumentar a press\u00e3o sobre as contas p\u00fablicas.<\/p>\n<p>Para o economista, o ganho real \u00e9 importante diante da evolu\u00e7\u00e3o do custo de vida, especialmente para as fam\u00edlias que enfrentam maiores dificuldades com despesas essenciais.<\/p>\n<p>Galhardo tamb\u00e9m avalia que o aumento pode contribuir para fortalecer o consumo das fam\u00edlias de menor renda, que ainda sentem os efeitos da eleva\u00e7\u00e3o dos pre\u00e7os registrada nos \u00faltimos anos, principalmente em itens essenciais e na alimenta\u00e7\u00e3o.<\/p>\n<p>Bolsa Fam\u00edlia ter\u00e1 R$ 157,09 bilh\u00f5es<\/p>\n<p>Para o Bolsa Fam\u00edlia, a PLOA 2027 prev\u00ea R$ 157,09 bilh\u00f5es, sem reajuste nos valores pagos aos benefici\u00e1rios.<\/p>\n<p>O montante \u00e9 inferior aos R$ 158,6 bilh\u00f5es previstos no Or\u00e7amento de 2026 e aos R$ 167,2 bilh\u00f5es projetados para 2025.<\/p>\n<p>Na avalia\u00e7\u00e3o de Andr\u00e9 Galhardo, a manuten\u00e7\u00e3o do or\u00e7amento acompanha a redu\u00e7\u00e3o do n\u00famero de benefici\u00e1rios registrada nos \u00faltimos anos. O economista relaciona esse movimento ao processo de revis\u00e3o dos cadastros e tamb\u00e9m \u00e0 melhora do mercado de trabalho.<\/p>\n<p>Segundo ele, a fiscaliza\u00e7\u00e3o dos cadastros tem contribu\u00eddo para retirar do programa pessoas que n\u00e3o se enquadram mais nos crit\u00e9rios, enquanto a gera\u00e7\u00e3o de empregos tamb\u00e9m reduz a necessidade de transfer\u00eancia de renda para parte das fam\u00edlias.<\/p>\n<p>Governo prev\u00ea super\u00e1vit prim\u00e1rio<\/p>\n<p>A proposta or\u00e7ament\u00e1ria estima um super\u00e1vit prim\u00e1rio de R$ 18,6 bilh\u00f5es em 2027, valor equivalente a pouco mais de 0,1% do PIB.<\/p>\n<p>De acordo com o Minist\u00e9rio do Planejamento e Or\u00e7amento (MPO), considerando os descontos previstos pelo Regime Fiscal Sustent\u00e1vel para efeito de cumprimento da meta, o resultado ajustado chega a R$ 83,4 bilh\u00f5es.<\/p>\n<p>Para Galhardo, a previs\u00e3o representa um avan\u00e7o na trajet\u00f3ria de reequil\u00edbrio das contas p\u00fablicas, embora o espa\u00e7o fiscal continue limitado.<\/p>\n<p>O economista destaca que o governo precisar\u00e1 manter aten\u00e7\u00e3o sobre as despesas ao longo de 2027 e poder\u00e1 recorrer ao contingenciamento ou bloqueio de recursos caso seja necess\u00e1rio garantir o cumprimento da meta fiscal.<\/p>\n<p>A avalia\u00e7\u00e3o \u00e9 de que o processo de ajuste deve ocorrer de maneira gradual, evitando medidas abruptas que possam provocar uma desacelera\u00e7\u00e3o mais forte da economia.<\/p>\n<p>Margem fiscal continua apertada<\/p>\n<p>Apesar da previs\u00e3o de resultado positivo, o economista considera que a margem para cria\u00e7\u00e3o de novas despesas permanece reduzida. Entre os fatores que podem pressionar as contas p\u00fablicas est\u00e3o o crescimento dos gastos previdenci\u00e1rios e eventuais mudan\u00e7as no comportamento da atividade econ\u00f4mica.<\/p>\n<p>A aus\u00eancia de uma reforma mais ampla pelo lado das despesas, segundo Galhardo, limita a capacidade do governo de alcan\u00e7ar resultados fiscais mais expressivos.<\/p>\n<p>Tramita\u00e7\u00e3o no Congresso<\/p>\n<p>A PLOA 2027 ser\u00e1 analisada inicialmente pela Comiss\u00e3o Mista de Or\u00e7amento (CMO). Depois, o projeto ser\u00e1 apreciado pelo Congresso Nacional e, ap\u00f3s a conclus\u00e3o da tramita\u00e7\u00e3o, seguir\u00e1 para san\u00e7\u00e3o do presidente Luiz In\u00e1cio Lula da Silva.<\/p>\n<p>As proje\u00e7\u00f5es apresentadas na proposta ainda podem sofrer altera\u00e7\u00f5es durante a discuss\u00e3o e vota\u00e7\u00e3o do Or\u00e7amento no Legislativo.<\/p>\n","protected":false},"excerpt":{"rendered":"<p>O Governo Federal encaminhou ao Congresso Nacional, na \u00faltima segunda-feira (31), a Proposta de Lei Or\u00e7ament\u00e1ria Anual (PLOA) de 2027,<\/p>\n","protected":false},"author":2,"featured_media":69351,"comment_status":"open","ping_status":"open","sticky":false,"template":"","format":"standard","meta":{"_jetpack_newsletter_access":"","_jetpack_dont_email_post_to_subs":false,"_jetpack_newsletter_tier_id":0,"_jetpack_memberships_contains_paywalled_content":false,"_jetpack_feature_clip_id":0,"_jetpack_memberships_contains_paid_content":false,"footnotes":"","jetpack_publicize_message":"","jetpack_publicize_feature_enabled":true,"jetpack_social_post_already_shared":true,"jetpack_social_options":{"image_generator_settings":{"template":"highway","default_image_id":0,"font":"","enabled":false},"version":2},"jetpack_post_was_ever_published":false},"categories":[12],"tags":[],"class_list":["post-75639","post","type-post","status-publish","format-standard","has-post-thumbnail","hentry","category-brasil"],"yoast_head":"<!-- This site is optimized with the Yoast SEO plugin v28.4 - https:\/\/yoast.com\/product\/yoast-seo-wordpress\/ -->\n<title>Governo Federal prev\u00ea sal\u00e1rio m\u00ednimo de R$ 1.741 e mant\u00e9m Bolsa Fam\u00edlia sem reajuste em 2027 - Afogados FM<\/title>\n<meta name=\"robots\" content=\"index, follow, max-snippet:-1, max-image-preview:large, max-video-preview:-1\" \/>\n<link rel=\"canonical\" href=\"https:\/\/afogadosfm.com.br\/afogadosfm\/2026\/09\/03\/governo-federal-preve-salario-minimo-de-r-1-741-e-mantem-bolsa-familia-sem-reajuste-em-2027\/\" \/>\n<meta property=\"og:locale\" content=\"pt_BR\" \/>\n<meta property=\"og:type\" content=\"article\" \/>\n<meta property=\"og:title\" content=\"Governo Federal prev\u00ea sal\u00e1rio m\u00ednimo de R$ 1.741 e mant\u00e9m Bolsa Fam\u00edlia sem reajuste em 2027 - Afogados FM\" \/>\n<meta property=\"og:description\" content=\"O Governo Federal encaminhou ao Congresso Nacional, na \u00faltima segunda-feira (31), a Proposta de Lei Or\u00e7ament\u00e1ria Anual (PLOA) de 2027,\" \/>\n<meta property=\"og:url\" content=\"https:\/\/afogadosfm.com.br\/afogadosfm\/2026\/09\/03\/governo-federal-preve-salario-minimo-de-r-1-741-e-mantem-bolsa-familia-sem-reajuste-em-2027\/\" \/>\n<meta property=\"og:site_name\" content=\"Afogados FM\" \/>\n<meta property=\"article:published_time\" content=\"2026-09-03T11:10:26+00:00\" \/>\n<meta property=\"og:image\" content=\"https:\/\/afogadosfm.com.br\/afogadosfm\/wp-content\/uploads\/2025\/09\/realfalso.jpg\" \/>\n\t<meta property=\"og:image:width\" content=\"526\" \/>\n\t<meta property=\"og:image:height\" content=\"530\" \/>\n\t<meta property=\"og:image:type\" content=\"image\/jpeg\" \/>\n<meta name=\"author\" content=\"afogadosfm\" \/>\n<meta name=\"twitter:card\" content=\"summary_large_image\" \/>\n<meta name=\"twitter:label1\" content=\"Escrito por\" \/>\n\t<meta name=\"twitter:data1\" content=\"afogadosfm\" \/>\n\t<meta name=\"twitter:label2\" content=\"Est. tempo de leitura\" \/>\n\t<meta name=\"twitter:data2\" content=\"4 minutos\" \/>\n<script type=\"application\/ld+json\" class=\"yoast-schema-graph\">{\"@context\":\"https:\\\/\\\/schema.org\",\"@graph\":[{\"@type\":\"Article\",\"@id\":\"https:\\\/\\\/afogadosfm.com.br\\\/afogadosfm\\\/2026\\\/09\\\/03\\\/governo-federal-preve-salario-minimo-de-r-1-741-e-mantem-bolsa-familia-sem-reajuste-em-2027\\\/#article\",\"isPartOf\":{\"@id\":\"https:\\\/\\\/afogadosfm.com.br\\\/afogadosfm\\\/2026\\\/09\\\/03\\\/governo-federal-preve-salario-minimo-de-r-1-741-e-mantem-bolsa-familia-sem-reajuste-em-2027\\\/\"},\"author\":{\"name\":\"afogadosfm\",\"@id\":\"https:\\\/\\\/afogadosfm.com.br\\\/afogadosfm\\\/#\\\/schema\\\/person\\\/60e56f2cf5dc960fc093fe093d9e9057\"},\"headline\":\"Governo Federal prev\u00ea sal\u00e1rio m\u00ednimo de R$ 1.741 e mant\u00e9m Bolsa Fam\u00edlia sem reajuste em 2027\",\"datePublished\":\"2026-09-03T11:10:26+00:00\",\"mainEntityOfPage\":{\"@id\":\"https:\\\/\\\/afogadosfm.com.br\\\/afogadosfm\\\/2026\\\/09\\\/03\\\/governo-federal-preve-salario-minimo-de-r-1-741-e-mantem-bolsa-familia-sem-reajuste-em-2027\\\/\"},\"wordCount\":716,\"commentCount\":0,\"publisher\":{\"@id\":\"https:\\\/\\\/afogadosfm.com.br\\\/afogadosfm\\\/#organization\"},\"image\":{\"@id\":\"https:\\\/\\\/afogadosfm.com.br\\\/afogadosfm\\\/2026\\\/09\\\/03\\\/governo-federal-preve-salario-minimo-de-r-1-741-e-mantem-bolsa-familia-sem-reajuste-em-2027\\\/#primaryimage\"},\"thumbnailUrl\":\"https:\\\/\\\/i0.wp.com\\\/afogadosfm.com.br\\\/afogadosfm\\\/wp-content\\\/uploads\\\/2025\\\/09\\\/realfalso.jpg?fit=526%2C530&ssl=1\",\"articleSection\":[\"Brasil\"],\"inLanguage\":\"pt-BR\",\"potentialAction\":[{\"@type\":\"CommentAction\",\"name\":\"Comment\",\"target\":[\"https:\\\/\\\/afogadosfm.com.br\\\/afogadosfm\\\/2026\\\/09\\\/03\\\/governo-federal-preve-salario-minimo-de-r-1-741-e-mantem-bolsa-familia-sem-reajuste-em-2027\\\/#respond\"]}]},{\"@type\":\"WebPage\",\"@id\":\"https:\\\/\\\/afogadosfm.com.br\\\/afogadosfm\\\/2026\\\/09\\\/03\\\/governo-federal-preve-salario-minimo-de-r-1-741-e-mantem-bolsa-familia-sem-reajuste-em-2027\\\/\",\"url\":\"https:\\\/\\\/afogadosfm.com.br\\\/afogadosfm\\\/2026\\\/09\\\/03\\\/governo-federal-preve-salario-minimo-de-r-1-741-e-mantem-bolsa-familia-sem-reajuste-em-2027\\\/\",\"name\":\"Governo Federal prev\u00ea sal\u00e1rio m\u00ednimo de R$ 1.741 e mant\u00e9m Bolsa Fam\u00edlia sem reajuste em 2027 - Afogados FM\",\"isPartOf\":{\"@id\":\"https:\\\/\\\/afogadosfm.com.br\\\/afogadosfm\\\/#website\"},\"primaryImageOfPage\":{\"@id\":\"https:\\\/\\\/afogadosfm.com.br\\\/afogadosfm\\\/2026\\\/09\\\/03\\\/governo-federal-preve-salario-minimo-de-r-1-741-e-mantem-bolsa-familia-sem-reajuste-em-2027\\\/#primaryimage\"},\"image\":{\"@id\":\"https:\\\/\\\/afogadosfm.com.br\\\/afogadosfm\\\/2026\\\/09\\\/03\\\/governo-federal-preve-salario-minimo-de-r-1-741-e-mantem-bolsa-familia-sem-reajuste-em-2027\\\/#primaryimage\"},\"thumbnailUrl\":\"https:\\\/\\\/i0.wp.com\\\/afogadosfm.com.br\\\/afogadosfm\\\/wp-content\\\/uploads\\\/2025\\\/09\\\/realfalso.jpg?fit=526%2C530&ssl=1\",\"datePublished\":\"2026-09-03T11:10:26+00:00\",\"breadcrumb\":{\"@id\":\"https:\\\/\\\/afogadosfm.com.br\\\/afogadosfm\\\/2026\\\/09\\\/03\\\/governo-federal-preve-salario-minimo-de-r-1-741-e-mantem-bolsa-familia-sem-reajuste-em-2027\\\/#breadcrumb\"},\"inLanguage\":\"pt-BR\",\"potentialAction\":[{\"@type\":\"ReadAction\",\"target\":[\"https:\\\/\\\/afogadosfm.com.br\\\/afogadosfm\\\/2026\\\/09\\\/03\\\/governo-federal-preve-salario-minimo-de-r-1-741-e-mantem-bolsa-familia-sem-reajuste-em-2027\\\/\"]}]},{\"@type\":\"ImageObject\",\"inLanguage\":\"pt-BR\",\"@id\":\"https:\\\/\\\/afogadosfm.com.br\\\/afogadosfm\\\/2026\\\/09\\\/03\\\/governo-federal-preve-salario-minimo-de-r-1-741-e-mantem-bolsa-familia-sem-reajuste-em-2027\\\/#primaryimage\",\"url\":\"https:\\\/\\\/i0.wp.com\\\/afogadosfm.com.br\\\/afogadosfm\\\/wp-content\\\/uploads\\\/2025\\\/09\\\/realfalso.jpg?fit=526%2C530&ssl=1\",\"contentUrl\":\"https:\\\/\\\/i0.wp.com\\\/afogadosfm.com.br\\\/afogadosfm\\\/wp-content\\\/uploads\\\/2025\\\/09\\\/realfalso.jpg?fit=526%2C530&ssl=1\",\"width\":526,\"height\":530},{\"@type\":\"BreadcrumbList\",\"@id\":\"https:\\\/\\\/afogadosfm.com.br\\\/afogadosfm\\\/2026\\\/09\\\/03\\\/governo-federal-preve-salario-minimo-de-r-1-741-e-mantem-bolsa-familia-sem-reajuste-em-2027\\\/#breadcrumb\",\"itemListElement\":[{\"@type\":\"ListItem\",\"position\":1,\"name\":\"In\u00edcio\",\"item\":\"https:\\\/\\\/afogadosfm.com.br\\\/afogadosfm\\\/\"},{\"@type\":\"ListItem\",\"position\":2,\"name\":\"Governo Federal prev\u00ea sal\u00e1rio m\u00ednimo de R$ 1.741 e mant\u00e9m Bolsa Fam\u00edlia sem reajuste em 2027\"}]},{\"@type\":\"WebSite\",\"@id\":\"https:\\\/\\\/afogadosfm.com.br\\\/afogadosfm\\\/#website\",\"url\":\"https:\\\/\\\/afogadosfm.com.br\\\/afogadosfm\\\/\",\"name\":\"Afogados FM\",\"description\":\"Um site completo!\",\"publisher\":{\"@id\":\"https:\\\/\\\/afogadosfm.com.br\\\/afogadosfm\\\/#organization\"},\"potentialAction\":[{\"@type\":\"SearchAction\",\"target\":{\"@type\":\"EntryPoint\",\"urlTemplate\":\"https:\\\/\\\/afogadosfm.com.br\\\/afogadosfm\\\/?s={search_term_string}\"},\"query-input\":{\"@type\":\"PropertyValueSpecification\",\"valueRequired\":true,\"valueName\":\"search_term_string\"}}],\"inLanguage\":\"pt-BR\"},{\"@type\":\"Organization\",\"@id\":\"https:\\\/\\\/afogadosfm.com.br\\\/afogadosfm\\\/#organization\",\"name\":\"Afogados FM\",\"url\":\"https:\\\/\\\/afogadosfm.com.br\\\/afogadosfm\\\/\",\"logo\":{\"@type\":\"ImageObject\",\"inLanguage\":\"pt-BR\",\"@id\":\"https:\\\/\\\/afogadosfm.com.br\\\/afogadosfm\\\/#\\\/schema\\\/logo\\\/image\\\/\",\"url\":\"https:\\\/\\\/i0.wp.com\\\/afogadosfm.com.br\\\/afogadosfm\\\/wp-content\\\/uploads\\\/2020\\\/06\\\/cropped-banner-afogados-4.jpg?fit=369%2C137&ssl=1\",\"contentUrl\":\"https:\\\/\\\/i0.wp.com\\\/afogadosfm.com.br\\\/afogadosfm\\\/wp-content\\\/uploads\\\/2020\\\/06\\\/cropped-banner-afogados-4.jpg?fit=369%2C137&ssl=1\",\"width\":369,\"height\":137,\"caption\":\"Afogados FM\"},\"image\":{\"@id\":\"https:\\\/\\\/afogadosfm.com.br\\\/afogadosfm\\\/#\\\/schema\\\/logo\\\/image\\\/\"}},{\"@type\":\"Person\",\"@id\":\"https:\\\/\\\/afogadosfm.com.br\\\/afogadosfm\\\/#\\\/schema\\\/person\\\/60e56f2cf5dc960fc093fe093d9e9057\",\"name\":\"afogadosfm\",\"image\":{\"@type\":\"ImageObject\",\"inLanguage\":\"pt-BR\",\"@id\":\"https:\\\/\\\/secure.gravatar.com\\\/avatar\\\/e0359add7ed5dc3560906d861b52c6a8cf5c1e199d3a7dd85070998f49bd4701?s=96&d=mm&r=g\",\"url\":\"https:\\\/\\\/secure.gravatar.com\\\/avatar\\\/e0359add7ed5dc3560906d861b52c6a8cf5c1e199d3a7dd85070998f49bd4701?s=96&d=mm&r=g\",\"contentUrl\":\"https:\\\/\\\/secure.gravatar.com\\\/avatar\\\/e0359add7ed5dc3560906d861b52c6a8cf5c1e199d3a7dd85070998f49bd4701?s=96&d=mm&r=g\",\"caption\":\"afogadosfm\"},\"url\":\"https:\\\/\\\/afogadosfm.com.br\\\/afogadosfm\\\/author\\\/afogadosfm\\\/\"}]}<\/script>\n<!-- \/ Yoast SEO plugin. -->","yoast_head_json":{"title":"Governo Federal prev\u00ea sal\u00e1rio m\u00ednimo de R$ 1.741 e mant\u00e9m Bolsa Fam\u00edlia sem reajuste em 2027 - Afogados FM","robots":{"index":"index","follow":"follow","max-snippet":"max-snippet:-1","max-image-preview":"max-image-preview:large","max-video-preview":"max-video-preview:-1"},"canonical":"https:\/\/afogadosfm.com.br\/afogadosfm\/2026\/09\/03\/governo-federal-preve-salario-minimo-de-r-1-741-e-mantem-bolsa-familia-sem-reajuste-em-2027\/","og_locale":"pt_BR","og_type":"article","og_title":"Governo Federal prev\u00ea sal\u00e1rio m\u00ednimo de R$ 1.741 e mant\u00e9m Bolsa Fam\u00edlia sem reajuste em 2027 - Afogados FM","og_description":"O Governo Federal encaminhou ao Congresso Nacional, na \u00faltima segunda-feira (31), a Proposta de Lei Or\u00e7ament\u00e1ria Anual (PLOA) de 2027,","og_url":"https:\/\/afogadosfm.com.br\/afogadosfm\/2026\/09\/03\/governo-federal-preve-salario-minimo-de-r-1-741-e-mantem-bolsa-familia-sem-reajuste-em-2027\/","og_site_name":"Afogados FM","article_published_time":"2026-09-03T11:10:26+00:00","og_image":[{"width":526,"height":530,"url":"https:\/\/afogadosfm.com.br\/afogadosfm\/wp-content\/uploads\/2025\/09\/realfalso.jpg","type":"image\/jpeg"}],"author":"afogadosfm","twitter_card":"summary_large_image","twitter_misc":{"Escrito por":"afogadosfm","Est. tempo de leitura":"4 minutos"},"schema":{"@context":"https:\/\/schema.org","@graph":[{"@type":"Article","@id":"https:\/\/afogadosfm.com.br\/afogadosfm\/2026\/09\/03\/governo-federal-preve-salario-minimo-de-r-1-741-e-mantem-bolsa-familia-sem-reajuste-em-2027\/#article","isPartOf":{"@id":"https:\/\/afogadosfm.com.br\/afogadosfm\/2026\/09\/03\/governo-federal-preve-salario-minimo-de-r-1-741-e-mantem-bolsa-familia-sem-reajuste-em-2027\/"},"author":{"name":"afogadosfm","@id":"https:\/\/afogadosfm.com.br\/afogadosfm\/#\/schema\/person\/60e56f2cf5dc960fc093fe093d9e9057"},"headline":"Governo Federal prev\u00ea sal\u00e1rio m\u00ednimo de R$ 1.741 e mant\u00e9m Bolsa Fam\u00edlia sem reajuste em 2027","datePublished":"2026-09-03T11:10:26+00:00","mainEntityOfPage":{"@id":"https:\/\/afogadosfm.com.br\/afogadosfm\/2026\/09\/03\/governo-federal-preve-salario-minimo-de-r-1-741-e-mantem-bolsa-familia-sem-reajuste-em-2027\/"},"wordCount":716,"commentCount":0,"publisher":{"@id":"https:\/\/afogadosfm.com.br\/afogadosfm\/#organization"},"image":{"@id":"https:\/\/afogadosfm.com.br\/afogadosfm\/2026\/09\/03\/governo-federal-preve-salario-minimo-de-r-1-741-e-mantem-bolsa-familia-sem-reajuste-em-2027\/#primaryimage"},"thumbnailUrl":"https:\/\/i0.wp.com\/afogadosfm.com.br\/afogadosfm\/wp-content\/uploads\/2025\/09\/realfalso.jpg?fit=526%2C530&ssl=1","articleSection":["Brasil"],"inLanguage":"pt-BR","potentialAction":[{"@type":"CommentAction","name":"Comment","target":["https:\/\/afogadosfm.com.br\/afogadosfm\/2026\/09\/03\/governo-federal-preve-salario-minimo-de-r-1-741-e-mantem-bolsa-familia-sem-reajuste-em-2027\/#respond"]}]},{"@type":"WebPage","@id":"https:\/\/afogadosfm.com.br\/afogadosfm\/2026\/09\/03\/governo-federal-preve-salario-minimo-de-r-1-741-e-mantem-bolsa-familia-sem-reajuste-em-2027\/","url":"https:\/\/afogadosfm.com.br\/afogadosfm\/2026\/09\/03\/governo-federal-preve-salario-minimo-de-r-1-741-e-mantem-bolsa-familia-sem-reajuste-em-2027\/","name":"Governo Federal prev\u00ea sal\u00e1rio m\u00ednimo de R$ 1.741 e mant\u00e9m Bolsa Fam\u00edlia sem reajuste em 2027 - Afogados FM","isPartOf":{"@id":"https:\/\/afogadosfm.com.br\/afogadosfm\/#website"},"primaryImageOfPage":{"@id":"https:\/\/afogadosfm.com.br\/afogadosfm\/2026\/09\/03\/governo-federal-preve-salario-minimo-de-r-1-741-e-mantem-bolsa-familia-sem-reajuste-em-2027\/#primaryimage"},"image":{"@id":"https:\/\/afogadosfm.com.br\/afogadosfm\/2026\/09\/03\/governo-federal-preve-salario-minimo-de-r-1-741-e-mantem-bolsa-familia-sem-reajuste-em-2027\/#primaryimage"},"thumbnailUrl":"https:\/\/i0.wp.com\/afogadosfm.com.br\/afogadosfm\/wp-content\/uploads\/2025\/09\/realfalso.jpg?fit=526%2C530&ssl=1","datePublished":"2026-09-03T11:10:26+00:00","breadcrumb":{"@id":"https:\/\/afogadosfm.com.br\/afogadosfm\/2026\/09\/03\/governo-federal-preve-salario-minimo-de-r-1-741-e-mantem-bolsa-familia-sem-reajuste-em-2027\/#breadcrumb"},"inLanguage":"pt-BR","potentialAction":[{"@type":"ReadAction","target":["https:\/\/afogadosfm.com.br\/afogadosfm\/2026\/09\/03\/governo-federal-preve-salario-minimo-de-r-1-741-e-mantem-bolsa-familia-sem-reajuste-em-2027\/"]}]},{"@type":"ImageObject","inLanguage":"pt-BR","@id":"https:\/\/afogadosfm.com.br\/afogadosfm\/2026\/09\/03\/governo-federal-preve-salario-minimo-de-r-1-741-e-mantem-bolsa-familia-sem-reajuste-em-2027\/#primaryimage","url":"https:\/\/i0.wp.com\/afogadosfm.com.br\/afogadosfm\/wp-content\/uploads\/2025\/09\/realfalso.jpg?fit=526%2C530&ssl=1","contentUrl":"https:\/\/i0.wp.com\/afogadosfm.com.br\/afogadosfm\/wp-content\/uploads\/2025\/09\/realfalso.jpg?fit=526%2C530&ssl=1","width":526,"height":530},{"@type":"BreadcrumbList","@id":"https:\/\/afogadosfm.com.br\/afogadosfm\/2026\/09\/03\/governo-federal-preve-salario-minimo-de-r-1-741-e-mantem-bolsa-familia-sem-reajuste-em-2027\/#breadcrumb","itemListElement":[{"@type":"ListItem","position":1,"name":"In\u00edcio","item":"https:\/\/afogadosfm.com.br\/afogadosfm\/"},{"@type":"ListItem","position":2,"name":"Governo Federal prev\u00ea sal\u00e1rio m\u00ednimo de R$ 1.741 e mant\u00e9m Bolsa Fam\u00edlia sem reajuste em 2027"}]},{"@type":"WebSite","@id":"https:\/\/afogadosfm.com.br\/afogadosfm\/#website","url":"https:\/\/afogadosfm.com.br\/afogadosfm\/","name":"Afogados FM","description":"Um site completo!","publisher":{"@id":"https:\/\/afogadosfm.com.br\/afogadosfm\/#organization"},"potentialAction":[{"@type":"SearchAction","target":{"@type":"EntryPoint","urlTemplate":"https:\/\/afogadosfm.com.br\/afogadosfm\/?s={search_term_string}"},"query-input":{"@type":"PropertyValueSpecification","valueRequired":true,"valueName":"search_term_string"}}],"inLanguage":"pt-BR"},{"@type":"Organization","@id":"https:\/\/afogadosfm.com.br\/afogadosfm\/#organization","name":"Afogados FM","url":"https:\/\/afogadosfm.com.br\/afogadosfm\/","logo":{"@type":"ImageObject","inLanguage":"pt-BR","@id":"https:\/\/afogadosfm.com.br\/afogadosfm\/#\/schema\/logo\/image\/","url":"https:\/\/i0.wp.com\/afogadosfm.com.br\/afogadosfm\/wp-content\/uploads\/2020\/06\/cropped-banner-afogados-4.jpg?fit=369%2C137&ssl=1","contentUrl":"https:\/\/i0.wp.com\/afogadosfm.com.br\/afogadosfm\/wp-content\/uploads\/2020\/06\/cropped-banner-afogados-4.jpg?fit=369%2C137&ssl=1","width":369,"height":137,"caption":"Afogados FM"},"image":{"@id":"https:\/\/afogadosfm.com.br\/afogadosfm\/#\/schema\/logo\/image\/"}},{"@type":"Person","@id":"https:\/\/afogadosfm.com.br\/afogadosfm\/#\/schema\/person\/60e56f2cf5dc960fc093fe093d9e9057","name":"afogadosfm","image":{"@type":"ImageObject","inLanguage":"pt-BR","@id":"https:\/\/secure.gravatar.com\/avatar\/e0359add7ed5dc3560906d861b52c6a8cf5c1e199d3a7dd85070998f49bd4701?s=96&d=mm&r=g","url":"https:\/\/secure.gravatar.com\/avatar\/e0359add7ed5dc3560906d861b52c6a8cf5c1e199d3a7dd85070998f49bd4701?s=96&d=mm&r=g","contentUrl":"https:\/\/secure.gravatar.com\/avatar\/e0359add7ed5dc3560906d861b52c6a8cf5c1e199d3a7dd85070998f49bd4701?s=96&d=mm&r=g","caption":"afogadosfm"},"url":"https:\/\/afogadosfm.com.br\/afogadosfm\/author\/afogadosfm\/"}]}},"jetpack_publicize_connections":[],"jetpack-related-posts":[],"jetpack_sharing_enabled":true,"jetpack_likes_enabled":true,"jetpack_featured_media_url":"https:\/\/i0.wp.com\/afogadosfm.com.br\/afogadosfm\/wp-content\/uploads\/2025\/09\/realfalso.jpg?fit=526%2C530&ssl=1","_links":{"self":[{"href":"https:\/\/afogadosfm.com.br\/afogadosfm\/wp-json\/wp\/v2\/posts\/75639","targetHints":{"allow":["GET"]}}],"collection":[{"href":"https:\/\/afogadosfm.com.br\/afogadosfm\/wp-json\/wp\/v2\/posts"}],"about":[{"href":"https:\/\/afogadosfm.com.br\/afogadosfm\/wp-json\/wp\/v2\/types\/post"}],"author":[{"embeddable":true,"href":"https:\/\/afogadosfm.com.br\/afogadosfm\/wp-json\/wp\/v2\/users\/2"}],"replies":[{"embeddable":true,"href":"https:\/\/afogadosfm.com.br\/afogadosfm\/wp-json\/wp\/v2\/comments?post=75639"}],"version-history":[{"count":1,"href":"https:\/\/afogadosfm.com.br\/afogadosfm\/wp-json\/wp\/v2\/posts\/75639\/revisions"}],"predecessor-version":[{"id":75640,"href":"https:\/\/afogadosfm.com.br\/afogadosfm\/wp-json\/wp\/v2\/posts\/75639\/revisions\/75640"}],"wp:featuredmedia":[{"embeddable":true,"href":"https:\/\/afogadosfm.com.br\/afogadosfm\/wp-json\/wp\/v2\/media\/69351"}],"wp:attachment":[{"href":"https:\/\/afogadosfm.com.br\/afogadosfm\/wp-json\/wp\/v2\/media?parent=75639"}],"wp:term":[{"taxonomy":"category","embeddable":true,"href":"https:\/\/afogadosfm.com.br\/afogadosfm\/wp-json\/wp\/v2\/categories?post=75639"},{"taxonomy":"post_tag","embeddable":true,"href":"https:\/\/afogadosfm.com.br\/afogadosfm\/wp-json\/wp\/v2\/tags?post=75639"}],"curies":[{"name":"wp","href":"https:\/\/api.w.org\/{rel}","templated":true}]}}