{"id":75641,"date":"2026-09-03T08:12:06","date_gmt":"2026-09-03T11:12:06","guid":{"rendered":"https:\/\/afogadosfm.com.br\/afogadosfm\/?p=75641"},"modified":"2026-09-03T08:12:06","modified_gmt":"2026-09-03T11:12:06","slug":"probabilidade-de-o-el-nino-ser-muito-forte-neste-trimestre-e-de-90","status":"publish","type":"post","link":"https:\/\/afogadosfm.com.br\/afogadosfm\/2026\/09\/03\/probabilidade-de-o-el-nino-ser-muito-forte-neste-trimestre-e-de-90\/","title":{"rendered":"Probabilidade de o El Ni\u00f1o ser muito forte neste trimestre \u00e9 de 90%"},"content":{"rendered":"<p>A probabilidade de o El Ni\u00f1o ser muito forte neste trimestre \u00e9 de 90%. A previs\u00e3o \u00e9 do Inmet, Instituto Nacional de Meteorologia. O fen\u00f4meno clim\u00e1tico ocorre quando as \u00e1guas do Oceano Pac\u00edfico ficam mais quentes do que o normal. Esse aquecimento altera os ventos e mexe com o clima em v\u00e1rias partes do mundo, inclusive no Brasil.<img data-recalc-dims=\"1\" decoding=\"async\" src=\"https:\/\/i0.wp.com\/agenciabrasil.ebc.com.br\/ebc.png?w=840&#038;ssl=1\" \/><img data-recalc-dims=\"1\" decoding=\"async\" src=\"https:\/\/i0.wp.com\/agenciabrasil.ebc.com.br\/ebc.gif?w=840&#038;ssl=1\" \/><\/p>\n<p><strong>Com o El Ni\u00f1o muito forte em setembro, outubro e novembro, o Brasil deve sentir mudan\u00e7as importantes no tempo.<\/strong>\u00a0Foi o que detalhou o meteorologista do Inmet\u00a0<strong>Melk Duarte<\/strong>:<\/p>\n<blockquote><p>&#8220;Na regi\u00e3o Norte, por exemplo, a tend\u00eancia \u00e9 de menos chuvas do que o normal. J\u00e1 no Sul, deve chover mais do que o habitual. No Sudeste e no Centro-Oeste, incluindo estados como Minas Gerais, Esp\u00edrito Santo, Rio de Janeiro, Goi\u00e1s e parte da Bahia, o clima tende a ficar mais seco, mas as chuvas devem ser mais irregulares. Em rela\u00e7\u00e3o \u00e0s temperaturas, praticamente todo o pa\u00eds deve registrar calor acima da m\u00e9dia.&#8221;<\/p><\/blockquote>\n<h3>Alerta<\/h3>\n<p>Segundo o Inmet, a combina\u00e7\u00e3o de calor intenso e estiagem prolongada nas regi\u00f5es central e norte do pa\u00eds acende um alerta para o poss\u00edvel aumento de queimadas. Isso, especialmente se o in\u00edcio da esta\u00e7\u00e3o chuvosa atrasar, como j\u00e1 \u00e9 considerado prov\u00e1vel pelo instituto.<\/p>\n<p>Diante da for\u00e7a do El Ni\u00f1o, o meteorologista Melk Duarte destaca a principal orienta\u00e7\u00e3o do Inmet:<\/p>\n<blockquote><p>&#8220;O principal conselho \u00e9 seguir sempre as orienta\u00e7\u00f5es e os alertas emitidos pela Defesa Civil. Eles informam sobre os riscos, d\u00e3o recomenda\u00e7\u00f5es espec\u00edficas para cada situa\u00e7\u00e3o e tamb\u00e9m para cada regi\u00e3o, e orientam sobre como agir em casos de emerg\u00eancia.&#8221;<\/p><\/blockquote>\n<p><strong>O Inmet refor\u00e7a aos \u00f3rg\u00e3os p\u00fablicos a necessidade de monitoramento cont\u00ednuo das condi\u00e7\u00f5es do tempo para identificar, com anteced\u00eancia, as \u00e1reas mais vulner\u00e1veis a secas, ondas de calor e inunda\u00e7\u00f5es.<\/strong><\/p>\n","protected":false},"excerpt":{"rendered":"<p>A probabilidade de o El Ni\u00f1o ser muito forte neste trimestre \u00e9 de 90%. A previs\u00e3o \u00e9 do Inmet, Instituto<\/p>\n","protected":false},"author":2,"featured_media":50270,"comment_status":"open","ping_status":"open","sticky":false,"template":"","format":"standard","meta":{"_jetpack_newsletter_access":"","_jetpack_dont_email_post_to_subs":false,"_jetpack_newsletter_tier_id":0,"_jetpack_memberships_contains_paywalled_content":false,"_jetpack_feature_clip_id":0,"_jetpack_memberships_contains_paid_content":false,"footnotes":"","jetpack_publicize_message":"","jetpack_publicize_feature_enabled":true,"jetpack_social_post_already_shared":true,"jetpack_social_options":{"image_generator_settings":{"template":"highway","default_image_id":0,"font":"","enabled":false},"version":2},"jetpack_post_was_ever_published":false},"categories":[12],"tags":[],"class_list":["post-75641","post","type-post","status-publish","format-standard","has-post-thumbnail","hentry","category-brasil"],"yoast_head":"<!-- This site is optimized with the Yoast SEO plugin v28.4 - https:\/\/yoast.com\/product\/yoast-seo-wordpress\/ -->\n<title>Probabilidade de o El Ni\u00f1o ser muito forte neste trimestre \u00e9 de 90% - Afogados FM<\/title>\n<meta name=\"robots\" content=\"index, follow, max-snippet:-1, max-image-preview:large, max-video-preview:-1\" \/>\n<link rel=\"canonical\" href=\"https:\/\/afogadosfm.com.br\/afogadosfm\/2026\/09\/03\/probabilidade-de-o-el-nino-ser-muito-forte-neste-trimestre-e-de-90\/\" \/>\n<meta property=\"og:locale\" content=\"pt_BR\" \/>\n<meta property=\"og:type\" content=\"article\" \/>\n<meta property=\"og:title\" content=\"Probabilidade de o El Ni\u00f1o ser muito forte neste trimestre \u00e9 de 90% - Afogados FM\" \/>\n<meta property=\"og:description\" content=\"A probabilidade de o El Ni\u00f1o ser muito forte neste trimestre \u00e9 de 90%. A previs\u00e3o \u00e9 do Inmet, Instituto\" \/>\n<meta property=\"og:url\" content=\"https:\/\/afogadosfm.com.br\/afogadosfm\/2026\/09\/03\/probabilidade-de-o-el-nino-ser-muito-forte-neste-trimestre-e-de-90\/\" \/>\n<meta property=\"og:site_name\" content=\"Afogados FM\" \/>\n<meta property=\"article:published_time\" content=\"2026-09-03T11:12:06+00:00\" \/>\n<meta property=\"og:image\" content=\"https:\/\/afogadosfm.com.br\/afogadosfm\/wp-content\/uploads\/2023\/09\/solforte.jpg\" \/>\n\t<meta property=\"og:image:width\" content=\"1280\" \/>\n\t<meta property=\"og:image:height\" content=\"853\" \/>\n\t<meta property=\"og:image:type\" content=\"image\/jpeg\" \/>\n<meta name=\"author\" content=\"afogadosfm\" \/>\n<meta name=\"twitter:card\" content=\"summary_large_image\" \/>\n<meta name=\"twitter:label1\" content=\"Escrito por\" \/>\n\t<meta name=\"twitter:data1\" content=\"afogadosfm\" \/>\n\t<meta name=\"twitter:label2\" content=\"Est. tempo de leitura\" \/>\n\t<meta name=\"twitter:data2\" content=\"2 minutos\" \/>\n<script type=\"application\/ld+json\" class=\"yoast-schema-graph\">{\"@context\":\"https:\\\/\\\/schema.org\",\"@graph\":[{\"@type\":\"Article\",\"@id\":\"https:\\\/\\\/afogadosfm.com.br\\\/afogadosfm\\\/2026\\\/09\\\/03\\\/probabilidade-de-o-el-nino-ser-muito-forte-neste-trimestre-e-de-90\\\/#article\",\"isPartOf\":{\"@id\":\"https:\\\/\\\/afogadosfm.com.br\\\/afogadosfm\\\/2026\\\/09\\\/03\\\/probabilidade-de-o-el-nino-ser-muito-forte-neste-trimestre-e-de-90\\\/\"},\"author\":{\"name\":\"afogadosfm\",\"@id\":\"https:\\\/\\\/afogadosfm.com.br\\\/afogadosfm\\\/#\\\/schema\\\/person\\\/60e56f2cf5dc960fc093fe093d9e9057\"},\"headline\":\"Probabilidade de o El Ni\u00f1o ser muito forte neste trimestre \u00e9 de 90%\",\"datePublished\":\"2026-09-03T11:12:06+00:00\",\"mainEntityOfPage\":{\"@id\":\"https:\\\/\\\/afogadosfm.com.br\\\/afogadosfm\\\/2026\\\/09\\\/03\\\/probabilidade-de-o-el-nino-ser-muito-forte-neste-trimestre-e-de-90\\\/\"},\"wordCount\":337,\"commentCount\":0,\"publisher\":{\"@id\":\"https:\\\/\\\/afogadosfm.com.br\\\/afogadosfm\\\/#organization\"},\"image\":{\"@id\":\"https:\\\/\\\/afogadosfm.com.br\\\/afogadosfm\\\/2026\\\/09\\\/03\\\/probabilidade-de-o-el-nino-ser-muito-forte-neste-trimestre-e-de-90\\\/#primaryimage\"},\"thumbnailUrl\":\"https:\\\/\\\/i0.wp.com\\\/afogadosfm.com.br\\\/afogadosfm\\\/wp-content\\\/uploads\\\/2023\\\/09\\\/solforte.jpg?fit=1280%2C853&ssl=1\",\"articleSection\":[\"Brasil\"],\"inLanguage\":\"pt-BR\",\"potentialAction\":[{\"@type\":\"CommentAction\",\"name\":\"Comment\",\"target\":[\"https:\\\/\\\/afogadosfm.com.br\\\/afogadosfm\\\/2026\\\/09\\\/03\\\/probabilidade-de-o-el-nino-ser-muito-forte-neste-trimestre-e-de-90\\\/#respond\"]}]},{\"@type\":\"WebPage\",\"@id\":\"https:\\\/\\\/afogadosfm.com.br\\\/afogadosfm\\\/2026\\\/09\\\/03\\\/probabilidade-de-o-el-nino-ser-muito-forte-neste-trimestre-e-de-90\\\/\",\"url\":\"https:\\\/\\\/afogadosfm.com.br\\\/afogadosfm\\\/2026\\\/09\\\/03\\\/probabilidade-de-o-el-nino-ser-muito-forte-neste-trimestre-e-de-90\\\/\",\"name\":\"Probabilidade de o El Ni\u00f1o ser muito forte neste trimestre \u00e9 de 90% - Afogados FM\",\"isPartOf\":{\"@id\":\"https:\\\/\\\/afogadosfm.com.br\\\/afogadosfm\\\/#website\"},\"primaryImageOfPage\":{\"@id\":\"https:\\\/\\\/afogadosfm.com.br\\\/afogadosfm\\\/2026\\\/09\\\/03\\\/probabilidade-de-o-el-nino-ser-muito-forte-neste-trimestre-e-de-90\\\/#primaryimage\"},\"image\":{\"@id\":\"https:\\\/\\\/afogadosfm.com.br\\\/afogadosfm\\\/2026\\\/09\\\/03\\\/probabilidade-de-o-el-nino-ser-muito-forte-neste-trimestre-e-de-90\\\/#primaryimage\"},\"thumbnailUrl\":\"https:\\\/\\\/i0.wp.com\\\/afogadosfm.com.br\\\/afogadosfm\\\/wp-content\\\/uploads\\\/2023\\\/09\\\/solforte.jpg?fit=1280%2C853&ssl=1\",\"datePublished\":\"2026-09-03T11:12:06+00:00\",\"breadcrumb\":{\"@id\":\"https:\\\/\\\/afogadosfm.com.br\\\/afogadosfm\\\/2026\\\/09\\\/03\\\/probabilidade-de-o-el-nino-ser-muito-forte-neste-trimestre-e-de-90\\\/#breadcrumb\"},\"inLanguage\":\"pt-BR\",\"potentialAction\":[{\"@type\":\"ReadAction\",\"target\":[\"https:\\\/\\\/afogadosfm.com.br\\\/afogadosfm\\\/2026\\\/09\\\/03\\\/probabilidade-de-o-el-nino-ser-muito-forte-neste-trimestre-e-de-90\\\/\"]}]},{\"@type\":\"ImageObject\",\"inLanguage\":\"pt-BR\",\"@id\":\"https:\\\/\\\/afogadosfm.com.br\\\/afogadosfm\\\/2026\\\/09\\\/03\\\/probabilidade-de-o-el-nino-ser-muito-forte-neste-trimestre-e-de-90\\\/#primaryimage\",\"url\":\"https:\\\/\\\/i0.wp.com\\\/afogadosfm.com.br\\\/afogadosfm\\\/wp-content\\\/uploads\\\/2023\\\/09\\\/solforte.jpg?fit=1280%2C853&ssl=1\",\"contentUrl\":\"https:\\\/\\\/i0.wp.com\\\/afogadosfm.com.br\\\/afogadosfm\\\/wp-content\\\/uploads\\\/2023\\\/09\\\/solforte.jpg?fit=1280%2C853&ssl=1\",\"width\":1280,\"height\":853},{\"@type\":\"BreadcrumbList\",\"@id\":\"https:\\\/\\\/afogadosfm.com.br\\\/afogadosfm\\\/2026\\\/09\\\/03\\\/probabilidade-de-o-el-nino-ser-muito-forte-neste-trimestre-e-de-90\\\/#breadcrumb\",\"itemListElement\":[{\"@type\":\"ListItem\",\"position\":1,\"name\":\"In\u00edcio\",\"item\":\"https:\\\/\\\/afogadosfm.com.br\\\/afogadosfm\\\/\"},{\"@type\":\"ListItem\",\"position\":2,\"name\":\"Probabilidade de o El Ni\u00f1o ser muito forte neste trimestre \u00e9 de 90%\"}]},{\"@type\":\"WebSite\",\"@id\":\"https:\\\/\\\/afogadosfm.com.br\\\/afogadosfm\\\/#website\",\"url\":\"https:\\\/\\\/afogadosfm.com.br\\\/afogadosfm\\\/\",\"name\":\"Afogados FM\",\"description\":\"Um site completo!\",\"publisher\":{\"@id\":\"https:\\\/\\\/afogadosfm.com.br\\\/afogadosfm\\\/#organization\"},\"potentialAction\":[{\"@type\":\"SearchAction\",\"target\":{\"@type\":\"EntryPoint\",\"urlTemplate\":\"https:\\\/\\\/afogadosfm.com.br\\\/afogadosfm\\\/?s={search_term_string}\"},\"query-input\":{\"@type\":\"PropertyValueSpecification\",\"valueRequired\":true,\"valueName\":\"search_term_string\"}}],\"inLanguage\":\"pt-BR\"},{\"@type\":\"Organization\",\"@id\":\"https:\\\/\\\/afogadosfm.com.br\\\/afogadosfm\\\/#organization\",\"name\":\"Afogados FM\",\"url\":\"https:\\\/\\\/afogadosfm.com.br\\\/afogadosfm\\\/\",\"logo\":{\"@type\":\"ImageObject\",\"inLanguage\":\"pt-BR\",\"@id\":\"https:\\\/\\\/afogadosfm.com.br\\\/afogadosfm\\\/#\\\/schema\\\/logo\\\/image\\\/\",\"url\":\"https:\\\/\\\/i0.wp.com\\\/afogadosfm.com.br\\\/afogadosfm\\\/wp-content\\\/uploads\\\/2020\\\/06\\\/cropped-banner-afogados-4.jpg?fit=369%2C137&ssl=1\",\"contentUrl\":\"https:\\\/\\\/i0.wp.com\\\/afogadosfm.com.br\\\/afogadosfm\\\/wp-content\\\/uploads\\\/2020\\\/06\\\/cropped-banner-afogados-4.jpg?fit=369%2C137&ssl=1\",\"width\":369,\"height\":137,\"caption\":\"Afogados FM\"},\"image\":{\"@id\":\"https:\\\/\\\/afogadosfm.com.br\\\/afogadosfm\\\/#\\\/schema\\\/logo\\\/image\\\/\"}},{\"@type\":\"Person\",\"@id\":\"https:\\\/\\\/afogadosfm.com.br\\\/afogadosfm\\\/#\\\/schema\\\/person\\\/60e56f2cf5dc960fc093fe093d9e9057\",\"name\":\"afogadosfm\",\"image\":{\"@type\":\"ImageObject\",\"inLanguage\":\"pt-BR\",\"@id\":\"https:\\\/\\\/secure.gravatar.com\\\/avatar\\\/e0359add7ed5dc3560906d861b52c6a8cf5c1e199d3a7dd85070998f49bd4701?s=96&d=mm&r=g\",\"url\":\"https:\\\/\\\/secure.gravatar.com\\\/avatar\\\/e0359add7ed5dc3560906d861b52c6a8cf5c1e199d3a7dd85070998f49bd4701?s=96&d=mm&r=g\",\"contentUrl\":\"https:\\\/\\\/secure.gravatar.com\\\/avatar\\\/e0359add7ed5dc3560906d861b52c6a8cf5c1e199d3a7dd85070998f49bd4701?s=96&d=mm&r=g\",\"caption\":\"afogadosfm\"},\"url\":\"https:\\\/\\\/afogadosfm.com.br\\\/afogadosfm\\\/author\\\/afogadosfm\\\/\"}]}<\/script>\n<!-- \/ Yoast SEO plugin. -->","yoast_head_json":{"title":"Probabilidade de o El Ni\u00f1o ser muito forte neste trimestre \u00e9 de 90% - Afogados FM","robots":{"index":"index","follow":"follow","max-snippet":"max-snippet:-1","max-image-preview":"max-image-preview:large","max-video-preview":"max-video-preview:-1"},"canonical":"https:\/\/afogadosfm.com.br\/afogadosfm\/2026\/09\/03\/probabilidade-de-o-el-nino-ser-muito-forte-neste-trimestre-e-de-90\/","og_locale":"pt_BR","og_type":"article","og_title":"Probabilidade de o El Ni\u00f1o ser muito forte neste trimestre \u00e9 de 90% - Afogados FM","og_description":"A probabilidade de o El Ni\u00f1o ser muito forte neste trimestre \u00e9 de 90%. A previs\u00e3o \u00e9 do Inmet, Instituto","og_url":"https:\/\/afogadosfm.com.br\/afogadosfm\/2026\/09\/03\/probabilidade-de-o-el-nino-ser-muito-forte-neste-trimestre-e-de-90\/","og_site_name":"Afogados FM","article_published_time":"2026-09-03T11:12:06+00:00","og_image":[{"width":1280,"height":853,"url":"https:\/\/afogadosfm.com.br\/afogadosfm\/wp-content\/uploads\/2023\/09\/solforte.jpg","type":"image\/jpeg"}],"author":"afogadosfm","twitter_card":"summary_large_image","twitter_misc":{"Escrito por":"afogadosfm","Est. tempo de leitura":"2 minutos"},"schema":{"@context":"https:\/\/schema.org","@graph":[{"@type":"Article","@id":"https:\/\/afogadosfm.com.br\/afogadosfm\/2026\/09\/03\/probabilidade-de-o-el-nino-ser-muito-forte-neste-trimestre-e-de-90\/#article","isPartOf":{"@id":"https:\/\/afogadosfm.com.br\/afogadosfm\/2026\/09\/03\/probabilidade-de-o-el-nino-ser-muito-forte-neste-trimestre-e-de-90\/"},"author":{"name":"afogadosfm","@id":"https:\/\/afogadosfm.com.br\/afogadosfm\/#\/schema\/person\/60e56f2cf5dc960fc093fe093d9e9057"},"headline":"Probabilidade de o El Ni\u00f1o ser muito forte neste trimestre \u00e9 de 90%","datePublished":"2026-09-03T11:12:06+00:00","mainEntityOfPage":{"@id":"https:\/\/afogadosfm.com.br\/afogadosfm\/2026\/09\/03\/probabilidade-de-o-el-nino-ser-muito-forte-neste-trimestre-e-de-90\/"},"wordCount":337,"commentCount":0,"publisher":{"@id":"https:\/\/afogadosfm.com.br\/afogadosfm\/#organization"},"image":{"@id":"https:\/\/afogadosfm.com.br\/afogadosfm\/2026\/09\/03\/probabilidade-de-o-el-nino-ser-muito-forte-neste-trimestre-e-de-90\/#primaryimage"},"thumbnailUrl":"https:\/\/i0.wp.com\/afogadosfm.com.br\/afogadosfm\/wp-content\/uploads\/2023\/09\/solforte.jpg?fit=1280%2C853&ssl=1","articleSection":["Brasil"],"inLanguage":"pt-BR","potentialAction":[{"@type":"CommentAction","name":"Comment","target":["https:\/\/afogadosfm.com.br\/afogadosfm\/2026\/09\/03\/probabilidade-de-o-el-nino-ser-muito-forte-neste-trimestre-e-de-90\/#respond"]}]},{"@type":"WebPage","@id":"https:\/\/afogadosfm.com.br\/afogadosfm\/2026\/09\/03\/probabilidade-de-o-el-nino-ser-muito-forte-neste-trimestre-e-de-90\/","url":"https:\/\/afogadosfm.com.br\/afogadosfm\/2026\/09\/03\/probabilidade-de-o-el-nino-ser-muito-forte-neste-trimestre-e-de-90\/","name":"Probabilidade de o El Ni\u00f1o ser muito forte neste trimestre \u00e9 de 90% - Afogados FM","isPartOf":{"@id":"https:\/\/afogadosfm.com.br\/afogadosfm\/#website"},"primaryImageOfPage":{"@id":"https:\/\/afogadosfm.com.br\/afogadosfm\/2026\/09\/03\/probabilidade-de-o-el-nino-ser-muito-forte-neste-trimestre-e-de-90\/#primaryimage"},"image":{"@id":"https:\/\/afogadosfm.com.br\/afogadosfm\/2026\/09\/03\/probabilidade-de-o-el-nino-ser-muito-forte-neste-trimestre-e-de-90\/#primaryimage"},"thumbnailUrl":"https:\/\/i0.wp.com\/afogadosfm.com.br\/afogadosfm\/wp-content\/uploads\/2023\/09\/solforte.jpg?fit=1280%2C853&ssl=1","datePublished":"2026-09-03T11:12:06+00:00","breadcrumb":{"@id":"https:\/\/afogadosfm.com.br\/afogadosfm\/2026\/09\/03\/probabilidade-de-o-el-nino-ser-muito-forte-neste-trimestre-e-de-90\/#breadcrumb"},"inLanguage":"pt-BR","potentialAction":[{"@type":"ReadAction","target":["https:\/\/afogadosfm.com.br\/afogadosfm\/2026\/09\/03\/probabilidade-de-o-el-nino-ser-muito-forte-neste-trimestre-e-de-90\/"]}]},{"@type":"ImageObject","inLanguage":"pt-BR","@id":"https:\/\/afogadosfm.com.br\/afogadosfm\/2026\/09\/03\/probabilidade-de-o-el-nino-ser-muito-forte-neste-trimestre-e-de-90\/#primaryimage","url":"https:\/\/i0.wp.com\/afogadosfm.com.br\/afogadosfm\/wp-content\/uploads\/2023\/09\/solforte.jpg?fit=1280%2C853&ssl=1","contentUrl":"https:\/\/i0.wp.com\/afogadosfm.com.br\/afogadosfm\/wp-content\/uploads\/2023\/09\/solforte.jpg?fit=1280%2C853&ssl=1","width":1280,"height":853},{"@type":"BreadcrumbList","@id":"https:\/\/afogadosfm.com.br\/afogadosfm\/2026\/09\/03\/probabilidade-de-o-el-nino-ser-muito-forte-neste-trimestre-e-de-90\/#breadcrumb","itemListElement":[{"@type":"ListItem","position":1,"name":"In\u00edcio","item":"https:\/\/afogadosfm.com.br\/afogadosfm\/"},{"@type":"ListItem","position":2,"name":"Probabilidade de o El Ni\u00f1o ser muito forte neste trimestre \u00e9 de 90%"}]},{"@type":"WebSite","@id":"https:\/\/afogadosfm.com.br\/afogadosfm\/#website","url":"https:\/\/afogadosfm.com.br\/afogadosfm\/","name":"Afogados FM","description":"Um site completo!","publisher":{"@id":"https:\/\/afogadosfm.com.br\/afogadosfm\/#organization"},"potentialAction":[{"@type":"SearchAction","target":{"@type":"EntryPoint","urlTemplate":"https:\/\/afogadosfm.com.br\/afogadosfm\/?s={search_term_string}"},"query-input":{"@type":"PropertyValueSpecification","valueRequired":true,"valueName":"search_term_string"}}],"inLanguage":"pt-BR"},{"@type":"Organization","@id":"https:\/\/afogadosfm.com.br\/afogadosfm\/#organization","name":"Afogados FM","url":"https:\/\/afogadosfm.com.br\/afogadosfm\/","logo":{"@type":"ImageObject","inLanguage":"pt-BR","@id":"https:\/\/afogadosfm.com.br\/afogadosfm\/#\/schema\/logo\/image\/","url":"https:\/\/i0.wp.com\/afogadosfm.com.br\/afogadosfm\/wp-content\/uploads\/2020\/06\/cropped-banner-afogados-4.jpg?fit=369%2C137&ssl=1","contentUrl":"https:\/\/i0.wp.com\/afogadosfm.com.br\/afogadosfm\/wp-content\/uploads\/2020\/06\/cropped-banner-afogados-4.jpg?fit=369%2C137&ssl=1","width":369,"height":137,"caption":"Afogados FM"},"image":{"@id":"https:\/\/afogadosfm.com.br\/afogadosfm\/#\/schema\/logo\/image\/"}},{"@type":"Person","@id":"https:\/\/afogadosfm.com.br\/afogadosfm\/#\/schema\/person\/60e56f2cf5dc960fc093fe093d9e9057","name":"afogadosfm","image":{"@type":"ImageObject","inLanguage":"pt-BR","@id":"https:\/\/secure.gravatar.com\/avatar\/e0359add7ed5dc3560906d861b52c6a8cf5c1e199d3a7dd85070998f49bd4701?s=96&d=mm&r=g","url":"https:\/\/secure.gravatar.com\/avatar\/e0359add7ed5dc3560906d861b52c6a8cf5c1e199d3a7dd85070998f49bd4701?s=96&d=mm&r=g","contentUrl":"https:\/\/secure.gravatar.com\/avatar\/e0359add7ed5dc3560906d861b52c6a8cf5c1e199d3a7dd85070998f49bd4701?s=96&d=mm&r=g","caption":"afogadosfm"},"url":"https:\/\/afogadosfm.com.br\/afogadosfm\/author\/afogadosfm\/"}]}},"jetpack_publicize_connections":[],"jetpack-related-posts":[],"jetpack_sharing_enabled":true,"jetpack_likes_enabled":true,"jetpack_featured_media_url":"https:\/\/i0.wp.com\/afogadosfm.com.br\/afogadosfm\/wp-content\/uploads\/2023\/09\/solforte.jpg?fit=1280%2C853&ssl=1","_links":{"self":[{"href":"https:\/\/afogadosfm.com.br\/afogadosfm\/wp-json\/wp\/v2\/posts\/75641","targetHints":{"allow":["GET"]}}],"collection":[{"href":"https:\/\/afogadosfm.com.br\/afogadosfm\/wp-json\/wp\/v2\/posts"}],"about":[{"href":"https:\/\/afogadosfm.com.br\/afogadosfm\/wp-json\/wp\/v2\/types\/post"}],"author":[{"embeddable":true,"href":"https:\/\/afogadosfm.com.br\/afogadosfm\/wp-json\/wp\/v2\/users\/2"}],"replies":[{"embeddable":true,"href":"https:\/\/afogadosfm.com.br\/afogadosfm\/wp-json\/wp\/v2\/comments?post=75641"}],"version-history":[{"count":1,"href":"https:\/\/afogadosfm.com.br\/afogadosfm\/wp-json\/wp\/v2\/posts\/75641\/revisions"}],"predecessor-version":[{"id":75642,"href":"https:\/\/afogadosfm.com.br\/afogadosfm\/wp-json\/wp\/v2\/posts\/75641\/revisions\/75642"}],"wp:featuredmedia":[{"embeddable":true,"href":"https:\/\/afogadosfm.com.br\/afogadosfm\/wp-json\/wp\/v2\/media\/50270"}],"wp:attachment":[{"href":"https:\/\/afogadosfm.com.br\/afogadosfm\/wp-json\/wp\/v2\/media?parent=75641"}],"wp:term":[{"taxonomy":"category","embeddable":true,"href":"https:\/\/afogadosfm.com.br\/afogadosfm\/wp-json\/wp\/v2\/categories?post=75641"},{"taxonomy":"post_tag","embeddable":true,"href":"https:\/\/afogadosfm.com.br\/afogadosfm\/wp-json\/wp\/v2\/tags?post=75641"}],"curies":[{"name":"wp","href":"https:\/\/api.w.org\/{rel}","templated":true}]}}