{"id":75643,"date":"2026-09-03T08:13:06","date_gmt":"2026-09-03T11:13:06","guid":{"rendered":"https:\/\/afogadosfm.com.br\/afogadosfm\/?p=75643"},"modified":"2026-09-03T08:13:06","modified_gmt":"2026-09-03T11:13:06","slug":"agenda-raquel-lyra-participa-de-sabatinas-joao-campos-percorre-a-regiao-metropolitana-e-ivan-moraes-vai-a-upe-nesta-quinta-feira","status":"publish","type":"post","link":"https:\/\/afogadosfm.com.br\/afogadosfm\/2026\/09\/03\/agenda-raquel-lyra-participa-de-sabatinas-joao-campos-percorre-a-regiao-metropolitana-e-ivan-moraes-vai-a-upe-nesta-quinta-feira\/","title":{"rendered":"Agenda: Raquel Lyra participa de sabatinas, Jo\u00e3o Campos percorre a Regi\u00e3o Metropolitana e Ivan Moraes vai \u00e0 UPE nesta quinta-feira"},"content":{"rendered":"<p>Os candidatos ao Governo de Pernambuco cumprem agendas no Recife e em munic\u00edpios da Regi\u00e3o Metropolitana nesta quinta-feira (03). Raquel Lyra (PSD) participa de duas sabatinas e de uma caminhada; Jo\u00e3o Campos (PSB) visita S\u00e3o Louren\u00e7o da Mata, Recife e Paulista; e Ivan Moraes (PSol) tem compromissos na UPE, na UFPE e com a imprensa.<\/p>\n<p>Jo\u00e3o Campos inicia a programa\u00e7\u00e3o \u00e0s 11h, com um encontro com moradores da V\u00e1rzea Fria, em S\u00e3o Louren\u00e7o da Mata. \u00c0s 18h15, o candidato participa de uma minicarreata no bairro do Engenho do Meio, no Recife. O \u00faltimo compromisso est\u00e1 marcado para as 20h45, em Paulista. Ele participa da inaugura\u00e7\u00e3o do comit\u00ea de J\u00fanior Matuto, deputado estadual e candidato \u00e0 reelei\u00e7\u00e3o. O evento ser\u00e1 realizado na Avenida Rodolfo Aureliano, no bairro de Vila Torres Galv\u00e3o.<\/p>\n<p>Raquel Lyra come\u00e7a o dia \u00e0s 11h30, com uma sabatina on-line e ao vivo promovida pelo Uol e pela Folha de S.Paulo. \u00c0s 16h, participa de outra sabatina, desta vez no campus da Universidade de Pernambuco (UPE), em Santo Amaro, no Recife. Uma hora depois, \u00e0s 17h, Raquel realiza uma caminhada pela Avenida Cruz Cabug\u00e1, tamb\u00e9m em Santo Amaro. A concentra\u00e7\u00e3o ser\u00e1 na Pra\u00e7a do Tacaruna.<\/p>\n<p>Ivan Moraes participa, das 10h \u00e0s 12h, de um di\u00e1logo da UPE com os candidatos ao Governo de Pernambuco. O encontro ocorrer\u00e1 na Sala dos Conselhos da Reitoria da universidade, em Santo Amaro. Das 14h \u00e0s 15h, o candidato acompanha a apresenta\u00e7\u00e3o do Oeste Inovador, no Edif\u00edcio Celso Furtado, na Universidade Federal de Pernambuco (UFPE). Das 16h30 \u00e0s 17h30, Ivan concede uma entrevista on-line ao jornal O Povo, do Cear\u00e1. Em seguida, das 18h \u00e0s 20h, participa da exibi\u00e7\u00e3o de \u201cMarise, do Sagrado ao Carnaval\u201d, no Cinema S\u00e3o Luiz.<\/p>\n","protected":false},"excerpt":{"rendered":"<p>Os candidatos ao Governo de Pernambuco cumprem agendas no Recife e em munic\u00edpios da Regi\u00e3o Metropolitana nesta quinta-feira (03). Raquel<\/p>\n","protected":false},"author":2,"featured_media":75644,"comment_status":"open","ping_status":"open","sticky":false,"template":"","format":"standard","meta":{"_jetpack_newsletter_access":"","_jetpack_dont_email_post_to_subs":false,"_jetpack_newsletter_tier_id":0,"_jetpack_memberships_contains_paywalled_content":false,"_jetpack_feature_clip_id":0,"_jetpack_memberships_contains_paid_content":false,"footnotes":"","jetpack_publicize_message":"","jetpack_publicize_feature_enabled":true,"jetpack_social_post_already_shared":true,"jetpack_social_options":{"image_generator_settings":{"template":"highway","default_image_id":0,"font":"","enabled":false},"version":2},"jetpack_post_was_ever_published":false},"categories":[13],"tags":[],"class_list":["post-75643","post","type-post","status-publish","format-standard","has-post-thumbnail","hentry","category-pernambuco"],"yoast_head":"<!-- This site is optimized with the Yoast SEO plugin v28.4 - https:\/\/yoast.com\/product\/yoast-seo-wordpress\/ -->\n<title>Agenda: Raquel Lyra participa de sabatinas, Jo\u00e3o Campos percorre a Regi\u00e3o Metropolitana e Ivan Moraes vai \u00e0 UPE nesta quinta-feira - Afogados FM<\/title>\n<meta name=\"robots\" content=\"index, follow, max-snippet:-1, max-image-preview:large, max-video-preview:-1\" \/>\n<link rel=\"canonical\" href=\"https:\/\/afogadosfm.com.br\/afogadosfm\/2026\/09\/03\/agenda-raquel-lyra-participa-de-sabatinas-joao-campos-percorre-a-regiao-metropolitana-e-ivan-moraes-vai-a-upe-nesta-quinta-feira\/\" \/>\n<meta property=\"og:locale\" content=\"pt_BR\" \/>\n<meta property=\"og:type\" content=\"article\" \/>\n<meta property=\"og:title\" content=\"Agenda: Raquel Lyra participa de sabatinas, Jo\u00e3o Campos percorre a Regi\u00e3o Metropolitana e Ivan Moraes vai \u00e0 UPE nesta quinta-feira - Afogados FM\" \/>\n<meta property=\"og:description\" content=\"Os candidatos ao Governo de Pernambuco cumprem agendas no Recife e em munic\u00edpios da Regi\u00e3o Metropolitana nesta quinta-feira (03). Raquel\" \/>\n<meta property=\"og:url\" content=\"https:\/\/afogadosfm.com.br\/afogadosfm\/2026\/09\/03\/agenda-raquel-lyra-participa-de-sabatinas-joao-campos-percorre-a-regiao-metropolitana-e-ivan-moraes-vai-a-upe-nesta-quinta-feira\/\" \/>\n<meta property=\"og:site_name\" content=\"Afogados FM\" \/>\n<meta property=\"article:published_time\" content=\"2026-09-03T11:13:06+00:00\" \/>\n<meta property=\"og:image\" content=\"https:\/\/afogadosfm.com.br\/afogadosfm\/wp-content\/uploads\/2026\/09\/WhatsApp-Image-2026-09-02-at-18.11.33-750x375-1.jpeg\" \/>\n\t<meta property=\"og:image:width\" content=\"750\" \/>\n\t<meta property=\"og:image:height\" content=\"375\" \/>\n\t<meta property=\"og:image:type\" content=\"image\/jpeg\" \/>\n<meta name=\"author\" content=\"afogadosfm\" \/>\n<meta name=\"twitter:card\" content=\"summary_large_image\" \/>\n<meta name=\"twitter:label1\" content=\"Escrito por\" \/>\n\t<meta name=\"twitter:data1\" content=\"afogadosfm\" \/>\n\t<meta name=\"twitter:label2\" content=\"Est. tempo de leitura\" \/>\n\t<meta name=\"twitter:data2\" content=\"2 minutos\" \/>\n<script type=\"application\/ld+json\" class=\"yoast-schema-graph\">{\"@context\":\"https:\\\/\\\/schema.org\",\"@graph\":[{\"@type\":\"Article\",\"@id\":\"https:\\\/\\\/afogadosfm.com.br\\\/afogadosfm\\\/2026\\\/09\\\/03\\\/agenda-raquel-lyra-participa-de-sabatinas-joao-campos-percorre-a-regiao-metropolitana-e-ivan-moraes-vai-a-upe-nesta-quinta-feira\\\/#article\",\"isPartOf\":{\"@id\":\"https:\\\/\\\/afogadosfm.com.br\\\/afogadosfm\\\/2026\\\/09\\\/03\\\/agenda-raquel-lyra-participa-de-sabatinas-joao-campos-percorre-a-regiao-metropolitana-e-ivan-moraes-vai-a-upe-nesta-quinta-feira\\\/\"},\"author\":{\"name\":\"afogadosfm\",\"@id\":\"https:\\\/\\\/afogadosfm.com.br\\\/afogadosfm\\\/#\\\/schema\\\/person\\\/60e56f2cf5dc960fc093fe093d9e9057\"},\"headline\":\"Agenda: Raquel Lyra participa de sabatinas, Jo\u00e3o Campos percorre a Regi\u00e3o Metropolitana e Ivan Moraes vai \u00e0 UPE nesta quinta-feira\",\"datePublished\":\"2026-09-03T11:13:06+00:00\",\"mainEntityOfPage\":{\"@id\":\"https:\\\/\\\/afogadosfm.com.br\\\/afogadosfm\\\/2026\\\/09\\\/03\\\/agenda-raquel-lyra-participa-de-sabatinas-joao-campos-percorre-a-regiao-metropolitana-e-ivan-moraes-vai-a-upe-nesta-quinta-feira\\\/\"},\"wordCount\":328,\"commentCount\":0,\"publisher\":{\"@id\":\"https:\\\/\\\/afogadosfm.com.br\\\/afogadosfm\\\/#organization\"},\"image\":{\"@id\":\"https:\\\/\\\/afogadosfm.com.br\\\/afogadosfm\\\/2026\\\/09\\\/03\\\/agenda-raquel-lyra-participa-de-sabatinas-joao-campos-percorre-a-regiao-metropolitana-e-ivan-moraes-vai-a-upe-nesta-quinta-feira\\\/#primaryimage\"},\"thumbnailUrl\":\"https:\\\/\\\/i0.wp.com\\\/afogadosfm.com.br\\\/afogadosfm\\\/wp-content\\\/uploads\\\/2026\\\/09\\\/WhatsApp-Image-2026-09-02-at-18.11.33-750x375-1.jpeg?fit=750%2C375&ssl=1\",\"articleSection\":[\"Pernambuco\"],\"inLanguage\":\"pt-BR\",\"potentialAction\":[{\"@type\":\"CommentAction\",\"name\":\"Comment\",\"target\":[\"https:\\\/\\\/afogadosfm.com.br\\\/afogadosfm\\\/2026\\\/09\\\/03\\\/agenda-raquel-lyra-participa-de-sabatinas-joao-campos-percorre-a-regiao-metropolitana-e-ivan-moraes-vai-a-upe-nesta-quinta-feira\\\/#respond\"]}]},{\"@type\":\"WebPage\",\"@id\":\"https:\\\/\\\/afogadosfm.com.br\\\/afogadosfm\\\/2026\\\/09\\\/03\\\/agenda-raquel-lyra-participa-de-sabatinas-joao-campos-percorre-a-regiao-metropolitana-e-ivan-moraes-vai-a-upe-nesta-quinta-feira\\\/\",\"url\":\"https:\\\/\\\/afogadosfm.com.br\\\/afogadosfm\\\/2026\\\/09\\\/03\\\/agenda-raquel-lyra-participa-de-sabatinas-joao-campos-percorre-a-regiao-metropolitana-e-ivan-moraes-vai-a-upe-nesta-quinta-feira\\\/\",\"name\":\"Agenda: Raquel Lyra participa de sabatinas, Jo\u00e3o Campos percorre a Regi\u00e3o Metropolitana e Ivan Moraes vai \u00e0 UPE nesta quinta-feira - Afogados FM\",\"isPartOf\":{\"@id\":\"https:\\\/\\\/afogadosfm.com.br\\\/afogadosfm\\\/#website\"},\"primaryImageOfPage\":{\"@id\":\"https:\\\/\\\/afogadosfm.com.br\\\/afogadosfm\\\/2026\\\/09\\\/03\\\/agenda-raquel-lyra-participa-de-sabatinas-joao-campos-percorre-a-regiao-metropolitana-e-ivan-moraes-vai-a-upe-nesta-quinta-feira\\\/#primaryimage\"},\"image\":{\"@id\":\"https:\\\/\\\/afogadosfm.com.br\\\/afogadosfm\\\/2026\\\/09\\\/03\\\/agenda-raquel-lyra-participa-de-sabatinas-joao-campos-percorre-a-regiao-metropolitana-e-ivan-moraes-vai-a-upe-nesta-quinta-feira\\\/#primaryimage\"},\"thumbnailUrl\":\"https:\\\/\\\/i0.wp.com\\\/afogadosfm.com.br\\\/afogadosfm\\\/wp-content\\\/uploads\\\/2026\\\/09\\\/WhatsApp-Image-2026-09-02-at-18.11.33-750x375-1.jpeg?fit=750%2C375&ssl=1\",\"datePublished\":\"2026-09-03T11:13:06+00:00\",\"breadcrumb\":{\"@id\":\"https:\\\/\\\/afogadosfm.com.br\\\/afogadosfm\\\/2026\\\/09\\\/03\\\/agenda-raquel-lyra-participa-de-sabatinas-joao-campos-percorre-a-regiao-metropolitana-e-ivan-moraes-vai-a-upe-nesta-quinta-feira\\\/#breadcrumb\"},\"inLanguage\":\"pt-BR\",\"potentialAction\":[{\"@type\":\"ReadAction\",\"target\":[\"https:\\\/\\\/afogadosfm.com.br\\\/afogadosfm\\\/2026\\\/09\\\/03\\\/agenda-raquel-lyra-participa-de-sabatinas-joao-campos-percorre-a-regiao-metropolitana-e-ivan-moraes-vai-a-upe-nesta-quinta-feira\\\/\"]}]},{\"@type\":\"ImageObject\",\"inLanguage\":\"pt-BR\",\"@id\":\"https:\\\/\\\/afogadosfm.com.br\\\/afogadosfm\\\/2026\\\/09\\\/03\\\/agenda-raquel-lyra-participa-de-sabatinas-joao-campos-percorre-a-regiao-metropolitana-e-ivan-moraes-vai-a-upe-nesta-quinta-feira\\\/#primaryimage\",\"url\":\"https:\\\/\\\/i0.wp.com\\\/afogadosfm.com.br\\\/afogadosfm\\\/wp-content\\\/uploads\\\/2026\\\/09\\\/WhatsApp-Image-2026-09-02-at-18.11.33-750x375-1.jpeg?fit=750%2C375&ssl=1\",\"contentUrl\":\"https:\\\/\\\/i0.wp.com\\\/afogadosfm.com.br\\\/afogadosfm\\\/wp-content\\\/uploads\\\/2026\\\/09\\\/WhatsApp-Image-2026-09-02-at-18.11.33-750x375-1.jpeg?fit=750%2C375&ssl=1\",\"width\":750,\"height\":375},{\"@type\":\"BreadcrumbList\",\"@id\":\"https:\\\/\\\/afogadosfm.com.br\\\/afogadosfm\\\/2026\\\/09\\\/03\\\/agenda-raquel-lyra-participa-de-sabatinas-joao-campos-percorre-a-regiao-metropolitana-e-ivan-moraes-vai-a-upe-nesta-quinta-feira\\\/#breadcrumb\",\"itemListElement\":[{\"@type\":\"ListItem\",\"position\":1,\"name\":\"In\u00edcio\",\"item\":\"https:\\\/\\\/afogadosfm.com.br\\\/afogadosfm\\\/\"},{\"@type\":\"ListItem\",\"position\":2,\"name\":\"Agenda: Raquel Lyra participa de sabatinas, Jo\u00e3o Campos percorre a Regi\u00e3o Metropolitana e Ivan Moraes vai \u00e0 UPE nesta quinta-feira\"}]},{\"@type\":\"WebSite\",\"@id\":\"https:\\\/\\\/afogadosfm.com.br\\\/afogadosfm\\\/#website\",\"url\":\"https:\\\/\\\/afogadosfm.com.br\\\/afogadosfm\\\/\",\"name\":\"Afogados FM\",\"description\":\"Um site completo!\",\"publisher\":{\"@id\":\"https:\\\/\\\/afogadosfm.com.br\\\/afogadosfm\\\/#organization\"},\"potentialAction\":[{\"@type\":\"SearchAction\",\"target\":{\"@type\":\"EntryPoint\",\"urlTemplate\":\"https:\\\/\\\/afogadosfm.com.br\\\/afogadosfm\\\/?s={search_term_string}\"},\"query-input\":{\"@type\":\"PropertyValueSpecification\",\"valueRequired\":true,\"valueName\":\"search_term_string\"}}],\"inLanguage\":\"pt-BR\"},{\"@type\":\"Organization\",\"@id\":\"https:\\\/\\\/afogadosfm.com.br\\\/afogadosfm\\\/#organization\",\"name\":\"Afogados FM\",\"url\":\"https:\\\/\\\/afogadosfm.com.br\\\/afogadosfm\\\/\",\"logo\":{\"@type\":\"ImageObject\",\"inLanguage\":\"pt-BR\",\"@id\":\"https:\\\/\\\/afogadosfm.com.br\\\/afogadosfm\\\/#\\\/schema\\\/logo\\\/image\\\/\",\"url\":\"https:\\\/\\\/i0.wp.com\\\/afogadosfm.com.br\\\/afogadosfm\\\/wp-content\\\/uploads\\\/2020\\\/06\\\/cropped-banner-afogados-4.jpg?fit=369%2C137&ssl=1\",\"contentUrl\":\"https:\\\/\\\/i0.wp.com\\\/afogadosfm.com.br\\\/afogadosfm\\\/wp-content\\\/uploads\\\/2020\\\/06\\\/cropped-banner-afogados-4.jpg?fit=369%2C137&ssl=1\",\"width\":369,\"height\":137,\"caption\":\"Afogados FM\"},\"image\":{\"@id\":\"https:\\\/\\\/afogadosfm.com.br\\\/afogadosfm\\\/#\\\/schema\\\/logo\\\/image\\\/\"}},{\"@type\":\"Person\",\"@id\":\"https:\\\/\\\/afogadosfm.com.br\\\/afogadosfm\\\/#\\\/schema\\\/person\\\/60e56f2cf5dc960fc093fe093d9e9057\",\"name\":\"afogadosfm\",\"image\":{\"@type\":\"ImageObject\",\"inLanguage\":\"pt-BR\",\"@id\":\"https:\\\/\\\/secure.gravatar.com\\\/avatar\\\/e0359add7ed5dc3560906d861b52c6a8cf5c1e199d3a7dd85070998f49bd4701?s=96&d=mm&r=g\",\"url\":\"https:\\\/\\\/secure.gravatar.com\\\/avatar\\\/e0359add7ed5dc3560906d861b52c6a8cf5c1e199d3a7dd85070998f49bd4701?s=96&d=mm&r=g\",\"contentUrl\":\"https:\\\/\\\/secure.gravatar.com\\\/avatar\\\/e0359add7ed5dc3560906d861b52c6a8cf5c1e199d3a7dd85070998f49bd4701?s=96&d=mm&r=g\",\"caption\":\"afogadosfm\"},\"url\":\"https:\\\/\\\/afogadosfm.com.br\\\/afogadosfm\\\/author\\\/afogadosfm\\\/\"}]}<\/script>\n<!-- \/ Yoast SEO plugin. -->","yoast_head_json":{"title":"Agenda: Raquel Lyra participa de sabatinas, Jo\u00e3o Campos percorre a Regi\u00e3o Metropolitana e Ivan Moraes vai \u00e0 UPE nesta quinta-feira - Afogados FM","robots":{"index":"index","follow":"follow","max-snippet":"max-snippet:-1","max-image-preview":"max-image-preview:large","max-video-preview":"max-video-preview:-1"},"canonical":"https:\/\/afogadosfm.com.br\/afogadosfm\/2026\/09\/03\/agenda-raquel-lyra-participa-de-sabatinas-joao-campos-percorre-a-regiao-metropolitana-e-ivan-moraes-vai-a-upe-nesta-quinta-feira\/","og_locale":"pt_BR","og_type":"article","og_title":"Agenda: Raquel Lyra participa de sabatinas, Jo\u00e3o Campos percorre a Regi\u00e3o Metropolitana e Ivan Moraes vai \u00e0 UPE nesta quinta-feira - Afogados FM","og_description":"Os candidatos ao Governo de Pernambuco cumprem agendas no Recife e em munic\u00edpios da Regi\u00e3o Metropolitana nesta quinta-feira (03). Raquel","og_url":"https:\/\/afogadosfm.com.br\/afogadosfm\/2026\/09\/03\/agenda-raquel-lyra-participa-de-sabatinas-joao-campos-percorre-a-regiao-metropolitana-e-ivan-moraes-vai-a-upe-nesta-quinta-feira\/","og_site_name":"Afogados FM","article_published_time":"2026-09-03T11:13:06+00:00","og_image":[{"width":750,"height":375,"url":"https:\/\/afogadosfm.com.br\/afogadosfm\/wp-content\/uploads\/2026\/09\/WhatsApp-Image-2026-09-02-at-18.11.33-750x375-1.jpeg","type":"image\/jpeg"}],"author":"afogadosfm","twitter_card":"summary_large_image","twitter_misc":{"Escrito por":"afogadosfm","Est. tempo de leitura":"2 minutos"},"schema":{"@context":"https:\/\/schema.org","@graph":[{"@type":"Article","@id":"https:\/\/afogadosfm.com.br\/afogadosfm\/2026\/09\/03\/agenda-raquel-lyra-participa-de-sabatinas-joao-campos-percorre-a-regiao-metropolitana-e-ivan-moraes-vai-a-upe-nesta-quinta-feira\/#article","isPartOf":{"@id":"https:\/\/afogadosfm.com.br\/afogadosfm\/2026\/09\/03\/agenda-raquel-lyra-participa-de-sabatinas-joao-campos-percorre-a-regiao-metropolitana-e-ivan-moraes-vai-a-upe-nesta-quinta-feira\/"},"author":{"name":"afogadosfm","@id":"https:\/\/afogadosfm.com.br\/afogadosfm\/#\/schema\/person\/60e56f2cf5dc960fc093fe093d9e9057"},"headline":"Agenda: Raquel Lyra participa de sabatinas, Jo\u00e3o Campos percorre a Regi\u00e3o Metropolitana e Ivan Moraes vai \u00e0 UPE nesta quinta-feira","datePublished":"2026-09-03T11:13:06+00:00","mainEntityOfPage":{"@id":"https:\/\/afogadosfm.com.br\/afogadosfm\/2026\/09\/03\/agenda-raquel-lyra-participa-de-sabatinas-joao-campos-percorre-a-regiao-metropolitana-e-ivan-moraes-vai-a-upe-nesta-quinta-feira\/"},"wordCount":328,"commentCount":0,"publisher":{"@id":"https:\/\/afogadosfm.com.br\/afogadosfm\/#organization"},"image":{"@id":"https:\/\/afogadosfm.com.br\/afogadosfm\/2026\/09\/03\/agenda-raquel-lyra-participa-de-sabatinas-joao-campos-percorre-a-regiao-metropolitana-e-ivan-moraes-vai-a-upe-nesta-quinta-feira\/#primaryimage"},"thumbnailUrl":"https:\/\/i0.wp.com\/afogadosfm.com.br\/afogadosfm\/wp-content\/uploads\/2026\/09\/WhatsApp-Image-2026-09-02-at-18.11.33-750x375-1.jpeg?fit=750%2C375&ssl=1","articleSection":["Pernambuco"],"inLanguage":"pt-BR","potentialAction":[{"@type":"CommentAction","name":"Comment","target":["https:\/\/afogadosfm.com.br\/afogadosfm\/2026\/09\/03\/agenda-raquel-lyra-participa-de-sabatinas-joao-campos-percorre-a-regiao-metropolitana-e-ivan-moraes-vai-a-upe-nesta-quinta-feira\/#respond"]}]},{"@type":"WebPage","@id":"https:\/\/afogadosfm.com.br\/afogadosfm\/2026\/09\/03\/agenda-raquel-lyra-participa-de-sabatinas-joao-campos-percorre-a-regiao-metropolitana-e-ivan-moraes-vai-a-upe-nesta-quinta-feira\/","url":"https:\/\/afogadosfm.com.br\/afogadosfm\/2026\/09\/03\/agenda-raquel-lyra-participa-de-sabatinas-joao-campos-percorre-a-regiao-metropolitana-e-ivan-moraes-vai-a-upe-nesta-quinta-feira\/","name":"Agenda: Raquel Lyra participa de sabatinas, Jo\u00e3o Campos percorre a Regi\u00e3o Metropolitana e Ivan Moraes vai \u00e0 UPE nesta quinta-feira - Afogados FM","isPartOf":{"@id":"https:\/\/afogadosfm.com.br\/afogadosfm\/#website"},"primaryImageOfPage":{"@id":"https:\/\/afogadosfm.com.br\/afogadosfm\/2026\/09\/03\/agenda-raquel-lyra-participa-de-sabatinas-joao-campos-percorre-a-regiao-metropolitana-e-ivan-moraes-vai-a-upe-nesta-quinta-feira\/#primaryimage"},"image":{"@id":"https:\/\/afogadosfm.com.br\/afogadosfm\/2026\/09\/03\/agenda-raquel-lyra-participa-de-sabatinas-joao-campos-percorre-a-regiao-metropolitana-e-ivan-moraes-vai-a-upe-nesta-quinta-feira\/#primaryimage"},"thumbnailUrl":"https:\/\/i0.wp.com\/afogadosfm.com.br\/afogadosfm\/wp-content\/uploads\/2026\/09\/WhatsApp-Image-2026-09-02-at-18.11.33-750x375-1.jpeg?fit=750%2C375&ssl=1","datePublished":"2026-09-03T11:13:06+00:00","breadcrumb":{"@id":"https:\/\/afogadosfm.com.br\/afogadosfm\/2026\/09\/03\/agenda-raquel-lyra-participa-de-sabatinas-joao-campos-percorre-a-regiao-metropolitana-e-ivan-moraes-vai-a-upe-nesta-quinta-feira\/#breadcrumb"},"inLanguage":"pt-BR","potentialAction":[{"@type":"ReadAction","target":["https:\/\/afogadosfm.com.br\/afogadosfm\/2026\/09\/03\/agenda-raquel-lyra-participa-de-sabatinas-joao-campos-percorre-a-regiao-metropolitana-e-ivan-moraes-vai-a-upe-nesta-quinta-feira\/"]}]},{"@type":"ImageObject","inLanguage":"pt-BR","@id":"https:\/\/afogadosfm.com.br\/afogadosfm\/2026\/09\/03\/agenda-raquel-lyra-participa-de-sabatinas-joao-campos-percorre-a-regiao-metropolitana-e-ivan-moraes-vai-a-upe-nesta-quinta-feira\/#primaryimage","url":"https:\/\/i0.wp.com\/afogadosfm.com.br\/afogadosfm\/wp-content\/uploads\/2026\/09\/WhatsApp-Image-2026-09-02-at-18.11.33-750x375-1.jpeg?fit=750%2C375&ssl=1","contentUrl":"https:\/\/i0.wp.com\/afogadosfm.com.br\/afogadosfm\/wp-content\/uploads\/2026\/09\/WhatsApp-Image-2026-09-02-at-18.11.33-750x375-1.jpeg?fit=750%2C375&ssl=1","width":750,"height":375},{"@type":"BreadcrumbList","@id":"https:\/\/afogadosfm.com.br\/afogadosfm\/2026\/09\/03\/agenda-raquel-lyra-participa-de-sabatinas-joao-campos-percorre-a-regiao-metropolitana-e-ivan-moraes-vai-a-upe-nesta-quinta-feira\/#breadcrumb","itemListElement":[{"@type":"ListItem","position":1,"name":"In\u00edcio","item":"https:\/\/afogadosfm.com.br\/afogadosfm\/"},{"@type":"ListItem","position":2,"name":"Agenda: Raquel Lyra participa de sabatinas, Jo\u00e3o Campos percorre a Regi\u00e3o Metropolitana e Ivan Moraes vai \u00e0 UPE nesta quinta-feira"}]},{"@type":"WebSite","@id":"https:\/\/afogadosfm.com.br\/afogadosfm\/#website","url":"https:\/\/afogadosfm.com.br\/afogadosfm\/","name":"Afogados FM","description":"Um site completo!","publisher":{"@id":"https:\/\/afogadosfm.com.br\/afogadosfm\/#organization"},"potentialAction":[{"@type":"SearchAction","target":{"@type":"EntryPoint","urlTemplate":"https:\/\/afogadosfm.com.br\/afogadosfm\/?s={search_term_string}"},"query-input":{"@type":"PropertyValueSpecification","valueRequired":true,"valueName":"search_term_string"}}],"inLanguage":"pt-BR"},{"@type":"Organization","@id":"https:\/\/afogadosfm.com.br\/afogadosfm\/#organization","name":"Afogados FM","url":"https:\/\/afogadosfm.com.br\/afogadosfm\/","logo":{"@type":"ImageObject","inLanguage":"pt-BR","@id":"https:\/\/afogadosfm.com.br\/afogadosfm\/#\/schema\/logo\/image\/","url":"https:\/\/i0.wp.com\/afogadosfm.com.br\/afogadosfm\/wp-content\/uploads\/2020\/06\/cropped-banner-afogados-4.jpg?fit=369%2C137&ssl=1","contentUrl":"https:\/\/i0.wp.com\/afogadosfm.com.br\/afogadosfm\/wp-content\/uploads\/2020\/06\/cropped-banner-afogados-4.jpg?fit=369%2C137&ssl=1","width":369,"height":137,"caption":"Afogados FM"},"image":{"@id":"https:\/\/afogadosfm.com.br\/afogadosfm\/#\/schema\/logo\/image\/"}},{"@type":"Person","@id":"https:\/\/afogadosfm.com.br\/afogadosfm\/#\/schema\/person\/60e56f2cf5dc960fc093fe093d9e9057","name":"afogadosfm","image":{"@type":"ImageObject","inLanguage":"pt-BR","@id":"https:\/\/secure.gravatar.com\/avatar\/e0359add7ed5dc3560906d861b52c6a8cf5c1e199d3a7dd85070998f49bd4701?s=96&d=mm&r=g","url":"https:\/\/secure.gravatar.com\/avatar\/e0359add7ed5dc3560906d861b52c6a8cf5c1e199d3a7dd85070998f49bd4701?s=96&d=mm&r=g","contentUrl":"https:\/\/secure.gravatar.com\/avatar\/e0359add7ed5dc3560906d861b52c6a8cf5c1e199d3a7dd85070998f49bd4701?s=96&d=mm&r=g","caption":"afogadosfm"},"url":"https:\/\/afogadosfm.com.br\/afogadosfm\/author\/afogadosfm\/"}]}},"jetpack_publicize_connections":[],"jetpack-related-posts":[],"jetpack_sharing_enabled":true,"jetpack_likes_enabled":true,"jetpack_featured_media_url":"https:\/\/i0.wp.com\/afogadosfm.com.br\/afogadosfm\/wp-content\/uploads\/2026\/09\/WhatsApp-Image-2026-09-02-at-18.11.33-750x375-1.jpeg?fit=750%2C375&ssl=1","_links":{"self":[{"href":"https:\/\/afogadosfm.com.br\/afogadosfm\/wp-json\/wp\/v2\/posts\/75643","targetHints":{"allow":["GET"]}}],"collection":[{"href":"https:\/\/afogadosfm.com.br\/afogadosfm\/wp-json\/wp\/v2\/posts"}],"about":[{"href":"https:\/\/afogadosfm.com.br\/afogadosfm\/wp-json\/wp\/v2\/types\/post"}],"author":[{"embeddable":true,"href":"https:\/\/afogadosfm.com.br\/afogadosfm\/wp-json\/wp\/v2\/users\/2"}],"replies":[{"embeddable":true,"href":"https:\/\/afogadosfm.com.br\/afogadosfm\/wp-json\/wp\/v2\/comments?post=75643"}],"version-history":[{"count":1,"href":"https:\/\/afogadosfm.com.br\/afogadosfm\/wp-json\/wp\/v2\/posts\/75643\/revisions"}],"predecessor-version":[{"id":75645,"href":"https:\/\/afogadosfm.com.br\/afogadosfm\/wp-json\/wp\/v2\/posts\/75643\/revisions\/75645"}],"wp:featuredmedia":[{"embeddable":true,"href":"https:\/\/afogadosfm.com.br\/afogadosfm\/wp-json\/wp\/v2\/media\/75644"}],"wp:attachment":[{"href":"https:\/\/afogadosfm.com.br\/afogadosfm\/wp-json\/wp\/v2\/media?parent=75643"}],"wp:term":[{"taxonomy":"category","embeddable":true,"href":"https:\/\/afogadosfm.com.br\/afogadosfm\/wp-json\/wp\/v2\/categories?post=75643"},{"taxonomy":"post_tag","embeddable":true,"href":"https:\/\/afogadosfm.com.br\/afogadosfm\/wp-json\/wp\/v2\/tags?post=75643"}],"curies":[{"name":"wp","href":"https:\/\/api.w.org\/{rel}","templated":true}]}}