{"id":75650,"date":"2026-09-04T07:52:37","date_gmt":"2026-09-04T10:52:37","guid":{"rendered":"https:\/\/afogadosfm.com.br\/afogadosfm\/?p=75650"},"modified":"2026-09-04T07:52:37","modified_gmt":"2026-09-04T10:52:37","slug":"operacao-independencia-prf-reforca-o-combate-a-embriaguez-ao-volante","status":"publish","type":"post","link":"https:\/\/afogadosfm.com.br\/afogadosfm\/2026\/09\/04\/operacao-independencia-prf-reforca-o-combate-a-embriaguez-ao-volante\/","title":{"rendered":"Opera\u00e7\u00e3o Independ\u00eancia: PRF refor\u00e7a o combate \u00e0 embriaguez ao volante"},"content":{"rendered":"<div>N\u00famero de pessoas mortas em sinistros de tr\u00e2nsito provocados pela ingest\u00e3o de \u00e1lcool aumentou entre janeiro e julho de 2026<\/div>\n<p>A Pol\u00edcia Rodovi\u00e1ria Federal (PRF) iniciou, \u00e0 0h desta sexta-feira (4), a Opera\u00e7\u00e3o Independ\u00eancia 2026 em Pernambuco. A a\u00e7\u00e3o segue at\u00e9 o fim da segunda-feira (7) e tem como objetivo refor\u00e7ar a fiscaliza\u00e7\u00e3o, combater crimes e reduzir a viol\u00eancia no tr\u00e2nsito nas rodovias federais que cortam o estado.<\/p>\n<p>Neste ano, o principal foco da opera\u00e7\u00e3o \u00e9 o combate \u00e0 embriaguez ao volante, pr\u00e1tica que, segundo os dados da PRF, apresentou crescimento e esteve associada a um n\u00famero maior de mortes nas rodovias federais de Pernambuco.<\/p>\n<p>Entre janeiro e julho de 2026, a ingest\u00e3o de \u00e1lcool pelos condutores foi apontada como principal causa de 77 sinistros, que deixaram 82 pessoas feridas e nove mortas. No mesmo per\u00edodo de 2025, foram registrados 65 sinistros relacionados ao consumo de \u00e1lcool, com 67 feridos e quatro mortes.<\/p>\n<p>Movimento deve aumentar nas principais rodovias<\/p>\n<p>Durante o feriado prolongado da Independ\u00eancia, a expectativa \u00e9 de aumento no fluxo de ve\u00edculos nas rodovias federais, especialmente nas vias que d\u00e3o acesso ao litoral e ao interior de Pernambuco.<\/p>\n<p>A BR-101 Norte e Sul, principal rota para as praias do estado, deve concentrar uma parcela significativa do movimento. As BRs-232, 407 e 428, que fazem liga\u00e7\u00e3o com as regi\u00f5es do Agreste e do Sert\u00e3o, tamb\u00e9m devem apresentar tr\u00e2nsito mais intenso.<\/p>\n<p>Com o aumento da circula\u00e7\u00e3o de ve\u00edculos, a PRF pretende ampliar a fiscaliza\u00e7\u00e3o e as a\u00e7\u00f5es educativas para prevenir acidentes e conscientizar os motoristas sobre os riscos de dirigir ap\u00f3s o consumo de bebidas alco\u00f3licas.<\/p>\n<p>\u00c1lcool aumenta risco de sinistros graves<\/p>\n<p>De acordo com a PRF, dirigir sob efeito de \u00e1lcool provoca altera\u00e7\u00f5es no comportamento do condutor, comprometendo reflexos, aten\u00e7\u00e3o e capacidade de rea\u00e7\u00e3o. A combina\u00e7\u00e3o aumenta consideravelmente o risco de colis\u00f5es e de ocorr\u00eancias com consequ\u00eancias graves.<\/p>\n<p>Al\u00e9m da fiscaliza\u00e7\u00e3o, a Opera\u00e7\u00e3o Independ\u00eancia busca alertar os motoristas de que a decis\u00e3o de dirigir ap\u00f3s beber pode colocar em risco n\u00e3o apenas a pr\u00f3pria vida, mas tamb\u00e9m a de passageiros, pedestres e outros usu\u00e1rios das rodovias.<\/p>\n<p>Dirigir sob a influ\u00eancia de \u00e1lcool \u00e9 uma infra\u00e7\u00e3o grav\u00edssima prevista no C\u00f3digo de Tr\u00e2nsito Brasileiro (CTB). A penalidade inclui multa de R$ 2.934,70, sete pontos na Carteira Nacional de Habilita\u00e7\u00e3o (CNH) e suspens\u00e3o do direito de dirigir por 12 meses.<\/p>\n<p>Dependendo da quantidade de \u00e1lcool identificada no organismo, o condutor tamb\u00e9m pode responder criminalmente e ser preso.<\/p>\n<p>Fiscaliza\u00e7\u00e3o de alcoolemia tamb\u00e9m registra alta<\/p>\n<p>Os n\u00fameros de infra\u00e7\u00f5es relacionadas \u00e0 alcoolemia tamb\u00e9m cresceram nos primeiros sete meses de 2026.<\/p>\n<p>Entre janeiro e julho, a PRF realizou 108.562 testes com etil\u00f4metro em Pernambuco. As fiscaliza\u00e7\u00f5es resultaram em 1.079 autua\u00e7\u00f5es, sendo 979 por recusa ao teste e 100 por constata\u00e7\u00e3o de presen\u00e7a de \u00e1lcool. No per\u00edodo, 75 motoristas foram presos por dirigir sob efeito de \u00e1lcool.<\/p>\n<p>No mesmo intervalo de 2025, foram realizados 104.804 testes, que resultaram em 985 autua\u00e7\u00f5es \u2014 882 por recusa e 103 por constata\u00e7\u00e3o \u2014 al\u00e9m de 65 pris\u00f5es.<\/p>\n<p>Novas regras para fiscaliza\u00e7\u00e3o<\/p>\n<p>No m\u00eas passado, o Conselho Nacional de Tr\u00e2nsito (Contran) estabeleceu novas regras para a fiscaliza\u00e7\u00e3o de alcoolemia em todo o pa\u00eds.<\/p>\n<p>A Resolu\u00e7\u00e3o n\u00ba 1.031 do Contran regulamenta procedimentos como a triagem por meio do chamado teste passivo e a autua\u00e7\u00e3o pela identifica\u00e7\u00e3o de pelo menos dois sinais de embriaguez. Segundo a PRF, esses procedimentos j\u00e1 eram utilizados pela institui\u00e7\u00e3o.<\/p>\n<p>A norma tamb\u00e9m estabelece procedimentos para situa\u00e7\u00f5es em que h\u00e1 \u00e1lcool residual no organismo do motorista e regulamenta o uso dos chamados \u201cdrog\u00f4metros\u201d, equipamentos destinados \u00e0 detec\u00e7\u00e3o da condu\u00e7\u00e3o de ve\u00edculos sob influ\u00eancia de subst\u00e2ncias psicoativas.<\/p>\n<p>As novas regras entram em vigor a partir de outubro de 2026.<\/p>\n<p>PRF orienta motoristas antes da viagem<\/p>\n<p>Para reduzir os riscos durante o feriado, a PRF recomenda que os motoristas adotem medidas de seguran\u00e7a antes e durante o deslocamento pelas rodovias.<\/p>\n<p>Entre as principais orienta\u00e7\u00f5es est\u00e3o:<\/p>\n<p>Fazer a revis\u00e3o do ve\u00edculo antes da viagem;<\/p>\n<p>Descansar adequadamente antes de pegar a estrada;<\/p>\n<p>N\u00e3o consumir bebidas alco\u00f3licas antes de dirigir;<\/p>\n<p>Utilizar o cinto de seguran\u00e7a e os equipamentos obrigat\u00f3rios;<\/p>\n<p>Respeitar os limites de velocidade;<\/p>\n<p>N\u00e3o utilizar o celular ao volante;<\/p>\n<p>Realizar ultrapassagens somente em locais permitidos e quando houver condi\u00e7\u00f5es seguras.<\/p>\n<p>Em caso de emerg\u00eancia nas rodovias federais, o motorista deve entrar em contato com a PRF pelo telefone 191.<\/p>\n<p>A expectativa da Pol\u00edcia Rodovi\u00e1ria Federal \u00e9 que o refor\u00e7o da fiscaliza\u00e7\u00e3o durante a Opera\u00e7\u00e3o Independ\u00eancia contribua para reduzir os sinistros e conscientizar os condutores sobre a import\u00e2ncia de n\u00e3o dirigir ap\u00f3s consumir bebidas alco\u00f3licas.<\/p>\n","protected":false},"excerpt":{"rendered":"<p>N\u00famero de pessoas mortas em sinistros de tr\u00e2nsito provocados pela ingest\u00e3o de \u00e1lcool aumentou entre janeiro e julho de 2026<\/p>\n","protected":false},"author":2,"featured_media":75651,"comment_status":"open","ping_status":"open","sticky":false,"template":"","format":"standard","meta":{"_jetpack_newsletter_access":"","_jetpack_dont_email_post_to_subs":false,"_jetpack_newsletter_tier_id":0,"_jetpack_memberships_contains_paywalled_content":false,"_jetpack_feature_clip_id":0,"_jetpack_memberships_contains_paid_content":false,"footnotes":"","jetpack_publicize_message":"","jetpack_publicize_feature_enabled":true,"jetpack_social_post_already_shared":true,"jetpack_social_options":{"image_generator_settings":{"template":"highway","default_image_id":0,"font":"","enabled":false},"version":2},"jetpack_post_was_ever_published":false},"categories":[13],"tags":[],"class_list":["post-75650","post","type-post","status-publish","format-standard","has-post-thumbnail","hentry","category-pernambuco"],"yoast_head":"<!-- This site is optimized with the Yoast SEO plugin v28.4 - https:\/\/yoast.com\/product\/yoast-seo-wordpress\/ -->\n<title>Opera\u00e7\u00e3o Independ\u00eancia: PRF refor\u00e7a o combate \u00e0 embriaguez ao volante - Afogados FM<\/title>\n<meta name=\"robots\" content=\"index, follow, max-snippet:-1, max-image-preview:large, max-video-preview:-1\" \/>\n<link rel=\"canonical\" href=\"https:\/\/afogadosfm.com.br\/afogadosfm\/2026\/09\/04\/operacao-independencia-prf-reforca-o-combate-a-embriaguez-ao-volante\/\" \/>\n<meta property=\"og:locale\" content=\"pt_BR\" \/>\n<meta property=\"og:type\" content=\"article\" \/>\n<meta property=\"og:title\" content=\"Opera\u00e7\u00e3o Independ\u00eancia: PRF refor\u00e7a o combate \u00e0 embriaguez ao volante - Afogados FM\" \/>\n<meta property=\"og:description\" content=\"N\u00famero de pessoas mortas em sinistros de tr\u00e2nsito provocados pela ingest\u00e3o de \u00e1lcool aumentou entre janeiro e julho de 2026\" \/>\n<meta property=\"og:url\" content=\"https:\/\/afogadosfm.com.br\/afogadosfm\/2026\/09\/04\/operacao-independencia-prf-reforca-o-combate-a-embriaguez-ao-volante\/\" \/>\n<meta property=\"og:site_name\" content=\"Afogados FM\" \/>\n<meta property=\"article:published_time\" content=\"2026-09-04T10:52:37+00:00\" \/>\n<meta property=\"og:image\" content=\"https:\/\/afogadosfm.com.br\/afogadosfm\/wp-content\/uploads\/2026\/09\/image1788502256.jpg\" \/>\n\t<meta property=\"og:image:width\" content=\"512\" \/>\n\t<meta property=\"og:image:height\" content=\"640\" \/>\n\t<meta property=\"og:image:type\" content=\"image\/jpeg\" \/>\n<meta name=\"author\" content=\"afogadosfm\" \/>\n<meta name=\"twitter:card\" content=\"summary_large_image\" \/>\n<meta name=\"twitter:label1\" content=\"Escrito por\" \/>\n\t<meta name=\"twitter:data1\" content=\"afogadosfm\" \/>\n\t<meta name=\"twitter:label2\" content=\"Est. tempo de leitura\" \/>\n\t<meta name=\"twitter:data2\" content=\"5 minutos\" \/>\n<script type=\"application\/ld+json\" class=\"yoast-schema-graph\">{\"@context\":\"https:\\\/\\\/schema.org\",\"@graph\":[{\"@type\":\"Article\",\"@id\":\"https:\\\/\\\/afogadosfm.com.br\\\/afogadosfm\\\/2026\\\/09\\\/04\\\/operacao-independencia-prf-reforca-o-combate-a-embriaguez-ao-volante\\\/#article\",\"isPartOf\":{\"@id\":\"https:\\\/\\\/afogadosfm.com.br\\\/afogadosfm\\\/2026\\\/09\\\/04\\\/operacao-independencia-prf-reforca-o-combate-a-embriaguez-ao-volante\\\/\"},\"author\":{\"name\":\"afogadosfm\",\"@id\":\"https:\\\/\\\/afogadosfm.com.br\\\/afogadosfm\\\/#\\\/schema\\\/person\\\/60e56f2cf5dc960fc093fe093d9e9057\"},\"headline\":\"Opera\u00e7\u00e3o Independ\u00eancia: PRF refor\u00e7a o combate \u00e0 embriaguez ao volante\",\"datePublished\":\"2026-09-04T10:52:37+00:00\",\"mainEntityOfPage\":{\"@id\":\"https:\\\/\\\/afogadosfm.com.br\\\/afogadosfm\\\/2026\\\/09\\\/04\\\/operacao-independencia-prf-reforca-o-combate-a-embriaguez-ao-volante\\\/\"},\"wordCount\":835,\"commentCount\":0,\"publisher\":{\"@id\":\"https:\\\/\\\/afogadosfm.com.br\\\/afogadosfm\\\/#organization\"},\"image\":{\"@id\":\"https:\\\/\\\/afogadosfm.com.br\\\/afogadosfm\\\/2026\\\/09\\\/04\\\/operacao-independencia-prf-reforca-o-combate-a-embriaguez-ao-volante\\\/#primaryimage\"},\"thumbnailUrl\":\"https:\\\/\\\/i0.wp.com\\\/afogadosfm.com.br\\\/afogadosfm\\\/wp-content\\\/uploads\\\/2026\\\/09\\\/image1788502256.jpg?fit=512%2C640&ssl=1\",\"articleSection\":[\"Pernambuco\"],\"inLanguage\":\"pt-BR\",\"potentialAction\":[{\"@type\":\"CommentAction\",\"name\":\"Comment\",\"target\":[\"https:\\\/\\\/afogadosfm.com.br\\\/afogadosfm\\\/2026\\\/09\\\/04\\\/operacao-independencia-prf-reforca-o-combate-a-embriaguez-ao-volante\\\/#respond\"]}]},{\"@type\":\"WebPage\",\"@id\":\"https:\\\/\\\/afogadosfm.com.br\\\/afogadosfm\\\/2026\\\/09\\\/04\\\/operacao-independencia-prf-reforca-o-combate-a-embriaguez-ao-volante\\\/\",\"url\":\"https:\\\/\\\/afogadosfm.com.br\\\/afogadosfm\\\/2026\\\/09\\\/04\\\/operacao-independencia-prf-reforca-o-combate-a-embriaguez-ao-volante\\\/\",\"name\":\"Opera\u00e7\u00e3o Independ\u00eancia: PRF refor\u00e7a o combate \u00e0 embriaguez ao volante - Afogados FM\",\"isPartOf\":{\"@id\":\"https:\\\/\\\/afogadosfm.com.br\\\/afogadosfm\\\/#website\"},\"primaryImageOfPage\":{\"@id\":\"https:\\\/\\\/afogadosfm.com.br\\\/afogadosfm\\\/2026\\\/09\\\/04\\\/operacao-independencia-prf-reforca-o-combate-a-embriaguez-ao-volante\\\/#primaryimage\"},\"image\":{\"@id\":\"https:\\\/\\\/afogadosfm.com.br\\\/afogadosfm\\\/2026\\\/09\\\/04\\\/operacao-independencia-prf-reforca-o-combate-a-embriaguez-ao-volante\\\/#primaryimage\"},\"thumbnailUrl\":\"https:\\\/\\\/i0.wp.com\\\/afogadosfm.com.br\\\/afogadosfm\\\/wp-content\\\/uploads\\\/2026\\\/09\\\/image1788502256.jpg?fit=512%2C640&ssl=1\",\"datePublished\":\"2026-09-04T10:52:37+00:00\",\"breadcrumb\":{\"@id\":\"https:\\\/\\\/afogadosfm.com.br\\\/afogadosfm\\\/2026\\\/09\\\/04\\\/operacao-independencia-prf-reforca-o-combate-a-embriaguez-ao-volante\\\/#breadcrumb\"},\"inLanguage\":\"pt-BR\",\"potentialAction\":[{\"@type\":\"ReadAction\",\"target\":[\"https:\\\/\\\/afogadosfm.com.br\\\/afogadosfm\\\/2026\\\/09\\\/04\\\/operacao-independencia-prf-reforca-o-combate-a-embriaguez-ao-volante\\\/\"]}]},{\"@type\":\"ImageObject\",\"inLanguage\":\"pt-BR\",\"@id\":\"https:\\\/\\\/afogadosfm.com.br\\\/afogadosfm\\\/2026\\\/09\\\/04\\\/operacao-independencia-prf-reforca-o-combate-a-embriaguez-ao-volante\\\/#primaryimage\",\"url\":\"https:\\\/\\\/i0.wp.com\\\/afogadosfm.com.br\\\/afogadosfm\\\/wp-content\\\/uploads\\\/2026\\\/09\\\/image1788502256.jpg?fit=512%2C640&ssl=1\",\"contentUrl\":\"https:\\\/\\\/i0.wp.com\\\/afogadosfm.com.br\\\/afogadosfm\\\/wp-content\\\/uploads\\\/2026\\\/09\\\/image1788502256.jpg?fit=512%2C640&ssl=1\",\"width\":512,\"height\":640},{\"@type\":\"BreadcrumbList\",\"@id\":\"https:\\\/\\\/afogadosfm.com.br\\\/afogadosfm\\\/2026\\\/09\\\/04\\\/operacao-independencia-prf-reforca-o-combate-a-embriaguez-ao-volante\\\/#breadcrumb\",\"itemListElement\":[{\"@type\":\"ListItem\",\"position\":1,\"name\":\"In\u00edcio\",\"item\":\"https:\\\/\\\/afogadosfm.com.br\\\/afogadosfm\\\/\"},{\"@type\":\"ListItem\",\"position\":2,\"name\":\"Opera\u00e7\u00e3o Independ\u00eancia: PRF refor\u00e7a o combate \u00e0 embriaguez ao volante\"}]},{\"@type\":\"WebSite\",\"@id\":\"https:\\\/\\\/afogadosfm.com.br\\\/afogadosfm\\\/#website\",\"url\":\"https:\\\/\\\/afogadosfm.com.br\\\/afogadosfm\\\/\",\"name\":\"Afogados FM\",\"description\":\"Um site completo!\",\"publisher\":{\"@id\":\"https:\\\/\\\/afogadosfm.com.br\\\/afogadosfm\\\/#organization\"},\"potentialAction\":[{\"@type\":\"SearchAction\",\"target\":{\"@type\":\"EntryPoint\",\"urlTemplate\":\"https:\\\/\\\/afogadosfm.com.br\\\/afogadosfm\\\/?s={search_term_string}\"},\"query-input\":{\"@type\":\"PropertyValueSpecification\",\"valueRequired\":true,\"valueName\":\"search_term_string\"}}],\"inLanguage\":\"pt-BR\"},{\"@type\":\"Organization\",\"@id\":\"https:\\\/\\\/afogadosfm.com.br\\\/afogadosfm\\\/#organization\",\"name\":\"Afogados FM\",\"url\":\"https:\\\/\\\/afogadosfm.com.br\\\/afogadosfm\\\/\",\"logo\":{\"@type\":\"ImageObject\",\"inLanguage\":\"pt-BR\",\"@id\":\"https:\\\/\\\/afogadosfm.com.br\\\/afogadosfm\\\/#\\\/schema\\\/logo\\\/image\\\/\",\"url\":\"https:\\\/\\\/i0.wp.com\\\/afogadosfm.com.br\\\/afogadosfm\\\/wp-content\\\/uploads\\\/2020\\\/06\\\/cropped-banner-afogados-4.jpg?fit=369%2C137&ssl=1\",\"contentUrl\":\"https:\\\/\\\/i0.wp.com\\\/afogadosfm.com.br\\\/afogadosfm\\\/wp-content\\\/uploads\\\/2020\\\/06\\\/cropped-banner-afogados-4.jpg?fit=369%2C137&ssl=1\",\"width\":369,\"height\":137,\"caption\":\"Afogados FM\"},\"image\":{\"@id\":\"https:\\\/\\\/afogadosfm.com.br\\\/afogadosfm\\\/#\\\/schema\\\/logo\\\/image\\\/\"}},{\"@type\":\"Person\",\"@id\":\"https:\\\/\\\/afogadosfm.com.br\\\/afogadosfm\\\/#\\\/schema\\\/person\\\/60e56f2cf5dc960fc093fe093d9e9057\",\"name\":\"afogadosfm\",\"image\":{\"@type\":\"ImageObject\",\"inLanguage\":\"pt-BR\",\"@id\":\"https:\\\/\\\/secure.gravatar.com\\\/avatar\\\/e0359add7ed5dc3560906d861b52c6a8cf5c1e199d3a7dd85070998f49bd4701?s=96&d=mm&r=g\",\"url\":\"https:\\\/\\\/secure.gravatar.com\\\/avatar\\\/e0359add7ed5dc3560906d861b52c6a8cf5c1e199d3a7dd85070998f49bd4701?s=96&d=mm&r=g\",\"contentUrl\":\"https:\\\/\\\/secure.gravatar.com\\\/avatar\\\/e0359add7ed5dc3560906d861b52c6a8cf5c1e199d3a7dd85070998f49bd4701?s=96&d=mm&r=g\",\"caption\":\"afogadosfm\"},\"url\":\"https:\\\/\\\/afogadosfm.com.br\\\/afogadosfm\\\/author\\\/afogadosfm\\\/\"}]}<\/script>\n<!-- \/ Yoast SEO plugin. -->","yoast_head_json":{"title":"Opera\u00e7\u00e3o Independ\u00eancia: PRF refor\u00e7a o combate \u00e0 embriaguez ao volante - Afogados FM","robots":{"index":"index","follow":"follow","max-snippet":"max-snippet:-1","max-image-preview":"max-image-preview:large","max-video-preview":"max-video-preview:-1"},"canonical":"https:\/\/afogadosfm.com.br\/afogadosfm\/2026\/09\/04\/operacao-independencia-prf-reforca-o-combate-a-embriaguez-ao-volante\/","og_locale":"pt_BR","og_type":"article","og_title":"Opera\u00e7\u00e3o Independ\u00eancia: PRF refor\u00e7a o combate \u00e0 embriaguez ao volante - Afogados FM","og_description":"N\u00famero de pessoas mortas em sinistros de tr\u00e2nsito provocados pela ingest\u00e3o de \u00e1lcool aumentou entre janeiro e julho de 2026","og_url":"https:\/\/afogadosfm.com.br\/afogadosfm\/2026\/09\/04\/operacao-independencia-prf-reforca-o-combate-a-embriaguez-ao-volante\/","og_site_name":"Afogados FM","article_published_time":"2026-09-04T10:52:37+00:00","og_image":[{"width":512,"height":640,"url":"https:\/\/afogadosfm.com.br\/afogadosfm\/wp-content\/uploads\/2026\/09\/image1788502256.jpg","type":"image\/jpeg"}],"author":"afogadosfm","twitter_card":"summary_large_image","twitter_misc":{"Escrito por":"afogadosfm","Est. tempo de leitura":"5 minutos"},"schema":{"@context":"https:\/\/schema.org","@graph":[{"@type":"Article","@id":"https:\/\/afogadosfm.com.br\/afogadosfm\/2026\/09\/04\/operacao-independencia-prf-reforca-o-combate-a-embriaguez-ao-volante\/#article","isPartOf":{"@id":"https:\/\/afogadosfm.com.br\/afogadosfm\/2026\/09\/04\/operacao-independencia-prf-reforca-o-combate-a-embriaguez-ao-volante\/"},"author":{"name":"afogadosfm","@id":"https:\/\/afogadosfm.com.br\/afogadosfm\/#\/schema\/person\/60e56f2cf5dc960fc093fe093d9e9057"},"headline":"Opera\u00e7\u00e3o Independ\u00eancia: PRF refor\u00e7a o combate \u00e0 embriaguez ao volante","datePublished":"2026-09-04T10:52:37+00:00","mainEntityOfPage":{"@id":"https:\/\/afogadosfm.com.br\/afogadosfm\/2026\/09\/04\/operacao-independencia-prf-reforca-o-combate-a-embriaguez-ao-volante\/"},"wordCount":835,"commentCount":0,"publisher":{"@id":"https:\/\/afogadosfm.com.br\/afogadosfm\/#organization"},"image":{"@id":"https:\/\/afogadosfm.com.br\/afogadosfm\/2026\/09\/04\/operacao-independencia-prf-reforca-o-combate-a-embriaguez-ao-volante\/#primaryimage"},"thumbnailUrl":"https:\/\/i0.wp.com\/afogadosfm.com.br\/afogadosfm\/wp-content\/uploads\/2026\/09\/image1788502256.jpg?fit=512%2C640&ssl=1","articleSection":["Pernambuco"],"inLanguage":"pt-BR","potentialAction":[{"@type":"CommentAction","name":"Comment","target":["https:\/\/afogadosfm.com.br\/afogadosfm\/2026\/09\/04\/operacao-independencia-prf-reforca-o-combate-a-embriaguez-ao-volante\/#respond"]}]},{"@type":"WebPage","@id":"https:\/\/afogadosfm.com.br\/afogadosfm\/2026\/09\/04\/operacao-independencia-prf-reforca-o-combate-a-embriaguez-ao-volante\/","url":"https:\/\/afogadosfm.com.br\/afogadosfm\/2026\/09\/04\/operacao-independencia-prf-reforca-o-combate-a-embriaguez-ao-volante\/","name":"Opera\u00e7\u00e3o Independ\u00eancia: PRF refor\u00e7a o combate \u00e0 embriaguez ao volante - Afogados FM","isPartOf":{"@id":"https:\/\/afogadosfm.com.br\/afogadosfm\/#website"},"primaryImageOfPage":{"@id":"https:\/\/afogadosfm.com.br\/afogadosfm\/2026\/09\/04\/operacao-independencia-prf-reforca-o-combate-a-embriaguez-ao-volante\/#primaryimage"},"image":{"@id":"https:\/\/afogadosfm.com.br\/afogadosfm\/2026\/09\/04\/operacao-independencia-prf-reforca-o-combate-a-embriaguez-ao-volante\/#primaryimage"},"thumbnailUrl":"https:\/\/i0.wp.com\/afogadosfm.com.br\/afogadosfm\/wp-content\/uploads\/2026\/09\/image1788502256.jpg?fit=512%2C640&ssl=1","datePublished":"2026-09-04T10:52:37+00:00","breadcrumb":{"@id":"https:\/\/afogadosfm.com.br\/afogadosfm\/2026\/09\/04\/operacao-independencia-prf-reforca-o-combate-a-embriaguez-ao-volante\/#breadcrumb"},"inLanguage":"pt-BR","potentialAction":[{"@type":"ReadAction","target":["https:\/\/afogadosfm.com.br\/afogadosfm\/2026\/09\/04\/operacao-independencia-prf-reforca-o-combate-a-embriaguez-ao-volante\/"]}]},{"@type":"ImageObject","inLanguage":"pt-BR","@id":"https:\/\/afogadosfm.com.br\/afogadosfm\/2026\/09\/04\/operacao-independencia-prf-reforca-o-combate-a-embriaguez-ao-volante\/#primaryimage","url":"https:\/\/i0.wp.com\/afogadosfm.com.br\/afogadosfm\/wp-content\/uploads\/2026\/09\/image1788502256.jpg?fit=512%2C640&ssl=1","contentUrl":"https:\/\/i0.wp.com\/afogadosfm.com.br\/afogadosfm\/wp-content\/uploads\/2026\/09\/image1788502256.jpg?fit=512%2C640&ssl=1","width":512,"height":640},{"@type":"BreadcrumbList","@id":"https:\/\/afogadosfm.com.br\/afogadosfm\/2026\/09\/04\/operacao-independencia-prf-reforca-o-combate-a-embriaguez-ao-volante\/#breadcrumb","itemListElement":[{"@type":"ListItem","position":1,"name":"In\u00edcio","item":"https:\/\/afogadosfm.com.br\/afogadosfm\/"},{"@type":"ListItem","position":2,"name":"Opera\u00e7\u00e3o Independ\u00eancia: PRF refor\u00e7a o combate \u00e0 embriaguez ao volante"}]},{"@type":"WebSite","@id":"https:\/\/afogadosfm.com.br\/afogadosfm\/#website","url":"https:\/\/afogadosfm.com.br\/afogadosfm\/","name":"Afogados FM","description":"Um site completo!","publisher":{"@id":"https:\/\/afogadosfm.com.br\/afogadosfm\/#organization"},"potentialAction":[{"@type":"SearchAction","target":{"@type":"EntryPoint","urlTemplate":"https:\/\/afogadosfm.com.br\/afogadosfm\/?s={search_term_string}"},"query-input":{"@type":"PropertyValueSpecification","valueRequired":true,"valueName":"search_term_string"}}],"inLanguage":"pt-BR"},{"@type":"Organization","@id":"https:\/\/afogadosfm.com.br\/afogadosfm\/#organization","name":"Afogados FM","url":"https:\/\/afogadosfm.com.br\/afogadosfm\/","logo":{"@type":"ImageObject","inLanguage":"pt-BR","@id":"https:\/\/afogadosfm.com.br\/afogadosfm\/#\/schema\/logo\/image\/","url":"https:\/\/i0.wp.com\/afogadosfm.com.br\/afogadosfm\/wp-content\/uploads\/2020\/06\/cropped-banner-afogados-4.jpg?fit=369%2C137&ssl=1","contentUrl":"https:\/\/i0.wp.com\/afogadosfm.com.br\/afogadosfm\/wp-content\/uploads\/2020\/06\/cropped-banner-afogados-4.jpg?fit=369%2C137&ssl=1","width":369,"height":137,"caption":"Afogados FM"},"image":{"@id":"https:\/\/afogadosfm.com.br\/afogadosfm\/#\/schema\/logo\/image\/"}},{"@type":"Person","@id":"https:\/\/afogadosfm.com.br\/afogadosfm\/#\/schema\/person\/60e56f2cf5dc960fc093fe093d9e9057","name":"afogadosfm","image":{"@type":"ImageObject","inLanguage":"pt-BR","@id":"https:\/\/secure.gravatar.com\/avatar\/e0359add7ed5dc3560906d861b52c6a8cf5c1e199d3a7dd85070998f49bd4701?s=96&d=mm&r=g","url":"https:\/\/secure.gravatar.com\/avatar\/e0359add7ed5dc3560906d861b52c6a8cf5c1e199d3a7dd85070998f49bd4701?s=96&d=mm&r=g","contentUrl":"https:\/\/secure.gravatar.com\/avatar\/e0359add7ed5dc3560906d861b52c6a8cf5c1e199d3a7dd85070998f49bd4701?s=96&d=mm&r=g","caption":"afogadosfm"},"url":"https:\/\/afogadosfm.com.br\/afogadosfm\/author\/afogadosfm\/"}]}},"jetpack_publicize_connections":[],"jetpack-related-posts":[],"jetpack_sharing_enabled":true,"jetpack_likes_enabled":true,"jetpack_featured_media_url":"https:\/\/i0.wp.com\/afogadosfm.com.br\/afogadosfm\/wp-content\/uploads\/2026\/09\/image1788502256.jpg?fit=512%2C640&ssl=1","_links":{"self":[{"href":"https:\/\/afogadosfm.com.br\/afogadosfm\/wp-json\/wp\/v2\/posts\/75650","targetHints":{"allow":["GET"]}}],"collection":[{"href":"https:\/\/afogadosfm.com.br\/afogadosfm\/wp-json\/wp\/v2\/posts"}],"about":[{"href":"https:\/\/afogadosfm.com.br\/afogadosfm\/wp-json\/wp\/v2\/types\/post"}],"author":[{"embeddable":true,"href":"https:\/\/afogadosfm.com.br\/afogadosfm\/wp-json\/wp\/v2\/users\/2"}],"replies":[{"embeddable":true,"href":"https:\/\/afogadosfm.com.br\/afogadosfm\/wp-json\/wp\/v2\/comments?post=75650"}],"version-history":[{"count":1,"href":"https:\/\/afogadosfm.com.br\/afogadosfm\/wp-json\/wp\/v2\/posts\/75650\/revisions"}],"predecessor-version":[{"id":75652,"href":"https:\/\/afogadosfm.com.br\/afogadosfm\/wp-json\/wp\/v2\/posts\/75650\/revisions\/75652"}],"wp:featuredmedia":[{"embeddable":true,"href":"https:\/\/afogadosfm.com.br\/afogadosfm\/wp-json\/wp\/v2\/media\/75651"}],"wp:attachment":[{"href":"https:\/\/afogadosfm.com.br\/afogadosfm\/wp-json\/wp\/v2\/media?parent=75650"}],"wp:term":[{"taxonomy":"category","embeddable":true,"href":"https:\/\/afogadosfm.com.br\/afogadosfm\/wp-json\/wp\/v2\/categories?post=75650"},{"taxonomy":"post_tag","embeddable":true,"href":"https:\/\/afogadosfm.com.br\/afogadosfm\/wp-json\/wp\/v2\/tags?post=75650"}],"curies":[{"name":"wp","href":"https:\/\/api.w.org\/{rel}","templated":true}]}}